{"id":35375,"date":"2019-07-31T05:00:40","date_gmt":"2019-07-31T03:00:40","guid":{"rendered":"http:\/\/www.imakeyousmile.se\/?p=35375"},"modified":"2021-09-10T11:26:15","modified_gmt":"2021-09-10T09:26:15","slug":"snabb-vardagssminkning-steg-for-steg","status":"publish","type":"post","link":"https:\/\/www.imakeyousmile.se\/es\/maquillaje-diario-rapido-paso-a-paso\/","title":{"rendered":"Maquillaje diario r\u00e1pido paso a paso"},"content":{"rendered":"<p><img loading=\"lazy\" decoding=\"async\" class=\"alignnone size-full wp-image-35394\" src=\"http:\/\/www.imakeyousmile.se\/wp-content\/uploads\/2019\/07\/1013facebook.jpg\" alt=\"\" width=\"1200\" height=\"630\" srcset=\"https:\/\/www.imakeyousmile.se\/wp-content\/uploads\/2019\/07\/1013facebook.jpg 1200w, https:\/\/www.imakeyousmile.se\/wp-content\/uploads\/2019\/07\/1013facebook-300x158.jpg 300w, https:\/\/www.imakeyousmile.se\/wp-content\/uploads\/2019\/07\/1013facebook-768x403.jpg 768w, https:\/\/www.imakeyousmile.se\/wp-content\/uploads\/2019\/07\/1013facebook-1024x538.jpg 1024w, https:\/\/www.imakeyousmile.se\/wp-content\/uploads\/2019\/07\/1013facebook-696x365.jpg 696w, https:\/\/www.imakeyousmile.se\/wp-content\/uploads\/2019\/07\/1013facebook-1068x561.jpg 1068w, https:\/\/www.imakeyousmile.se\/wp-content\/uploads\/2019\/07\/1013facebook-800x420.jpg 800w\" sizes=\"(max-width: 1200px) 100vw, 1200px\" \/><\/p>\n<p>Recib\u00ed este correo electr\u00f3nico el otro d\u00eda:<\/p>\n<p><em><strong>\u201cSolo quiero decir que me gusta todo el maquillaje neutro y con los pies en la tierra que has hecho en las \u00faltimas semanas, aunque colorido es inspirador y por supuesto quiero ver que de vez en cuando, al menos para m\u00ed es muy \u00fatil con todo el simple maquillaje paso a paso! El tipo de maquillaje que me hago el d\u00eda despu\u00e9s de tus publicaciones. \u00a1Si\u00e9ntete libre de continuar as\u00ed! &quot;<\/strong><\/em><\/p>\n<p>\u00a1Me sent\u00ed muy feliz con estas palabras e inmediatamente hice un maquillaje diario que es s\u00faper f\u00e1cil de hacer! Est\u00e1 hecho con las tres sombras de ojos de la paleta tr\u00edo. <a href=\"https:\/\/creativemakeup.se\/butik\/smink\/paese-matte-trio-eyeshadow\/\">Sombra de ojos Paese Matte Trio<\/a> (101) quien es uno de nuestros m\u00e1s vendidos :)<\/p>\n<p>\u00a1Espero que a todos les guste el maquillaje tambi\u00e9n!<\/p>\n<p><img loading=\"lazy\" decoding=\"async\" class=\"alignnone size-full wp-image-35386\" src=\"http:\/\/www.imakeyousmile.se\/wp-content\/uploads\/2019\/07\/IMG_4418_111.jpg\" alt=\"\" width=\"2500\" height=\"2053\" srcset=\"https:\/\/www.imakeyousmile.se\/wp-content\/uploads\/2019\/07\/IMG_4418_111.jpg 2500w, https:\/\/www.imakeyousmile.se\/wp-content\/uploads\/2019\/07\/IMG_4418_111-300x246.jpg 300w, https:\/\/www.imakeyousmile.se\/wp-content\/uploads\/2019\/07\/IMG_4418_111-768x631.jpg 768w, https:\/\/www.imakeyousmile.se\/wp-content\/uploads\/2019\/07\/IMG_4418_111-1024x841.jpg 1024w, https:\/\/www.imakeyousmile.se\/wp-content\/uploads\/2019\/07\/IMG_4418_111-696x572.jpg 696w, https:\/\/www.imakeyousmile.se\/wp-content\/uploads\/2019\/07\/IMG_4418_111-1068x877.jpg 1068w, https:\/\/www.imakeyousmile.se\/wp-content\/uploads\/2019\/07\/IMG_4418_111-511x420.jpg 511w\" sizes=\"(max-width: 2500px) 100vw, 2500px\" \/><\/p>\n<p><strong>BASE:<\/strong><\/p>\n<p><strong>Prebase facial -<\/strong> <a href=\"https:\/\/creativemakeup.se\/butik\/smink\/paese-makeup-base\/\">Base de maquillaje Paese<\/a> (De correcci\u00f3n)<br \/>\n<strong>Polvo -<\/strong> <a href=\"https:\/\/creativemakeup.se\/butik\/smink\/paese-bamboo-silk-powder\/\">Polvo de seda de bamb\u00fa Paese<\/a><br \/>\n<strong>Corrector -<\/strong>\u00a0<a href=\"https:\/\/ion.lyko.com\/t\/t?a=1117786221&amp;as=1548102449&amp;t=2&amp;tk=1&amp;epi=search-replace-pixipataway&amp;url=https:\/\/lyko.com\/sv\/pixi\/pixi-pat-away-concealing-base-1cream\">Base de ocultaci\u00f3n Pixi Pat Away<\/a> (1 crema)<strong><br \/>\nFundaci\u00f3n -<\/strong>\u00a0<a href=\"https:\/\/ion.lyko.com\/t\/t?a=1117786221&amp;as=1548102449&amp;t=2&amp;tk=1&amp;epi=search-replace-pressedbase&amp;url=https:\/\/lyko.com\/sv\/glo-skin-beauty\/glominerals-pressed-base-golden-medium\">Base de maquillaje mineral prensada glo<\/a> (Medio dorado)<br \/>\n<strong>Polvo que neutraliza las rojeces <\/strong>- <a href=\"https:\/\/ion.lyko.com\/t\/t?a=1117786221&amp;as=1548102449&amp;t=2&amp;tk=1&amp;epi=search-replace-rednessrelief&amp;url=https:\/\/lyko.com\/sv\/glo-skin-beauty\/glo-skin-bea-rednessrelief-powder\/\">glo Polvo para aliviar el enrojecimiento<\/a><strong><br \/>\n<\/strong><strong>Contorneado - <\/strong><a href=\"https:\/\/ion.lyko.com\/t\/t?a=1117786221&#038;as=1548102449&#038;t=2&#038;tk=1&#038;epi=serach-replace-contouringpaletteXX&#038;url=https:\/\/lyko.com\/sv\/sok?q=contouring+palette\">Paleta de contorno<\/a> (2)<a href=\"https:\/\/ion.lyko.com\/t\/t?a=1117786221&amp;as=1548102449&amp;t=2&amp;tk=1&amp;epi=search-replace-pixipalette&amp;url=https:\/\/lyko.com\/sv\/sok?q=pixi+palette\"><br \/>\n<\/a><strong>Colorete - <\/strong><a href=\"https:\/\/ion.lyko.com\/t\/t?a=1117786221&#038;as=1548102449&#038;t=2&#038;tk=1&#038;epi=serach-replace-blushrougeXX&#038;url=https:\/\/lyko.com\/sv\/sok?q=blush+rouge\">Colorete en polvo Paese<\/a> (55)<br \/>\n<strong>Niebla reparadora -<\/strong> <a href=\"https:\/\/ion.lyko.com\/t\/t?a=1117786221&amp;as=1548102449&amp;t=2&amp;tk=1&amp;epi=search-replace-fixingmist&amp;url=https:\/\/lyko.com\/sv\/pixi\/pixi-makeup-fixing-mist\">Bruma fijadora de maquillaje Pixi<br \/>\n<\/a><\/p>\n<p><strong>Cejas - <\/strong><a href=\"https:\/\/ion.lyko.com\/t\/t?a=1117786221&amp;as=1548102449&amp;t=2&amp;tk=1&amp;epi=search-replace-globrowliner&amp;url=https:\/\/lyko.com\/sv\/glo-skin-beauty\/glo-skin-bea-precisemicro-browliner-aubu\/\">l\u00e1piz micro de cejas glo<\/a> (Marr\u00f3n claro)<\/p>\n<p><strong>Barra de labios -<\/strong>\u00a0<a href=\"https:\/\/ion.lyko.com\/t\/t?a=1117786221&amp;as=1548102449&amp;t=2&amp;tk=1&amp;epi=search-replace-glocreamglaze&amp;url=https:\/\/lyko.com\/sv\/glo-skin-beauty\/glominerals-glo-cream-glaze-crayon-bloom\">glo Suede Matte Crayon<\/a> (Rumor)<\/p>\n<p><img loading=\"lazy\" decoding=\"async\" class=\"alignnone size-full wp-image-35388\" src=\"http:\/\/www.imakeyousmile.se\/wp-content\/uploads\/2019\/07\/1013two.jpg\" alt=\"\" width=\"2500\" height=\"1456\" srcset=\"https:\/\/www.imakeyousmile.se\/wp-content\/uploads\/2019\/07\/1013two.jpg 2500w, https:\/\/www.imakeyousmile.se\/wp-content\/uploads\/2019\/07\/1013two-300x175.jpg 300w, https:\/\/www.imakeyousmile.se\/wp-content\/uploads\/2019\/07\/1013two-768x447.jpg 768w, https:\/\/www.imakeyousmile.se\/wp-content\/uploads\/2019\/07\/1013two-1024x596.jpg 1024w, https:\/\/www.imakeyousmile.se\/wp-content\/uploads\/2019\/07\/1013two-696x405.jpg 696w, https:\/\/www.imakeyousmile.se\/wp-content\/uploads\/2019\/07\/1013two-1068x622.jpg 1068w, https:\/\/www.imakeyousmile.se\/wp-content\/uploads\/2019\/07\/1013two-721x420.jpg 721w\" sizes=\"(max-width: 2500px) 100vw, 2500px\" \/><\/p>\n<p>La paleta de tr\u00edo con estos colores (beige claro, marr\u00f3n gris\u00e1ceo claro y marr\u00f3n oscuro) es realmente el tono m\u00e1s \u00fatil que tengo.<\/p>\n<p><img loading=\"lazy\" decoding=\"async\" class=\"alignnone size-full wp-image-35389\" src=\"http:\/\/www.imakeyousmile.se\/wp-content\/uploads\/2019\/07\/1013tutorial_111.jpg\" alt=\"\" width=\"2500\" height=\"1671\" srcset=\"https:\/\/www.imakeyousmile.se\/wp-content\/uploads\/2019\/07\/1013tutorial_111.jpg 2500w, https:\/\/www.imakeyousmile.se\/wp-content\/uploads\/2019\/07\/1013tutorial_111-300x201.jpg 300w, https:\/\/www.imakeyousmile.se\/wp-content\/uploads\/2019\/07\/1013tutorial_111-768x513.jpg 768w, https:\/\/www.imakeyousmile.se\/wp-content\/uploads\/2019\/07\/1013tutorial_111-1024x684.jpg 1024w, https:\/\/www.imakeyousmile.se\/wp-content\/uploads\/2019\/07\/1013tutorial_111-696x465.jpg 696w, https:\/\/www.imakeyousmile.se\/wp-content\/uploads\/2019\/07\/1013tutorial_111-1068x714.jpg 1068w, https:\/\/www.imakeyousmile.se\/wp-content\/uploads\/2019\/07\/1013tutorial_111-628x420.jpg 628w\" sizes=\"(max-width: 2500px) 100vw, 2500px\" \/><\/p>\n<p><strong>OJOS:<\/strong><\/p>\n<p>Todas las sombras de ojos son de la misma paleta de tr\u00edo.\u00a0<a href=\"https:\/\/creativemakeup.se\/butik\/smink\/paese-matte-trio-eyeshadow\/\">Tr\u00edo mate Paese<\/a> (101).<\/p>\n<p>\u00a1Imprima con prebase para ojos antes de empezar! yo suelo <a href=\"https:\/\/ion.lyko.com\/t\/t?a=1117786221&amp;as=1548102449&amp;t=2&amp;tk=1&amp;epi=search-replace-pixi-eyebright&amp;url=https:\/\/lyko.com\/sv\/pixi\/pixi-eye-bright-primer\/?add-to-cart=777\">Primer Pixi Eye Bright<\/a>.<\/p>\n<ol>\n<li>Sombra marr\u00f3n gris\u00e1cea clara en todo el p\u00e1rpado<\/li>\n<li>Desvanecerse en la l\u00ednea del globo<\/li>\n<li>El mismo tono a lo largo de la l\u00ednea de las pesta\u00f1as inferiores<\/li>\n<li>Una sombra marr\u00f3n oscura se sumergi\u00f3 al final de la l\u00ednea de las pesta\u00f1as superior e inferior y se extendi\u00f3 ligeramente al final del p\u00e1rpado.<\/li>\n<li>Sombra clara en la esquina del ojo y debajo de la ceja.<br \/>\nR\u00edmel negro en todas las pesta\u00f1as, <a href=\"https:\/\/creativemakeup.se\/butik\/smink\/santhilea-magnetic-lash\/\">M\u00e1scara de pesta\u00f1as magn\u00e9ticas<\/a><\/li>\n<\/ol>\n<p>\u00a1Claro!<\/p>\n<p>Me he tatuado la luz de la l\u00ednea de flotaci\u00f3n + el delineador de pesta\u00f1as negro (marca de pesta\u00f1as) entre las pesta\u00f1as superiores. Entonces, para obtener exactamente el mismo resultado, puede complementar con un delineador de ojos ligero (p. Ej. <a href=\"https:\/\/ion.lyko.com\/t\/t?a=1117786221&amp;as=1548102449&amp;t=2&amp;tk=1&amp;epi=search-replace-glo-eyepencil&amp;url=https:\/\/lyko.com\/sv\/glo-skin-beauty\/glominerals-precision-eye-pencil-black\/\">l\u00e1piz de ojos glo Precision<\/a> en la sombra Peach) a lo largo de la l\u00ednea de flotaci\u00f3n y un delineador de ojos negro o sombra entre las pesta\u00f1as, suelo marcar las pesta\u00f1as con el delineador de ojos en crema Ebony de<a href=\"https:\/\/id.partykungen.se\/t\/t?a=1280241905&#038;as=1548102449&#038;t=2&#038;tk=1&#038;epi=search-replace-kryolangel&#038;url=https:\/\/www.partykungen.se\/kryolan-gel-eyeliner-74187.html#74187-7\"> Kryolan<\/a>.<\/p>\n<p><img loading=\"lazy\" decoding=\"async\" class=\"alignnone size-full wp-image-35390\" src=\"http:\/\/www.imakeyousmile.se\/wp-content\/uploads\/2019\/07\/IMG_4415_111.jpg\" alt=\"\" width=\"2500\" height=\"2656\" srcset=\"https:\/\/www.imakeyousmile.se\/wp-content\/uploads\/2019\/07\/IMG_4415_111.jpg 2410w, https:\/\/www.imakeyousmile.se\/wp-content\/uploads\/2019\/07\/IMG_4415_111-282x300.jpg 282w, https:\/\/www.imakeyousmile.se\/wp-content\/uploads\/2019\/07\/IMG_4415_111-768x816.jpg 768w, https:\/\/www.imakeyousmile.se\/wp-content\/uploads\/2019\/07\/IMG_4415_111-964x1024.jpg 964w, https:\/\/www.imakeyousmile.se\/wp-content\/uploads\/2019\/07\/IMG_4415_111-696x739.jpg 696w, https:\/\/www.imakeyousmile.se\/wp-content\/uploads\/2019\/07\/IMG_4415_111-1068x1135.jpg 1068w, https:\/\/www.imakeyousmile.se\/wp-content\/uploads\/2019\/07\/IMG_4415_111-395x420.jpg 395w\" sizes=\"(max-width: 2500px) 100vw, 2500px\" \/> <img loading=\"lazy\" decoding=\"async\" class=\"alignnone size-full wp-image-35391\" src=\"http:\/\/www.imakeyousmile.se\/wp-content\/uploads\/2019\/07\/IMG_4464_111.jpg\" alt=\"\" width=\"2500\" height=\"2769\" srcset=\"https:\/\/www.imakeyousmile.se\/wp-content\/uploads\/2019\/07\/IMG_4464_111.jpg 2311w, https:\/\/www.imakeyousmile.se\/wp-content\/uploads\/2019\/07\/IMG_4464_111-271x300.jpg 271w, https:\/\/www.imakeyousmile.se\/wp-content\/uploads\/2019\/07\/IMG_4464_111-768x851.jpg 768w, https:\/\/www.imakeyousmile.se\/wp-content\/uploads\/2019\/07\/IMG_4464_111-925x1024.jpg 925w, https:\/\/www.imakeyousmile.se\/wp-content\/uploads\/2019\/07\/IMG_4464_111-696x771.jpg 696w, https:\/\/www.imakeyousmile.se\/wp-content\/uploads\/2019\/07\/IMG_4464_111-1068x1183.jpg 1068w, https:\/\/www.imakeyousmile.se\/wp-content\/uploads\/2019\/07\/IMG_4464_111-379x420.jpg 379w\" sizes=\"(max-width: 2500px) 100vw, 2500px\" \/> <img loading=\"lazy\" decoding=\"async\" class=\"alignnone size-full wp-image-35392\" src=\"http:\/\/www.imakeyousmile.se\/wp-content\/uploads\/2019\/07\/IMG_4454_111.jpg\" alt=\"\" width=\"2500\" height=\"2538\" srcset=\"https:\/\/www.imakeyousmile.se\/wp-content\/uploads\/2019\/07\/IMG_4454_111.jpg 2500w, https:\/\/www.imakeyousmile.se\/wp-content\/uploads\/2019\/07\/IMG_4454_111-296x300.jpg 296w, https:\/\/www.imakeyousmile.se\/wp-content\/uploads\/2019\/07\/IMG_4454_111-768x780.jpg 768w, https:\/\/www.imakeyousmile.se\/wp-content\/uploads\/2019\/07\/IMG_4454_111-1009x1024.jpg 1009w, https:\/\/www.imakeyousmile.se\/wp-content\/uploads\/2019\/07\/IMG_4454_111-696x707.jpg 696w, https:\/\/www.imakeyousmile.se\/wp-content\/uploads\/2019\/07\/IMG_4454_111-1068x1084.jpg 1068w, https:\/\/www.imakeyousmile.se\/wp-content\/uploads\/2019\/07\/IMG_4454_111-414x420.jpg 414w\" sizes=\"(max-width: 2500px) 100vw, 2500px\" \/><\/p>\n<p>\u00a1Los abrazos son! \u2665<\/p>","protected":false},"excerpt":{"rendered":"<p>Detta mail fick jag h\u00e4r om dagen: &#8221;Vill bara s\u00e4ga att jag gillar alla neutrala och jordn\u00e4ra sminkningar du gjort de senaste veckorna, \u00e4ven om f\u00e4rgglatt \u00e4r inspirerande och jag s\u00e5klart vill se s\u00e5nt d\u00e5 och d\u00e5 s\u00e5 \u00e4r det i alla fall f\u00f6r mig j\u00e4tte anv\u00e4ndbart med alla enklare steg f\u00f6r steg sminkningar! S\u00e5nna [&hellip;]<\/p>\n","protected":false},"author":30,"featured_media":35393,"comment_status":"open","ping_status":"closed","sticky":false,"template":"","format":"standard","meta":{"footnotes":""},"categories":[2827,2623],"tags":[4045,1985,5266,4869,6470,6546,6422,6627,6302,6238,2748,5511,6508,6507,1865,56,3974,5286,4386,3217,3224,4380,3772,4315,5990,433,5202,54,3059,52,5562,407,629,5265],"class_list":{"0":"post-35375","1":"post","2":"type-post","3":"status-publish","4":"format-standard","5":"has-post-thumbnail","6":"hentry","7":"category-vardagssminkningar","8":"category-sminkningar","9":"tag-beauty-blog","10":"tag-creative-makeup","11":"tag-dark-red-lips","12":"tag-everyday-makeup","14":"tag-glo-precision-eye-pencil","15":"tag-glo-pressed-base","16":"tag-glo-pressed-base-mineralfoundation","17":"tag-glo-redness-relief-powder","18":"tag-glo-suede-matte-crayon","19":"tag-kreativ-sminkning","20":"tag-kryolan","21":"tag-light-smokey-eyes","22":"tag-ljus-sotning","23":"tag-magnetic-lash-mascara","24":"tag-makeup-blog","25":"tag-paese-bamboo-silk-powder","26":"tag-paese-contouring-palette","27":"tag-paese-makeup-base","28":"tag-paese-matte-trio","29":"tag-paese-powder-blush","30":"tag-pictorial","31":"tag-pixi-eye-bright-primer","32":"tag-pixi-makeup-fixing-mist","33":"tag-pixi-pat-away-concealing-base","34":"tag-skonhetsblogg","35":"tag-skonhetsskribent","36":"tag-sminkblogg","37":"tag-snabb-vardagssminkning","38":"tag-steg-for-steg-2","39":"tag-swedish-blog","40":"tag-tutorial","41":"tag-vardagssminkning","42":"tag-vinroda-lappar"},"yoast_head":"<!-- This site is optimized with the Yoast SEO Premium plugin v14.9 - https:\/\/yoast.com\/wordpress\/plugins\/seo\/ -->\n<meta name=\"description\" content=\"Snabb vardagssminkning steg f\u00f6r steg | Helena Amiley - H\u00e4r hittar du senaste infromation om sk\u00f6nhet, livsstil, entrepren\u00f6rskap, makeup &amp; tips.\" \/>\n<meta name=\"robots\" content=\"index, follow, max-snippet:-1, max-image-preview:large, max-video-preview:-1\" \/>\n<link rel=\"canonical\" href=\"https:\/\/www.imakeyousmile.se\/es\/snabb-vardagssminkning-steg-for-steg\/\" \/>\n<meta property=\"og:locale\" content=\"es_ES\" \/>\n<meta property=\"og:type\" content=\"article\" \/>\n<meta property=\"og:title\" content=\"Snabb vardagssminkning steg f\u00f6r steg | Imakeyousmile.se\" \/>\n<meta property=\"og:description\" content=\"Snabb vardagssminkning steg f\u00f6r steg | Helena Amiley - H\u00e4r hittar du senaste infromation om sk\u00f6nhet, livsstil, entrepren\u00f6rskap, makeup &amp; tips.\" \/>\n<meta property=\"og:url\" content=\"https:\/\/www.imakeyousmile.se\/es\/snabb-vardagssminkning-steg-for-steg\/\" \/>\n<meta property=\"og:site_name\" content=\"Imakeyousmile.se\" \/>\n<meta property=\"article:author\" content=\"https:\/\/www.facebook.com\/imakeyousmile.se\" \/>\n<meta property=\"article:published_time\" content=\"2019-07-31T03:00:40+00:00\" \/>\n<meta property=\"article:modified_time\" content=\"2021-09-10T09:26:15+00:00\" \/>\n<meta property=\"og:image\" content=\"https:\/\/www.imakeyousmile.se\/wp-content\/uploads\/2019\/07\/1013one.jpg\" \/>\n\t<meta property=\"og:image:width\" content=\"2500\" \/>\n\t<meta property=\"og:image:height\" content=\"2218\" \/>\n<meta name=\"twitter:card\" content=\"summary_large_image\" \/>\n<script type=\"application\/ld+json\" class=\"yoast-schema-graph\">{\"@context\":\"https:\/\/schema.org\",\"@graph\":[{\"@type\":\"Organization\",\"@id\":\"https:\/\/www.imakeyousmile.se\/es\/#organization\",\"name\":\"Imakeyousmile\",\"url\":\"https:\/\/www.imakeyousmile.se\/es\/\",\"sameAs\":[],\"logo\":{\"@type\":\"ImageObject\",\"@id\":\"https:\/\/www.imakeyousmile.se\/es\/#logo\",\"inLanguage\":\"es\",\"url\":\"https:\/\/www.imakeyousmile.se\/wp-content\/uploads\/2020\/10\/HELENA-AMILEY_SVART-1-e1603367975324.png\",\"width\":280,\"height\":93,\"caption\":\"Imakeyousmile\"},\"image\":{\"@id\":\"https:\/\/www.imakeyousmile.se\/es\/#logo\"}},{\"@type\":\"WebSite\",\"@id\":\"https:\/\/www.imakeyousmile.se\/es\/#website\",\"url\":\"https:\/\/www.imakeyousmile.se\/es\/\",\"name\":\"Imakeyousmile.se\",\"description\":\"Helena Amiley - Beauty, Entrepreneur, Lifestyle\",\"publisher\":{\"@id\":\"https:\/\/www.imakeyousmile.se\/es\/#organization\"},\"potentialAction\":[{\"@type\":\"SearchAction\",\"target\":\"https:\/\/www.imakeyousmile.se\/es\/?s={search_term_string}\",\"query-input\":\"required name=search_term_string\"}],\"inLanguage\":\"es\"},{\"@type\":\"ImageObject\",\"@id\":\"https:\/\/www.imakeyousmile.se\/snabb-vardagssminkning-steg-for-steg\/#primaryimage\",\"inLanguage\":\"es\",\"url\":\"https:\/\/www.imakeyousmile.se\/wp-content\/uploads\/2019\/07\/1013one.jpg\",\"width\":2500,\"height\":2218},{\"@type\":\"WebPage\",\"@id\":\"https:\/\/www.imakeyousmile.se\/snabb-vardagssminkning-steg-for-steg\/#webpage\",\"url\":\"https:\/\/www.imakeyousmile.se\/snabb-vardagssminkning-steg-for-steg\/\",\"name\":\"Snabb vardagssminkning steg f\\u00f6r steg | Imakeyousmile.se\",\"isPartOf\":{\"@id\":\"https:\/\/www.imakeyousmile.se\/es\/#website\"},\"primaryImageOfPage\":{\"@id\":\"https:\/\/www.imakeyousmile.se\/snabb-vardagssminkning-steg-for-steg\/#primaryimage\"},\"datePublished\":\"2019-07-31T03:00:40+00:00\",\"dateModified\":\"2021-09-10T09:26:15+00:00\",\"description\":\"Snabb vardagssminkning steg f\\u00f6r steg | Helena Amiley - H\\u00e4r hittar du senaste infromation om sk\\u00f6nhet, livsstil, entrepren\\u00f6rskap, makeup & tips.\",\"inLanguage\":\"es\",\"potentialAction\":[{\"@type\":\"ReadAction\",\"target\":[\"https:\/\/www.imakeyousmile.se\/snabb-vardagssminkning-steg-for-steg\/\"]}]},{\"@type\":\"Article\",\"@id\":\"https:\/\/www.imakeyousmile.se\/snabb-vardagssminkning-steg-for-steg\/#article\",\"isPartOf\":{\"@id\":\"https:\/\/www.imakeyousmile.se\/snabb-vardagssminkning-steg-for-steg\/#webpage\"},\"author\":{\"@id\":\"https:\/\/www.imakeyousmile.se\/es\/#\/schema\/person\/b0fd43b1c6bb1c60cfd68bff9b4a10fb\"},\"headline\":\"Snabb vardagssminkning steg f\\u00f6r steg\",\"datePublished\":\"2019-07-31T03:00:40+00:00\",\"dateModified\":\"2021-09-10T09:26:15+00:00\",\"mainEntityOfPage\":{\"@id\":\"https:\/\/www.imakeyousmile.se\/snabb-vardagssminkning-steg-for-steg\/#webpage\"},\"commentCount\":1,\"publisher\":{\"@id\":\"https:\/\/www.imakeyousmile.se\/es\/#organization\"},\"image\":{\"@id\":\"https:\/\/www.imakeyousmile.se\/snabb-vardagssminkning-steg-for-steg\/#primaryimage\"},\"keywords\":\"beauty blog,creative makeup,dark red lips,everyday makeup,glo Micro Brow Pencil,glo Precision Eye Pencil,glo Pressed base,glo Pressed Base Mineralfoundation,glo Redness relief powder,glo Suede Matte Crayon,kreativ sminkning,kryolan,light smokey eyes,ljus sotning,magnetic lash mascara,makeup blog,paese bamboo silk powder,paese contouring palette,paese makeup base,Paese matte trio,paese powder blush,pictorial,pixi eye bright primer,pixi makeup fixing mist,pixi pat away concealing base,sk\\u00f6nhetsblogg,sk\\u00f6nhetsskribent,sminkblogg,snabb vardagssminkning,steg f\\u00f6r steg,swedish blog,tutorial,vardagssminkning,vinr\\u00f6da l\\u00e4ppar\",\"articleSection\":\"Neutrala \/ milda sminkningar,Sminkningar\",\"inLanguage\":\"es\",\"potentialAction\":[{\"@type\":\"CommentAction\",\"name\":\"Comment\",\"target\":[\"https:\/\/www.imakeyousmile.se\/snabb-vardagssminkning-steg-for-steg\/#respond\"]}]},{\"@type\":\"Person\",\"@id\":\"https:\/\/www.imakeyousmile.se\/es\/#\/schema\/person\/b0fd43b1c6bb1c60cfd68bff9b4a10fb\",\"name\":\"Helena Amiley\",\"image\":{\"@type\":\"ImageObject\",\"@id\":\"https:\/\/www.imakeyousmile.se\/es\/#personlogo\",\"inLanguage\":\"es\",\"url\":\"https:\/\/secure.gravatar.com\/avatar\/5645558e1e355457a23368d7e1b4c904?s=96&d=mm&r=g\",\"caption\":\"Helena Amiley\"},\"description\":\"Jag skriver mest om sk\\u00f6nhet men bjuder \\u00e4ven p\\u00e5 glimtar fr\\u00e5n entrepren\\u00f6rlivet och bygget av v\\u00e5r egen camper van. Vanlife here we come!\",\"sameAs\":[\"https:\/\/www.facebook.com\/imakeyousmile.se\",\"https:\/\/www.instagram.com\/helenaamiley\",\"https:\/\/www.youtube.com\/channel\/UCR5iB6rvpV6Yr8ZjpQfr5mg?view_as=subscriber\"]}]}<\/script>\n<!-- \/ Yoast SEO Premium plugin. -->","_links":{"self":[{"href":"https:\/\/www.imakeyousmile.se\/es\/wp-json\/wp\/v2\/posts\/35375"}],"collection":[{"href":"https:\/\/www.imakeyousmile.se\/es\/wp-json\/wp\/v2\/posts"}],"about":[{"href":"https:\/\/www.imakeyousmile.se\/es\/wp-json\/wp\/v2\/types\/post"}],"author":[{"embeddable":true,"href":"https:\/\/www.imakeyousmile.se\/es\/wp-json\/wp\/v2\/users\/30"}],"replies":[{"embeddable":true,"href":"https:\/\/www.imakeyousmile.se\/es\/wp-json\/wp\/v2\/comments?post=35375"}],"version-history":[{"count":6,"href":"https:\/\/www.imakeyousmile.se\/es\/wp-json\/wp\/v2\/posts\/35375\/revisions"}],"predecessor-version":[{"id":40597,"href":"https:\/\/www.imakeyousmile.se\/es\/wp-json\/wp\/v2\/posts\/35375\/revisions\/40597"}],"wp:featuredmedia":[{"embeddable":true,"href":"https:\/\/www.imakeyousmile.se\/es\/wp-json\/wp\/v2\/media\/35393"}],"wp:attachment":[{"href":"https:\/\/www.imakeyousmile.se\/es\/wp-json\/wp\/v2\/media?parent=35375"}],"wp:term":[{"taxonomy":"category","embeddable":true,"href":"https:\/\/www.imakeyousmile.se\/es\/wp-json\/wp\/v2\/categories?post=35375"},{"taxonomy":"post_tag","embeddable":true,"href":"https:\/\/www.imakeyousmile.se\/es\/wp-json\/wp\/v2\/tags?post=35375"}],"curies":[{"name":"wp","href":"https:\/\/api.w.org\/{rel}","templated":true}]}}