{"id":35633,"date":"2019-09-18T05:00:56","date_gmt":"2019-09-18T03:00:56","guid":{"rendered":"http:\/\/www.imakeyousmile.se\/?p=35633"},"modified":"2021-10-06T11:14:22","modified_gmt":"2021-10-06T09:14:22","slug":"sminka-snyggt-med-bara-en-ogonskugga","status":"publish","type":"post","link":"https:\/\/www.imakeyousmile.se\/es\/maquillaje-bien-con-solo-una-sombra-de-ojos\/","title":{"rendered":"\u00a1Maquilla bien con solo una sombra de ojos!"},"content":{"rendered":"<p>No fue hace mucho que hice casi exactamente este maquillaje en el blog, pero as\u00ed luc\u00ed un d\u00eda y recib\u00ed tantos elogios por mi maquillaje como &quot;<em>\u00bfY si pudiera maquillarme as\u00ed?<\/em>&#8221;.<\/p>\n<p>Y eso es <em>derecho<\/em> que quiero resaltar una vez m\u00e1s: si tienes una sombra de ojos de mierda en la colecci\u00f3n de maquillaje, no tienes que preocuparte por ella, usa el mismo color alrededor de todo el ojo, \u00a1entonces est\u00e1s listo! Ser\u00e1 un maquillaje de mierda, pero b\u00e1sicamente no requiere ning\u00fan conocimiento, solo untar y manchar un poco los bordes para que est\u00e9 listo :)<\/p>\n<p>La sombra de ojos de la que hablo en esta publicaci\u00f3n es la sombra de ojos de cobre. <a href=\"https:\/\/creativemakeup.se\/butik\/smink\/paese-sparkle-eyeshadow\/\">Sombra de ojos Paese Sparkle<\/a> en la sombra 427 que est\u00e1 en mi tienda online!<\/p>\n<p><img loading=\"lazy\" decoding=\"async\" class=\"alignnone size-full wp-image-35636\" src=\"http:\/\/www.imakeyousmile.se\/wp-content\/uploads\/2019\/09\/IMG_6350_111.jpg\" alt=\"\" width=\"2400\" height=\"2193\" srcset=\"https:\/\/www.imakeyousmile.se\/wp-content\/uploads\/2019\/09\/IMG_6350_111.jpg 2400w, https:\/\/www.imakeyousmile.se\/wp-content\/uploads\/2019\/09\/IMG_6350_111-300x274.jpg 300w, https:\/\/www.imakeyousmile.se\/wp-content\/uploads\/2019\/09\/IMG_6350_111-768x702.jpg 768w, https:\/\/www.imakeyousmile.se\/wp-content\/uploads\/2019\/09\/IMG_6350_111-1024x936.jpg 1024w, https:\/\/www.imakeyousmile.se\/wp-content\/uploads\/2019\/09\/IMG_6350_111-696x636.jpg 696w, https:\/\/www.imakeyousmile.se\/wp-content\/uploads\/2019\/09\/IMG_6350_111-1068x976.jpg 1068w, https:\/\/www.imakeyousmile.se\/wp-content\/uploads\/2019\/09\/IMG_6350_111-460x420.jpg 460w\" sizes=\"(max-width: 2400px) 100vw, 2400px\" \/><\/p>\n<p><strong>BASE:<\/strong><\/p>\n<p><strong>Prebase de color para el rostro - <\/strong><a href=\"https:\/\/ion.lyko.com\/t\/t?a=1117786221&amp;as=1548102449&amp;t=2&amp;tk=1&amp;epi=search-replace-glo-tinted&amp;url=https:\/\/lyko.com\/sv\/glo-skin-beauty\/glominerals-tinted-primer-spf30-fair\/\">imprimaci\u00f3n te\u00f1ida glo<\/a> (Medio)<br \/>\n<strong>Corrector -<\/strong>\u00a0<a href=\"https:\/\/ion.lyko.com\/t\/t?a=1117786221&amp;as=1548102449&amp;t=2&amp;tk=1&amp;epi=search-replace-glo-undereye&amp;url=https:\/\/lyko.com\/sv\/glo-skin-beauty\/glominerals-under-eye-concealer-beige\/\">corrector de ojos glo<\/a> (Dorado)<br \/>\n<strong>Polvo que neutraliza las rojeces <\/strong>- <a href=\"https:\/\/ion.lyko.com\/t\/t?a=1117786221&amp;as=1548102449&amp;t=2&amp;tk=1&amp;epi=search-replace-rednessrelief&amp;url=https:\/\/lyko.com\/sv\/glo-skin-beauty\/glo-skin-bea-rednessrelief-powder\/\">glo Polvo para aliviar el enrojecimiento<\/a><br \/>\n<strong>Polvo -<\/strong> <a href=\"https:\/\/creativemakeup.se\/butik\/smink\/paese-bamboo-silk-powder\/\">Polvo de seda de bamb\u00fa Paese<\/a><strong><br \/>\n<\/strong><strong>Contorneado - <\/strong><a href=\"https:\/\/ion.lyko.com\/t\/t?a=1117786221&#038;as=1548102449&#038;t=2&#038;tk=1&#038;epi=serach-replace-contouringpaletteXX&#038;url=https:\/\/lyko.com\/sv\/sok?q=contouring+palette\">Paleta de contorno<\/a> (2)<a href=\"https:\/\/ion.lyko.com\/t\/t?a=1117786221&amp;as=1548102449&amp;t=2&amp;tk=1&amp;epi=search-replace-pixipalette&amp;url=https:\/\/lyko.com\/sv\/sok?q=pixi+palette\"><br \/>\n<\/a><strong>Colorete - <\/strong><a href=\"https:\/\/ion.lyko.com\/t\/t?a=1117786221&#038;as=1548102449&#038;t=2&#038;tk=1&#038;epi=serach-replace-blushrougeXX&#038;url=https:\/\/lyko.com\/sv\/sok?q=blush+rouge\">Colorete en polvo Paese<\/a> (55)<br \/>\n<strong>Niebla reparadora -<\/strong> <a href=\"https:\/\/ion.lyko.com\/t\/t?a=1117786221&amp;as=1548102449&amp;t=2&amp;tk=1&amp;epi=search-replace-fixingmist&amp;url=https:\/\/lyko.com\/sv\/pixi\/pixi-makeup-fixing-mist\">Bruma fijadora de maquillaje Pixi<br \/>\n<\/a><\/p>\n<p><strong>Cejas - <\/strong><a href=\"https:\/\/ion.lyko.com\/t\/t?a=1117786221&amp;as=1548102449&amp;t=2&amp;tk=1&amp;epi=search-replace-globrowliner&amp;url=https:\/\/lyko.com\/sv\/glo-skin-beauty\/glo-skin-bea-precisemicro-browliner-aubu\/\">glo Micro Browliner<\/a> (Marr\u00f3n claro)<\/p>\n<p><strong>Barra de labios -<\/strong>\u00a0<a href=\"https:\/\/ion.lyko.com\/t\/t?a=1117786221&amp;as=1548102449&amp;t=2&amp;tk=1&amp;epi=search-replace-glocreamglaze&amp;url=https:\/\/lyko.com\/sv\/glo-skin-beauty\/glominerals-glo-cream-glaze-crayon-bloom\">glo Suede Matte Crayon<\/a> (Marca comercial)<\/p>\n<p><img loading=\"lazy\" decoding=\"async\" class=\"alignnone size-full wp-image-35638\" src=\"http:\/\/www.imakeyousmile.se\/wp-content\/uploads\/2019\/09\/twokoppar.jpg\" alt=\"\" width=\"2400\" height=\"1183\" srcset=\"https:\/\/www.imakeyousmile.se\/wp-content\/uploads\/2019\/09\/twokoppar.jpg 2400w, https:\/\/www.imakeyousmile.se\/wp-content\/uploads\/2019\/09\/twokoppar-300x148.jpg 300w, https:\/\/www.imakeyousmile.se\/wp-content\/uploads\/2019\/09\/twokoppar-768x379.jpg 768w, https:\/\/www.imakeyousmile.se\/wp-content\/uploads\/2019\/09\/twokoppar-1024x505.jpg 1024w, https:\/\/www.imakeyousmile.se\/wp-content\/uploads\/2019\/09\/twokoppar-324x160.jpg 324w, https:\/\/www.imakeyousmile.se\/wp-content\/uploads\/2019\/09\/twokoppar-696x343.jpg 696w, https:\/\/www.imakeyousmile.se\/wp-content\/uploads\/2019\/09\/twokoppar-1068x526.jpg 1068w, https:\/\/www.imakeyousmile.se\/wp-content\/uploads\/2019\/09\/twokoppar-852x420.jpg 852w\" sizes=\"(max-width: 2400px) 100vw, 2400px\" \/><\/p>\n<p>Tengo esto casi todos los d\u00edas cuando no tomo fotos para el blog jaja. \u00a1Qu\u00e9 bonito con el cobre!<\/p>\n<p><img loading=\"lazy\" decoding=\"async\" class=\"alignnone size-full wp-image-35639\" src=\"http:\/\/www.imakeyousmile.se\/wp-content\/uploads\/2019\/09\/koppartutorial_111.jpg\" alt=\"\" width=\"2400\" height=\"1300\" srcset=\"https:\/\/www.imakeyousmile.se\/wp-content\/uploads\/2019\/09\/koppartutorial_111.jpg 2400w, https:\/\/www.imakeyousmile.se\/wp-content\/uploads\/2019\/09\/koppartutorial_111-300x163.jpg 300w, https:\/\/www.imakeyousmile.se\/wp-content\/uploads\/2019\/09\/koppartutorial_111-768x416.jpg 768w, https:\/\/www.imakeyousmile.se\/wp-content\/uploads\/2019\/09\/koppartutorial_111-1024x555.jpg 1024w, https:\/\/www.imakeyousmile.se\/wp-content\/uploads\/2019\/09\/koppartutorial_111-696x377.jpg 696w, https:\/\/www.imakeyousmile.se\/wp-content\/uploads\/2019\/09\/koppartutorial_111-1068x579.jpg 1068w, https:\/\/www.imakeyousmile.se\/wp-content\/uploads\/2019\/09\/koppartutorial_111-775x420.jpg 775w\" sizes=\"(max-width: 2400px) 100vw, 2400px\" \/><\/p>\n<p><strong>OJOS:<\/strong><\/p>\n<p>\u00a1Imprima con prebase para ojos antes de empezar! \u00a1Utilizo una prebase para ojos que vendr\u00e1 como novedad en la tienda web muy pronto!<\/p>\n<ol>\n<li>Sombra de ojos de cobre en todo el p\u00e1rpado, <a href=\"https:\/\/creativemakeup.se\/butik\/smink\/paese-sparkle-eyeshadow\/\">Sombra de ojos Paese Sparkle<\/a> (427)<\/li>\n<li>Desvanecerse en la l\u00ednea del globo<\/li>\n<li>El mismo tono a lo largo de la l\u00ednea de las pesta\u00f1as inferiores tambi\u00e9n<\/li>\n<li>Sombra clara en el rabillo del ojo y debajo de la ceja,\u00a0<a href=\"https:\/\/creativemakeup.se\/butik\/smink\/paese-kashmir-mono-eyeshadow\/\">Sombra de ojos de cachemira paese<\/a> (667)<\/li>\n<li>Delineador de ojos negro suave hecho con una sombra de ojos negro carb\u00f3n, <a href=\"https:\/\/creativemakeup.se\/butik\/smink\/paese-kashmir-mono-eyeshadow\/\">Sombra de ojos de cachemira paese<\/a> (602)<\/li>\n<li>R\u00edmel negro en las pesta\u00f1as superiores, <a href=\"https:\/\/creativemakeup.se\/butik\/smink\/santhilea-magnetic-lash\/\">M\u00e1scara de pesta\u00f1as magn\u00e9ticas<\/a><\/li>\n<\/ol>\n<p>\u00a1Claro! \u00a1Tan sencillo!<\/p>\n<p><img loading=\"lazy\" decoding=\"async\" class=\"alignnone size-full wp-image-35640\" src=\"http:\/\/www.imakeyousmile.se\/wp-content\/uploads\/2019\/09\/IMG_6314_111.jpg\" alt=\"\" width=\"2400\" height=\"2752\" srcset=\"https:\/\/www.imakeyousmile.se\/wp-content\/uploads\/2019\/09\/IMG_6314_111.jpg 2233w, https:\/\/www.imakeyousmile.se\/wp-content\/uploads\/2019\/09\/IMG_6314_111-262x300.jpg 262w, https:\/\/www.imakeyousmile.se\/wp-content\/uploads\/2019\/09\/IMG_6314_111-768x881.jpg 768w, https:\/\/www.imakeyousmile.se\/wp-content\/uploads\/2019\/09\/IMG_6314_111-893x1024.jpg 893w, https:\/\/www.imakeyousmile.se\/wp-content\/uploads\/2019\/09\/IMG_6314_111-696x798.jpg 696w, https:\/\/www.imakeyousmile.se\/wp-content\/uploads\/2019\/09\/IMG_6314_111-1068x1225.jpg 1068w, https:\/\/www.imakeyousmile.se\/wp-content\/uploads\/2019\/09\/IMG_6314_111-366x420.jpg 366w\" sizes=\"(max-width: 2400px) 100vw, 2400px\" \/> <img loading=\"lazy\" decoding=\"async\" class=\"alignnone size-full wp-image-35641\" src=\"http:\/\/www.imakeyousmile.se\/wp-content\/uploads\/2019\/09\/IMG_6339_111.jpg\" alt=\"\" width=\"2400\" height=\"3090\" srcset=\"https:\/\/www.imakeyousmile.se\/wp-content\/uploads\/2019\/09\/IMG_6339_111.jpg 1988w, https:\/\/www.imakeyousmile.se\/wp-content\/uploads\/2019\/09\/IMG_6339_111-233x300.jpg 233w, https:\/\/www.imakeyousmile.se\/wp-content\/uploads\/2019\/09\/IMG_6339_111-768x989.jpg 768w, https:\/\/www.imakeyousmile.se\/wp-content\/uploads\/2019\/09\/IMG_6339_111-795x1024.jpg 795w, https:\/\/www.imakeyousmile.se\/wp-content\/uploads\/2019\/09\/IMG_6339_111-696x896.jpg 696w, https:\/\/www.imakeyousmile.se\/wp-content\/uploads\/2019\/09\/IMG_6339_111-1068x1375.jpg 1068w, https:\/\/www.imakeyousmile.se\/wp-content\/uploads\/2019\/09\/IMG_6339_111-326x420.jpg 326w\" sizes=\"(max-width: 2400px) 100vw, 2400px\" \/> <img loading=\"lazy\" decoding=\"async\" class=\"alignnone size-full wp-image-35642\" src=\"http:\/\/www.imakeyousmile.se\/wp-content\/uploads\/2019\/09\/IMG_6342_111.jpg\" alt=\"\" width=\"2400\" height=\"2669\" srcset=\"https:\/\/www.imakeyousmile.se\/wp-content\/uploads\/2019\/09\/IMG_6342_111.jpg 2302w, https:\/\/www.imakeyousmile.se\/wp-content\/uploads\/2019\/09\/IMG_6342_111-270x300.jpg 270w, https:\/\/www.imakeyousmile.se\/wp-content\/uploads\/2019\/09\/IMG_6342_111-768x854.jpg 768w, https:\/\/www.imakeyousmile.se\/wp-content\/uploads\/2019\/09\/IMG_6342_111-921x1024.jpg 921w, https:\/\/www.imakeyousmile.se\/wp-content\/uploads\/2019\/09\/IMG_6342_111-696x774.jpg 696w, https:\/\/www.imakeyousmile.se\/wp-content\/uploads\/2019\/09\/IMG_6342_111-1068x1188.jpg 1068w, https:\/\/www.imakeyousmile.se\/wp-content\/uploads\/2019\/09\/IMG_6342_111-378x420.jpg 378w\" sizes=\"(max-width: 2400px) 100vw, 2400px\" \/><\/p>\n<p>\u00a1Espero que est\u00e9s inspirado!<\/p>\n<p>\u00a1Abrazo!<\/p>\n<p>&nbsp;<\/p>\n<p>&nbsp;<\/p>\n<p><img decoding=\"async\" id=\"hola-icon-globe\" style=\"top: 5222px; left: 250px;\" src=\"safari-extension:\/\/com.devdanpro.HolaTranslator.Extension-5USUM255P7\/96a01806\/holaIconWhite.svg\" \/><\/p>","protected":false},"excerpt":{"rendered":"<p>Det var inte alls l\u00e4nge sedan jag gjorde n\u00e4stan exakt den h\u00e4r sminkning i bloggen, men s\u00e5 h\u00e4r s\u00e5g jag ut en dag och fick s\u00e5\u00e5 mycket komplimanger f\u00f6r min sminkning s\u00e5 som &#8221;t\u00e4nk om jag kunde sminka mig s\u00e5d\u00e4r!&#8221;. Och det \u00e4r just det som jag vill belysa \u00e4nnu en g\u00e5ng: Om du har [&hellip;]<\/p>\n","protected":false},"author":30,"featured_media":35643,"comment_status":"open","ping_status":"closed","sticky":false,"template":"","format":"standard","meta":{"footnotes":""},"categories":[2827,2623],"tags":[4045,3774,6669,4455,1985,4869,6302,6670,6306,1834,2748,56,4798,2436,3974,5286,4380,433,5202,54,52,5562,407,629],"class_list":["post-35633","post","type-post","status-publish","format-standard","has-post-thumbnail","hentry","category-vardagssminkningar","category-sminkningar","tag-beauty-blog","tag-copper-eye-makeup","tag-copper-eyeshadow","tag-copper-makeup","tag-creative-makeup","tag-everyday-makeup","tag-glo-redness-relief-powder","tag-glo-tinted-primer","tag-glo-under-eye-concealer","tag-kopparfargad-ogonskugga","tag-kreativ-sminkning","tag-makeup-blog","tag-orange-makeup","tag-orange-sminkning","tag-paese-bamboo-silk-powder","tag-paese-contouring-palette","tag-pictorial","tag-skonhetsblogg","tag-skonhetsskribent","tag-sminkblogg","tag-steg-for-steg-2","tag-swedish-blog","tag-tutorial","tag-vardagssminkning"],"yoast_head":"<!-- This site is optimized with the Yoast SEO Premium plugin v14.9 - https:\/\/yoast.com\/wordpress\/plugins\/seo\/ -->\n<meta name=\"description\" content=\"Sminka snyggt med bara en \u00f6gonskugga! | Helena Amiley - H\u00e4r hittar du senaste infromation om sk\u00f6nhet, livsstil, entrepren\u00f6rskap, makeup &amp; tips.\" \/>\n<meta name=\"robots\" content=\"index, follow, max-snippet:-1, max-image-preview:large, max-video-preview:-1\" \/>\n<link rel=\"canonical\" href=\"https:\/\/www.imakeyousmile.se\/es\/sminka-snyggt-med-bara-en-ogonskugga\/\" \/>\n<meta property=\"og:locale\" content=\"es_ES\" \/>\n<meta property=\"og:type\" content=\"article\" \/>\n<meta property=\"og:title\" content=\"Sminka snyggt med bara en \u00f6gonskugga! | Imakeyousmile.se\" \/>\n<meta property=\"og:description\" content=\"Sminka snyggt med bara en \u00f6gonskugga! | Helena Amiley - H\u00e4r hittar du senaste infromation om sk\u00f6nhet, livsstil, entrepren\u00f6rskap, makeup &amp; tips.\" \/>\n<meta property=\"og:url\" content=\"https:\/\/www.imakeyousmile.se\/es\/sminka-snyggt-med-bara-en-ogonskugga\/\" \/>\n<meta property=\"og:site_name\" content=\"Imakeyousmile.se\" \/>\n<meta property=\"article:author\" content=\"https:\/\/www.facebook.com\/imakeyousmile.se\" \/>\n<meta property=\"article:published_time\" content=\"2019-09-18T03:00:56+00:00\" \/>\n<meta property=\"article:modified_time\" content=\"2021-10-06T09:14:22+00:00\" \/>\n<meta property=\"og:image\" content=\"https:\/\/www.imakeyousmile.se\/wp-content\/uploads\/2019\/09\/onekoppar.jpg\" \/>\n\t<meta property=\"og:image:width\" content=\"2400\" \/>\n\t<meta property=\"og:image:height\" content=\"2027\" \/>\n<meta name=\"twitter:card\" content=\"summary_large_image\" \/>\n<script type=\"application\/ld+json\" class=\"yoast-schema-graph\">{\"@context\":\"https:\/\/schema.org\",\"@graph\":[{\"@type\":\"Organization\",\"@id\":\"https:\/\/www.imakeyousmile.se\/es\/#organization\",\"name\":\"Imakeyousmile\",\"url\":\"https:\/\/www.imakeyousmile.se\/es\/\",\"sameAs\":[],\"logo\":{\"@type\":\"ImageObject\",\"@id\":\"https:\/\/www.imakeyousmile.se\/es\/#logo\",\"inLanguage\":\"es\",\"url\":\"https:\/\/www.imakeyousmile.se\/wp-content\/uploads\/2020\/10\/HELENA-AMILEY_SVART-1-e1603367975324.png\",\"width\":280,\"height\":93,\"caption\":\"Imakeyousmile\"},\"image\":{\"@id\":\"https:\/\/www.imakeyousmile.se\/es\/#logo\"}},{\"@type\":\"WebSite\",\"@id\":\"https:\/\/www.imakeyousmile.se\/es\/#website\",\"url\":\"https:\/\/www.imakeyousmile.se\/es\/\",\"name\":\"Imakeyousmile.se\",\"description\":\"Helena Amiley - Beauty, Entrepreneur, Lifestyle\",\"publisher\":{\"@id\":\"https:\/\/www.imakeyousmile.se\/es\/#organization\"},\"potentialAction\":[{\"@type\":\"SearchAction\",\"target\":\"https:\/\/www.imakeyousmile.se\/es\/?s={search_term_string}\",\"query-input\":\"required name=search_term_string\"}],\"inLanguage\":\"es\"},{\"@type\":\"ImageObject\",\"@id\":\"https:\/\/www.imakeyousmile.se\/sminka-snyggt-med-bara-en-ogonskugga\/#primaryimage\",\"inLanguage\":\"es\",\"url\":\"https:\/\/www.imakeyousmile.se\/wp-content\/uploads\/2019\/09\/onekoppar.jpg\",\"width\":2400,\"height\":2027},{\"@type\":\"WebPage\",\"@id\":\"https:\/\/www.imakeyousmile.se\/sminka-snyggt-med-bara-en-ogonskugga\/#webpage\",\"url\":\"https:\/\/www.imakeyousmile.se\/sminka-snyggt-med-bara-en-ogonskugga\/\",\"name\":\"Sminka snyggt med bara en \\u00f6gonskugga! | Imakeyousmile.se\",\"isPartOf\":{\"@id\":\"https:\/\/www.imakeyousmile.se\/es\/#website\"},\"primaryImageOfPage\":{\"@id\":\"https:\/\/www.imakeyousmile.se\/sminka-snyggt-med-bara-en-ogonskugga\/#primaryimage\"},\"datePublished\":\"2019-09-18T03:00:56+00:00\",\"dateModified\":\"2021-10-06T09:14:22+00:00\",\"description\":\"Sminka snyggt med bara en \\u00f6gonskugga! | Helena Amiley - H\\u00e4r hittar du senaste infromation om sk\\u00f6nhet, livsstil, entrepren\\u00f6rskap, makeup & tips.\",\"inLanguage\":\"es\",\"potentialAction\":[{\"@type\":\"ReadAction\",\"target\":[\"https:\/\/www.imakeyousmile.se\/sminka-snyggt-med-bara-en-ogonskugga\/\"]}]},{\"@type\":\"Article\",\"@id\":\"https:\/\/www.imakeyousmile.se\/sminka-snyggt-med-bara-en-ogonskugga\/#article\",\"isPartOf\":{\"@id\":\"https:\/\/www.imakeyousmile.se\/sminka-snyggt-med-bara-en-ogonskugga\/#webpage\"},\"author\":{\"@id\":\"https:\/\/www.imakeyousmile.se\/es\/#\/schema\/person\/b0fd43b1c6bb1c60cfd68bff9b4a10fb\"},\"headline\":\"Sminka snyggt med bara en \\u00f6gonskugga!\",\"datePublished\":\"2019-09-18T03:00:56+00:00\",\"dateModified\":\"2021-10-06T09:14:22+00:00\",\"mainEntityOfPage\":{\"@id\":\"https:\/\/www.imakeyousmile.se\/sminka-snyggt-med-bara-en-ogonskugga\/#webpage\"},\"commentCount\":0,\"publisher\":{\"@id\":\"https:\/\/www.imakeyousmile.se\/es\/#organization\"},\"image\":{\"@id\":\"https:\/\/www.imakeyousmile.se\/sminka-snyggt-med-bara-en-ogonskugga\/#primaryimage\"},\"keywords\":\"beauty blog,Copper eye makeup,copper eyeshadow,copper makeup,creative makeup,everyday makeup,glo Redness relief powder,glo Tinted Primer,glo Under eye concealer,kopparf\\u00e4rgad \\u00f6gonskugga,kreativ sminkning,makeup blog,orange makeup,orange sminkning,paese bamboo silk powder,paese contouring palette,pictorial,sk\\u00f6nhetsblogg,sk\\u00f6nhetsskribent,sminkblogg,steg f\\u00f6r steg,swedish blog,tutorial,vardagssminkning\",\"articleSection\":\"Neutrala \/ milda sminkningar,Sminkningar\",\"inLanguage\":\"es\",\"potentialAction\":[{\"@type\":\"CommentAction\",\"name\":\"Comment\",\"target\":[\"https:\/\/www.imakeyousmile.se\/sminka-snyggt-med-bara-en-ogonskugga\/#respond\"]}]},{\"@type\":\"Person\",\"@id\":\"https:\/\/www.imakeyousmile.se\/es\/#\/schema\/person\/b0fd43b1c6bb1c60cfd68bff9b4a10fb\",\"name\":\"Helena Amiley\",\"image\":{\"@type\":\"ImageObject\",\"@id\":\"https:\/\/www.imakeyousmile.se\/es\/#personlogo\",\"inLanguage\":\"es\",\"url\":\"https:\/\/secure.gravatar.com\/avatar\/5645558e1e355457a23368d7e1b4c904?s=96&d=mm&r=g\",\"caption\":\"Helena Amiley\"},\"description\":\"Jag skriver mest om sk\\u00f6nhet men bjuder \\u00e4ven p\\u00e5 glimtar fr\\u00e5n entrepren\\u00f6rlivet och bygget av v\\u00e5r egen camper van. Vanlife here we come!\",\"sameAs\":[\"https:\/\/www.facebook.com\/imakeyousmile.se\",\"https:\/\/www.instagram.com\/helenaamiley\",\"https:\/\/www.youtube.com\/channel\/UCR5iB6rvpV6Yr8ZjpQfr5mg?view_as=subscriber\"]}]}<\/script>\n<!-- \/ Yoast SEO Premium plugin. -->","_links":{"self":[{"href":"https:\/\/www.imakeyousmile.se\/es\/wp-json\/wp\/v2\/posts\/35633"}],"collection":[{"href":"https:\/\/www.imakeyousmile.se\/es\/wp-json\/wp\/v2\/posts"}],"about":[{"href":"https:\/\/www.imakeyousmile.se\/es\/wp-json\/wp\/v2\/types\/post"}],"author":[{"embeddable":true,"href":"https:\/\/www.imakeyousmile.se\/es\/wp-json\/wp\/v2\/users\/30"}],"replies":[{"embeddable":true,"href":"https:\/\/www.imakeyousmile.se\/es\/wp-json\/wp\/v2\/comments?post=35633"}],"version-history":[{"count":5,"href":"https:\/\/www.imakeyousmile.se\/es\/wp-json\/wp\/v2\/posts\/35633\/revisions"}],"predecessor-version":[{"id":41722,"href":"https:\/\/www.imakeyousmile.se\/es\/wp-json\/wp\/v2\/posts\/35633\/revisions\/41722"}],"wp:featuredmedia":[{"embeddable":true,"href":"https:\/\/www.imakeyousmile.se\/es\/wp-json\/wp\/v2\/media\/35643"}],"wp:attachment":[{"href":"https:\/\/www.imakeyousmile.se\/es\/wp-json\/wp\/v2\/media?parent=35633"}],"wp:term":[{"taxonomy":"category","embeddable":true,"href":"https:\/\/www.imakeyousmile.se\/es\/wp-json\/wp\/v2\/categories?post=35633"},{"taxonomy":"post_tag","embeddable":true,"href":"https:\/\/www.imakeyousmile.se\/es\/wp-json\/wp\/v2\/tags?post=35633"}],"curies":[{"name":"wp","href":"https:\/\/api.w.org\/{rel}","templated":true}]}}