{"id":36235,"date":"2020-01-21T04:30:31","date_gmt":"2020-01-21T03:30:31","guid":{"rendered":"http:\/\/www.imakeyousmile.se\/?p=36235"},"modified":"2021-09-22T10:37:07","modified_gmt":"2021-09-22T08:37:07","slug":"contouring-pa-ogonen","status":"publish","type":"post","link":"https:\/\/www.imakeyousmile.se\/es\/contouring-pa-ogonen\/","title":{"rendered":"\u00a1Contorneando los ojos! (Tutorial de 6 pasos)"},"content":{"rendered":"<p>\u00a1Ahora obtendr\u00e1s mis mejores y mejores consejos diarios! \u00a1Contorneando los ojos! :)<\/p>\n<p>Cuando realizo consultas de maquillaje, hay dos consejos de maquillaje que a los clientes les encantan, \u00a1ya conoces esos peque\u00f1os detalles que marcan una gran diferencia y se pueden usar en la vida cotidiana!<\/p>\n<p>Uno es &quot;desde antiguo&quot; para hacer delineador de pesta\u00f1as \/ marcaje de flecos. <a href=\"https:\/\/www.imakeyousmile.se\/es\/lashliner-tutorial-med-kryolan-hd-cream-liner\/\">En esta publicaci\u00f3n<\/a> (enlace) puedes ver c\u00f3mo hago delineador de pesta\u00f1as en un video. <a href=\"https:\/\/www.imakeyousmile.se\/es\/fransmarkering-lashliner\/\">En esta publicaci\u00f3n<\/a> (enlace) Muestro lashliner con im\u00e1genes.<\/p>\n<p>El segundo consejo es algo que comenc\u00e9 a hacer en m\u00ed mismo en relaci\u00f3n con mi contorno y r\u00e1pidamente me di cuenta de lo inteligente que es.<\/p>\n<h4>Contouring en los ojos !!<\/h4>\n<p>Aqu\u00ed ves el antes y el despu\u00e9s:<\/p>\n<p><img loading=\"lazy\" decoding=\"async\" class=\"alignnone size-large wp-image-36244\" src=\"http:\/\/www.imakeyousmile.se\/wp-content\/uploads\/2020\/01\/f\u00f6re-efter-contoura-\u00f6gonen-1024x1024.jpg\" alt=\"\" width=\"696\" height=\"696\" srcset=\"https:\/\/www.imakeyousmile.se\/wp-content\/uploads\/2020\/01\/f\u00f6re-efter-contoura-\u00f6gonen-1024x1024.jpg 1024w, https:\/\/www.imakeyousmile.se\/wp-content\/uploads\/2020\/01\/f\u00f6re-efter-contoura-\u00f6gonen-150x150.jpg 150w, https:\/\/www.imakeyousmile.se\/wp-content\/uploads\/2020\/01\/f\u00f6re-efter-contoura-\u00f6gonen-300x300.jpg 300w, https:\/\/www.imakeyousmile.se\/wp-content\/uploads\/2020\/01\/f\u00f6re-efter-contoura-\u00f6gonen-768x768.jpg 768w, https:\/\/www.imakeyousmile.se\/wp-content\/uploads\/2020\/01\/f\u00f6re-efter-contoura-\u00f6gonen-696x696.jpg 696w, https:\/\/www.imakeyousmile.se\/wp-content\/uploads\/2020\/01\/f\u00f6re-efter-contoura-\u00f6gonen-1068x1068.jpg 1068w, https:\/\/www.imakeyousmile.se\/wp-content\/uploads\/2020\/01\/f\u00f6re-efter-contoura-\u00f6gonen-420x420.jpg 420w, https:\/\/www.imakeyousmile.se\/wp-content\/uploads\/2020\/01\/f\u00f6re-efter-contoura-\u00f6gonen.jpg 1900w\" sizes=\"(max-width: 696px) 100vw, 696px\" \/><\/p>\n<p>\u00bfVes qu\u00e9 diferencia hay en los ojos? \u00a1Lo asombroso es que va TAN r\u00e1pido!<\/p>\n<h4>\u00bfPor qu\u00e9 es suave?<\/h4>\n<p>En la vida cotidiana, muchas personas se aplican base, labios y r\u00edmel porque es r\u00e1pido, pero se saltan las sombras de ojos porque requiere m\u00e1s tiempo y precisi\u00f3n. Pero si quieres enfatizar los ojos y lucir m\u00e1s alerta, \u00a1puedes en el mismo paso que el contorno de la cara envolver un poco los ojos tambi\u00e9n!<\/p>\n<h4>Que necesitas:<\/h4>\n<ol>\n<li>Una alfombra de tono claro y oscuro. yo suelo <a href=\"https:\/\/ion.lyko.com\/t\/t?a=1117786221&#038;as=1548102449&#038;t=2&#038;tk=1&#038;epi=serach-replace-contouringpaletteXX&#038;url=https:\/\/lyko.com\/sv\/sok?q=contouring+palette\">Paleta de contorno Paese<\/a> (No. 2)<\/li>\n<li>Un cepillo suave del tama\u00f1o adecuado. Uno que es demasiado grande no da precisi\u00f3n y uno que es demasiado peque\u00f1o significa que no va tan r\u00e1pido, el punto es que deber\u00eda ser posible simplemente &quot;deslizar&quot; r\u00e1pidamente. yo suelo <a href=\"https:\/\/tidd.ly\/3lLMq35\">Cepillo para pliegues Nanshy<\/a> que est\u00e1 en pelo sint\u00e9tico.<\/li>\n<\/ol>\n<p><img loading=\"lazy\" decoding=\"async\" class=\"alignnone size-large wp-image-36247\" src=\"http:\/\/www.imakeyousmile.se\/wp-content\/uploads\/2020\/01\/IMG_1567-1024x754.jpg\" alt=\"\" width=\"696\" height=\"512\" srcset=\"https:\/\/www.imakeyousmile.se\/wp-content\/uploads\/2020\/01\/IMG_1567-1024x754.jpg 1024w, https:\/\/www.imakeyousmile.se\/wp-content\/uploads\/2020\/01\/IMG_1567-300x221.jpg 300w, https:\/\/www.imakeyousmile.se\/wp-content\/uploads\/2020\/01\/IMG_1567-768x565.jpg 768w, https:\/\/www.imakeyousmile.se\/wp-content\/uploads\/2020\/01\/IMG_1567-80x60.jpg 80w, https:\/\/www.imakeyousmile.se\/wp-content\/uploads\/2020\/01\/IMG_1567-696x512.jpg 696w, https:\/\/www.imakeyousmile.se\/wp-content\/uploads\/2020\/01\/IMG_1567-1068x786.jpg 1068w, https:\/\/www.imakeyousmile.se\/wp-content\/uploads\/2020\/01\/IMG_1567-571x420.jpg 571w\" sizes=\"(max-width: 696px) 100vw, 696px\" \/><\/p>\n<p>Si no hace contornos en la cara (y por lo tanto no tiene \/ necesita una paleta de este tipo), \u00bftal vez todav\u00eda tenga un bronceador y una sombra de ojos mate ligera en casa? Tambi\u00e9n funciona bien :) Por ejemplo, a veces uso la sombra de ojos clara <a href=\"https:\/\/creativemakeup.se\/butik\/smink\/paese-kashmir-mono-eyeshadow\/\">Sombra de ojos Paese Kashmir<\/a> (667) como iluminador mate.<\/p>\n<p>Lo bueno de los productos de contorno es que no son tan ricos en pigmentos como una sombra de ojos porque est\u00e1n ah\u00ed para crear sombras suaves en la cara. Porque tan pronto como utilizas un producto muy pigmentado (como sombras de ojos), se requiere m\u00e1s precisi\u00f3n y tecnolog\u00eda para hacerlo agradable. Y quieres pon\u00e9rtelo f\u00e1cil :)<\/p>\n<h4>Gradualmente:<\/h4>\n<p>\u00a1He fotografiado exactamente c\u00f3mo hago esto para que pueda ver con claridad! :)<\/p>\n<p><img loading=\"lazy\" decoding=\"async\" class=\"alignnone size-large wp-image-36245\" src=\"http:\/\/www.imakeyousmile.se\/wp-content\/uploads\/2020\/01\/IMG_1428-1024x761.jpg\" alt=\"\" width=\"696\" height=\"517\" srcset=\"https:\/\/www.imakeyousmile.se\/wp-content\/uploads\/2020\/01\/IMG_1428-1024x761.jpg 1024w, https:\/\/www.imakeyousmile.se\/wp-content\/uploads\/2020\/01\/IMG_1428-300x223.jpg 300w, https:\/\/www.imakeyousmile.se\/wp-content\/uploads\/2020\/01\/IMG_1428-768x570.jpg 768w, https:\/\/www.imakeyousmile.se\/wp-content\/uploads\/2020\/01\/IMG_1428-80x60.jpg 80w, https:\/\/www.imakeyousmile.se\/wp-content\/uploads\/2020\/01\/IMG_1428-265x198.jpg 265w, https:\/\/www.imakeyousmile.se\/wp-content\/uploads\/2020\/01\/IMG_1428-696x517.jpg 696w, https:\/\/www.imakeyousmile.se\/wp-content\/uploads\/2020\/01\/IMG_1428-1068x793.jpg 1068w, https:\/\/www.imakeyousmile.se\/wp-content\/uploads\/2020\/01\/IMG_1428-565x420.jpg 565w\" sizes=\"(max-width: 696px) 100vw, 696px\" \/><\/p>\n<p>Empiezo con la sombra de ojos mate clara.<\/p>\n<p><img loading=\"lazy\" decoding=\"async\" class=\"alignnone size-large wp-image-36236\" src=\"http:\/\/www.imakeyousmile.se\/wp-content\/uploads\/2020\/01\/1-i-mitten-av-\u00f6gonlocket-1024x963.jpg\" alt=\"\" width=\"696\" height=\"655\" srcset=\"https:\/\/www.imakeyousmile.se\/wp-content\/uploads\/2020\/01\/1-i-mitten-av-\u00f6gonlocket-1024x963.jpg 1024w, https:\/\/www.imakeyousmile.se\/wp-content\/uploads\/2020\/01\/1-i-mitten-av-\u00f6gonlocket-300x282.jpg 300w, https:\/\/www.imakeyousmile.se\/wp-content\/uploads\/2020\/01\/1-i-mitten-av-\u00f6gonlocket-768x722.jpg 768w, https:\/\/www.imakeyousmile.se\/wp-content\/uploads\/2020\/01\/1-i-mitten-av-\u00f6gonlocket-696x655.jpg 696w, https:\/\/www.imakeyousmile.se\/wp-content\/uploads\/2020\/01\/1-i-mitten-av-\u00f6gonlocket-1068x1004.jpg 1068w, https:\/\/www.imakeyousmile.se\/wp-content\/uploads\/2020\/01\/1-i-mitten-av-\u00f6gonlocket-447x420.jpg 447w\" sizes=\"(max-width: 696px) 100vw, 696px\" \/><\/p>\n<p>1. Aplique un toque r\u00e1pido en el centro del p\u00e1rpado. No en la l\u00ednea del globo ni en los bordes, solo en el medio.<\/p>\n<p>Esto hace que el p\u00e1rpado &quot;salte&quot; e inmediatamente te ves m\u00e1s alerta despu\u00e9s de este paso. Parece haber poco efecto 3D.<\/p>\n<p><img loading=\"lazy\" decoding=\"async\" class=\"alignnone size-large wp-image-36237\" src=\"http:\/\/www.imakeyousmile.se\/wp-content\/uploads\/2020\/01\/2-i-\u00f6gonvr\u00e5n-980x1024.jpg\" alt=\"\" width=\"696\" height=\"727\" srcset=\"https:\/\/www.imakeyousmile.se\/wp-content\/uploads\/2020\/01\/2-i-\u00f6gonvr\u00e5n-980x1024.jpg 980w, https:\/\/www.imakeyousmile.se\/wp-content\/uploads\/2020\/01\/2-i-\u00f6gonvr\u00e5n-287x300.jpg 287w, https:\/\/www.imakeyousmile.se\/wp-content\/uploads\/2020\/01\/2-i-\u00f6gonvr\u00e5n-768x803.jpg 768w, https:\/\/www.imakeyousmile.se\/wp-content\/uploads\/2020\/01\/2-i-\u00f6gonvr\u00e5n-696x727.jpg 696w, https:\/\/www.imakeyousmile.se\/wp-content\/uploads\/2020\/01\/2-i-\u00f6gonvr\u00e5n-1068x1116.jpg 1068w, https:\/\/www.imakeyousmile.se\/wp-content\/uploads\/2020\/01\/2-i-\u00f6gonvr\u00e5n-402x420.jpg 402w\" sizes=\"(max-width: 696px) 100vw, 696px\" \/><\/p>\n<p>2. Aplique un toque r\u00e1pido en el rabillo del ojo.<\/p>\n<p>En parte para lucir m\u00e1s en forma, pero tambi\u00e9n porque muchos tienen una profundidad m\u00e1s oscura all\u00ed mismo, que f\u00e1cilmente se ve oscura cuando hay sombra en los ojos.<\/p>\n<p><img loading=\"lazy\" decoding=\"async\" class=\"alignnone size-large wp-image-36238\" src=\"http:\/\/www.imakeyousmile.se\/wp-content\/uploads\/2020\/01\/3-under-brynet-1024x845.jpg\" alt=\"\" width=\"696\" height=\"574\" srcset=\"https:\/\/www.imakeyousmile.se\/wp-content\/uploads\/2020\/01\/3-under-brynet-1024x845.jpg 1024w, https:\/\/www.imakeyousmile.se\/wp-content\/uploads\/2020\/01\/3-under-brynet-300x248.jpg 300w, https:\/\/www.imakeyousmile.se\/wp-content\/uploads\/2020\/01\/3-under-brynet-768x634.jpg 768w, https:\/\/www.imakeyousmile.se\/wp-content\/uploads\/2020\/01\/3-under-brynet-696x575.jpg 696w, https:\/\/www.imakeyousmile.se\/wp-content\/uploads\/2020\/01\/3-under-brynet-1068x882.jpg 1068w, https:\/\/www.imakeyousmile.se\/wp-content\/uploads\/2020\/01\/3-under-brynet-509x420.jpg 509w\" sizes=\"(max-width: 696px) 100vw, 696px\" \/><\/p>\n<p>Desliza el dedo sobre el pasador de la ceja, es decir, debajo del punto m\u00e1s alto de la ceja y hacia afuera.<\/p>\n<p>No todo el mundo tiene tanto espacio entre la l\u00ednea del pliegue y la ceja como yo, entonces puedes tomar una brocha m\u00e1s peque\u00f1a y aplicar m\u00e1s estrecha para que no ilumines la l\u00ednea del pliegue al mismo tiempo.<\/p>\n<p><img loading=\"lazy\" decoding=\"async\" class=\"alignnone size-large wp-image-36239\" src=\"http:\/\/www.imakeyousmile.se\/wp-content\/uploads\/2020\/01\/4-under-\u00f6gonen-991x1024.jpg\" alt=\"\" width=\"696\" height=\"719\" srcset=\"https:\/\/www.imakeyousmile.se\/wp-content\/uploads\/2020\/01\/4-under-\u00f6gonen-991x1024.jpg 991w, https:\/\/www.imakeyousmile.se\/wp-content\/uploads\/2020\/01\/4-under-\u00f6gonen-290x300.jpg 290w, https:\/\/www.imakeyousmile.se\/wp-content\/uploads\/2020\/01\/4-under-\u00f6gonen-768x794.jpg 768w, https:\/\/www.imakeyousmile.se\/wp-content\/uploads\/2020\/01\/4-under-\u00f6gonen-696x719.jpg 696w, https:\/\/www.imakeyousmile.se\/wp-content\/uploads\/2020\/01\/4-under-\u00f6gonen-1068x1104.jpg 1068w, https:\/\/www.imakeyousmile.se\/wp-content\/uploads\/2020\/01\/4-under-\u00f6gonen-406x420.jpg 406w\" sizes=\"(max-width: 696px) 100vw, 696px\" \/><\/p>\n<p>4. \u00a1Ilumina debajo de los ojos! Desliza el dedo con el pincel hacia la &quot;profundidad&quot; que (la mayor\u00eda de nosotros) tiene debajo del ojo.<\/p>\n<p>Siempre hago esto, incluso si hago un maquillaje de sombra de ojos.<\/p>\n<p>Muchas personas no necesitan usar corrector debajo de los ojos porque no todos tienen la piel m\u00e1s oscura debajo de los ojos. Un corrector cubre y muchos ya tienen un tono de piel uniforme, pero hay una peque\u00f1a profundidad all\u00ed que se ve m\u00e1s oscura porque hay sombra de la luz. \u00bfTe queda bien? Entonces basta con aclarar, no tienes que molestarte con corrector en crema y polvos fijadores.<\/p>\n<p>Tambi\u00e9n puedes aclarar con un corrector m\u00e1s claro si tienes uno. Por lo general, les digo esto a mis clientes si me preguntan cu\u00e1l es mejor: si todav\u00eda usa el contorno en la cara, es m\u00e1s f\u00e1cil aclarar debajo de los ojos al mismo tiempo, por lo que no necesita m\u00e1s productos y pasos en la rutina de maquillaje. Y viceversa: si todav\u00eda usa corrector en la cara, es m\u00e1s f\u00e1cil aclarar debajo de los ojos al mismo tiempo, por lo que no necesita m\u00e1s productos y pasos en la rutina de maquillaje. Si usa tanto corrector como contorno, puede elegir lo que prefiera, es el sabor 100%, ambos funcionan :)<\/p>\n<p>Pero barrer r\u00e1pidamente con una brocha con un poco de polvo ligero es en cualquier caso mucho m\u00e1s r\u00e1pido que usar un producto en crema que (generalmente) necesita arreglar con polvo.<\/p>\n<p><img loading=\"lazy\" decoding=\"async\" class=\"alignnone size-large wp-image-36246\" src=\"http:\/\/www.imakeyousmile.se\/wp-content\/uploads\/2020\/01\/IMG_1496-1024x770.jpg\" alt=\"\" width=\"696\" height=\"523\" srcset=\"https:\/\/www.imakeyousmile.se\/wp-content\/uploads\/2020\/01\/IMG_1496-1024x770.jpg 1024w, https:\/\/www.imakeyousmile.se\/wp-content\/uploads\/2020\/01\/IMG_1496-300x226.jpg 300w, https:\/\/www.imakeyousmile.se\/wp-content\/uploads\/2020\/01\/IMG_1496-768x578.jpg 768w, https:\/\/www.imakeyousmile.se\/wp-content\/uploads\/2020\/01\/IMG_1496-80x60.jpg 80w, https:\/\/www.imakeyousmile.se\/wp-content\/uploads\/2020\/01\/IMG_1496-265x198.jpg 265w, https:\/\/www.imakeyousmile.se\/wp-content\/uploads\/2020\/01\/IMG_1496-696x524.jpg 696w, https:\/\/www.imakeyousmile.se\/wp-content\/uploads\/2020\/01\/IMG_1496-1068x804.jpg 1068w, https:\/\/www.imakeyousmile.se\/wp-content\/uploads\/2020\/01\/IMG_1496-558x420.jpg 558w\" sizes=\"(max-width: 696px) 100vw, 696px\" \/><\/p>\n<p>\u00a1Entonces es hora de la sombra oscura!<\/p>\n<p>Puedes saltarte la oscuridad si ya est\u00e1s feliz. Porque debido a que no ha iluminado todo el ojo (sino en puntos seleccionados), ya existe un peque\u00f1o efecto 3D en el que su tono de piel natural se vuelve como una sombra en s\u00ed mismo.<\/p>\n<p>Pero generalmente agrego un poco de oscuridad para un efecto adicional. Va r\u00e1pido porque hay muy poco pigmento en el polvo, en absoluto como si usaras una sombra de ojos marr\u00f3n oscuro.<\/p>\n<p><img loading=\"lazy\" decoding=\"async\" class=\"alignnone size-large wp-image-36240\" src=\"http:\/\/www.imakeyousmile.se\/wp-content\/uploads\/2020\/01\/5-globlinjen-1024x994.jpg\" alt=\"\" width=\"696\" height=\"676\" srcset=\"https:\/\/www.imakeyousmile.se\/wp-content\/uploads\/2020\/01\/5-globlinjen-1024x994.jpg 1024w, https:\/\/www.imakeyousmile.se\/wp-content\/uploads\/2020\/01\/5-globlinjen-300x291.jpg 300w, https:\/\/www.imakeyousmile.se\/wp-content\/uploads\/2020\/01\/5-globlinjen-768x745.jpg 768w, https:\/\/www.imakeyousmile.se\/wp-content\/uploads\/2020\/01\/5-globlinjen-696x676.jpg 696w, https:\/\/www.imakeyousmile.se\/wp-content\/uploads\/2020\/01\/5-globlinjen-1068x1037.jpg 1068w, https:\/\/www.imakeyousmile.se\/wp-content\/uploads\/2020\/01\/5-globlinjen-433x420.jpg 433w\" sizes=\"(max-width: 696px) 100vw, 696px\" \/><\/p>\n<p>5. Desliza r\u00e1pidamente sobre la l\u00ednea del globo, sin precisi\u00f3n, pero solo dibujo 1-2 trazos con el pincel.<\/p>\n<p>Miro directamente al espejo y aplico justo sobre la l\u00ednea del globo terr\u00e1queo, para que la sombra oscura no termine dentro del pliegue de la piel cuando mires. El punto es que debe ser claro en el p\u00e1rpado, oscuro arriba y luego claro debajo de la ceja tambi\u00e9n.<\/p>\n<p><img loading=\"lazy\" decoding=\"async\" class=\"alignnone size-large wp-image-36241\" src=\"http:\/\/www.imakeyousmile.se\/wp-content\/uploads\/2020\/01\/6-under-\u00f6gat-968x1024.jpg\" alt=\"\" width=\"696\" height=\"736\" srcset=\"https:\/\/www.imakeyousmile.se\/wp-content\/uploads\/2020\/01\/6-under-\u00f6gat-968x1024.jpg 968w, https:\/\/www.imakeyousmile.se\/wp-content\/uploads\/2020\/01\/6-under-\u00f6gat-284x300.jpg 284w, https:\/\/www.imakeyousmile.se\/wp-content\/uploads\/2020\/01\/6-under-\u00f6gat-768x813.jpg 768w, https:\/\/www.imakeyousmile.se\/wp-content\/uploads\/2020\/01\/6-under-\u00f6gat-696x736.jpg 696w, https:\/\/www.imakeyousmile.se\/wp-content\/uploads\/2020\/01\/6-under-\u00f6gat-1068x1130.jpg 1068w, https:\/\/www.imakeyousmile.se\/wp-content\/uploads\/2020\/01\/6-under-\u00f6gat-397x420.jpg 397w\" sizes=\"(max-width: 696px) 100vw, 696px\" \/><\/p>\n<p>6. \u00a1Y tambi\u00e9n en el borde exterior debajo del ojo!<\/p>\n<p><img loading=\"lazy\" decoding=\"async\" class=\"alignnone size-large wp-image-36243\" src=\"http:\/\/www.imakeyousmile.se\/wp-content\/uploads\/2020\/01\/contoura-\u00f6gonen-1024x746.jpg\" alt=\"\" width=\"696\" height=\"507\" srcset=\"https:\/\/www.imakeyousmile.se\/wp-content\/uploads\/2020\/01\/contoura-\u00f6gonen-1024x746.jpg 1024w, https:\/\/www.imakeyousmile.se\/wp-content\/uploads\/2020\/01\/contoura-\u00f6gonen-300x219.jpg 300w, https:\/\/www.imakeyousmile.se\/wp-content\/uploads\/2020\/01\/contoura-\u00f6gonen-768x559.jpg 768w, https:\/\/www.imakeyousmile.se\/wp-content\/uploads\/2020\/01\/contoura-\u00f6gonen-324x235.jpg 324w, https:\/\/www.imakeyousmile.se\/wp-content\/uploads\/2020\/01\/contoura-\u00f6gonen-696x507.jpg 696w, https:\/\/www.imakeyousmile.se\/wp-content\/uploads\/2020\/01\/contoura-\u00f6gonen-1068x778.jpg 1068w, https:\/\/www.imakeyousmile.se\/wp-content\/uploads\/2020\/01\/contoura-\u00f6gonen-577x420.jpg 577w\" sizes=\"(max-width: 696px) 100vw, 696px\" \/><\/p>\n<p>\u00a1Un primer plano de los ojos para que puedas ver la diferencia claramente! Olvid\u00e9 tomar fotos antes del r\u00edmel, pero agregu\u00e9 una capa tan ordenada para que puedas ver claramente el contorno de todos modos.<\/p>\n<p><img loading=\"lazy\" decoding=\"async\" class=\"alignnone size-large wp-image-36242\" src=\"http:\/\/www.imakeyousmile.se\/wp-content\/uploads\/2020\/01\/7-klart-1024x839.jpg\" alt=\"\" width=\"696\" height=\"570\" srcset=\"https:\/\/www.imakeyousmile.se\/wp-content\/uploads\/2020\/01\/7-klart-1024x839.jpg 1024w, https:\/\/www.imakeyousmile.se\/wp-content\/uploads\/2020\/01\/7-klart-300x246.jpg 300w, https:\/\/www.imakeyousmile.se\/wp-content\/uploads\/2020\/01\/7-klart-768x629.jpg 768w, https:\/\/www.imakeyousmile.se\/wp-content\/uploads\/2020\/01\/7-klart-696x570.jpg 696w, https:\/\/www.imakeyousmile.se\/wp-content\/uploads\/2020\/01\/7-klart-1068x875.jpg 1068w, https:\/\/www.imakeyousmile.se\/wp-content\/uploads\/2020\/01\/7-klart-512x420.jpg 512w\" sizes=\"(max-width: 696px) 100vw, 696px\" \/><\/p>\n<p>\u00a1Hecho! :)<\/p>\n<p>Muchas personas tienen miedo de tener polvo seco alrededor de los ojos, pero el tono claro de esta paleta es una f\u00f3rmula muy suave, por lo que nunca experimento (ni en m\u00ed ni en los clientes) que se vea seco.<\/p>\n<p>\u00a1Espero que hayas encontrado \u00fatil la publicaci\u00f3n! \u2665<\/p>\n<p>&nbsp;<\/p>","protected":false},"excerpt":{"rendered":"<p>Nu ska ni f\u00e5 mitt b\u00e4sta, b\u00e4sta vardagstips! Contouring p\u00e5 \u00f6gonen! :) N\u00e4r jag h\u00e5ller i sminkkonsultationer s\u00e5 finns det tv\u00e5 sminktips som kunderna \u00e4lskar, ni vet s\u00e5nna d\u00e4r sm\u00e5detaljer som g\u00f6r stor skillnad och som g\u00e5r att anv\u00e4nda sig av till vardags! Det ena \u00e4r &#8221;sedan gammalt&#8221; att g\u00f6ra lashliner\/fransmarkering. I detta inl\u00e4gg (l\u00e4nk) [&hellip;]<\/p>\n","protected":false},"author":30,"featured_media":36243,"comment_status":"open","ping_status":"closed","sticky":false,"template":"","format":"standard","meta":{"footnotes":""},"categories":[24,2827,59,2623,3919],"tags":[],"class_list":["post-36235","post","type-post","status-publish","format-standard","has-post-thumbnail","hentry","category-grundsmink","category-vardagssminkningar","category-recensioner-produkttips","category-sminkningar","category-sminktips"],"yoast_head":"<!-- This site is optimized with the Yoast SEO Premium plugin v14.9 - https:\/\/yoast.com\/wordpress\/plugins\/seo\/ -->\n<meta name=\"description\" content=\"Contouring p\u00e5 \u00f6gonen! (6 stegs tutorial) | Helena Amiley - H\u00e4r hittar du senaste infromation om sk\u00f6nhet, livsstil, entrepren\u00f6rskap, makeup &amp; tips.\" \/>\n<meta name=\"robots\" content=\"index, follow, max-snippet:-1, max-image-preview:large, max-video-preview:-1\" \/>\n<link rel=\"canonical\" href=\"https:\/\/www.imakeyousmile.se\/es\/contouring-pa-ogonen\/\" \/>\n<meta property=\"og:locale\" content=\"es_ES\" \/>\n<meta property=\"og:type\" content=\"article\" \/>\n<meta property=\"og:title\" content=\"Contouring p\u00e5 \u00f6gonen! (6 stegs tutorial) | Imakeyousmile.se\" \/>\n<meta property=\"og:description\" content=\"Contouring p\u00e5 \u00f6gonen! (6 stegs tutorial) | Helena Amiley - H\u00e4r hittar du senaste infromation om sk\u00f6nhet, livsstil, entrepren\u00f6rskap, makeup &amp; tips.\" \/>\n<meta property=\"og:url\" content=\"https:\/\/www.imakeyousmile.se\/es\/contouring-pa-ogonen\/\" \/>\n<meta property=\"og:site_name\" content=\"Imakeyousmile.se\" \/>\n<meta property=\"article:author\" content=\"https:\/\/www.facebook.com\/imakeyousmile.se\" \/>\n<meta property=\"article:published_time\" content=\"2020-01-21T03:30:31+00:00\" \/>\n<meta property=\"article:modified_time\" content=\"2021-09-22T08:37:07+00:00\" \/>\n<meta property=\"og:image\" content=\"https:\/\/www.imakeyousmile.se\/wp-content\/uploads\/2020\/01\/contoura-\u00f6gonen.jpg\" \/>\n\t<meta property=\"og:image:width\" content=\"2500\" \/>\n\t<meta property=\"og:image:height\" content=\"1821\" \/>\n<meta name=\"twitter:card\" content=\"summary_large_image\" \/>\n<script type=\"application\/ld+json\" class=\"yoast-schema-graph\">{\"@context\":\"https:\/\/schema.org\",\"@graph\":[{\"@type\":\"Organization\",\"@id\":\"https:\/\/www.imakeyousmile.se\/es\/#organization\",\"name\":\"Imakeyousmile\",\"url\":\"https:\/\/www.imakeyousmile.se\/es\/\",\"sameAs\":[],\"logo\":{\"@type\":\"ImageObject\",\"@id\":\"https:\/\/www.imakeyousmile.se\/es\/#logo\",\"inLanguage\":\"es\",\"url\":\"https:\/\/www.imakeyousmile.se\/wp-content\/uploads\/2020\/10\/HELENA-AMILEY_SVART-1-e1603367975324.png\",\"width\":280,\"height\":93,\"caption\":\"Imakeyousmile\"},\"image\":{\"@id\":\"https:\/\/www.imakeyousmile.se\/es\/#logo\"}},{\"@type\":\"WebSite\",\"@id\":\"https:\/\/www.imakeyousmile.se\/es\/#website\",\"url\":\"https:\/\/www.imakeyousmile.se\/es\/\",\"name\":\"Imakeyousmile.se\",\"description\":\"Helena Amiley - Beauty, Entrepreneur, Lifestyle\",\"publisher\":{\"@id\":\"https:\/\/www.imakeyousmile.se\/es\/#organization\"},\"potentialAction\":[{\"@type\":\"SearchAction\",\"target\":\"https:\/\/www.imakeyousmile.se\/es\/?s={search_term_string}\",\"query-input\":\"required name=search_term_string\"}],\"inLanguage\":\"es\"},{\"@type\":\"ImageObject\",\"@id\":\"https:\/\/www.imakeyousmile.se\/contouring-pa-ogonen\/#primaryimage\",\"inLanguage\":\"es\",\"url\":\"https:\/\/www.imakeyousmile.se\/wp-content\/uploads\/2020\/01\/contoura-\\u00f6gonen.jpg\",\"width\":2500,\"height\":1821},{\"@type\":\"WebPage\",\"@id\":\"https:\/\/www.imakeyousmile.se\/contouring-pa-ogonen\/#webpage\",\"url\":\"https:\/\/www.imakeyousmile.se\/contouring-pa-ogonen\/\",\"name\":\"Contouring p\\u00e5 \\u00f6gonen! (6 stegs tutorial) | Imakeyousmile.se\",\"isPartOf\":{\"@id\":\"https:\/\/www.imakeyousmile.se\/es\/#website\"},\"primaryImageOfPage\":{\"@id\":\"https:\/\/www.imakeyousmile.se\/contouring-pa-ogonen\/#primaryimage\"},\"datePublished\":\"2020-01-21T03:30:31+00:00\",\"dateModified\":\"2021-09-22T08:37:07+00:00\",\"description\":\"Contouring p\\u00e5 \\u00f6gonen! (6 stegs tutorial) | Helena Amiley - H\\u00e4r hittar du senaste infromation om sk\\u00f6nhet, livsstil, entrepren\\u00f6rskap, makeup & tips.\",\"inLanguage\":\"es\",\"potentialAction\":[{\"@type\":\"ReadAction\",\"target\":[\"https:\/\/www.imakeyousmile.se\/contouring-pa-ogonen\/\"]}]},{\"@type\":\"Article\",\"@id\":\"https:\/\/www.imakeyousmile.se\/contouring-pa-ogonen\/#article\",\"isPartOf\":{\"@id\":\"https:\/\/www.imakeyousmile.se\/contouring-pa-ogonen\/#webpage\"},\"author\":{\"@id\":\"https:\/\/www.imakeyousmile.se\/es\/#\/schema\/person\/b0fd43b1c6bb1c60cfd68bff9b4a10fb\"},\"headline\":\"Contouring p\\u00e5 \\u00f6gonen! (6 stegs tutorial)\",\"datePublished\":\"2020-01-21T03:30:31+00:00\",\"dateModified\":\"2021-09-22T08:37:07+00:00\",\"mainEntityOfPage\":{\"@id\":\"https:\/\/www.imakeyousmile.se\/contouring-pa-ogonen\/#webpage\"},\"commentCount\":0,\"publisher\":{\"@id\":\"https:\/\/www.imakeyousmile.se\/es\/#organization\"},\"image\":{\"@id\":\"https:\/\/www.imakeyousmile.se\/contouring-pa-ogonen\/#primaryimage\"},\"articleSection\":\"Bassmink,Neutrala \/ milda sminkningar,Recensioner &amp; Produkttips,Sminkningar,Sminktips\",\"inLanguage\":\"es\",\"potentialAction\":[{\"@type\":\"CommentAction\",\"name\":\"Comment\",\"target\":[\"https:\/\/www.imakeyousmile.se\/contouring-pa-ogonen\/#respond\"]}]},{\"@type\":\"Person\",\"@id\":\"https:\/\/www.imakeyousmile.se\/es\/#\/schema\/person\/b0fd43b1c6bb1c60cfd68bff9b4a10fb\",\"name\":\"Helena Amiley\",\"image\":{\"@type\":\"ImageObject\",\"@id\":\"https:\/\/www.imakeyousmile.se\/es\/#personlogo\",\"inLanguage\":\"es\",\"url\":\"https:\/\/secure.gravatar.com\/avatar\/5645558e1e355457a23368d7e1b4c904?s=96&d=mm&r=g\",\"caption\":\"Helena Amiley\"},\"description\":\"Jag skriver mest om sk\\u00f6nhet men bjuder \\u00e4ven p\\u00e5 glimtar fr\\u00e5n entrepren\\u00f6rlivet och bygget av v\\u00e5r egen camper van. Vanlife here we come!\",\"sameAs\":[\"https:\/\/www.facebook.com\/imakeyousmile.se\",\"https:\/\/www.instagram.com\/helenaamiley\",\"https:\/\/www.youtube.com\/channel\/UCR5iB6rvpV6Yr8ZjpQfr5mg?view_as=subscriber\"]}]}<\/script>\n<!-- \/ Yoast SEO Premium plugin. -->","_links":{"self":[{"href":"https:\/\/www.imakeyousmile.se\/es\/wp-json\/wp\/v2\/posts\/36235"}],"collection":[{"href":"https:\/\/www.imakeyousmile.se\/es\/wp-json\/wp\/v2\/posts"}],"about":[{"href":"https:\/\/www.imakeyousmile.se\/es\/wp-json\/wp\/v2\/types\/post"}],"author":[{"embeddable":true,"href":"https:\/\/www.imakeyousmile.se\/es\/wp-json\/wp\/v2\/users\/30"}],"replies":[{"embeddable":true,"href":"https:\/\/www.imakeyousmile.se\/es\/wp-json\/wp\/v2\/comments?post=36235"}],"version-history":[{"count":5,"href":"https:\/\/www.imakeyousmile.se\/es\/wp-json\/wp\/v2\/posts\/36235\/revisions"}],"predecessor-version":[{"id":41099,"href":"https:\/\/www.imakeyousmile.se\/es\/wp-json\/wp\/v2\/posts\/36235\/revisions\/41099"}],"wp:featuredmedia":[{"embeddable":true,"href":"https:\/\/www.imakeyousmile.se\/es\/wp-json\/wp\/v2\/media\/36243"}],"wp:attachment":[{"href":"https:\/\/www.imakeyousmile.se\/es\/wp-json\/wp\/v2\/media?parent=36235"}],"wp:term":[{"taxonomy":"category","embeddable":true,"href":"https:\/\/www.imakeyousmile.se\/es\/wp-json\/wp\/v2\/categories?post=36235"},{"taxonomy":"post_tag","embeddable":true,"href":"https:\/\/www.imakeyousmile.se\/es\/wp-json\/wp\/v2\/tags?post=36235"}],"curies":[{"name":"wp","href":"https:\/\/api.w.org\/{rel}","templated":true}]}}