{"id":36403,"date":"2020-02-10T22:26:28","date_gmt":"2020-02-10T21:26:28","guid":{"rendered":"http:\/\/www.imakeyousmile.se\/?p=36403"},"modified":"2020-10-30T10:11:14","modified_gmt":"2020-10-30T09:11:14","slug":"brow-lift-uppsala","status":"publish","type":"post","link":"https:\/\/www.imakeyousmile.se\/es\/levantamiento-de-cejas\/","title":{"rendered":"Levantamiento de cejas Uppsala"},"content":{"rendered":"<p><em>Los enlaces de la publicaci\u00f3n van a mi propio sal\u00f3n. <a href=\"http:\/\/creativemakeup.se\">Maquillaje Creativo<\/a> en Uppsala, donde realizamos levantamientos de cejas, entre otras cosas.<\/em><\/p>\n<p>\u00a1Piensa que un poco de crecimiento de vello en la cara puede hacerte feliz!<\/p>\n<p>Como saben, trat\u00e9 de levantarme las cejas a la mitad del d\u00eda y estaba muy, muy feliz, pero mis pajitas que crecen hacia abajo eran tan celestiales, casi rastrojos jeje, as\u00ed que no publiqu\u00e9 ninguna foto de antes y despu\u00e9s de ese resultado.<\/p>\n<p>Pero los dej\u00e9 crecer (era un dolor en s\u00ed mismo) y ahora Olga me ha hecho un nuevo levantamiento de cejas, \u00a1as\u00ed que aqu\u00ed est\u00e1n las fotos del antes y el despu\u00e9s! :)<\/p>\n<p><img loading=\"lazy\" decoding=\"async\" class=\"alignnone wp-image-36405 size-large\" src=\"https:\/\/www.imakeyousmile.se\/wp-content\/uploads\/2020\/02\/brow-lift-uppsala-1024x1024.jpg\" alt=\"levantamiento de cejas psala antes y despu\u00e9s\" width=\"696\" height=\"696\" srcset=\"https:\/\/www.imakeyousmile.se\/wp-content\/uploads\/2020\/02\/brow-lift-uppsala-1024x1024.jpg 1024w, https:\/\/www.imakeyousmile.se\/wp-content\/uploads\/2020\/02\/brow-lift-uppsala-300x300.jpg 300w, https:\/\/www.imakeyousmile.se\/wp-content\/uploads\/2020\/02\/brow-lift-uppsala-150x150.jpg 150w, https:\/\/www.imakeyousmile.se\/wp-content\/uploads\/2020\/02\/brow-lift-uppsala-768x768.jpg 768w, https:\/\/www.imakeyousmile.se\/wp-content\/uploads\/2020\/02\/brow-lift-uppsala-1536x1536.jpg 1536w, https:\/\/www.imakeyousmile.se\/wp-content\/uploads\/2020\/02\/brow-lift-uppsala-12x12.jpg 12w, https:\/\/www.imakeyousmile.se\/wp-content\/uploads\/2020\/02\/brow-lift-uppsala-696x696.jpg 696w, https:\/\/www.imakeyousmile.se\/wp-content\/uploads\/2020\/02\/brow-lift-uppsala-1068x1068.jpg 1068w, https:\/\/www.imakeyousmile.se\/wp-content\/uploads\/2020\/02\/brow-lift-uppsala-420x420.jpg 420w, https:\/\/www.imakeyousmile.se\/wp-content\/uploads\/2020\/02\/brow-lift-uppsala-20x20.jpg 20w, https:\/\/www.imakeyousmile.se\/wp-content\/uploads\/2020\/02\/brow-lift-uppsala.jpg 1900w\" sizes=\"(max-width: 696px) 100vw, 696px\" \/><\/p>\n<p>Mis pajitas naturales no se pueden cepillar en lo m\u00e1s m\u00ednimo, ni siquiera hacia un lado, por lo que el levantamiento de cejas es realmente un tratamiento de Helena.<\/p>\n<p>\u00a1Yo, que nunca he estado directamente &quot;orgulloso&quot; de mis cejas, ahora de repente he comenzado a amarlas!<\/p>\n<p>De lo contrario, solo me he sentido bien con las cejas estrechas, pero ahora que tengo unas cejas tan bonitas y esponjosas, me siento realmente bien con las cejas m\u00e1s amplias. Se sienten tan llenos ahora :)<\/p>\n<p><img loading=\"lazy\" decoding=\"async\" class=\"alignnone wp-image-36404 size-large\" src=\"https:\/\/www.imakeyousmile.se\/wp-content\/uploads\/2020\/02\/brow-lift-f\u00f6re-efter-1024x1024.jpg\" alt=\"levantamiento de cejas psala antes y despu\u00e9s\" width=\"696\" height=\"696\" srcset=\"https:\/\/www.imakeyousmile.se\/wp-content\/uploads\/2020\/02\/brow-lift-f\u00f6re-efter-1024x1024.jpg 1024w, https:\/\/www.imakeyousmile.se\/wp-content\/uploads\/2020\/02\/brow-lift-f\u00f6re-efter-150x150.jpg 150w, https:\/\/www.imakeyousmile.se\/wp-content\/uploads\/2020\/02\/brow-lift-f\u00f6re-efter-300x300.jpg 300w, https:\/\/www.imakeyousmile.se\/wp-content\/uploads\/2020\/02\/brow-lift-f\u00f6re-efter-768x768.jpg 768w, https:\/\/www.imakeyousmile.se\/wp-content\/uploads\/2020\/02\/brow-lift-f\u00f6re-efter-696x696.jpg 696w, https:\/\/www.imakeyousmile.se\/wp-content\/uploads\/2020\/02\/brow-lift-f\u00f6re-efter-1068x1068.jpg 1068w, https:\/\/www.imakeyousmile.se\/wp-content\/uploads\/2020\/02\/brow-lift-f\u00f6re-efter-420x420.jpg 420w\" sizes=\"(max-width: 696px) 100vw, 696px\" \/><\/p>\n<h4>\u00bfC\u00f3mo se levanta la ceja?<\/h4>\n<ol>\n<li>Pegas las pajitas con un pegamento espec\u00edfico.<\/li>\n<li>Se aplica un l\u00edquido permanente, la duraci\u00f3n de la acci\u00f3n var\u00eda<\/li>\n<li>Se agrega un segundo l\u00edquido permanente con la misma duraci\u00f3n de acci\u00f3n.<\/li>\n<li>\u00a1Claro!<\/li>\n<\/ol>\n<p><img loading=\"lazy\" decoding=\"async\" class=\"alignnone wp-image-36406 size-large\" src=\"https:\/\/www.imakeyousmile.se\/wp-content\/uploads\/2020\/02\/IMG_3309-1024x842.jpg\" alt=\"laminaci\u00f3n de cejas\" width=\"696\" height=\"572\" srcset=\"https:\/\/www.imakeyousmile.se\/wp-content\/uploads\/2020\/02\/IMG_3309-1024x842.jpg 1024w, https:\/\/www.imakeyousmile.se\/wp-content\/uploads\/2020\/02\/IMG_3309-300x247.jpg 300w, https:\/\/www.imakeyousmile.se\/wp-content\/uploads\/2020\/02\/IMG_3309-768x631.jpg 768w, https:\/\/www.imakeyousmile.se\/wp-content\/uploads\/2020\/02\/IMG_3309-696x572.jpg 696w, https:\/\/www.imakeyousmile.se\/wp-content\/uploads\/2020\/02\/IMG_3309-1068x878.jpg 1068w, https:\/\/www.imakeyousmile.se\/wp-content\/uploads\/2020\/02\/IMG_3309-511x420.jpg 511w\" sizes=\"(max-width: 696px) 100vw, 696px\" \/><\/p>\n<p>Muchas personas hacen levantamiento de cejas, cepillado de cejas y color de cejas para evitar ponerlas, \u00a1pero yo mismo finalmente creo que es divertido poner mis propias cejas! :)<\/p>\n<p>En esta publicaci\u00f3n, he rellenado las cejas con el l\u00e1piz de cejas org\u00e1nico <a href=\"https:\/\/ion.jordklok.se\/t\/t?a=1236848151&#038;as=1548102449&#038;t=2&#038;tk=1&#038;epi=search-replace-benecosbrowpen&#038;url=https:\/\/www.jordklok.se\/sv\/articles\/2.83.3593\/benecos-natural-eyebrow-designer-105-g?q=Benecos%20Natural%20Eyebrow%20Designer,%201,05%20g\">Benecos Eyebrow Designer<\/a> a la sombra de Brown. Yo uso lo mismo para las peque\u00f1as pecas falsas de mi cara.<\/p>\n<p><img loading=\"lazy\" decoding=\"async\" class=\"alignnone wp-image-36407 size-large\" src=\"https:\/\/www.imakeyousmile.se\/wp-content\/uploads\/2020\/02\/IMG_3312-950x1024.jpg\" alt=\"agradable con levantamiento de cejas\" width=\"696\" height=\"750\" srcset=\"https:\/\/www.imakeyousmile.se\/wp-content\/uploads\/2020\/02\/IMG_3312-950x1024.jpg 950w, https:\/\/www.imakeyousmile.se\/wp-content\/uploads\/2020\/02\/IMG_3312-278x300.jpg 278w, https:\/\/www.imakeyousmile.se\/wp-content\/uploads\/2020\/02\/IMG_3312-768x828.jpg 768w, https:\/\/www.imakeyousmile.se\/wp-content\/uploads\/2020\/02\/IMG_3312-696x750.jpg 696w, https:\/\/www.imakeyousmile.se\/wp-content\/uploads\/2020\/02\/IMG_3312-1068x1151.jpg 1068w, https:\/\/www.imakeyousmile.se\/wp-content\/uploads\/2020\/02\/IMG_3312-390x420.jpg 390w\" sizes=\"(max-width: 696px) 100vw, 696px\" \/><\/p>\n<p>\u00a1\u00a1\u00a1Tan feliz!!!<\/p>\n<p>Recomendamos colorear despu\u00e9s ya que el tratamiento puede tener un efecto iluminador.<\/p>\n<p>Tambi\u00e9n puede reservar un palillo de cejas, pintura para flecos o un levantador de pesta\u00f1as a precios de paquete.<\/p>\n<p>Reserve una cita en l\u00ednea para el levantamiento de cejas uppsala en nuestro sitio web <a href=\"https:\/\/creativemakeup.se\/boka-tid\/\"><strong>aqu\u00ed<\/strong><\/a> o ll\u00e1manos al 018 10 50 13.<br \/>\nVea nuestra lista de precios completa para pesta\u00f1as y cejas <a href=\"https:\/\/creativemakeup.se\/fransar-bryn-behandlingar-priser\/\"><strong>aqu\u00ed<\/strong><\/a>!<\/p>\n<p>\u00a1Abrazo abrazo!<\/p>\n<p>Lea tambi\u00e9n: <a href=\"https:\/\/www.imakeyousmile.se\/es\/allt-om-brow-lift\/\">Todo sobre el levantamiento de cejas<\/a><\/p>","protected":false},"excerpt":{"rendered":"<p>L\u00e4nkarna i inl\u00e4gget g\u00e5r till min egen salong Creative Makeup i Uppsala, d\u00e4r vi bland annat utf\u00f6r brow lift. T\u00e4nk att lite h\u00e5rv\u00e4xt i ansiktet kan g\u00f6ra en s\u00e5 glad!! Som ni vet s\u00e5 testade jag g\u00f6ra brow lift p\u00e5 mig sj\u00e4lv i mellandagarna och var j\u00e4ttej\u00e4tten\u00f6jd, men mina str\u00e5n som v\u00e4xer raakt ner\u00e5t var [&hellip;]<\/p>\n","protected":false},"author":30,"featured_media":36404,"comment_status":"open","ping_status":"closed","sticky":false,"template":"","format":"standard","meta":{"footnotes":""},"categories":[7003,12],"tags":[6788,6737,6785,6786,6784,6787],"class_list":["post-36403","post","type-post","status-publish","format-standard","has-post-thumbnail","hentry","category-fore-efter-kunder","category-ogonbryn"],"yoast_head":"<!-- This site is optimized with the Yoast SEO Premium plugin v14.9 - https:\/\/yoast.com\/wordpress\/plugins\/seo\/ -->\n<meta name=\"description\" content=\"Jag testade att g\u00f6ra brow lift p\u00e5 mig sj\u00e4lv i mellandagarna och var j\u00e4ttej\u00e4tten\u00f6jd, men mina str\u00e5n som v\u00e4xer rakt ner\u00e5t var s\u00e5 himla klippta.\" \/>\n<meta name=\"robots\" content=\"index, follow, max-snippet:-1, max-image-preview:large, max-video-preview:-1\" \/>\n<link rel=\"canonical\" href=\"https:\/\/www.imakeyousmile.se\/es\/brow-lift-uppsala\/\" \/>\n<meta property=\"og:locale\" content=\"es_ES\" \/>\n<meta property=\"og:type\" content=\"article\" \/>\n<meta property=\"og:title\" content=\"Brow Lift Uppsala | Imakeyousmile.se\" \/>\n<meta property=\"og:description\" content=\"Jag testade att g\u00f6ra brow lift p\u00e5 mig sj\u00e4lv i mellandagarna och var j\u00e4ttej\u00e4tten\u00f6jd, men mina str\u00e5n som v\u00e4xer rakt ner\u00e5t var s\u00e5 himla klippta.\" \/>\n<meta property=\"og:url\" content=\"https:\/\/www.imakeyousmile.se\/es\/brow-lift-uppsala\/\" \/>\n<meta property=\"og:site_name\" content=\"Imakeyousmile.se\" \/>\n<meta property=\"article:author\" content=\"https:\/\/www.facebook.com\/imakeyousmile.se\" \/>\n<meta property=\"article:published_time\" content=\"2020-02-10T21:26:28+00:00\" \/>\n<meta property=\"article:modified_time\" content=\"2020-10-30T09:11:14+00:00\" \/>\n<meta property=\"og:image\" content=\"https:\/\/www.imakeyousmile.se\/wp-content\/uploads\/2020\/02\/brow-lift-f\u00f6re-efter.jpg\" \/>\n\t<meta property=\"og:image:width\" content=\"2500\" \/>\n\t<meta property=\"og:image:height\" content=\"2500\" \/>\n<meta name=\"twitter:card\" content=\"summary_large_image\" \/>\n<script type=\"application\/ld+json\" class=\"yoast-schema-graph\">{\"@context\":\"https:\/\/schema.org\",\"@graph\":[{\"@type\":\"Organization\",\"@id\":\"https:\/\/www.imakeyousmile.se\/es\/#organization\",\"name\":\"Imakeyousmile\",\"url\":\"https:\/\/www.imakeyousmile.se\/es\/\",\"sameAs\":[],\"logo\":{\"@type\":\"ImageObject\",\"@id\":\"https:\/\/www.imakeyousmile.se\/es\/#logo\",\"inLanguage\":\"es\",\"url\":\"https:\/\/www.imakeyousmile.se\/wp-content\/uploads\/2020\/10\/HELENA-AMILEY_SVART-1-e1603367975324.png\",\"width\":280,\"height\":93,\"caption\":\"Imakeyousmile\"},\"image\":{\"@id\":\"https:\/\/www.imakeyousmile.se\/es\/#logo\"}},{\"@type\":\"WebSite\",\"@id\":\"https:\/\/www.imakeyousmile.se\/es\/#website\",\"url\":\"https:\/\/www.imakeyousmile.se\/es\/\",\"name\":\"Imakeyousmile.se\",\"description\":\"Helena Amiley - Beauty, Entrepreneur, Lifestyle\",\"publisher\":{\"@id\":\"https:\/\/www.imakeyousmile.se\/es\/#organization\"},\"potentialAction\":[{\"@type\":\"SearchAction\",\"target\":\"https:\/\/www.imakeyousmile.se\/es\/?s={search_term_string}\",\"query-input\":\"required name=search_term_string\"}],\"inLanguage\":\"es\"},{\"@type\":\"ImageObject\",\"@id\":\"https:\/\/www.imakeyousmile.se\/brow-lift-uppsala\/#primaryimage\",\"inLanguage\":\"es\",\"url\":\"https:\/\/www.imakeyousmile.se\/wp-content\/uploads\/2020\/02\/brow-lift-f\\u00f6re-efter.jpg\",\"width\":2500,\"height\":2500},{\"@type\":\"WebPage\",\"@id\":\"https:\/\/www.imakeyousmile.se\/brow-lift-uppsala\/#webpage\",\"url\":\"https:\/\/www.imakeyousmile.se\/brow-lift-uppsala\/\",\"name\":\"Brow Lift Uppsala | Imakeyousmile.se\",\"isPartOf\":{\"@id\":\"https:\/\/www.imakeyousmile.se\/es\/#website\"},\"primaryImageOfPage\":{\"@id\":\"https:\/\/www.imakeyousmile.se\/brow-lift-uppsala\/#primaryimage\"},\"datePublished\":\"2020-02-10T21:26:28+00:00\",\"dateModified\":\"2020-10-30T09:11:14+00:00\",\"description\":\"Jag testade att g\\u00f6ra brow lift p\\u00e5 mig sj\\u00e4lv i mellandagarna och var j\\u00e4ttej\\u00e4tten\\u00f6jd, men mina str\\u00e5n som v\\u00e4xer rakt ner\\u00e5t var s\\u00e5 himla klippta.\",\"inLanguage\":\"es\",\"potentialAction\":[{\"@type\":\"ReadAction\",\"target\":[\"https:\/\/www.imakeyousmile.se\/brow-lift-uppsala\/\"]}]},{\"@type\":\"Article\",\"@id\":\"https:\/\/www.imakeyousmile.se\/brow-lift-uppsala\/#article\",\"isPartOf\":{\"@id\":\"https:\/\/www.imakeyousmile.se\/brow-lift-uppsala\/#webpage\"},\"author\":{\"@id\":\"https:\/\/www.imakeyousmile.se\/es\/#\/schema\/person\/b0fd43b1c6bb1c60cfd68bff9b4a10fb\"},\"headline\":\"Brow Lift Uppsala\",\"datePublished\":\"2020-02-10T21:26:28+00:00\",\"dateModified\":\"2020-10-30T09:11:14+00:00\",\"mainEntityOfPage\":{\"@id\":\"https:\/\/www.imakeyousmile.se\/brow-lift-uppsala\/#webpage\"},\"commentCount\":2,\"publisher\":{\"@id\":\"https:\/\/www.imakeyousmile.se\/es\/#organization\"},\"image\":{\"@id\":\"https:\/\/www.imakeyousmile.se\/brow-lift-uppsala\/#primaryimage\"},\"keywords\":\"brow lamination uppsala,brow lift,brow lift f\\u00f6re efter,brow lift recension,brow lift uppsala,f\\u00e4rga brynen efter brow lift\",\"articleSection\":\"F\\u00f6re &amp; efter (kundjobb),\\u00d6gonbryn\",\"inLanguage\":\"es\",\"potentialAction\":[{\"@type\":\"CommentAction\",\"name\":\"Comment\",\"target\":[\"https:\/\/www.imakeyousmile.se\/brow-lift-uppsala\/#respond\"]}]},{\"@type\":\"Person\",\"@id\":\"https:\/\/www.imakeyousmile.se\/es\/#\/schema\/person\/b0fd43b1c6bb1c60cfd68bff9b4a10fb\",\"name\":\"Helena Amiley\",\"image\":{\"@type\":\"ImageObject\",\"@id\":\"https:\/\/www.imakeyousmile.se\/es\/#personlogo\",\"inLanguage\":\"es\",\"url\":\"https:\/\/secure.gravatar.com\/avatar\/5645558e1e355457a23368d7e1b4c904?s=96&d=mm&r=g\",\"caption\":\"Helena Amiley\"},\"description\":\"Jag skriver mest om sk\\u00f6nhet men bjuder \\u00e4ven p\\u00e5 glimtar fr\\u00e5n entrepren\\u00f6rlivet och bygget av v\\u00e5r egen camper van. Vanlife here we come!\",\"sameAs\":[\"https:\/\/www.facebook.com\/imakeyousmile.se\",\"https:\/\/www.instagram.com\/helenaamiley\",\"https:\/\/www.youtube.com\/channel\/UCR5iB6rvpV6Yr8ZjpQfr5mg?view_as=subscriber\"]}]}<\/script>\n<!-- \/ Yoast SEO Premium plugin. -->","_links":{"self":[{"href":"https:\/\/www.imakeyousmile.se\/es\/wp-json\/wp\/v2\/posts\/36403"}],"collection":[{"href":"https:\/\/www.imakeyousmile.se\/es\/wp-json\/wp\/v2\/posts"}],"about":[{"href":"https:\/\/www.imakeyousmile.se\/es\/wp-json\/wp\/v2\/types\/post"}],"author":[{"embeddable":true,"href":"https:\/\/www.imakeyousmile.se\/es\/wp-json\/wp\/v2\/users\/30"}],"replies":[{"embeddable":true,"href":"https:\/\/www.imakeyousmile.se\/es\/wp-json\/wp\/v2\/comments?post=36403"}],"version-history":[{"count":3,"href":"https:\/\/www.imakeyousmile.se\/es\/wp-json\/wp\/v2\/posts\/36403\/revisions"}],"predecessor-version":[{"id":38093,"href":"https:\/\/www.imakeyousmile.se\/es\/wp-json\/wp\/v2\/posts\/36403\/revisions\/38093"}],"wp:featuredmedia":[{"embeddable":true,"href":"https:\/\/www.imakeyousmile.se\/es\/wp-json\/wp\/v2\/media\/36404"}],"wp:attachment":[{"href":"https:\/\/www.imakeyousmile.se\/es\/wp-json\/wp\/v2\/media?parent=36403"}],"wp:term":[{"taxonomy":"category","embeddable":true,"href":"https:\/\/www.imakeyousmile.se\/es\/wp-json\/wp\/v2\/categories?post=36403"},{"taxonomy":"post_tag","embeddable":true,"href":"https:\/\/www.imakeyousmile.se\/es\/wp-json\/wp\/v2\/tags?post=36403"}],"curies":[{"name":"wp","href":"https:\/\/api.w.org\/{rel}","templated":true}]}}