{"id":3656,"date":"2015-04-06T20:19:37","date_gmt":"2015-04-06T18:19:37","guid":{"rendered":"http:\/\/finest.se\/helenaronnblad\/?p=3656"},"modified":"2015-04-06T20:19:37","modified_gmt":"2015-04-06T18:19:37","slug":"nar-pojkvannen-lanar-ens-filmkamera","status":"publish","type":"post","link":"https:\/\/www.imakeyousmile.se\/es\/nar-pojkvannen-lanar-ens-filmkamera\/","title":{"rendered":"Cuando el novio toma prestada incluso una c\u00e1mara de cine"},"content":{"rendered":"<p>Mientras estaba sentada en la casa de mi madre arreglando mi cabello con canas y recibos y declaraciones, Miska se divirti\u00f3 en casa en el apartamento con mi nueva c\u00e1mara de pel\u00edcula.<\/p>\n<p><em>&quot;Comenc\u00e9 con los dos primeros clips y luego no pude detenerme<\/em>Dijo en su defensa cuando llegu\u00e9 a casa y lo pill\u00e9 en el acto \u00a1jaja!<\/p>\n<div class=\"youtube-embed\" data-video_id=\"gwI6DKBqbLA\"><iframe loading=\"lazy\" title=\"\u00a1Cuando el novio incluso toma prestada una c\u00e1mara!\" width=\"696\" height=\"392\" src=\"https:\/\/www.youtube.com\/embed\/gwI6DKBqbLA?feature=oembed&#038;enablejsapi=1\" frameborder=\"0\" allow=\"accelerometer; autoplay; clipboard-write; encrypted-media; gyroscope; picture-in-picture\" allowfullscreen><\/iframe><\/div>\n<p>Tan celestialmente enfermo \u2665<\/p>","protected":false},"excerpt":{"rendered":"<p>Medan jag satt hemma hos mamma och jobbade mig gr\u00e5h\u00e5rig med kvitton och deklarering, s\u00e5 roade sig Miska hemma i l\u00e4genheten med min nya filmkamera! &#8221;Jag b\u00f6rjade med de tv\u00e5 f\u00f6rsta klippen, och sen kunde jag inte sluta&#8221; sa han till sitt f\u00f6rsvar n\u00e4r jag kom hem och tog honom p\u00e5 bar g\u00e4rning haha! S\u00e5 [&hellip;]<\/p>\n","protected":false},"author":30,"featured_media":0,"comment_status":"open","ping_status":"open","sticky":false,"template":"","format":"standard","meta":{"footnotes":""},"categories":[3],"tags":[],"class_list":["post-3656","post","type-post","status-publish","format-standard","hentry","category-allmant"],"yoast_head":"<!-- This site is optimized with the Yoast SEO Premium plugin v14.9 - https:\/\/yoast.com\/wordpress\/plugins\/seo\/ -->\n<meta name=\"description\" content=\"N\u00e4r pojkv\u00e4nnen l\u00e5nar ens filmkamera | Helena Amiley - H\u00e4r hittar du senaste infromation om sk\u00f6nhet, livsstil, entrepren\u00f6rskap, makeup &amp; tips.\" \/>\n<meta name=\"robots\" content=\"index, follow, max-snippet:-1, max-image-preview:large, max-video-preview:-1\" \/>\n<link rel=\"canonical\" href=\"https:\/\/www.imakeyousmile.se\/es\/nar-pojkvannen-lanar-ens-filmkamera\/\" \/>\n<meta property=\"og:locale\" content=\"es_ES\" \/>\n<meta property=\"og:type\" content=\"article\" \/>\n<meta property=\"og:title\" content=\"N\u00e4r pojkv\u00e4nnen l\u00e5nar ens filmkamera | Imakeyousmile.se\" \/>\n<meta property=\"og:description\" content=\"N\u00e4r pojkv\u00e4nnen l\u00e5nar ens filmkamera | Helena Amiley - H\u00e4r hittar du senaste infromation om sk\u00f6nhet, livsstil, entrepren\u00f6rskap, makeup &amp; tips.\" \/>\n<meta property=\"og:url\" content=\"https:\/\/www.imakeyousmile.se\/es\/nar-pojkvannen-lanar-ens-filmkamera\/\" \/>\n<meta property=\"og:site_name\" content=\"Imakeyousmile.se\" \/>\n<meta property=\"article:author\" content=\"https:\/\/www.facebook.com\/imakeyousmile.se\" \/>\n<meta property=\"article:published_time\" content=\"2015-04-06T18:19:37+00:00\" \/>\n<meta name=\"twitter:card\" content=\"summary_large_image\" \/>\n<script type=\"application\/ld+json\" class=\"yoast-schema-graph\">{\"@context\":\"https:\/\/schema.org\",\"@graph\":[{\"@type\":\"Organization\",\"@id\":\"https:\/\/www.imakeyousmile.se\/es\/#organization\",\"name\":\"Imakeyousmile\",\"url\":\"https:\/\/www.imakeyousmile.se\/es\/\",\"sameAs\":[],\"logo\":{\"@type\":\"ImageObject\",\"@id\":\"https:\/\/www.imakeyousmile.se\/es\/#logo\",\"inLanguage\":\"es\",\"url\":\"https:\/\/www.imakeyousmile.se\/wp-content\/uploads\/2020\/10\/HELENA-AMILEY_SVART-1-e1603367975324.png\",\"width\":280,\"height\":93,\"caption\":\"Imakeyousmile\"},\"image\":{\"@id\":\"https:\/\/www.imakeyousmile.se\/es\/#logo\"}},{\"@type\":\"WebSite\",\"@id\":\"https:\/\/www.imakeyousmile.se\/es\/#website\",\"url\":\"https:\/\/www.imakeyousmile.se\/es\/\",\"name\":\"Imakeyousmile.se\",\"description\":\"Helena Amiley - Beauty, Entrepreneur, Lifestyle\",\"publisher\":{\"@id\":\"https:\/\/www.imakeyousmile.se\/es\/#organization\"},\"potentialAction\":[{\"@type\":\"SearchAction\",\"target\":\"https:\/\/www.imakeyousmile.se\/es\/?s={search_term_string}\",\"query-input\":\"required name=search_term_string\"}],\"inLanguage\":\"es\"},{\"@type\":\"WebPage\",\"@id\":\"https:\/\/www.imakeyousmile.se\/nar-pojkvannen-lanar-ens-filmkamera\/#webpage\",\"url\":\"https:\/\/www.imakeyousmile.se\/nar-pojkvannen-lanar-ens-filmkamera\/\",\"name\":\"N\\u00e4r pojkv\\u00e4nnen l\\u00e5nar ens filmkamera | Imakeyousmile.se\",\"isPartOf\":{\"@id\":\"https:\/\/www.imakeyousmile.se\/es\/#website\"},\"datePublished\":\"2015-04-06T18:19:37+00:00\",\"dateModified\":\"2015-04-06T18:19:37+00:00\",\"description\":\"N\\u00e4r pojkv\\u00e4nnen l\\u00e5nar ens filmkamera | Helena Amiley - H\\u00e4r hittar du senaste infromation om sk\\u00f6nhet, livsstil, entrepren\\u00f6rskap, makeup & tips.\",\"inLanguage\":\"es\",\"potentialAction\":[{\"@type\":\"ReadAction\",\"target\":[\"https:\/\/www.imakeyousmile.se\/nar-pojkvannen-lanar-ens-filmkamera\/\"]}]},{\"@type\":\"Article\",\"@id\":\"https:\/\/www.imakeyousmile.se\/nar-pojkvannen-lanar-ens-filmkamera\/#article\",\"isPartOf\":{\"@id\":\"https:\/\/www.imakeyousmile.se\/nar-pojkvannen-lanar-ens-filmkamera\/#webpage\"},\"author\":{\"@id\":\"https:\/\/www.imakeyousmile.se\/es\/#\/schema\/person\/b0fd43b1c6bb1c60cfd68bff9b4a10fb\"},\"headline\":\"N\\u00e4r pojkv\\u00e4nnen l\\u00e5nar ens filmkamera\",\"datePublished\":\"2015-04-06T18:19:37+00:00\",\"dateModified\":\"2015-04-06T18:19:37+00:00\",\"mainEntityOfPage\":{\"@id\":\"https:\/\/www.imakeyousmile.se\/nar-pojkvannen-lanar-ens-filmkamera\/#webpage\"},\"commentCount\":8,\"publisher\":{\"@id\":\"https:\/\/www.imakeyousmile.se\/es\/#organization\"},\"articleSection\":\"\\u00d6vrigt\",\"inLanguage\":\"es\",\"potentialAction\":[{\"@type\":\"CommentAction\",\"name\":\"Comment\",\"target\":[\"https:\/\/www.imakeyousmile.se\/nar-pojkvannen-lanar-ens-filmkamera\/#respond\"]}]},{\"@type\":\"Person\",\"@id\":\"https:\/\/www.imakeyousmile.se\/es\/#\/schema\/person\/b0fd43b1c6bb1c60cfd68bff9b4a10fb\",\"name\":\"Helena Amiley\",\"image\":{\"@type\":\"ImageObject\",\"@id\":\"https:\/\/www.imakeyousmile.se\/es\/#personlogo\",\"inLanguage\":\"es\",\"url\":\"https:\/\/secure.gravatar.com\/avatar\/5645558e1e355457a23368d7e1b4c904?s=96&d=mm&r=g\",\"caption\":\"Helena Amiley\"},\"description\":\"Jag skriver mest om sk\\u00f6nhet men bjuder \\u00e4ven p\\u00e5 glimtar fr\\u00e5n entrepren\\u00f6rlivet och bygget av v\\u00e5r egen camper van. Vanlife here we come!\",\"sameAs\":[\"https:\/\/www.facebook.com\/imakeyousmile.se\",\"https:\/\/www.instagram.com\/helenaamiley\",\"https:\/\/www.youtube.com\/channel\/UCR5iB6rvpV6Yr8ZjpQfr5mg?view_as=subscriber\"]}]}<\/script>\n<!-- \/ Yoast SEO Premium plugin. -->","_links":{"self":[{"href":"https:\/\/www.imakeyousmile.se\/es\/wp-json\/wp\/v2\/posts\/3656"}],"collection":[{"href":"https:\/\/www.imakeyousmile.se\/es\/wp-json\/wp\/v2\/posts"}],"about":[{"href":"https:\/\/www.imakeyousmile.se\/es\/wp-json\/wp\/v2\/types\/post"}],"author":[{"embeddable":true,"href":"https:\/\/www.imakeyousmile.se\/es\/wp-json\/wp\/v2\/users\/30"}],"replies":[{"embeddable":true,"href":"https:\/\/www.imakeyousmile.se\/es\/wp-json\/wp\/v2\/comments?post=3656"}],"version-history":[{"count":0,"href":"https:\/\/www.imakeyousmile.se\/es\/wp-json\/wp\/v2\/posts\/3656\/revisions"}],"wp:attachment":[{"href":"https:\/\/www.imakeyousmile.se\/es\/wp-json\/wp\/v2\/media?parent=3656"}],"wp:term":[{"taxonomy":"category","embeddable":true,"href":"https:\/\/www.imakeyousmile.se\/es\/wp-json\/wp\/v2\/categories?post=3656"},{"taxonomy":"post_tag","embeddable":true,"href":"https:\/\/www.imakeyousmile.se\/es\/wp-json\/wp\/v2\/tags?post=3656"}],"curies":[{"name":"wp","href":"https:\/\/api.w.org\/{rel}","templated":true}]}}