{"id":36651,"date":"2020-03-27T05:00:01","date_gmt":"2020-03-27T04:00:01","guid":{"rendered":"http:\/\/www.imakeyousmile.se\/?p=36651"},"modified":"2021-09-20T09:19:31","modified_gmt":"2021-09-20T07:19:31","slug":"skarp-eyeliner-paese-penliner-med-duo-udd","status":"publish","type":"post","link":"https:\/\/www.imakeyousmile.se\/es\/delineador-de-ojos-paese-penliner-med-duo-udd\/","title":{"rendered":"Delineador de ojos afilado - Paese Penliner con capa d\u00fao"},"content":{"rendered":"<p>Hoy pens\u00e9 en mostrarte un delineador de ojos afilado <a href=\"https:\/\/creativemakeup.se\/butik\/marken\/paese\/paese-penliner\/\">Paese Penliner<\/a>\u00a0y cu\u00e9ntenos m\u00e1s sobre c\u00f3mo funciona y c\u00f3mo usarlo m\u00e1s f\u00e1cilmente.<\/p>\n<p>A menudo hago delineador de ojos con delineador de ojos en crema o sombra negra con un pincel humedecido porque creo que es r\u00e1pido y f\u00e1cil, \u00a1pero nunca es tan afilado como un delineador de ojos l\u00edquido!<\/p>\n<p><img loading=\"lazy\" decoding=\"async\" class=\"alignnone wp-image-36660 size-full\" src=\"https:\/\/www.imakeyousmile.se\/wp-content\/uploads\/2020\/03\/IMG_4703_111.jpg\" alt=\"delineador de ojos afilado\" width=\"2400\" height=\"2050\" srcset=\"https:\/\/www.imakeyousmile.se\/wp-content\/uploads\/2020\/03\/IMG_4703_111.jpg 2400w, https:\/\/www.imakeyousmile.se\/wp-content\/uploads\/2020\/03\/IMG_4703_111-300x256.jpg 300w, https:\/\/www.imakeyousmile.se\/wp-content\/uploads\/2020\/03\/IMG_4703_111-768x656.jpg 768w, https:\/\/www.imakeyousmile.se\/wp-content\/uploads\/2020\/03\/IMG_4703_111-1024x875.jpg 1024w, https:\/\/www.imakeyousmile.se\/wp-content\/uploads\/2020\/03\/IMG_4703_111-696x595.jpg 696w, https:\/\/www.imakeyousmile.se\/wp-content\/uploads\/2020\/03\/IMG_4703_111-1068x912.jpg 1068w, https:\/\/www.imakeyousmile.se\/wp-content\/uploads\/2020\/03\/IMG_4703_111-492x420.jpg 492w\" sizes=\"(max-width: 2400px) 100vw, 2400px\" \/><\/p>\n<h4><strong>BASE:<\/strong><\/h4>\n<p><strong>Prebase facial - <\/strong><a href=\"https:\/\/ion.lyko.com\/t\/t?a=1117786221&amp;as=1548102449&amp;t=2&amp;tk=1&amp;epi=search-replace-tintedprimer&amp;url=https:\/\/lyko.com\/sv\/glo-skin-beauty\/glominerals-tinted-primer-spf30-medium\">prebase con color glo Skin Beauty<\/a> (Medio)<br \/>\n<strong>Corrector -<\/strong> <a href=\"https:\/\/ion.lyko.com\/t\/t?a=1117786221&amp;as=1548102449&amp;t=2&amp;tk=1&amp;epi=search-replace-glo-undereye&amp;url=https:\/\/lyko.com\/sv\/glo-skin-beauty\/glominerals-under-eye-concealer-beige\/\">Corrector de ojos glo Skin Beauty<\/a> (Dorado)<br \/>\n<strong>Polvo que neutraliza las rojeces <\/strong>- <a href=\"https:\/\/ion.lyko.com\/t\/t?a=1117786221&amp;as=1548102449&amp;t=2&amp;tk=1&amp;epi=search-replace-rednessrelief&amp;url=https:\/\/lyko.com\/sv\/glo-skin-beauty\/glo-skin-bea-rednessrelief-powder\/\">glo Skin Beauty Polvo para aliviar el enrojecimiento<\/a><br \/>\n<strong>Polvo -<\/strong> <a href=\"https:\/\/creativemakeup.se\/butik\/smink\/paese-bamboo-silk-powder\/\">Polvo de seda de bamb\u00fa Paese<\/a><strong><br \/>\n<\/strong><strong>Contorneado - <\/strong><a href=\"https:\/\/ion.lyko.com\/t\/t?a=1117786221&#038;as=1548102449&#038;t=2&#038;tk=1&#038;epi=serach-replace-contouringpaletteXX&#038;url=https:\/\/lyko.com\/sv\/sok?q=contouring+palette\">Paleta de contorno<\/a> (2)<a href=\"https:\/\/ion.lyko.com\/t\/t?a=1117786221&amp;as=1548102449&amp;t=2&amp;tk=1&amp;epi=search-replace-pixipalette&amp;url=https:\/\/lyko.com\/sv\/sok?q=pixi+palette\"><br \/>\n<\/a><strong>Colorete - <\/strong><a href=\"https:\/\/ion.lyko.com\/t\/t?a=1117786221&#038;as=1548102449&#038;t=2&#038;tk=1&#038;epi=serach-replace-blushrougeXX&#038;url=https:\/\/lyko.com\/sv\/sok?q=blush+rouge\">Colorete en polvo Paese<\/a> (57)<br \/>\n<strong>Niebla reparadora -<\/strong> <a href=\"https:\/\/ion.lyko.com\/t\/t?a=1117786221&amp;as=1548102449&amp;t=2&amp;tk=1&amp;epi=search-replace-fixingmist&amp;url=https:\/\/lyko.com\/sv\/pixi\/pixi-makeup-fixing-mist\">Bruma fijadora de maquillaje Pixi<\/a><br \/>\n<strong>Pecas -\u00a0<\/strong><a href=\"https:\/\/ion.jordklok.se\/t\/t?a=1236848151&amp;as=1548102449&amp;t=2&amp;tk=1&amp;epi=search-replace-benecosbrowpen&amp;url=https:\/\/www.jordklok.se\/sv\/articles\/2.83.3593\/benecos-natural-eyebrow-designer-105-g?q=Benecos%20Natural%20Eyebrow%20Designer,%201,05%20g\">Benecos Eyebrow Designer\u00a0<\/a>(Marr\u00f3n suave)<\/p>\n<p><strong>Brynpenna -<\/strong> <a href=\"https:\/\/ion.jordklok.se\/t\/t?a=1236848151&amp;as=1548102449&amp;t=2&amp;tk=1&amp;epi=search-replace-benecosbrowpen&amp;url=https:\/\/www.jordklok.se\/sv\/articles\/2.83.3593\/benecos-natural-eyebrow-designer-105-g?q=Benecos%20Natural%20Eyebrow%20Designer,%201,05%20g\">Benecos Eyebrow Designer\u00a0<\/a>(Marr\u00f3n)<br \/>\n<b>Bryngel (+ cari\u00f1oso) -<\/b> <a href=\"https:\/\/ion.lyko.com\/t\/t?a=1117786221&amp;as=1548102449&amp;t=2&amp;tk=1&amp;epi=search-replace-refectocilgel&amp;url=https:\/\/lyko.com\/sv\/refectocil\/refectocil-stylinggel\">Gel de peinado Refectocil<\/a><\/p>\n<p><strong>Barra de labios -<\/strong>\u00a0<a href=\"https:\/\/creativemakeup.se\/butik\/marken\/paese\/paese-lipstick\/\">Barra de labios Paese Argan Oil<\/a> (33)<\/p>\n<h4>\u00bfQu\u00e9 delineador de ojos l\u00edquido es mejor?<\/h4>\n<p>Lo que le gusta usar para un delineador de ojos afilado es el sabor 100%, pero mucha gente piensa que un rotulador (es decir, como un rotulador) es la m\u00e1s simple de todas las variantes l\u00edquidas.<\/p>\n<p>Un rotulador puede ser m\u00e1s ligero porque hay un poco menos delineador de ojos por trazo en comparaci\u00f3n con si tiene un pincel que est\u00e1 completamente empapado en delineador de ojos, entonces se requiere m\u00e1s precisi\u00f3n. Pero con un rotulador, puede construir un delineador de ojos afilado poco a poco.<\/p>\n<p>Lo que creo que es casi m\u00e1s importante con un delineador de ojos l\u00edquido y que tampoco es del todo f\u00e1cil de encontrar, \u00a1es un delineador de ojos con una larga vida \u00fatil! Muchos son resistentes al agua, pero a\u00fan se decoloran en el p\u00e1rpado cuando la piel se vuelve un poco grasa durante el d\u00eda. Pero <a href=\"https:\/\/creativemakeup.se\/butik\/marken\/paese\/paese-penliner\/\">Paese Penliner<\/a> que te mostrar\u00e9 hoy es genial, impermeable y resistente al roce.<img loading=\"lazy\" decoding=\"async\" class=\"alignnone wp-image-36652 size-large\" src=\"https:\/\/www.imakeyousmile.se\/wp-content\/uploads\/2020\/03\/IMG_6606_111-1024x710.jpg\" alt=\"producto delineador de ojos afilado\" width=\"696\" height=\"483\" srcset=\"https:\/\/www.imakeyousmile.se\/wp-content\/uploads\/2020\/03\/IMG_6606_111-1024x710.jpg 1024w, https:\/\/www.imakeyousmile.se\/wp-content\/uploads\/2020\/03\/IMG_6606_111-300x208.jpg 300w, https:\/\/www.imakeyousmile.se\/wp-content\/uploads\/2020\/03\/IMG_6606_111-768x533.jpg 768w, https:\/\/www.imakeyousmile.se\/wp-content\/uploads\/2020\/03\/IMG_6606_111-100x70.jpg 100w, https:\/\/www.imakeyousmile.se\/wp-content\/uploads\/2020\/03\/IMG_6606_111-218x150.jpg 218w, https:\/\/www.imakeyousmile.se\/wp-content\/uploads\/2020\/03\/IMG_6606_111-696x483.jpg 696w, https:\/\/www.imakeyousmile.se\/wp-content\/uploads\/2020\/03\/IMG_6606_111-1068x741.jpg 1068w, https:\/\/www.imakeyousmile.se\/wp-content\/uploads\/2020\/03\/IMG_6606_111-606x420.jpg 606w\" sizes=\"(max-width: 696px) 100vw, 696px\" \/><\/p>\n<h4>\u00bfQu\u00e9 es Paese Penliner?<\/h4>\n<p>Un rotulador es una capa larga empapada en delineador de ojos. Algunas personas piensan que el eje est\u00e1 lleno de l\u00edquido, pero este no es el caso.<\/p>\n<p>Cuando los almacenamos, los almacenamos tirados para una vida \u00fatil m\u00e1s larga. Nunca debe guardar la pluma con la capa hacia arriba porque entonces la punta puede secarse a medida que el l\u00edquido fluye hacia abajo. Pero mantengo mi bol\u00edgrafo abierto en casa de pie con la tapa hacia abajo entre usos.<\/p>\n<p>El delineador de ojos contiene glicerina que hidrata la piel y D-Pantenol que calma e hidrata la piel, tiene un efecto antiinflamatorio ya que inhibe el crecimiento de bacterias. Tambi\u00e9n puede ayudar con la picaz\u00f3n. Adem\u00e1s de aloe vera, aceite de girasol y vitamina E.<\/p>\n<p><a href=\"https:\/\/creativemakeup.se\/butik\/marken\/paese\/paese-penliner\/\">Paese Penliner<\/a> tengo duo-cape que me tom\u00f3 varios a\u00f1os descubrir lo que significa jaja. De modo que cuando el bol\u00edgrafo empiece a agotarse o si se ha desgastado un poco, puede agarrar suavemente la punta, sacarlo del bol\u00edgrafo y darle la vuelta. Entonces obtienes una nueva y bonita capa de nuevo :) \u00a1Como dos l\u00e1pices en uno!<\/p>\n<p><img loading=\"lazy\" decoding=\"async\" class=\"alignnone size-large wp-image-36653\" src=\"http:\/\/www.imakeyousmile.se\/wp-content\/uploads\/2020\/03\/IMG_6612_111-1024x902.png\" alt=\"\" width=\"696\" height=\"613\" srcset=\"https:\/\/www.imakeyousmile.se\/wp-content\/uploads\/2020\/03\/IMG_6612_111-1024x902.png 1024w, https:\/\/www.imakeyousmile.se\/wp-content\/uploads\/2020\/03\/IMG_6612_111-300x264.png 300w, https:\/\/www.imakeyousmile.se\/wp-content\/uploads\/2020\/03\/IMG_6612_111-768x676.png 768w, https:\/\/www.imakeyousmile.se\/wp-content\/uploads\/2020\/03\/IMG_6612_111-696x613.png 696w, https:\/\/www.imakeyousmile.se\/wp-content\/uploads\/2020\/03\/IMG_6612_111-1068x941.png 1068w, https:\/\/www.imakeyousmile.se\/wp-content\/uploads\/2020\/03\/IMG_6612_111-477x420.png 477w\" sizes=\"(max-width: 696px) 100vw, 696px\" \/><\/p>\n<p>As\u00ed que aqu\u00ed est\u00e1, la capa empapada.<\/p>\n<p>Parece que obtienes un peque\u00f1o delineador de ojos por el dinero, \u00a1pero es suficiente para muchos usos!<\/p>\n<p>Luego, depende de la cantidad de delineador de ojos que quieras, esto est\u00e1 dirigido principalmente a personas que hacen una l\u00ednea a lo largo de la l\u00ednea de las pesta\u00f1as y posiblemente un ala peque\u00f1a del delineador de ojos. Las personas que hacen diariamente un delineador de ojos ancho y afilado con un ala grande prefieren otro tipo de delineador de ojos en el que se obtiene mucha crema de una vez.<\/p>\n<p><img loading=\"lazy\" decoding=\"async\" class=\"alignnone wp-image-36662 size-full\" src=\"https:\/\/www.imakeyousmile.se\/wp-content\/uploads\/2020\/03\/eyelinertwwwo111.jpg\" alt=\"ojos afilados delineador de ojos\" width=\"2400\" height=\"1326\" srcset=\"https:\/\/www.imakeyousmile.se\/wp-content\/uploads\/2020\/03\/eyelinertwwwo111.jpg 2400w, https:\/\/www.imakeyousmile.se\/wp-content\/uploads\/2020\/03\/eyelinertwwwo111-300x166.jpg 300w, https:\/\/www.imakeyousmile.se\/wp-content\/uploads\/2020\/03\/eyelinertwwwo111-768x424.jpg 768w, https:\/\/www.imakeyousmile.se\/wp-content\/uploads\/2020\/03\/eyelinertwwwo111-1024x566.jpg 1024w, https:\/\/www.imakeyousmile.se\/wp-content\/uploads\/2020\/03\/eyelinertwwwo111-696x385.jpg 696w, https:\/\/www.imakeyousmile.se\/wp-content\/uploads\/2020\/03\/eyelinertwwwo111-1068x590.jpg 1068w, https:\/\/www.imakeyousmile.se\/wp-content\/uploads\/2020\/03\/eyelinertwwwo111-760x420.jpg 760w\" sizes=\"(max-width: 2400px) 100vw, 2400px\" \/><\/p>\n<p><a href=\"https:\/\/creativemakeup.se\/butik\/marken\/paese\/paese-penliner\/\">Paese Penliner<\/a> es de tono mate y aqu\u00ed tambi\u00e9n he hecho un ala delineador de ojos afilado para mostrarte c\u00f3mo quedar\u00e1 :)<\/p>\n<p><img loading=\"lazy\" decoding=\"async\" class=\"alignnone wp-image-36663 size-full\" src=\"https:\/\/www.imakeyousmile.se\/wp-content\/uploads\/2020\/03\/eyelineeertutorial_111.jpg\" alt=\"delineador de ojos afilado paso a paso\" width=\"2400\" height=\"671\" srcset=\"https:\/\/www.imakeyousmile.se\/wp-content\/uploads\/2020\/03\/eyelineeertutorial_111.jpg 2400w, https:\/\/www.imakeyousmile.se\/wp-content\/uploads\/2020\/03\/eyelineeertutorial_111-300x84.jpg 300w, https:\/\/www.imakeyousmile.se\/wp-content\/uploads\/2020\/03\/eyelineeertutorial_111-768x215.jpg 768w, https:\/\/www.imakeyousmile.se\/wp-content\/uploads\/2020\/03\/eyelineeertutorial_111-1024x286.jpg 1024w, https:\/\/www.imakeyousmile.se\/wp-content\/uploads\/2020\/03\/eyelineeertutorial_111-696x195.jpg 696w, https:\/\/www.imakeyousmile.se\/wp-content\/uploads\/2020\/03\/eyelineeertutorial_111-1068x299.jpg 1068w, https:\/\/www.imakeyousmile.se\/wp-content\/uploads\/2020\/03\/eyelineeertutorial_111-1502x420.jpg 1502w\" sizes=\"(max-width: 2400px) 100vw, 2400px\" \/><\/p>\n<h4><strong>OJOS:<\/strong><\/h4>\n<p>Este delineador de ojos se llama como dije <a href=\"https:\/\/creativemakeup.se\/butik\/marken\/paese\/paese-penliner\/\">Paese Penliner<\/a>.<\/p>\n<ol>\n<li>Pinta el delineador de ojos a lo largo de la l\u00ednea de las pesta\u00f1as lo m\u00e1s cerca posible de tus propias pesta\u00f1as. Hago m\u00e1s delgado en el borde interior y gradualmente un poco m\u00e1s ancho desde el medio hacia afuera<\/li>\n<li>Pinta delineador de ojos. Este paso puede ser una publicaci\u00f3n separada en s\u00ed misma, pero mis consejos m\u00e1s simples son 1. pintar aproximadamente en la misma pendiente que la l\u00ednea inferior de las pesta\u00f1as y 2. atar con el otro delineador de ojos con un <strong>suave<\/strong> l\u00ednea.<\/li>\n<li>R\u00edmel negro en las pesta\u00f1as superiores, <a href=\"https:\/\/creativemakeup.se\/butik\/smink\/santhilea-magnetic-lash\/\">M\u00e1scara de pesta\u00f1as magn\u00e9ticas<\/a><\/li>\n<\/ol>\n<p>\u00a1Claro!<\/p>\n<p>Mi l\u00ednea de flotaci\u00f3n est\u00e1 tatuada con luz. Entonces, exactamente para los mismos ojos, puede complementar con <a href=\"https:\/\/ion.lyko.com\/t\/t?a=1117786221&amp;as=1548102449&amp;t=2&amp;tk=1&amp;epi=search-replace-glopeach&amp;url=https:\/\/lyko.com\/sv\/glo-skin-beauty\/glominerals-precision-eye-pencil-peach\">l\u00e1piz de ojos glo Skin Beauty<\/a> (Peach) tambi\u00e9n. O tatuarme en mi sal\u00f3n en Uppsala;)<\/p>\n<p><img loading=\"lazy\" decoding=\"async\" class=\"alignnone wp-image-36664 size-full\" src=\"https:\/\/www.imakeyousmile.se\/wp-content\/uploads\/2020\/03\/IMG_4795_111.jpg\" alt=\"delineador de ojos afilado con labios\" width=\"2400\" height=\"2162\" srcset=\"https:\/\/www.imakeyousmile.se\/wp-content\/uploads\/2020\/03\/IMG_4795_111.jpg 2400w, https:\/\/www.imakeyousmile.se\/wp-content\/uploads\/2020\/03\/IMG_4795_111-300x270.jpg 300w, https:\/\/www.imakeyousmile.se\/wp-content\/uploads\/2020\/03\/IMG_4795_111-768x692.jpg 768w, https:\/\/www.imakeyousmile.se\/wp-content\/uploads\/2020\/03\/IMG_4795_111-1024x922.jpg 1024w, https:\/\/www.imakeyousmile.se\/wp-content\/uploads\/2020\/03\/IMG_4795_111-696x627.jpg 696w, https:\/\/www.imakeyousmile.se\/wp-content\/uploads\/2020\/03\/IMG_4795_111-1068x962.jpg 1068w, https:\/\/www.imakeyousmile.se\/wp-content\/uploads\/2020\/03\/IMG_4795_111-466x420.jpg 466w\" sizes=\"(max-width: 2400px) 100vw, 2400px\" \/> <img loading=\"lazy\" decoding=\"async\" class=\"alignnone size-full wp-image-36665\" src=\"http:\/\/www.imakeyousmile.se\/wp-content\/uploads\/2020\/03\/IMG_4823_111.jpg\" alt=\"\" width=\"2400\" height=\"2582\" srcset=\"https:\/\/www.imakeyousmile.se\/wp-content\/uploads\/2020\/03\/IMG_4823_111.jpg 2400w, https:\/\/www.imakeyousmile.se\/wp-content\/uploads\/2020\/03\/IMG_4823_111-279x300.jpg 279w, https:\/\/www.imakeyousmile.se\/wp-content\/uploads\/2020\/03\/IMG_4823_111-768x826.jpg 768w, https:\/\/www.imakeyousmile.se\/wp-content\/uploads\/2020\/03\/IMG_4823_111-952x1024.jpg 952w, https:\/\/www.imakeyousmile.se\/wp-content\/uploads\/2020\/03\/IMG_4823_111-696x749.jpg 696w, https:\/\/www.imakeyousmile.se\/wp-content\/uploads\/2020\/03\/IMG_4823_111-1068x1149.jpg 1068w, https:\/\/www.imakeyousmile.se\/wp-content\/uploads\/2020\/03\/IMG_4823_111-390x420.jpg 390w\" sizes=\"(max-width: 2400px) 100vw, 2400px\" \/> <img loading=\"lazy\" decoding=\"async\" class=\"alignnone size-full wp-image-36666\" src=\"http:\/\/www.imakeyousmile.se\/wp-content\/uploads\/2020\/03\/IMG_4835_111.jpg\" alt=\"\" width=\"2400\" height=\"2263\" srcset=\"https:\/\/www.imakeyousmile.se\/wp-content\/uploads\/2020\/03\/IMG_4835_111.jpg 2400w, https:\/\/www.imakeyousmile.se\/wp-content\/uploads\/2020\/03\/IMG_4835_111-300x283.jpg 300w, https:\/\/www.imakeyousmile.se\/wp-content\/uploads\/2020\/03\/IMG_4835_111-768x724.jpg 768w, https:\/\/www.imakeyousmile.se\/wp-content\/uploads\/2020\/03\/IMG_4835_111-1024x966.jpg 1024w, https:\/\/www.imakeyousmile.se\/wp-content\/uploads\/2020\/03\/IMG_4835_111-696x656.jpg 696w, https:\/\/www.imakeyousmile.se\/wp-content\/uploads\/2020\/03\/IMG_4835_111-1068x1007.jpg 1068w, https:\/\/www.imakeyousmile.se\/wp-content\/uploads\/2020\/03\/IMG_4835_111-445x420.jpg 445w\" sizes=\"(max-width: 2400px) 100vw, 2400px\" \/><\/p>\n<p>\u00a1Espero que la publicaci\u00f3n haya sido \u00fatil!<\/p>\n<p>Abrazo \u2665<\/p>\n<p>Lea tambi\u00e9n: <a href=\"https:\/\/www.imakeyousmile.se\/es\/eyeliner-utan-vinge-glitter\/\">Delineador de ojos sin ala + purpurina<\/a><\/p>\n<p>&nbsp;<\/p>\n<p>&nbsp;<\/p>","protected":false},"excerpt":{"rendered":"<p>Idag t\u00e4nkte jag visa er en skarp eyeliner med Paese Penliner\u00a0och ber\u00e4tta mer om hur den fungerar och hur du l\u00e4ttast anv\u00e4nder den! Jag g\u00f6r ofta eyeliner med kr\u00e4meyeliner eller svart skugga med fuktad pensel eftersom jag tycker det g\u00e5r snabbt och enkelt, men det blir ju aldrig s\u00e5d\u00e4r knivskarpt som en flytande eyeliner! BAS: [&hellip;]<\/p>\n","protected":false},"author":30,"featured_media":36667,"comment_status":"open","ping_status":"closed","sticky":false,"template":"","format":"standard","meta":{"footnotes":""},"categories":[2827,59,2623,3919],"tags":[4045,4815,1985,4869,509,3953,6307,6703,6230,6698,2748,1865,56,5219,2581,3974,5286,2573,3224,4380,4315,6743,6769,433,5202,54,72,52,407,6843,3810],"class_list":{"0":"post-36651","1":"post","2":"type-post","3":"status-publish","4":"format-standard","5":"has-post-thumbnail","6":"hentry","7":"category-vardagssminkningar","8":"category-recensioner-produkttips","9":"category-sminkningar","10":"category-sminktips","11":"tag-beauty-blog","13":"tag-creative-makeup","14":"tag-everyday-makeup","15":"tag-eyeliner","16":"tag-eyeliner-tips","17":"tag-glo-skin-beauty-eye-pencil","18":"tag-glo-skin-beauty-redness-relief-powder","19":"tag-glo-skin-beauty-tinted-primer","20":"tag-glo-skin-beauty-under-eye-concealer","21":"tag-kreativ-sminkning","22":"tag-magnetic-lash-mascara","23":"tag-makeup-blog","24":"tag-makeup-tips","25":"tag-paese-argan-oil-lipstick","26":"tag-paese-bamboo-silk-powder","27":"tag-paese-contouring-palette","28":"tag-paese-penliner","29":"tag-paese-powder-blush","30":"tag-pictorial","31":"tag-pixi-makeup-fixing-mist","32":"tag-produkttips","33":"tag-refectocil-styling-gel","34":"tag-skonhetsblogg","35":"tag-skonhetsskribent","36":"tag-sminkblogg","37":"tag-sminktips","38":"tag-steg-for-steg-2","39":"tag-tutorial","40":"tag-vardagsminkning","41":"tag-winged-eyeliner"},"yoast_head":"<!-- This site is optimized with the Yoast SEO Premium plugin v14.9 - https:\/\/yoast.com\/wordpress\/plugins\/seo\/ -->\n<meta name=\"description\" content=\"Idag t\u00e4nkte jag visa er en skarp eyeliner med Paese Penliner\u00a0och ber\u00e4tta mer om hur den fungerar och hur du l\u00e4ttast anv\u00e4nder den!\" \/>\n<meta name=\"robots\" content=\"index, follow, max-snippet:-1, max-image-preview:large, max-video-preview:-1\" \/>\n<link rel=\"canonical\" href=\"https:\/\/www.imakeyousmile.se\/es\/skarp-eyeliner-paese-penliner-med-duo-udd\/\" \/>\n<meta property=\"og:locale\" content=\"es_ES\" \/>\n<meta property=\"og:type\" content=\"article\" \/>\n<meta property=\"og:title\" content=\"Skarp eyeliner - Paese Penliner med duo-udd | Imakeyousmile.se\" \/>\n<meta property=\"og:description\" content=\"Idag t\u00e4nkte jag visa er en skarp eyeliner med Paese Penliner\u00a0och ber\u00e4tta mer om hur den fungerar och hur du l\u00e4ttast anv\u00e4nder den!\" \/>\n<meta property=\"og:url\" content=\"https:\/\/www.imakeyousmile.se\/es\/skarp-eyeliner-paese-penliner-med-duo-udd\/\" \/>\n<meta property=\"og:site_name\" content=\"Imakeyousmile.se\" \/>\n<meta property=\"article:author\" content=\"https:\/\/www.facebook.com\/imakeyousmile.se\" \/>\n<meta property=\"article:published_time\" content=\"2020-03-27T04:00:01+00:00\" \/>\n<meta property=\"article:modified_time\" content=\"2021-09-20T07:19:31+00:00\" \/>\n<meta property=\"og:image\" content=\"https:\/\/www.imakeyousmile.se\/wp-content\/uploads\/2020\/03\/oneeyeliner111.jpg\" \/>\n\t<meta property=\"og:image:width\" content=\"2400\" \/>\n\t<meta property=\"og:image:height\" content=\"1958\" \/>\n<meta name=\"twitter:card\" content=\"summary_large_image\" \/>\n<script type=\"application\/ld+json\" class=\"yoast-schema-graph\">{\"@context\":\"https:\/\/schema.org\",\"@graph\":[{\"@type\":\"Organization\",\"@id\":\"https:\/\/www.imakeyousmile.se\/es\/#organization\",\"name\":\"Imakeyousmile\",\"url\":\"https:\/\/www.imakeyousmile.se\/es\/\",\"sameAs\":[],\"logo\":{\"@type\":\"ImageObject\",\"@id\":\"https:\/\/www.imakeyousmile.se\/es\/#logo\",\"inLanguage\":\"es\",\"url\":\"https:\/\/www.imakeyousmile.se\/wp-content\/uploads\/2020\/10\/HELENA-AMILEY_SVART-1-e1603367975324.png\",\"width\":280,\"height\":93,\"caption\":\"Imakeyousmile\"},\"image\":{\"@id\":\"https:\/\/www.imakeyousmile.se\/es\/#logo\"}},{\"@type\":\"WebSite\",\"@id\":\"https:\/\/www.imakeyousmile.se\/es\/#website\",\"url\":\"https:\/\/www.imakeyousmile.se\/es\/\",\"name\":\"Imakeyousmile.se\",\"description\":\"Helena Amiley - Beauty, Entrepreneur, Lifestyle\",\"publisher\":{\"@id\":\"https:\/\/www.imakeyousmile.se\/es\/#organization\"},\"potentialAction\":[{\"@type\":\"SearchAction\",\"target\":\"https:\/\/www.imakeyousmile.se\/es\/?s={search_term_string}\",\"query-input\":\"required name=search_term_string\"}],\"inLanguage\":\"es\"},{\"@type\":\"ImageObject\",\"@id\":\"https:\/\/www.imakeyousmile.se\/skarp-eyeliner-paese-penliner-med-duo-udd\/#primaryimage\",\"inLanguage\":\"es\",\"url\":\"https:\/\/www.imakeyousmile.se\/wp-content\/uploads\/2020\/03\/oneeyeliner111.jpg\",\"width\":2400,\"height\":1958},{\"@type\":\"WebPage\",\"@id\":\"https:\/\/www.imakeyousmile.se\/skarp-eyeliner-paese-penliner-med-duo-udd\/#webpage\",\"url\":\"https:\/\/www.imakeyousmile.se\/skarp-eyeliner-paese-penliner-med-duo-udd\/\",\"name\":\"Skarp eyeliner - Paese Penliner med duo-udd | Imakeyousmile.se\",\"isPartOf\":{\"@id\":\"https:\/\/www.imakeyousmile.se\/es\/#website\"},\"primaryImageOfPage\":{\"@id\":\"https:\/\/www.imakeyousmile.se\/skarp-eyeliner-paese-penliner-med-duo-udd\/#primaryimage\"},\"datePublished\":\"2020-03-27T04:00:01+00:00\",\"dateModified\":\"2021-09-20T07:19:31+00:00\",\"description\":\"Idag t\\u00e4nkte jag visa er en skarp eyeliner med Paese Penliner\\u00a0och ber\\u00e4tta mer om hur den fungerar och hur du l\\u00e4ttast anv\\u00e4nder den!\",\"inLanguage\":\"es\",\"potentialAction\":[{\"@type\":\"ReadAction\",\"target\":[\"https:\/\/www.imakeyousmile.se\/skarp-eyeliner-paese-penliner-med-duo-udd\/\"]}]},{\"@type\":\"Article\",\"@id\":\"https:\/\/www.imakeyousmile.se\/skarp-eyeliner-paese-penliner-med-duo-udd\/#article\",\"isPartOf\":{\"@id\":\"https:\/\/www.imakeyousmile.se\/skarp-eyeliner-paese-penliner-med-duo-udd\/#webpage\"},\"author\":{\"@id\":\"https:\/\/www.imakeyousmile.se\/es\/#\/schema\/person\/b0fd43b1c6bb1c60cfd68bff9b4a10fb\"},\"headline\":\"Skarp eyeliner &#8211; Paese Penliner med duo-udd\",\"datePublished\":\"2020-03-27T04:00:01+00:00\",\"dateModified\":\"2021-09-20T07:19:31+00:00\",\"mainEntityOfPage\":{\"@id\":\"https:\/\/www.imakeyousmile.se\/skarp-eyeliner-paese-penliner-med-duo-udd\/#webpage\"},\"commentCount\":0,\"publisher\":{\"@id\":\"https:\/\/www.imakeyousmile.se\/es\/#organization\"},\"image\":{\"@id\":\"https:\/\/www.imakeyousmile.se\/skarp-eyeliner-paese-penliner-med-duo-udd\/#primaryimage\"},\"keywords\":\"beauty blog,benecos eyebrow designer,creative makeup,everyday makeup,eyeliner,eyeliner tips,glo skin beauty eye pencil,glo Skin Beauty Redness relief powder,glo skin beauty tinted primer,glo Skin Beauty Under Eye Concealer,kreativ sminkning,magnetic lash mascara,makeup blog,makeup tips,Paese argan oil lipstick,paese bamboo silk powder,paese contouring palette,paese penliner,paese powder blush,pictorial,pixi makeup fixing mist,produkttips,Refectocil Styling Gel,sk\\u00f6nhetsblogg,sk\\u00f6nhetsskribent,sminkblogg,sminktips,steg f\\u00f6r steg,tutorial,vardagsminkning,winged eyeliner\",\"articleSection\":\"Neutrala \/ milda sminkningar,Recensioner &amp; Produkttips,Sminkningar,Sminktips\",\"inLanguage\":\"es\",\"potentialAction\":[{\"@type\":\"CommentAction\",\"name\":\"Comment\",\"target\":[\"https:\/\/www.imakeyousmile.se\/skarp-eyeliner-paese-penliner-med-duo-udd\/#respond\"]}]},{\"@type\":\"Person\",\"@id\":\"https:\/\/www.imakeyousmile.se\/es\/#\/schema\/person\/b0fd43b1c6bb1c60cfd68bff9b4a10fb\",\"name\":\"Helena Amiley\",\"image\":{\"@type\":\"ImageObject\",\"@id\":\"https:\/\/www.imakeyousmile.se\/es\/#personlogo\",\"inLanguage\":\"es\",\"url\":\"https:\/\/secure.gravatar.com\/avatar\/5645558e1e355457a23368d7e1b4c904?s=96&d=mm&r=g\",\"caption\":\"Helena Amiley\"},\"description\":\"Jag skriver mest om sk\\u00f6nhet men bjuder \\u00e4ven p\\u00e5 glimtar fr\\u00e5n entrepren\\u00f6rlivet och bygget av v\\u00e5r egen camper van. Vanlife here we come!\",\"sameAs\":[\"https:\/\/www.facebook.com\/imakeyousmile.se\",\"https:\/\/www.instagram.com\/helenaamiley\",\"https:\/\/www.youtube.com\/channel\/UCR5iB6rvpV6Yr8ZjpQfr5mg?view_as=subscriber\"]}]}<\/script>\n<!-- \/ Yoast SEO Premium plugin. -->","_links":{"self":[{"href":"https:\/\/www.imakeyousmile.se\/es\/wp-json\/wp\/v2\/posts\/36651"}],"collection":[{"href":"https:\/\/www.imakeyousmile.se\/es\/wp-json\/wp\/v2\/posts"}],"about":[{"href":"https:\/\/www.imakeyousmile.se\/es\/wp-json\/wp\/v2\/types\/post"}],"author":[{"embeddable":true,"href":"https:\/\/www.imakeyousmile.se\/es\/wp-json\/wp\/v2\/users\/30"}],"replies":[{"embeddable":true,"href":"https:\/\/www.imakeyousmile.se\/es\/wp-json\/wp\/v2\/comments?post=36651"}],"version-history":[{"count":7,"href":"https:\/\/www.imakeyousmile.se\/es\/wp-json\/wp\/v2\/posts\/36651\/revisions"}],"predecessor-version":[{"id":41044,"href":"https:\/\/www.imakeyousmile.se\/es\/wp-json\/wp\/v2\/posts\/36651\/revisions\/41044"}],"wp:featuredmedia":[{"embeddable":true,"href":"https:\/\/www.imakeyousmile.se\/es\/wp-json\/wp\/v2\/media\/36667"}],"wp:attachment":[{"href":"https:\/\/www.imakeyousmile.se\/es\/wp-json\/wp\/v2\/media?parent=36651"}],"wp:term":[{"taxonomy":"category","embeddable":true,"href":"https:\/\/www.imakeyousmile.se\/es\/wp-json\/wp\/v2\/categories?post=36651"},{"taxonomy":"post_tag","embeddable":true,"href":"https:\/\/www.imakeyousmile.se\/es\/wp-json\/wp\/v2\/tags?post=36651"}],"curies":[{"name":"wp","href":"https:\/\/api.w.org\/{rel}","templated":true}]}}