{"id":36756,"date":"2020-04-19T05:00:19","date_gmt":"2020-04-19T03:00:19","guid":{"rendered":"http:\/\/www.imakeyousmile.se\/?p=36756"},"modified":"2021-09-17T07:05:47","modified_gmt":"2021-09-17T05:05:47","slug":"det-perfekta-rosa-lappstiftet-i-sommar-paese-argan-oil-lipstick","status":"publish","type":"post","link":"https:\/\/www.imakeyousmile.se\/es\/la-barra-de-labios-rosa-perfecta-en-verano-paese-pintalabios-aceite-de-argan\/","title":{"rendered":"La barra de labios rosa perfecta este verano - Paese Argan Oil Lipstick"},"content":{"rendered":"<p>\u00bfEst\u00e1s buscando la barra de labios rosa perfecta este verano? \u00a1Entonces tengo un consejo para ti!<\/p>\n<p>Por cierto, \u00bfextra\u00f1as mis publicaciones dominicales? :) Los he omitido por un tiempo porque trabajo principalmente desde casa, as\u00ed que aunque hago muchas cosas diferentes, no ser\u00e1 un contenido tan interesante ya que b\u00e1sicamente me siento en la misma silla todo el d\u00eda jaja.<\/p>\n<p>El maquillaje de hoy, o &quot;la barra de labios rosa perfecta este verano&quot;, tal vez deber\u00eda decir que es b\u00e1sicamente todo el maquillaje de hoy: c\u00e9ntrate en la barra de labios incre\u00edblemente hermosa en el tono 29 de <a href=\"https:\/\/creativemakeup.se\/butik\/marken\/paese\/paese-lipstick\/\">Barra de labios Paese Argan Oil<\/a>!<\/p>\n<p><img loading=\"lazy\" decoding=\"async\" class=\"alignnone wp-image-36759 size-large\" src=\"https:\/\/www.imakeyousmile.se\/wp-content\/uploads\/2020\/04\/IMG_7526_111-857x1024.jpg\" alt=\"la barra de labios rosa perfecta este verano\" width=\"696\" height=\"832\" srcset=\"https:\/\/www.imakeyousmile.se\/wp-content\/uploads\/2020\/04\/IMG_7526_111-857x1024.jpg 857w, https:\/\/www.imakeyousmile.se\/wp-content\/uploads\/2020\/04\/IMG_7526_111-251x300.jpg 251w, https:\/\/www.imakeyousmile.se\/wp-content\/uploads\/2020\/04\/IMG_7526_111-768x918.jpg 768w, https:\/\/www.imakeyousmile.se\/wp-content\/uploads\/2020\/04\/IMG_7526_111-1286x1536.jpg 1286w, https:\/\/www.imakeyousmile.se\/wp-content\/uploads\/2020\/04\/IMG_7526_111-1714x2048.jpg 1714w, https:\/\/www.imakeyousmile.se\/wp-content\/uploads\/2020\/04\/IMG_7526_111-10x12.jpg 10w, https:\/\/www.imakeyousmile.se\/wp-content\/uploads\/2020\/04\/IMG_7526_111-696x832.jpg 696w, https:\/\/www.imakeyousmile.se\/wp-content\/uploads\/2020\/04\/IMG_7526_111-1068x1276.jpg 1068w, https:\/\/www.imakeyousmile.se\/wp-content\/uploads\/2020\/04\/IMG_7526_111-352x420.jpg 352w, https:\/\/www.imakeyousmile.se\/wp-content\/uploads\/2020\/04\/IMG_7526_111-17x20.jpg 17w\" sizes=\"(max-width: 696px) 100vw, 696px\" \/><\/p>\n<p>Qu\u00e9 veraniego fue esto con mucho bronceador (ahora estoy s\u00faper p\u00e1lido), pecas falsas hechas con un l\u00e1piz de cejas y luego esta barra de labios rosa oscuro junto con esmalte de u\u00f1as del mismo color.<\/p>\n<p>\u00a1MAM\u00c1S! \u00a1\u00a1Atr\u00e9vete al rosa !! :)<\/p>\n<p><img loading=\"lazy\" decoding=\"async\" class=\"alignnone size-large wp-image-36757\" src=\"http:\/\/www.imakeyousmile.se\/wp-content\/uploads\/2020\/04\/IMG_7494_111-927x1024.jpg\" alt=\"\" width=\"696\" height=\"769\" srcset=\"https:\/\/www.imakeyousmile.se\/wp-content\/uploads\/2020\/04\/IMG_7494_111-927x1024.jpg 927w, https:\/\/www.imakeyousmile.se\/wp-content\/uploads\/2020\/04\/IMG_7494_111-271x300.jpg 271w, https:\/\/www.imakeyousmile.se\/wp-content\/uploads\/2020\/04\/IMG_7494_111-768x849.jpg 768w, https:\/\/www.imakeyousmile.se\/wp-content\/uploads\/2020\/04\/IMG_7494_111-1390x1536.jpg 1390w, https:\/\/www.imakeyousmile.se\/wp-content\/uploads\/2020\/04\/IMG_7494_111-1853x2048.jpg 1853w, https:\/\/www.imakeyousmile.se\/wp-content\/uploads\/2020\/04\/IMG_7494_111-11x12.jpg 11w, https:\/\/www.imakeyousmile.se\/wp-content\/uploads\/2020\/04\/IMG_7494_111-696x769.jpg 696w, https:\/\/www.imakeyousmile.se\/wp-content\/uploads\/2020\/04\/IMG_7494_111-1068x1180.jpg 1068w, https:\/\/www.imakeyousmile.se\/wp-content\/uploads\/2020\/04\/IMG_7494_111-380x420.jpg 380w, https:\/\/www.imakeyousmile.se\/wp-content\/uploads\/2020\/04\/IMG_7494_111-18x20.jpg 18w\" sizes=\"(max-width: 696px) 100vw, 696px\" \/><\/p>\n<h4><strong>PRODUCTOS:<\/strong><\/h4>\n<p><strong>Prebase facial - <\/strong><a href=\"https:\/\/ion.lyko.com\/t\/t?a=1117786221&amp;as=1548102449&amp;t=2&amp;tk=1&amp;epi=search-replace-tintedprimer&amp;url=https:\/\/lyko.com\/sv\/glo-skin-beauty\/glominerals-tinted-primer-spf30-medium\">prebase con color glo Skin Beauty<\/a> (Medio)<br \/>\n<strong>Corrector -<\/strong> <a href=\"https:\/\/ion.lyko.com\/t\/t?a=1117786221&amp;as=1548102449&amp;t=2&amp;tk=1&amp;epi=search-replace-glo-undereye&amp;url=https:\/\/lyko.com\/sv\/glo-skin-beauty\/glominerals-under-eye-concealer-beige\/\">Corrector de ojos glo Skin Beauty<\/a> (Dorado)<br \/>\n<strong>Polvo que neutraliza las rojeces <\/strong>- <a href=\"https:\/\/ion.lyko.com\/t\/t?a=1117786221&amp;as=1548102449&amp;t=2&amp;tk=1&amp;epi=search-replace-rednessrelief&amp;url=https:\/\/lyko.com\/sv\/glo-skin-beauty\/glo-skin-bea-rednessrelief-powder\/\">glo Skin Beauty Polvo para aliviar el enrojecimiento<\/a><br \/>\n<strong>Polvo -<\/strong> <a href=\"https:\/\/creativemakeup.se\/butik\/smink\/paese-bamboo-silk-powder\/\">Polvo de seda de bamb\u00fa Paese<\/a><strong><br \/>\n<\/strong><strong>Contorneado - <\/strong><a href=\"https:\/\/ion.lyko.com\/t\/t?a=1117786221&#038;as=1548102449&#038;t=2&#038;tk=1&#038;epi=serach-replace-contouringpaletteXX&#038;url=https:\/\/lyko.com\/sv\/sok?q=contouring+palette\">Paleta de contorno<\/a> (2)<br \/>\n<strong>Resaltador con brillo -<\/strong> <a href=\"https:\/\/ion.lyko.com\/t\/t?a=1117786221&amp;as=1548102449&amp;t=2&amp;tk=1&amp;epi=search-replace-pixiglowy&amp;url=https:\/\/lyko.com\/sv\/sok?q=pixi+glow+y\">Pixi Glow-Y-Powder<\/a> (Lustre de Londres)<a href=\"https:\/\/ion.lyko.com\/t\/t?a=1117786221&amp;as=1548102449&amp;t=2&amp;tk=1&amp;epi=search-replace-pixipalette&amp;url=https:\/\/lyko.com\/sv\/sok?q=pixi+palette\"><br \/>\n<\/a><strong>Colorete - <\/strong><a href=\"https:\/\/ion.lyko.com\/t\/t?a=1117786221&#038;as=1548102449&#038;t=2&#038;tk=1&#038;epi=serach-replace-blushrougeXX&#038;url=https:\/\/lyko.com\/sv\/sok?q=blush+rouge\">Colorete en polvo Paese<\/a> (57)<br \/>\n<strong>Niebla reparadora - <\/strong><a href=\"https:\/\/ion.lyko.com\/t\/t?a=1117786221&amp;as=1548102449&amp;t=2&amp;tk=1&amp;epi=search-replace-fixingmist&amp;url=https:\/\/lyko.com\/sv\/pixi\/pixi-makeup-fixing-mist\">Bruma fijadora de maquillaje Pixi<\/a><br \/>\n<strong>Pecas -\u00a0<\/strong><a href=\"https:\/\/ion.jordklok.se\/t\/t?a=1236848151&amp;as=1548102449&amp;t=2&amp;tk=1&amp;epi=search-replace-benecosbrowpen&amp;url=https:\/\/www.jordklok.se\/sv\/articles\/2.83.3593\/benecos-natural-eyebrow-designer-105-g?q=Benecos%20Natural%20Eyebrow%20Designer,%201,05%20g\">Benecos Eyebrow Designer\u00a0<\/a>(Marr\u00f3n)<\/p>\n<p><strong>Brynpenna -<\/strong> <a href=\"https:\/\/ion.jordklok.se\/t\/t?a=1236848151&amp;as=1548102449&amp;t=2&amp;tk=1&amp;epi=search-replace-benecosbrowpen&amp;url=https:\/\/www.jordklok.se\/sv\/articles\/2.83.3593\/benecos-natural-eyebrow-designer-105-g?q=Benecos%20Natural%20Eyebrow%20Designer,%201,05%20g\">Benecos Eyebrow Designer\u00a0<\/a>(Marr\u00f3n)<br \/>\n<b>Bryngel (+ cari\u00f1oso) -<\/b> <a href=\"https:\/\/ion.lyko.com\/t\/t?a=1117786221&amp;as=1548102449&amp;t=2&amp;tk=1&amp;epi=search-replace-refectocilgel&amp;url=https:\/\/lyko.com\/sv\/refectocil\/refectocil-stylinggel\">Gel de peinado Refectocil<\/a><\/p>\n<p><strong>Barra de labios -<\/strong>\u00a0<a href=\"https:\/\/creativemakeup.se\/butik\/marken\/paese\/paese-lipstick\/\">Barra de labios Paese Argan Oil<\/a> (29) (la barra de labios rosa perfecta este verano)<\/p>\n<p><b>R\u00edmel -\u00a0<\/b><a href=\"https:\/\/creativemakeup.se\/butik\/smink\/santhilea-magnetic-lash\/\">M\u00e1scara de pesta\u00f1as magn\u00e9ticas<\/a><\/p>\n<p>Mi l\u00ednea de flotaci\u00f3n est\u00e1 tatuada con luz. Entonces, exactamente para los mismos ojos, puede complementar con <a href=\"https:\/\/ion.lyko.com\/t\/t?a=1117786221&amp;as=1548102449&amp;t=2&amp;tk=1&amp;epi=search-replace-glopeach&amp;url=https:\/\/lyko.com\/sv\/glo-skin-beauty\/glominerals-precision-eye-pencil-peach\">l\u00e1piz de ojos glo Skin Beauty<\/a> (Peach) tambi\u00e9n.<\/p>\n<p><strong>Esmalte de u\u00f1as -<\/strong> El esmalte de u\u00f1as es IsaDora Nail Polish en el tono 554 Pink Colada, pero lamentablemente ya ha expirado. \u00a1Pero IsaDora probablemente tenga algo similar! :)<\/p>\n<p><img loading=\"lazy\" decoding=\"async\" class=\"alignnone wp-image-36758 size-large\" src=\"https:\/\/www.imakeyousmile.se\/wp-content\/uploads\/2020\/04\/IMG_7505_111-1024x965.jpg\" alt=\"la barra de labios rosa perfecta este verano\" width=\"696\" height=\"656\" srcset=\"https:\/\/www.imakeyousmile.se\/wp-content\/uploads\/2020\/04\/IMG_7505_111-1024x965.jpg 1024w, https:\/\/www.imakeyousmile.se\/wp-content\/uploads\/2020\/04\/IMG_7505_111-300x283.jpg 300w, https:\/\/www.imakeyousmile.se\/wp-content\/uploads\/2020\/04\/IMG_7505_111-768x724.jpg 768w, https:\/\/www.imakeyousmile.se\/wp-content\/uploads\/2020\/04\/IMG_7505_111-1536x1448.jpg 1536w, https:\/\/www.imakeyousmile.se\/wp-content\/uploads\/2020\/04\/IMG_7505_111-2048x1931.jpg 2048w, https:\/\/www.imakeyousmile.se\/wp-content\/uploads\/2020\/04\/IMG_7505_111-13x12.jpg 13w, https:\/\/www.imakeyousmile.se\/wp-content\/uploads\/2020\/04\/IMG_7505_111-696x656.jpg 696w, https:\/\/www.imakeyousmile.se\/wp-content\/uploads\/2020\/04\/IMG_7505_111-1068x1007.jpg 1068w, https:\/\/www.imakeyousmile.se\/wp-content\/uploads\/2020\/04\/IMG_7505_111-445x420.jpg 445w, https:\/\/www.imakeyousmile.se\/wp-content\/uploads\/2020\/04\/IMG_7505_111-20x20.jpg 20w\" sizes=\"(max-width: 696px) 100vw, 696px\" \/><\/p>\n<p>Me gusta mucho este color porque es muy fuerte y vibrante, pero todav\u00eda se siente bastante suave de alguna manera.<\/p>\n<p><img loading=\"lazy\" decoding=\"async\" class=\"alignnone wp-image-36760 size-large\" src=\"https:\/\/www.imakeyousmile.se\/wp-content\/uploads\/2020\/04\/IMG_7535_111-1017x1024.jpg\" alt=\"la barra de labios rosa perfecta este verano\" width=\"696\" height=\"701\" srcset=\"https:\/\/www.imakeyousmile.se\/wp-content\/uploads\/2020\/04\/IMG_7535_111-1017x1024.jpg 1017w, https:\/\/www.imakeyousmile.se\/wp-content\/uploads\/2020\/04\/IMG_7535_111-298x300.jpg 298w, https:\/\/www.imakeyousmile.se\/wp-content\/uploads\/2020\/04\/IMG_7535_111-150x150.jpg 150w, https:\/\/www.imakeyousmile.se\/wp-content\/uploads\/2020\/04\/IMG_7535_111-768x773.jpg 768w, https:\/\/www.imakeyousmile.se\/wp-content\/uploads\/2020\/04\/IMG_7535_111-1526x1536.jpg 1526w, https:\/\/www.imakeyousmile.se\/wp-content\/uploads\/2020\/04\/IMG_7535_111-2035x2048.jpg 2035w, https:\/\/www.imakeyousmile.se\/wp-content\/uploads\/2020\/04\/IMG_7535_111-12x12.jpg 12w, https:\/\/www.imakeyousmile.se\/wp-content\/uploads\/2020\/04\/IMG_7535_111-696x700.jpg 696w, https:\/\/www.imakeyousmile.se\/wp-content\/uploads\/2020\/04\/IMG_7535_111-1068x1075.jpg 1068w, https:\/\/www.imakeyousmile.se\/wp-content\/uploads\/2020\/04\/IMG_7535_111-417x420.jpg 417w, https:\/\/www.imakeyousmile.se\/wp-content\/uploads\/2020\/04\/IMG_7535_111-20x20.jpg 20w\" sizes=\"(max-width: 696px) 100vw, 696px\" \/><\/p>\n<p>Qu\u00e9 pensaste? \u00bfEs este el l\u00e1piz labial rosa perfecto este verano? \u00bfO qu\u00e9 colores prefieres en verano?<\/p>\n<p>Lea tambi\u00e9n: <a href=\"https:\/\/www.imakeyousmile.se\/es\/fraknar-varm-ogonmakeup-mycket-lappstift\/\">Pecas, maquillaje de ojos c\u00e1lido y mucho l\u00e1piz labial<\/a><\/p>\n<p>\u00a1PUSS on es! \u2665<\/p>\n<p>&nbsp;<\/p>","protected":false},"excerpt":{"rendered":"<p>Letar ni efter det perfekta rosa l\u00e4ppstiftet i sommar? D\u00e5 har jag ett tips till er! Saknar ni mina s\u00f6ndagsinl\u00e4gg f\u00f6rresten? :) Jag har skippat dom ett tag nu f\u00f6r jag jobbar mest hemifr\u00e5n, s\u00e5 \u00e4ven fast jag g\u00f6r mycket olika saker s\u00e5 blir det inte s\u00e5 intressant content d\u00e5 jag i princip sitter p\u00e5 [&hellip;]<\/p>\n","protected":false},"author":30,"featured_media":36760,"comment_status":"open","ping_status":"closed","sticky":false,"template":"","format":"standard","meta":{"footnotes":""},"categories":[17,59],"tags":[3523,6862,6861,72,1794],"class_list":["post-36756","post","type-post","status-publish","format-standard","has-post-thumbnail","hentry","category-lappar","category-recensioner-produkttips","tag-billiga-lappstift","tag-lappstift-online","tag-rosa-lapstift","tag-sminktips","tag-vardande-lappstift"],"yoast_head":"<!-- This site is optimized with the Yoast SEO Premium plugin v14.9 - https:\/\/yoast.com\/wordpress\/plugins\/seo\/ -->\n<meta name=\"description\" content=\"Letar ni efter det perfekta rosa l\u00e4ppstiftet i sommar? D\u00e5 har jag ett tips till er! Detta l\u00e4ppstift \u00e4r en favorit n\u00e4r sommaren tittar fram.\" \/>\n<meta name=\"robots\" content=\"index, follow, max-snippet:-1, max-image-preview:large, max-video-preview:-1\" \/>\n<link rel=\"canonical\" href=\"https:\/\/www.imakeyousmile.se\/es\/det-perfekta-rosa-lappstiftet-i-sommar-paese-argan-oil-lipstick\/\" \/>\n<meta property=\"og:locale\" content=\"es_ES\" \/>\n<meta property=\"og:type\" content=\"article\" \/>\n<meta property=\"og:title\" content=\"Det perfekta rosa l\u00e4ppstiftet i sommar - Paese Argan Oil Lipstick | Imakeyousmile.se\" \/>\n<meta property=\"og:description\" content=\"Letar ni efter det perfekta rosa l\u00e4ppstiftet i sommar? D\u00e5 har jag ett tips till er! Detta l\u00e4ppstift \u00e4r en favorit n\u00e4r sommaren tittar fram.\" \/>\n<meta property=\"og:url\" content=\"https:\/\/www.imakeyousmile.se\/es\/det-perfekta-rosa-lappstiftet-i-sommar-paese-argan-oil-lipstick\/\" \/>\n<meta property=\"og:site_name\" content=\"Imakeyousmile.se\" \/>\n<meta property=\"article:author\" content=\"https:\/\/www.facebook.com\/imakeyousmile.se\" \/>\n<meta property=\"article:published_time\" content=\"2020-04-19T03:00:19+00:00\" \/>\n<meta property=\"article:modified_time\" content=\"2021-09-17T05:05:47+00:00\" \/>\n<meta property=\"og:image\" content=\"https:\/\/www.imakeyousmile.se\/wp-content\/uploads\/2020\/04\/IMG_7535_111.jpg\" \/>\n\t<meta property=\"og:image:width\" content=\"2500\" \/>\n\t<meta property=\"og:image:height\" content=\"2516\" \/>\n<meta name=\"twitter:card\" content=\"summary_large_image\" \/>\n<script type=\"application\/ld+json\" class=\"yoast-schema-graph\">{\"@context\":\"https:\/\/schema.org\",\"@graph\":[{\"@type\":\"Organization\",\"@id\":\"https:\/\/www.imakeyousmile.se\/es\/#organization\",\"name\":\"Imakeyousmile\",\"url\":\"https:\/\/www.imakeyousmile.se\/es\/\",\"sameAs\":[],\"logo\":{\"@type\":\"ImageObject\",\"@id\":\"https:\/\/www.imakeyousmile.se\/es\/#logo\",\"inLanguage\":\"es\",\"url\":\"https:\/\/www.imakeyousmile.se\/wp-content\/uploads\/2020\/10\/HELENA-AMILEY_SVART-1-e1603367975324.png\",\"width\":280,\"height\":93,\"caption\":\"Imakeyousmile\"},\"image\":{\"@id\":\"https:\/\/www.imakeyousmile.se\/es\/#logo\"}},{\"@type\":\"WebSite\",\"@id\":\"https:\/\/www.imakeyousmile.se\/es\/#website\",\"url\":\"https:\/\/www.imakeyousmile.se\/es\/\",\"name\":\"Imakeyousmile.se\",\"description\":\"Helena Amiley - Beauty, Entrepreneur, Lifestyle\",\"publisher\":{\"@id\":\"https:\/\/www.imakeyousmile.se\/es\/#organization\"},\"potentialAction\":[{\"@type\":\"SearchAction\",\"target\":\"https:\/\/www.imakeyousmile.se\/es\/?s={search_term_string}\",\"query-input\":\"required name=search_term_string\"}],\"inLanguage\":\"es\"},{\"@type\":\"ImageObject\",\"@id\":\"https:\/\/www.imakeyousmile.se\/det-perfekta-rosa-lappstiftet-i-sommar-paese-argan-oil-lipstick\/#primaryimage\",\"inLanguage\":\"es\",\"url\":\"https:\/\/www.imakeyousmile.se\/wp-content\/uploads\/2020\/04\/IMG_7535_111.jpg\",\"width\":2500,\"height\":2516},{\"@type\":\"WebPage\",\"@id\":\"https:\/\/www.imakeyousmile.se\/det-perfekta-rosa-lappstiftet-i-sommar-paese-argan-oil-lipstick\/#webpage\",\"url\":\"https:\/\/www.imakeyousmile.se\/det-perfekta-rosa-lappstiftet-i-sommar-paese-argan-oil-lipstick\/\",\"name\":\"Det perfekta rosa l\\u00e4ppstiftet i sommar - Paese Argan Oil Lipstick | Imakeyousmile.se\",\"isPartOf\":{\"@id\":\"https:\/\/www.imakeyousmile.se\/es\/#website\"},\"primaryImageOfPage\":{\"@id\":\"https:\/\/www.imakeyousmile.se\/det-perfekta-rosa-lappstiftet-i-sommar-paese-argan-oil-lipstick\/#primaryimage\"},\"datePublished\":\"2020-04-19T03:00:19+00:00\",\"dateModified\":\"2021-09-17T05:05:47+00:00\",\"description\":\"Letar ni efter det perfekta rosa l\\u00e4ppstiftet i sommar? D\\u00e5 har jag ett tips till er! Detta l\\u00e4ppstift \\u00e4r en favorit n\\u00e4r sommaren tittar fram.\",\"inLanguage\":\"es\",\"potentialAction\":[{\"@type\":\"ReadAction\",\"target\":[\"https:\/\/www.imakeyousmile.se\/det-perfekta-rosa-lappstiftet-i-sommar-paese-argan-oil-lipstick\/\"]}]},{\"@type\":\"Article\",\"@id\":\"https:\/\/www.imakeyousmile.se\/det-perfekta-rosa-lappstiftet-i-sommar-paese-argan-oil-lipstick\/#article\",\"isPartOf\":{\"@id\":\"https:\/\/www.imakeyousmile.se\/det-perfekta-rosa-lappstiftet-i-sommar-paese-argan-oil-lipstick\/#webpage\"},\"author\":{\"@id\":\"https:\/\/www.imakeyousmile.se\/es\/#\/schema\/person\/b0fd43b1c6bb1c60cfd68bff9b4a10fb\"},\"headline\":\"Det perfekta rosa l\\u00e4ppstiftet i sommar &#8211; Paese Argan Oil Lipstick\",\"datePublished\":\"2020-04-19T03:00:19+00:00\",\"dateModified\":\"2021-09-17T05:05:47+00:00\",\"mainEntityOfPage\":{\"@id\":\"https:\/\/www.imakeyousmile.se\/det-perfekta-rosa-lappstiftet-i-sommar-paese-argan-oil-lipstick\/#webpage\"},\"commentCount\":0,\"publisher\":{\"@id\":\"https:\/\/www.imakeyousmile.se\/es\/#organization\"},\"image\":{\"@id\":\"https:\/\/www.imakeyousmile.se\/det-perfekta-rosa-lappstiftet-i-sommar-paese-argan-oil-lipstick\/#primaryimage\"},\"keywords\":\"billiga l\\u00e4ppstift,l\\u00e4ppstift online,rosa l\\u00e4pstift,sminktips,v\\u00e5rdande l\\u00e4ppstift\",\"articleSection\":\"L\\u00e4ppar,Recensioner &amp; Produkttips\",\"inLanguage\":\"es\",\"potentialAction\":[{\"@type\":\"CommentAction\",\"name\":\"Comment\",\"target\":[\"https:\/\/www.imakeyousmile.se\/det-perfekta-rosa-lappstiftet-i-sommar-paese-argan-oil-lipstick\/#respond\"]}]},{\"@type\":\"Person\",\"@id\":\"https:\/\/www.imakeyousmile.se\/es\/#\/schema\/person\/b0fd43b1c6bb1c60cfd68bff9b4a10fb\",\"name\":\"Helena Amiley\",\"image\":{\"@type\":\"ImageObject\",\"@id\":\"https:\/\/www.imakeyousmile.se\/es\/#personlogo\",\"inLanguage\":\"es\",\"url\":\"https:\/\/secure.gravatar.com\/avatar\/5645558e1e355457a23368d7e1b4c904?s=96&d=mm&r=g\",\"caption\":\"Helena Amiley\"},\"description\":\"Jag skriver mest om sk\\u00f6nhet men bjuder \\u00e4ven p\\u00e5 glimtar fr\\u00e5n entrepren\\u00f6rlivet och bygget av v\\u00e5r egen camper van. Vanlife here we come!\",\"sameAs\":[\"https:\/\/www.facebook.com\/imakeyousmile.se\",\"https:\/\/www.instagram.com\/helenaamiley\",\"https:\/\/www.youtube.com\/channel\/UCR5iB6rvpV6Yr8ZjpQfr5mg?view_as=subscriber\"]}]}<\/script>\n<!-- \/ Yoast SEO Premium plugin. -->","_links":{"self":[{"href":"https:\/\/www.imakeyousmile.se\/es\/wp-json\/wp\/v2\/posts\/36756"}],"collection":[{"href":"https:\/\/www.imakeyousmile.se\/es\/wp-json\/wp\/v2\/posts"}],"about":[{"href":"https:\/\/www.imakeyousmile.se\/es\/wp-json\/wp\/v2\/types\/post"}],"author":[{"embeddable":true,"href":"https:\/\/www.imakeyousmile.se\/es\/wp-json\/wp\/v2\/users\/30"}],"replies":[{"embeddable":true,"href":"https:\/\/www.imakeyousmile.se\/es\/wp-json\/wp\/v2\/comments?post=36756"}],"version-history":[{"count":7,"href":"https:\/\/www.imakeyousmile.se\/es\/wp-json\/wp\/v2\/posts\/36756\/revisions"}],"predecessor-version":[{"id":40945,"href":"https:\/\/www.imakeyousmile.se\/es\/wp-json\/wp\/v2\/posts\/36756\/revisions\/40945"}],"wp:featuredmedia":[{"embeddable":true,"href":"https:\/\/www.imakeyousmile.se\/es\/wp-json\/wp\/v2\/media\/36760"}],"wp:attachment":[{"href":"https:\/\/www.imakeyousmile.se\/es\/wp-json\/wp\/v2\/media?parent=36756"}],"wp:term":[{"taxonomy":"category","embeddable":true,"href":"https:\/\/www.imakeyousmile.se\/es\/wp-json\/wp\/v2\/categories?post=36756"},{"taxonomy":"post_tag","embeddable":true,"href":"https:\/\/www.imakeyousmile.se\/es\/wp-json\/wp\/v2\/tags?post=36756"}],"curies":[{"name":"wp","href":"https:\/\/api.w.org\/{rel}","templated":true}]}}