{"id":36869,"date":"2020-05-25T17:17:42","date_gmt":"2020-05-25T15:17:42","guid":{"rendered":"http:\/\/www.imakeyousmile.se\/?p=36869"},"modified":"2021-09-17T06:53:42","modified_gmt":"2021-09-17T04:53:42","slug":"vartips-tank-pa-dekolletaget-i-tid","status":"publish","type":"post","link":"https:\/\/www.imakeyousmile.se\/es\/vartips-tank-pa-decolletaget-i-tid\/","title":{"rendered":"Consejo de primavera: \u00a1piensa en el escote a tiempo!"},"content":{"rendered":"<p>Tienes que tener cuidado <a href=\"https:\/\/www.imakeyousmile.se\/es\/solskydd-bronzer-i-dekolletaget\/\">proteccion solar<\/a> en todo el cuerpo, por supuesto, pero en cuanto al maquillaje, el escote es un tema importante que tengo que abordar. <em>a tiempo<\/em> ahora a principios de verano.<\/p>\n<h4>M\u00e1s oscuro (<em>y a menudo rojo<\/em>) bronceado en el escote<\/h4>\n<p>Est\u00e1 comenzando a ser la \u00e9poca del a\u00f1o en la que es complicado probar los tonos de base en las personas y explicar\u00e9 por qu\u00e9. Si eres descuidado con el protector solar y pasas mucho tiempo al sol, el escote suele ser mucho m\u00e1s oscuro porque est\u00e1 expuesto al sol la mayor parte de todo el cuerpo. Cuando est\u00e1s vestida, el escote suele estar abierto de todos modos, y si te sientas al sol, a menudo tienes gafas de sol, maquillaje y no miras directamente al sol todo el tiempo para que la cara no se ponga de color de la misma manera.<\/p>\n<p>En muchos, el bronceado en el escote tambi\u00e9n adquiere un tono muy rojo, porque aunque no sientas que te has quemado, la piel est\u00e1 muy da\u00f1ada por el sol all\u00ed.<\/p>\n<h4>Dif\u00edcil elegir el tono de base<\/h4>\n<p>Si tienes un tono de piel claro y esclavas con el protector solar como escrib\u00ed arriba, a menudo obtienes un cuello claro, un tono bronceado en la cara y un tono marr\u00f3n rojizo m\u00e1s oscuro en el escote. No es un combo completamente f\u00e1cil.<\/p>\n<p>Si luego combina su base con el escote en la oscuridad, se sentir\u00e1 demasiado oscuro en la cara. Adem\u00e1s, casi todas las bases parecen tener el tono incorrecto para comparar con el escote rojo.<\/p>\n<p>Y si haces coincidir la base exactamente con el color del cuello o la cara, se ve demasiado brillante en comparaci\u00f3n con el escote.<\/p>\n<p>\u00bfQu\u00e9 hace con los problemas anteriores? \u00a1Use protector solar en el escote ya al comienzo del verano! :) Entonces evitas por completo ese problema de maquillaje.<\/p>\n<p>Lea tambi\u00e9n mi publicaci\u00f3n sobre la fundaci\u00f3n: <a href=\"https:\/\/www.imakeyousmile.se\/es\/foundation\/\">Base - 9 mejores consejos (uso y elecci\u00f3n del tono correcto)<\/a><\/p>\n<h4>Bronceador en el escote<\/h4>\n<p>\u00a1Un truco r\u00e1pido y f\u00e1cil si quieres un bronceado extra es usar bronceador en el escote! No se necesita mucho y se vuelve SUPER R\u00c1PIDO con una brocha de maquillaje grande y suave. \u00a1Entonces puedes usar spf 50, evitas da\u00f1ar la fr\u00e1gil piel del escote y a\u00fan lucir bronceada y fresca! Bueno, \u00bfno? ;)<\/p>\n<p><img loading=\"lazy\" decoding=\"async\" class=\"alignnone wp-image-36870 size-large\" src=\"https:\/\/www.imakeyousmile.se\/wp-content\/uploads\/2020\/05\/IMG_7993_111-1068x577-1024x553.jpg\" alt=\"escote\" width=\"696\" height=\"376\" srcset=\"https:\/\/www.imakeyousmile.se\/wp-content\/uploads\/2020\/05\/IMG_7993_111-1068x577-1024x553.jpg 1024w, https:\/\/www.imakeyousmile.se\/wp-content\/uploads\/2020\/05\/IMG_7993_111-1068x577-300x162.jpg 300w, https:\/\/www.imakeyousmile.se\/wp-content\/uploads\/2020\/05\/IMG_7993_111-1068x577-768x415.jpg 768w, https:\/\/www.imakeyousmile.se\/wp-content\/uploads\/2020\/05\/IMG_7993_111-1068x577-16x9.jpg 16w, https:\/\/www.imakeyousmile.se\/wp-content\/uploads\/2020\/05\/IMG_7993_111-1068x577-696x376.jpg 696w, https:\/\/www.imakeyousmile.se\/wp-content\/uploads\/2020\/05\/IMG_7993_111-1068x577-777x420.jpg 777w, https:\/\/www.imakeyousmile.se\/wp-content\/uploads\/2020\/05\/IMG_7993_111-1068x577-20x11.jpg 20w, https:\/\/www.imakeyousmile.se\/wp-content\/uploads\/2020\/05\/IMG_7993_111-1068x577.jpg 1068w\" sizes=\"(max-width: 696px) 100vw, 696px\" \/><\/p>\n<p>Esto es lo que hago todos los d\u00edas ahora, aplico r\u00e1pidamente con polvo solar en el cuello y el escote (no demasiado oscuro, deber\u00eda mezclarse con el resto del cuerpo tambi\u00e9n) y luego un poco hacia arriba en la mand\u00edbula para que se mezcle con mi contorno en la cara. Un cepillo extra grande lo hace ir m\u00e1s r\u00e1pido, yo uso <a href=\"https:\/\/tidd.ly\/39oCHtS\">Brocha para polvos Nanshy<\/a>, un pincel de rubor tarda m\u00e1s.<\/p>\n<p><strong>\u00a1Propina!<\/strong> Nosotros retrocedemos <a href=\"https:\/\/ion.lyko.com\/t\/t?a=1117786221&#038;as=1548102449&#038;t=2&#038;tk=1&#038;epi=search-replace-pixipalette&#038;url=https:\/\/lyko.com\/sv\/sok?q=pixi+palette\">las paletas de bronceadores de Pixi<\/a> en la tienda web! SEK 299 por 6 tonos (precio normal SEK 369) en tonos brillantes y mate, tan lujoso para variar, creo :) Ej. tiene una de las sombras que brillan en oro, \u00a1qu\u00e9 bonito!<\/p>\n<p>Los abrazos son \u2665<\/p>\n<p>&nbsp;<\/p>","protected":false},"excerpt":{"rendered":"<p>Man ska vara noga med solskydd \u00f6ver hela kroppen, s\u00e5klart, men i sminkv\u00e4g s\u00e5 \u00e4r dekolletaget en viktig fr\u00e5ga som jag m\u00e5ste ta upp i tid nu i b\u00f6rjan av sommaren. M\u00f6rkare (och ofta r\u00f6d) solbr\u00e4nna i dekolletaget Det b\u00f6rjar bli den tiden p\u00e5 \u00e5ret d\u00e5 det \u00e4r klurigt att testa ut foundationnyanser p\u00e5 folk [&hellip;]<\/p>\n","protected":false},"author":30,"featured_media":36870,"comment_status":"open","ping_status":"closed","sticky":false,"template":"","format":"standard","meta":{"footnotes":""},"categories":[24,3919],"tags":[6906,6905,6904,1069,6902,6903],"class_list":["post-36869","post","type-post","status-publish","format-standard","has-post-thumbnail","hentry","category-grundsmink","category-sminktips","tag-bronzer","tag-mork-dekollatage","tag-ratt-nyans-pa-foundation","tag-solpuder","tag-soltips","tag-valj-foundationnyans"],"yoast_head":"<!-- This site is optimized with the Yoast SEO Premium plugin v14.9 - https:\/\/yoast.com\/wordpress\/plugins\/seo\/ -->\n<meta name=\"description\" content=\"Man ska vara noga med solskydd \u00f6ver hela kroppen, men i sminkv\u00e4g s\u00e5 \u00e4r dekolletaget en viktig fr\u00e5ga som jag m\u00e5ste ta upp.\" \/>\n<meta name=\"robots\" content=\"index, follow, max-snippet:-1, max-image-preview:large, max-video-preview:-1\" \/>\n<link rel=\"canonical\" href=\"https:\/\/www.imakeyousmile.se\/es\/vartips-tank-pa-dekolletaget-i-tid\/\" \/>\n<meta property=\"og:locale\" content=\"es_ES\" \/>\n<meta property=\"og:type\" content=\"article\" \/>\n<meta property=\"og:title\" content=\"V\u00e5rtips - t\u00e4nk p\u00e5 dekolletaget i tid! | Imakeyousmile.se\" \/>\n<meta property=\"og:description\" content=\"Man ska vara noga med solskydd \u00f6ver hela kroppen, men i sminkv\u00e4g s\u00e5 \u00e4r dekolletaget en viktig fr\u00e5ga som jag m\u00e5ste ta upp.\" \/>\n<meta property=\"og:url\" content=\"https:\/\/www.imakeyousmile.se\/es\/vartips-tank-pa-dekolletaget-i-tid\/\" \/>\n<meta property=\"og:site_name\" content=\"Imakeyousmile.se\" \/>\n<meta property=\"article:author\" content=\"https:\/\/www.facebook.com\/imakeyousmile.se\" \/>\n<meta property=\"article:published_time\" content=\"2020-05-25T15:17:42+00:00\" \/>\n<meta property=\"article:modified_time\" content=\"2021-09-17T04:53:42+00:00\" \/>\n<meta property=\"og:image\" content=\"https:\/\/www.imakeyousmile.se\/wp-content\/uploads\/2020\/05\/IMG_7993_111-1068x577.jpg\" \/>\n\t<meta property=\"og:image:width\" content=\"1068\" \/>\n\t<meta property=\"og:image:height\" content=\"577\" \/>\n<meta name=\"twitter:card\" content=\"summary_large_image\" \/>\n<script type=\"application\/ld+json\" class=\"yoast-schema-graph\">{\"@context\":\"https:\/\/schema.org\",\"@graph\":[{\"@type\":\"Organization\",\"@id\":\"https:\/\/www.imakeyousmile.se\/es\/#organization\",\"name\":\"Imakeyousmile\",\"url\":\"https:\/\/www.imakeyousmile.se\/es\/\",\"sameAs\":[],\"logo\":{\"@type\":\"ImageObject\",\"@id\":\"https:\/\/www.imakeyousmile.se\/es\/#logo\",\"inLanguage\":\"es\",\"url\":\"https:\/\/www.imakeyousmile.se\/wp-content\/uploads\/2020\/10\/HELENA-AMILEY_SVART-1-e1603367975324.png\",\"width\":280,\"height\":93,\"caption\":\"Imakeyousmile\"},\"image\":{\"@id\":\"https:\/\/www.imakeyousmile.se\/es\/#logo\"}},{\"@type\":\"WebSite\",\"@id\":\"https:\/\/www.imakeyousmile.se\/es\/#website\",\"url\":\"https:\/\/www.imakeyousmile.se\/es\/\",\"name\":\"Imakeyousmile.se\",\"description\":\"Helena Amiley - Beauty, Entrepreneur, Lifestyle\",\"publisher\":{\"@id\":\"https:\/\/www.imakeyousmile.se\/es\/#organization\"},\"potentialAction\":[{\"@type\":\"SearchAction\",\"target\":\"https:\/\/www.imakeyousmile.se\/es\/?s={search_term_string}\",\"query-input\":\"required name=search_term_string\"}],\"inLanguage\":\"es\"},{\"@type\":\"ImageObject\",\"@id\":\"https:\/\/www.imakeyousmile.se\/vartips-tank-pa-dekolletaget-i-tid\/#primaryimage\",\"inLanguage\":\"es\",\"url\":\"https:\/\/www.imakeyousmile.se\/wp-content\/uploads\/2020\/05\/IMG_7993_111-1068x577.jpg\",\"width\":1068,\"height\":577},{\"@type\":\"WebPage\",\"@id\":\"https:\/\/www.imakeyousmile.se\/vartips-tank-pa-dekolletaget-i-tid\/#webpage\",\"url\":\"https:\/\/www.imakeyousmile.se\/vartips-tank-pa-dekolletaget-i-tid\/\",\"name\":\"V\\u00e5rtips - t\\u00e4nk p\\u00e5 dekolletaget i tid! | Imakeyousmile.se\",\"isPartOf\":{\"@id\":\"https:\/\/www.imakeyousmile.se\/es\/#website\"},\"primaryImageOfPage\":{\"@id\":\"https:\/\/www.imakeyousmile.se\/vartips-tank-pa-dekolletaget-i-tid\/#primaryimage\"},\"datePublished\":\"2020-05-25T15:17:42+00:00\",\"dateModified\":\"2021-09-17T04:53:42+00:00\",\"description\":\"Man ska vara noga med solskydd \\u00f6ver hela kroppen, men i sminkv\\u00e4g s\\u00e5 \\u00e4r dekolletaget en viktig fr\\u00e5ga som jag m\\u00e5ste ta upp.\",\"inLanguage\":\"es\",\"potentialAction\":[{\"@type\":\"ReadAction\",\"target\":[\"https:\/\/www.imakeyousmile.se\/vartips-tank-pa-dekolletaget-i-tid\/\"]}]},{\"@type\":\"Article\",\"@id\":\"https:\/\/www.imakeyousmile.se\/vartips-tank-pa-dekolletaget-i-tid\/#article\",\"isPartOf\":{\"@id\":\"https:\/\/www.imakeyousmile.se\/vartips-tank-pa-dekolletaget-i-tid\/#webpage\"},\"author\":{\"@id\":\"https:\/\/www.imakeyousmile.se\/es\/#\/schema\/person\/b0fd43b1c6bb1c60cfd68bff9b4a10fb\"},\"headline\":\"V\\u00e5rtips &#8211; t\\u00e4nk p\\u00e5 dekolletaget i tid!\",\"datePublished\":\"2020-05-25T15:17:42+00:00\",\"dateModified\":\"2021-09-17T04:53:42+00:00\",\"mainEntityOfPage\":{\"@id\":\"https:\/\/www.imakeyousmile.se\/vartips-tank-pa-dekolletaget-i-tid\/#webpage\"},\"commentCount\":2,\"publisher\":{\"@id\":\"https:\/\/www.imakeyousmile.se\/es\/#organization\"},\"image\":{\"@id\":\"https:\/\/www.imakeyousmile.se\/vartips-tank-pa-dekolletaget-i-tid\/#primaryimage\"},\"keywords\":\"bronzer,m\\u00f6rk dekollatage,r\\u00e4tt nyans p\\u00e5 foundation,solpuder,soltips,v\\u00e4lj foundationnyans\",\"articleSection\":\"Bassmink,Sminktips\",\"inLanguage\":\"es\",\"potentialAction\":[{\"@type\":\"CommentAction\",\"name\":\"Comment\",\"target\":[\"https:\/\/www.imakeyousmile.se\/vartips-tank-pa-dekolletaget-i-tid\/#respond\"]}]},{\"@type\":\"Person\",\"@id\":\"https:\/\/www.imakeyousmile.se\/es\/#\/schema\/person\/b0fd43b1c6bb1c60cfd68bff9b4a10fb\",\"name\":\"Helena Amiley\",\"image\":{\"@type\":\"ImageObject\",\"@id\":\"https:\/\/www.imakeyousmile.se\/es\/#personlogo\",\"inLanguage\":\"es\",\"url\":\"https:\/\/secure.gravatar.com\/avatar\/5645558e1e355457a23368d7e1b4c904?s=96&d=mm&r=g\",\"caption\":\"Helena Amiley\"},\"description\":\"Jag skriver mest om sk\\u00f6nhet men bjuder \\u00e4ven p\\u00e5 glimtar fr\\u00e5n entrepren\\u00f6rlivet och bygget av v\\u00e5r egen camper van. Vanlife here we come!\",\"sameAs\":[\"https:\/\/www.facebook.com\/imakeyousmile.se\",\"https:\/\/www.instagram.com\/helenaamiley\",\"https:\/\/www.youtube.com\/channel\/UCR5iB6rvpV6Yr8ZjpQfr5mg?view_as=subscriber\"]}]}<\/script>\n<!-- \/ Yoast SEO Premium plugin. -->","_links":{"self":[{"href":"https:\/\/www.imakeyousmile.se\/es\/wp-json\/wp\/v2\/posts\/36869"}],"collection":[{"href":"https:\/\/www.imakeyousmile.se\/es\/wp-json\/wp\/v2\/posts"}],"about":[{"href":"https:\/\/www.imakeyousmile.se\/es\/wp-json\/wp\/v2\/types\/post"}],"author":[{"embeddable":true,"href":"https:\/\/www.imakeyousmile.se\/es\/wp-json\/wp\/v2\/users\/30"}],"replies":[{"embeddable":true,"href":"https:\/\/www.imakeyousmile.se\/es\/wp-json\/wp\/v2\/comments?post=36869"}],"version-history":[{"count":4,"href":"https:\/\/www.imakeyousmile.se\/es\/wp-json\/wp\/v2\/posts\/36869\/revisions"}],"predecessor-version":[{"id":40942,"href":"https:\/\/www.imakeyousmile.se\/es\/wp-json\/wp\/v2\/posts\/36869\/revisions\/40942"}],"wp:featuredmedia":[{"embeddable":true,"href":"https:\/\/www.imakeyousmile.se\/es\/wp-json\/wp\/v2\/media\/36870"}],"wp:attachment":[{"href":"https:\/\/www.imakeyousmile.se\/es\/wp-json\/wp\/v2\/media?parent=36869"}],"wp:term":[{"taxonomy":"category","embeddable":true,"href":"https:\/\/www.imakeyousmile.se\/es\/wp-json\/wp\/v2\/categories?post=36869"},{"taxonomy":"post_tag","embeddable":true,"href":"https:\/\/www.imakeyousmile.se\/es\/wp-json\/wp\/v2\/tags?post=36869"}],"curies":[{"name":"wp","href":"https:\/\/api.w.org\/{rel}","templated":true}]}}