{"id":3689,"date":"2015-04-09T05:12:30","date_gmt":"2015-04-09T03:12:30","guid":{"rendered":"http:\/\/finest.se\/helenaronnblad\/?p=3689"},"modified":"2015-04-09T05:12:30","modified_gmt":"2015-04-09T03:12:30","slug":"makeover-under-samma-tak","status":"publish","type":"post","link":"https:\/\/www.imakeyousmile.se\/es\/cambio-de-imagen-bajo-el-mismo-techo\/","title":{"rendered":"Cambio de imagen bajo un mismo techo"},"content":{"rendered":"<p>\u00bfSigues la serie &quot;Bajo el mismo techo&quot; en svt? \u00a1Es muy divertido, tienes que verlo! :)<\/p>\n<p>Ayer vi el quinto episodio que trata sobre los j\u00f3venes y los viejos para estilizarse mutuamente, y yo, que amo el cambio, no pude evitar echar un vistazo al acantilado de la televisi\u00f3n en el trimestre, aunque en realidad solo estaba en el fondo cuando \u00a1Yo trabaj\u00e9!<\/p>\n<p>Yo, que en parte trabajo arreglando las cejas, no pude evitar re\u00edrme cuando Rosanna se cort\u00f3 las cejas ante Christer &quot;<em>Mi responsabilidad es arreglar su rostro. No se como hacer, solo jugu\u00e9 que yo sab\u00eda hacer<\/em>&quot;, Jaja, as\u00ed es como se ve\u00eda entonces:<\/p>\n<p><a href=\"http:\/\/cdn.finest.se\/wp-content\/uploads\/sites\/7701\/2015\/04\/1428474287-7902.jpg\"><img loading=\"lazy\" decoding=\"async\" class=\"alignnone size-full wp-image-3690\" src=\"http:\/\/cdn.finest.se\/wp-content\/uploads\/sites\/7701\/2015\/04\/1428474287-7902.jpg\" alt=\"Parte sin t\u00edtulo 111\" width=\"1000\" height=\"605\" \/><\/a><\/p>\n<p>Tijeras de peluquer\u00eda y peine :) Por suerte solo se arreglar\u00edan un poco, de lo contrario no hubiera sido f\u00e1cil!<\/p>\n<p><a href=\"http:\/\/cdn.finest.se\/wp-content\/uploads\/sites\/7701\/2015\/04\/1428475148-7902.jpg\"><img loading=\"lazy\" decoding=\"async\" class=\"alignnone size-full wp-image-3692\" src=\"http:\/\/cdn.finest.se\/wp-content\/uploads\/sites\/7701\/2015\/04\/1428475148-7902.jpg\" alt=\"tinte-cabello-con-bomba-de-color\" width=\"1000\" height=\"605\" \/><\/a><\/p>\n<p>L\u00e1stima que no tuvieran \u00e9xito con el color del cabello, \u00e9l ser\u00eda casta\u00f1o pero inmediatamente cuando vi c\u00f3mo lo hac\u00edan, pens\u00e9 &quot;eso probablemente no har\u00e1 ninguna diferencia&quot;. No pudiste mirar tan de cerca en el episodio, pero \u00bfcreen que se pusieron sombra de ojos en el cabello en lugar de salvar la situaci\u00f3n?<\/p>\n<p>Usaron una envoltura de color, ya sabes, una bomba de color de Revlon, pero el cabello debe tratarse antes para que funcione. Por lo tanto, las envolturas de color no se pueden usar como color de cabello de esa manera, puede, por ejemplo, no lo use para refrescar el crecimiento, etc. porque no se adhiere al cabello &quot;nuevo&quot;.<\/p>\n<p><a href=\"http:\/\/cdn.finest.se\/wp-content\/uploads\/sites\/7701\/2015\/04\/1428474349-7902.jpg\"><img loading=\"lazy\" decoding=\"async\" class=\"alignnone size-full wp-image-3691\" src=\"http:\/\/cdn.finest.se\/wp-content\/uploads\/sites\/7701\/2015\/04\/1428474349-7902.jpg\" alt=\"nov109_16035632_64112869\" width=\"400\" height=\"311\" \/><\/a><\/p>\n<p>As\u00ed que ahora lo sabes si no lo sab\u00edas antes :)<\/p>\n<p>F\u00e1cilmente podr\u00eda haber trabajado a tiempo completo para rehacer individuos privados, \u00a1muy divertido! \u00a1Estilismo y psicolog\u00eda! \u00bfQuiz\u00e1s un buen plan para el futuro, cuando tenga 50 a\u00f1os?<\/p>\n<p>Ahora tengo que correr hacia el autob\u00fas, tengo muchas cejas en Creative Make Up hoy, \u00a1as\u00ed que es s\u00faper divertido! Pero dejo las tijeras de peluquer\u00eda en casa;)<\/p>\n<p>Los abrazos son \u2665<\/p>","protected":false},"excerpt":{"rendered":"<p>F\u00f6ljer ni serien &#8221;Under samma tak&#8221; p\u00e5 svt? Det \u00e4r s\u00e5 himla roligt, ni m\u00e5ste titta p\u00e5 det!! :) Ig\u00e5r tittade jag p\u00e5 5:e avsnittet som handlar om\u00a0att de unga och de gamla ska styla om varandra, och jag som \u00e4lskar f\u00f6r\u00e4ndringar kunde inte l\u00e5ta bli att smygkika p\u00e5 tv:en stup i kvarten trots att [&hellip;]<\/p>\n","protected":false},"author":30,"featured_media":0,"comment_status":"open","ping_status":"open","sticky":false,"template":"","format":"standard","meta":{"footnotes":""},"categories":[3],"tags":[],"class_list":["post-3689","post","type-post","status-publish","format-standard","hentry","category-allmant"],"yoast_head":"<!-- This site is optimized with the Yoast SEO Premium plugin v14.9 - https:\/\/yoast.com\/wordpress\/plugins\/seo\/ -->\n<meta name=\"description\" content=\"Makeover under samma tak | Helena Amiley - H\u00e4r hittar du senaste infromation om sk\u00f6nhet, livsstil, entrepren\u00f6rskap, makeup &amp; tips.\" \/>\n<meta name=\"robots\" content=\"index, follow, max-snippet:-1, max-image-preview:large, max-video-preview:-1\" \/>\n<link rel=\"canonical\" href=\"https:\/\/www.imakeyousmile.se\/es\/makeover-under-samma-tak\/\" \/>\n<meta property=\"og:locale\" content=\"es_ES\" \/>\n<meta property=\"og:type\" content=\"article\" \/>\n<meta property=\"og:title\" content=\"Makeover under samma tak | Imakeyousmile.se\" \/>\n<meta property=\"og:description\" content=\"Makeover under samma tak | Helena Amiley - H\u00e4r hittar du senaste infromation om sk\u00f6nhet, livsstil, entrepren\u00f6rskap, makeup &amp; tips.\" \/>\n<meta property=\"og:url\" content=\"https:\/\/www.imakeyousmile.se\/es\/makeover-under-samma-tak\/\" \/>\n<meta property=\"og:site_name\" content=\"Imakeyousmile.se\" \/>\n<meta property=\"article:author\" content=\"https:\/\/www.facebook.com\/imakeyousmile.se\" \/>\n<meta property=\"article:published_time\" content=\"2015-04-09T03:12:30+00:00\" \/>\n<meta property=\"og:image\" content=\"http:\/\/cdn.finest.se\/wp-content\/uploads\/sites\/7701\/2015\/04\/1428474287-7902.jpg\" \/>\n<meta name=\"twitter:card\" content=\"summary_large_image\" \/>\n<script type=\"application\/ld+json\" class=\"yoast-schema-graph\">{\"@context\":\"https:\/\/schema.org\",\"@graph\":[{\"@type\":\"Organization\",\"@id\":\"https:\/\/www.imakeyousmile.se\/es\/#organization\",\"name\":\"Imakeyousmile\",\"url\":\"https:\/\/www.imakeyousmile.se\/es\/\",\"sameAs\":[],\"logo\":{\"@type\":\"ImageObject\",\"@id\":\"https:\/\/www.imakeyousmile.se\/es\/#logo\",\"inLanguage\":\"es\",\"url\":\"https:\/\/www.imakeyousmile.se\/wp-content\/uploads\/2020\/10\/HELENA-AMILEY_SVART-1-e1603367975324.png\",\"width\":280,\"height\":93,\"caption\":\"Imakeyousmile\"},\"image\":{\"@id\":\"https:\/\/www.imakeyousmile.se\/es\/#logo\"}},{\"@type\":\"WebSite\",\"@id\":\"https:\/\/www.imakeyousmile.se\/es\/#website\",\"url\":\"https:\/\/www.imakeyousmile.se\/es\/\",\"name\":\"Imakeyousmile.se\",\"description\":\"Helena Amiley - Beauty, Entrepreneur, Lifestyle\",\"publisher\":{\"@id\":\"https:\/\/www.imakeyousmile.se\/es\/#organization\"},\"potentialAction\":[{\"@type\":\"SearchAction\",\"target\":\"https:\/\/www.imakeyousmile.se\/es\/?s={search_term_string}\",\"query-input\":\"required name=search_term_string\"}],\"inLanguage\":\"es\"},{\"@type\":\"ImageObject\",\"@id\":\"https:\/\/www.imakeyousmile.se\/makeover-under-samma-tak\/#primaryimage\",\"inLanguage\":\"es\",\"url\":\"http:\/\/cdn.finest.se\/wp-content\/uploads\/sites\/7701\/2015\/04\/1428474287-7902.jpg\"},{\"@type\":\"WebPage\",\"@id\":\"https:\/\/www.imakeyousmile.se\/makeover-under-samma-tak\/#webpage\",\"url\":\"https:\/\/www.imakeyousmile.se\/makeover-under-samma-tak\/\",\"name\":\"Makeover under samma tak | Imakeyousmile.se\",\"isPartOf\":{\"@id\":\"https:\/\/www.imakeyousmile.se\/es\/#website\"},\"primaryImageOfPage\":{\"@id\":\"https:\/\/www.imakeyousmile.se\/makeover-under-samma-tak\/#primaryimage\"},\"datePublished\":\"2015-04-09T03:12:30+00:00\",\"dateModified\":\"2015-04-09T03:12:30+00:00\",\"description\":\"Makeover under samma tak | Helena Amiley - H\\u00e4r hittar du senaste infromation om sk\\u00f6nhet, livsstil, entrepren\\u00f6rskap, makeup & tips.\",\"inLanguage\":\"es\",\"potentialAction\":[{\"@type\":\"ReadAction\",\"target\":[\"https:\/\/www.imakeyousmile.se\/makeover-under-samma-tak\/\"]}]},{\"@type\":\"Article\",\"@id\":\"https:\/\/www.imakeyousmile.se\/makeover-under-samma-tak\/#article\",\"isPartOf\":{\"@id\":\"https:\/\/www.imakeyousmile.se\/makeover-under-samma-tak\/#webpage\"},\"author\":{\"@id\":\"https:\/\/www.imakeyousmile.se\/es\/#\/schema\/person\/b0fd43b1c6bb1c60cfd68bff9b4a10fb\"},\"headline\":\"Makeover under samma tak\",\"datePublished\":\"2015-04-09T03:12:30+00:00\",\"dateModified\":\"2015-04-09T03:12:30+00:00\",\"mainEntityOfPage\":{\"@id\":\"https:\/\/www.imakeyousmile.se\/makeover-under-samma-tak\/#webpage\"},\"commentCount\":3,\"publisher\":{\"@id\":\"https:\/\/www.imakeyousmile.se\/es\/#organization\"},\"image\":{\"@id\":\"https:\/\/www.imakeyousmile.se\/makeover-under-samma-tak\/#primaryimage\"},\"articleSection\":\"\\u00d6vrigt\",\"inLanguage\":\"es\",\"potentialAction\":[{\"@type\":\"CommentAction\",\"name\":\"Comment\",\"target\":[\"https:\/\/www.imakeyousmile.se\/makeover-under-samma-tak\/#respond\"]}]},{\"@type\":\"Person\",\"@id\":\"https:\/\/www.imakeyousmile.se\/es\/#\/schema\/person\/b0fd43b1c6bb1c60cfd68bff9b4a10fb\",\"name\":\"Helena Amiley\",\"image\":{\"@type\":\"ImageObject\",\"@id\":\"https:\/\/www.imakeyousmile.se\/es\/#personlogo\",\"inLanguage\":\"es\",\"url\":\"https:\/\/secure.gravatar.com\/avatar\/5645558e1e355457a23368d7e1b4c904?s=96&d=mm&r=g\",\"caption\":\"Helena Amiley\"},\"description\":\"Jag skriver mest om sk\\u00f6nhet men bjuder \\u00e4ven p\\u00e5 glimtar fr\\u00e5n entrepren\\u00f6rlivet och bygget av v\\u00e5r egen camper van. Vanlife here we come!\",\"sameAs\":[\"https:\/\/www.facebook.com\/imakeyousmile.se\",\"https:\/\/www.instagram.com\/helenaamiley\",\"https:\/\/www.youtube.com\/channel\/UCR5iB6rvpV6Yr8ZjpQfr5mg?view_as=subscriber\"]}]}<\/script>\n<!-- \/ Yoast SEO Premium plugin. -->","_links":{"self":[{"href":"https:\/\/www.imakeyousmile.se\/es\/wp-json\/wp\/v2\/posts\/3689"}],"collection":[{"href":"https:\/\/www.imakeyousmile.se\/es\/wp-json\/wp\/v2\/posts"}],"about":[{"href":"https:\/\/www.imakeyousmile.se\/es\/wp-json\/wp\/v2\/types\/post"}],"author":[{"embeddable":true,"href":"https:\/\/www.imakeyousmile.se\/es\/wp-json\/wp\/v2\/users\/30"}],"replies":[{"embeddable":true,"href":"https:\/\/www.imakeyousmile.se\/es\/wp-json\/wp\/v2\/comments?post=3689"}],"version-history":[{"count":0,"href":"https:\/\/www.imakeyousmile.se\/es\/wp-json\/wp\/v2\/posts\/3689\/revisions"}],"wp:attachment":[{"href":"https:\/\/www.imakeyousmile.se\/es\/wp-json\/wp\/v2\/media?parent=3689"}],"wp:term":[{"taxonomy":"category","embeddable":true,"href":"https:\/\/www.imakeyousmile.se\/es\/wp-json\/wp\/v2\/categories?post=3689"},{"taxonomy":"post_tag","embeddable":true,"href":"https:\/\/www.imakeyousmile.se\/es\/wp-json\/wp\/v2\/tags?post=3689"}],"curies":[{"name":"wp","href":"https:\/\/api.w.org\/{rel}","templated":true}]}}