{"id":3754,"date":"2015-04-12T12:18:26","date_gmt":"2015-04-12T10:18:26","guid":{"rendered":"http:\/\/finest.se\/helenaronnblad\/?p=3754"},"modified":"2015-04-12T12:18:26","modified_gmt":"2015-04-12T10:18:26","slug":"hur-funkar-brun-utan-sol","status":"publish","type":"post","link":"https:\/\/www.imakeyousmile.se\/es\/como-funciona-broncearse-sin-sol\/","title":{"rendered":"\u00bfC\u00f3mo funciona el marr\u00f3n sin sol?"},"content":{"rendered":"<p>Ayer fue lanzado <a href=\"http:\/\/creativemakeup.se\/produkt\/eco-by-sonya-invisible-tan\/\" target=\"_blank\">Eco de Sonya<\/a> en Byher.se: \u00a1un bronceado org\u00e1nico sin sol con ingredientes naturales 100%! Lea m\u00e1s informaci\u00f3n sobre los ingredientes y la compa\u00f1\u00eda en mi publicaci\u00f3n anterior. <a href=\"http:\/\/finest.se\/helenaronnblad\/2015\/04\/11\/nyhet-ekologisk-brun-utan-sol\/\" target=\"_blank\"><strong>aqu\u00ed<\/strong><\/a> si te lo perdiste :)<\/p>\n<p>Aqu\u00ed hay algunos consejos sobre c\u00f3mo funciona el bronceado sin sol y c\u00f3mo usar el bronceado sin sol de Eco by Sonya Invisible Tan de la mejor manera.<\/p>\n<p><a href=\"http:\/\/cdn.finest.se\/wp-content\/uploads\/sites\/7701\/2015\/04\/1428740642-7902.jpg\"><img loading=\"lazy\" decoding=\"async\" class=\"alignnone size-full wp-image-3733\" src=\"http:\/\/cdn.finest.se\/wp-content\/uploads\/sites\/7701\/2015\/04\/1428740642-7902.jpg\" alt=\"eco-por-sonya-antes-despu\u00e9s - copiar\" width=\"1000\" height=\"681\" \/><\/a><\/p>\n<p><strong>1. Limpiar la piel<\/strong><br \/>\nEmpiece siempre con una ducha caliente y frote bien la piel para que desaparezcan las c\u00e9lulas muertas. \u00a1Entonces la quemadura ser\u00e1 mucho m\u00e1s duradera! El marr\u00f3n sin el sol se adhiere a las c\u00e9lulas muertas de la piel, por lo que la piel que se frota podr\u00eda haberse &quot;ca\u00eddo&quot; por s\u00ed sola ma\u00f1ana y luego se habr\u00eda quemado mucho.<\/p>\n<p>Sin embargo, es importante no frotar la piel con un exfoliante que contenga mucho aceite, el aceite se asentar\u00e1 como una capa sobre la piel y evitar\u00e1 que el bronceado sin el sol entre correctamente.<\/p>\n<p><a href=\"http:\/\/cdn.finest.se\/wp-content\/uploads\/sites\/7701\/2015\/04\/1428832706-7902.jpg\"><img loading=\"lazy\" decoding=\"async\" class=\"alignnone size-full wp-image-3757\" src=\"http:\/\/cdn.finest.se\/wp-content\/uploads\/sites\/7701\/2015\/04\/1428832706-7902.jpg\" alt=\"exfoliante\" width=\"1000\" height=\"828\" \/><\/a><\/p>\n<p><strong>2. Seque la piel<\/strong><br \/>\nEs importante no estar h\u00famedo despu\u00e9s de la ducha, \u00a1seca bien la piel! Y si aplicas el marr\u00f3n sin sol inmediatamente despu\u00e9s, puede ser bueno si terminaste la ducha con una temperatura un poco m\u00e1s fresca, para que no tengas calor y sudes un poco despu\u00e9s de la ducha. La piel debe estar completamente seca.<\/p>\n<p><strong>3. Lubricar la piel con marr\u00f3n sin sol<\/strong><br \/>\nCon muchos marrones sin sol, se suele recomendar lubricar las zonas secas con una crema hidratante antes, para que la piel no absorba m\u00e1s crema all\u00ed y se oscurezca m\u00e1s que el resto de la piel. Sin embargo, no creo que necesites esto con Invisible tan, \u00a1ser\u00e1 suave de todos modos!<\/p>\n<p>Siempre empiezo por los pies, las piernas, el est\u00f3mago, la espalda (si\u00e9ntase libre de pedir ayuda para la espalda si es posible) y luego la cara, el pecho, los brazos y finalmente las manos. Por lo general, me lavo bien las manos inmediatamente despu\u00e9s (froto con un cepillo de u\u00f1as alrededor de las u\u00f1as y las palmas) y luego aplico solo en la parte superior de las manos. \u00a1Entonces obtienes un mejor resultado! Por cierto, simplemente lubr\u00edquese como con cualquier loci\u00f3n para la piel, tome lo suficiente (no muy poco, no demasiado) y masajee la piel para que la loci\u00f3n se aplique por todas partes.<\/p>\n<p>No olvides entre los dedos de los pies y entre los dedos de las manos, y tambi\u00e9n ten cuidado con el cuello y las orejas, estos son lugares comunes para perderse.<\/p>\n<p><a href=\"http:\/\/cdn.finest.se\/wp-content\/uploads\/sites\/7701\/2015\/04\/1428740640-7902.jpg\"><img loading=\"lazy\" decoding=\"async\" class=\"alignnone size-full wp-image-3732\" src=\"http:\/\/cdn.finest.se\/wp-content\/uploads\/sites\/7701\/2015\/04\/1428740640-7902.jpg\" alt=\"marr\u00f3n-sin-sol-en-manos-antes-despues\" width=\"1000\" height=\"408\" \/><\/a><\/p>\n<p><strong>Directamente despu\u00e9s<\/strong><br \/>\n\u00a1El bronceado invisible huele bien y penetra r\u00e1pidamente en la piel! No te secas el tabaco pero sientes que te has lubricado, pero tampoco est\u00e1s pegajoso y puedes vestirte casi de inmediato. Sin embargo, \u00a1es importante que no entre agua en la piel durante las primeras 6 horas!<\/p>\n<p>Normalmente me lubro por la noche y me acuesto de una vez, y despu\u00e9s de 8 horas de sue\u00f1o tienes una quemadura marr\u00f3n y agradable cuando te despiertas, y puedes ducharte si quieres sin que el color baje.<\/p>\n<p><strong>Mantener la quemadura<\/strong><br \/>\nSi desea un resultado a\u00fan m\u00e1s oscuro, \u00a1puede lubricarse una vez al d\u00eda siguiente! Pero para simplemente &quot;mantener viva la quemadura&quot;, recomiendo lubricar cada 3 o 4 d\u00edas, las c\u00e9lulas muertas de la piel desaparecen un poco todo el tiempo y, por lo tanto, la quemadura tambi\u00e9n se vuelve m\u00e1s y m\u00e1s brillante.<\/p>\n<p>Tambi\u00e9n es importante lubricarse tambi\u00e9n con loci\u00f3n hidratante regular los d\u00edas despu\u00e9s, sobre una piel sana, el bronceado sin sol desaparece de forma m\u00e1s discreta, de lo contrario puede desaparecer de forma desigual.<\/p>\n<p><strong>sustentabilidad<\/strong><br \/>\nSi no se lubrica en absoluto, el color casi desaparece despu\u00e9s de una semana, para m\u00ed toma alrededor de 9 d\u00edas. Es un poco individual porque se trata de la rapidez con la que desaparecen las c\u00e9lulas muertas de la piel.<\/p>\n<p><span style=\"text-decoration: underline\">Preguntas comunes:<\/span><\/p>\n<p><strong>\u00bfPor qu\u00e9 el resultado es irregular?<\/strong><br \/>\nSi tienes un buen bronceado sin sol, suele ser cuesti\u00f3n de que falten lugares a la hora de lubricarte, pero tambi\u00e9n puede deberse a que no te hayas fregado adecuadamente, que hayas sudado despu\u00e9s de la lubricaci\u00f3n o que hayas usado una crema de ducha que deja una &quot;membrana&quot; detr\u00e1s. Tambi\u00e9n creo que a algunas personas les resulta m\u00e1s f\u00e1cil volverse irregulares que a otras, aunque no est\u00e1 claro por qu\u00e9.<\/p>\n<p><a href=\"http:\/\/cdn.finest.se\/wp-content\/uploads\/sites\/7701\/2015\/04\/1428833151-7902.jpg\"><img loading=\"lazy\" decoding=\"async\" class=\"alignnone size-full wp-image-3758\" src=\"http:\/\/cdn.finest.se\/wp-content\/uploads\/sites\/7701\/2015\/04\/1428833151-7902.jpg\" alt=\"IMG_2117_111\" width=\"967\" height=\"1000\" \/><\/a><\/p>\n<p>As\u00ed luc\u00edan mis manos despu\u00e9s de un incidente con otro bronceado sin sol hace aproximadamente un a\u00f1o \u00a1jaja!<\/p>\n<p><strong>\u00bfPuedes guardar un resultado irregular?<\/strong><br \/>\nEl sol sin sol es bastante duro para la piel, pero creo que es muy efectivo tomar una ducha, calentar la piel y restregar la mancha.<\/p>\n<p><strong>\u00bfMancha la ropa y la ropa de cama?<\/strong><br \/>\nEl sol sin sol no se activa en la tela, por lo que si se derrama sobre una prenda o similar, no debe ponerse marr\u00f3n. Por otro lado, cuando tiene c\u00e9lulas marrones de la piel que se sueltan en los pr\u00f3ximos d\u00edas (a menudo en la cama, donde suda y se acuesta contra las s\u00e1banas), pueden adherirse a la tela y verse marrones. Esto suele desaparecer en la lavander\u00eda, pero si tienes s\u00e1banas blancas a las que temes, quiz\u00e1s no debas recostarte sobre ellas cuando uses el bronceado sin sol.<\/p>\n<p><strong>\u00bfSe puede tomar el sol con bronceado sin sol?<\/strong><br \/>\nS\u00ed, el bronceado sin sol no funciona como protector solar de ninguna manera, pero te vuelves tan moreno como si no te hubieras bronceado sin sol. Pero no est\u00e1 tan claro, porque ya est\u00e1s un poco marr\u00f3n falso.<\/p>\n<p><strong>\u00bfEco by Sonya huele como el cl\u00e1sico &quot;marr\u00f3n sin olor a sol&quot;?<\/strong><br \/>\nEl olor del bronceado sin sol no proviene de la crema, \u00a1es el proceso en la piel lo que huele!<\/p>\n<p><a href=\"http:\/\/cdn.finest.se\/wp-content\/uploads\/sites\/7701\/2015\/04\/1428741182-7902.jpg\"><img loading=\"lazy\" decoding=\"async\" class=\"alignnone size-full wp-image-3736\" src=\"http:\/\/cdn.finest.se\/wp-content\/uploads\/sites\/7701\/2015\/04\/1428741182-7902.jpg\" alt=\"eco-por-sonya-invisible-tan\" width=\"1000\" height=\"948\" \/><\/a><\/p>\n<p>\u00a1Espero que esta publicaci\u00f3n haya sido \u00fatil! Y como dije, Eco By Sonya Invisible tan ahora est\u00e1 encendido <a href=\"http:\/\/creativemakeup.se\/produkt\/eco-by-sonya-invisible-tan\/\" target=\"_blank\">Byher.se<\/a>! No lo es <em>solamente<\/em> el mejor bronceado sin sol que he probado, pero tambi\u00e9n org\u00e1nico y 100% natural! :)<\/p>\n<p>Los abrazos son \u2665<\/p>","protected":false},"excerpt":{"rendered":"<p>Ig\u00e5r lanserades Eco by Sonya p\u00e5 Byher.se &#8211; en ekologisk brun utan sol med 100% naturliga ingredienser! L\u00e4s mer info om ingredienserna och f\u00f6retaget i mitt tidigare inl\u00e4gg h\u00e4r om ni missat det :) H\u00e4r kommer lite tips p\u00e5 hur brun utan sol fungerar, och hur man anv\u00e4nder Eco by Sonyas brun utan sol Invisible [&hellip;]<\/p>\n","protected":false},"author":30,"featured_media":0,"comment_status":"open","ping_status":"open","sticky":false,"template":"","format":"standard","meta":{"footnotes":""},"categories":[40],"tags":[],"class_list":["post-3754","post","type-post","status-publish","format-standard","hentry","category-hudvard"],"yoast_head":"<!-- This site is optimized with the Yoast SEO Premium plugin v14.9 - https:\/\/yoast.com\/wordpress\/plugins\/seo\/ -->\n<meta name=\"description\" content=\"Hur funkar brun utan sol? | Helena Amiley - H\u00e4r hittar du senaste infromation om sk\u00f6nhet, livsstil, entrepren\u00f6rskap, makeup &amp; tips.\" \/>\n<meta name=\"robots\" content=\"index, follow, max-snippet:-1, max-image-preview:large, max-video-preview:-1\" \/>\n<link rel=\"canonical\" href=\"https:\/\/www.imakeyousmile.se\/es\/hur-funkar-brun-utan-sol\/\" \/>\n<meta property=\"og:locale\" content=\"es_ES\" \/>\n<meta property=\"og:type\" content=\"article\" \/>\n<meta property=\"og:title\" content=\"Hur funkar brun utan sol? | Imakeyousmile.se\" \/>\n<meta property=\"og:description\" content=\"Hur funkar brun utan sol? | Helena Amiley - H\u00e4r hittar du senaste infromation om sk\u00f6nhet, livsstil, entrepren\u00f6rskap, makeup &amp; tips.\" \/>\n<meta property=\"og:url\" content=\"https:\/\/www.imakeyousmile.se\/es\/hur-funkar-brun-utan-sol\/\" \/>\n<meta property=\"og:site_name\" content=\"Imakeyousmile.se\" \/>\n<meta property=\"article:author\" content=\"https:\/\/www.facebook.com\/imakeyousmile.se\" \/>\n<meta property=\"article:published_time\" content=\"2015-04-12T10:18:26+00:00\" \/>\n<meta property=\"og:image\" content=\"http:\/\/cdn.finest.se\/wp-content\/uploads\/sites\/7701\/2015\/04\/1428740642-7902.jpg\" \/>\n<meta name=\"twitter:card\" content=\"summary_large_image\" \/>\n<script type=\"application\/ld+json\" class=\"yoast-schema-graph\">{\"@context\":\"https:\/\/schema.org\",\"@graph\":[{\"@type\":\"Organization\",\"@id\":\"https:\/\/www.imakeyousmile.se\/es\/#organization\",\"name\":\"Imakeyousmile\",\"url\":\"https:\/\/www.imakeyousmile.se\/es\/\",\"sameAs\":[],\"logo\":{\"@type\":\"ImageObject\",\"@id\":\"https:\/\/www.imakeyousmile.se\/es\/#logo\",\"inLanguage\":\"es\",\"url\":\"https:\/\/www.imakeyousmile.se\/wp-content\/uploads\/2020\/10\/HELENA-AMILEY_SVART-1-e1603367975324.png\",\"width\":280,\"height\":93,\"caption\":\"Imakeyousmile\"},\"image\":{\"@id\":\"https:\/\/www.imakeyousmile.se\/es\/#logo\"}},{\"@type\":\"WebSite\",\"@id\":\"https:\/\/www.imakeyousmile.se\/es\/#website\",\"url\":\"https:\/\/www.imakeyousmile.se\/es\/\",\"name\":\"Imakeyousmile.se\",\"description\":\"Helena Amiley - Beauty, Entrepreneur, Lifestyle\",\"publisher\":{\"@id\":\"https:\/\/www.imakeyousmile.se\/es\/#organization\"},\"potentialAction\":[{\"@type\":\"SearchAction\",\"target\":\"https:\/\/www.imakeyousmile.se\/es\/?s={search_term_string}\",\"query-input\":\"required name=search_term_string\"}],\"inLanguage\":\"es\"},{\"@type\":\"ImageObject\",\"@id\":\"https:\/\/www.imakeyousmile.se\/hur-funkar-brun-utan-sol\/#primaryimage\",\"inLanguage\":\"es\",\"url\":\"http:\/\/cdn.finest.se\/wp-content\/uploads\/sites\/7701\/2015\/04\/1428740642-7902.jpg\"},{\"@type\":\"WebPage\",\"@id\":\"https:\/\/www.imakeyousmile.se\/hur-funkar-brun-utan-sol\/#webpage\",\"url\":\"https:\/\/www.imakeyousmile.se\/hur-funkar-brun-utan-sol\/\",\"name\":\"Hur funkar brun utan sol? | Imakeyousmile.se\",\"isPartOf\":{\"@id\":\"https:\/\/www.imakeyousmile.se\/es\/#website\"},\"primaryImageOfPage\":{\"@id\":\"https:\/\/www.imakeyousmile.se\/hur-funkar-brun-utan-sol\/#primaryimage\"},\"datePublished\":\"2015-04-12T10:18:26+00:00\",\"dateModified\":\"2015-04-12T10:18:26+00:00\",\"description\":\"Hur funkar brun utan sol? | Helena Amiley - H\\u00e4r hittar du senaste infromation om sk\\u00f6nhet, livsstil, entrepren\\u00f6rskap, makeup & tips.\",\"inLanguage\":\"es\",\"potentialAction\":[{\"@type\":\"ReadAction\",\"target\":[\"https:\/\/www.imakeyousmile.se\/hur-funkar-brun-utan-sol\/\"]}]},{\"@type\":\"Article\",\"@id\":\"https:\/\/www.imakeyousmile.se\/hur-funkar-brun-utan-sol\/#article\",\"isPartOf\":{\"@id\":\"https:\/\/www.imakeyousmile.se\/hur-funkar-brun-utan-sol\/#webpage\"},\"author\":{\"@id\":\"https:\/\/www.imakeyousmile.se\/es\/#\/schema\/person\/b0fd43b1c6bb1c60cfd68bff9b4a10fb\"},\"headline\":\"Hur funkar brun utan sol?\",\"datePublished\":\"2015-04-12T10:18:26+00:00\",\"dateModified\":\"2015-04-12T10:18:26+00:00\",\"mainEntityOfPage\":{\"@id\":\"https:\/\/www.imakeyousmile.se\/hur-funkar-brun-utan-sol\/#webpage\"},\"commentCount\":0,\"publisher\":{\"@id\":\"https:\/\/www.imakeyousmile.se\/es\/#organization\"},\"image\":{\"@id\":\"https:\/\/www.imakeyousmile.se\/hur-funkar-brun-utan-sol\/#primaryimage\"},\"articleSection\":\"Hudv\\u00e5rd\",\"inLanguage\":\"es\",\"potentialAction\":[{\"@type\":\"CommentAction\",\"name\":\"Comment\",\"target\":[\"https:\/\/www.imakeyousmile.se\/hur-funkar-brun-utan-sol\/#respond\"]}]},{\"@type\":\"Person\",\"@id\":\"https:\/\/www.imakeyousmile.se\/es\/#\/schema\/person\/b0fd43b1c6bb1c60cfd68bff9b4a10fb\",\"name\":\"Helena Amiley\",\"image\":{\"@type\":\"ImageObject\",\"@id\":\"https:\/\/www.imakeyousmile.se\/es\/#personlogo\",\"inLanguage\":\"es\",\"url\":\"https:\/\/secure.gravatar.com\/avatar\/5645558e1e355457a23368d7e1b4c904?s=96&d=mm&r=g\",\"caption\":\"Helena Amiley\"},\"description\":\"Jag skriver mest om sk\\u00f6nhet men bjuder \\u00e4ven p\\u00e5 glimtar fr\\u00e5n entrepren\\u00f6rlivet och bygget av v\\u00e5r egen camper van. Vanlife here we come!\",\"sameAs\":[\"https:\/\/www.facebook.com\/imakeyousmile.se\",\"https:\/\/www.instagram.com\/helenaamiley\",\"https:\/\/www.youtube.com\/channel\/UCR5iB6rvpV6Yr8ZjpQfr5mg?view_as=subscriber\"]}]}<\/script>\n<!-- \/ Yoast SEO Premium plugin. -->","_links":{"self":[{"href":"https:\/\/www.imakeyousmile.se\/es\/wp-json\/wp\/v2\/posts\/3754"}],"collection":[{"href":"https:\/\/www.imakeyousmile.se\/es\/wp-json\/wp\/v2\/posts"}],"about":[{"href":"https:\/\/www.imakeyousmile.se\/es\/wp-json\/wp\/v2\/types\/post"}],"author":[{"embeddable":true,"href":"https:\/\/www.imakeyousmile.se\/es\/wp-json\/wp\/v2\/users\/30"}],"replies":[{"embeddable":true,"href":"https:\/\/www.imakeyousmile.se\/es\/wp-json\/wp\/v2\/comments?post=3754"}],"version-history":[{"count":0,"href":"https:\/\/www.imakeyousmile.se\/es\/wp-json\/wp\/v2\/posts\/3754\/revisions"}],"wp:attachment":[{"href":"https:\/\/www.imakeyousmile.se\/es\/wp-json\/wp\/v2\/media?parent=3754"}],"wp:term":[{"taxonomy":"category","embeddable":true,"href":"https:\/\/www.imakeyousmile.se\/es\/wp-json\/wp\/v2\/categories?post=3754"},{"taxonomy":"post_tag","embeddable":true,"href":"https:\/\/www.imakeyousmile.se\/es\/wp-json\/wp\/v2\/tags?post=3754"}],"curies":[{"name":"wp","href":"https:\/\/api.w.org\/{rel}","templated":true}]}}