{"id":39126,"date":"2020-12-15T14:34:37","date_gmt":"2020-12-15T13:34:37","guid":{"rendered":"https:\/\/www.imakeyousmile.se\/?p=39126"},"modified":"2021-03-04T07:39:40","modified_gmt":"2021-03-04T06:39:40","slug":"lashlift","status":"publish","type":"post","link":"https:\/\/www.imakeyousmile.se\/es\/lashlift\/","title":{"rendered":"LashLift - Todo sobre el levantamiento de pesta\u00f1as (8 preguntas y respuestas + revisi\u00f3n)"},"content":{"rendered":"<p>Lashlift, Lash Lift, permanente de pesta\u00f1as, lifting de pesta\u00f1as, lifting de pesta\u00f1as, lifting de pesta\u00f1as o permanente de pesta\u00f1as, los ni\u00f1os queridos tienen muchos nombres. En esta gran gu\u00eda, repaso todo sobre el tema.<\/p>\n<p>El lifting de pesta\u00f1as o permanente de pesta\u00f1as es como suena un permanente para las pesta\u00f1as, se dobla hacia ellas con la ayuda de espirales. Llevamos casi 10 a\u00f1os realizando este tratamiento en el sal\u00f3n y recibo muchas preguntas al respecto. Por lo tanto, pens\u00e9 que revisar\u00eda todo sobre el levantamiento de pesta\u00f1as en esta publicaci\u00f3n.<\/p>\n<p><img loading=\"lazy\" decoding=\"async\" class=\"alignnone wp-image-39133 size-large\" src=\"https:\/\/www.imakeyousmile.se\/wp-content\/uploads\/2020\/12\/lash-lift-1024x1024.jpg\" alt=\"levantamiento de pesta\u00f1as, levantamiento de pesta\u00f1as, flecos permanentes, pesta\u00f1as permanentes\" width=\"696\" height=\"696\" srcset=\"https:\/\/www.imakeyousmile.se\/wp-content\/uploads\/2020\/12\/lash-lift-1024x1024.jpg 1024w, https:\/\/www.imakeyousmile.se\/wp-content\/uploads\/2020\/12\/lash-lift-300x300.jpg 300w, https:\/\/www.imakeyousmile.se\/wp-content\/uploads\/2020\/12\/lash-lift-150x150.jpg 150w, https:\/\/www.imakeyousmile.se\/wp-content\/uploads\/2020\/12\/lash-lift-768x768.jpg 768w, https:\/\/www.imakeyousmile.se\/wp-content\/uploads\/2020\/12\/lash-lift-12x12.jpg 12w, https:\/\/www.imakeyousmile.se\/wp-content\/uploads\/2020\/12\/lash-lift-696x696.jpg 696w, https:\/\/www.imakeyousmile.se\/wp-content\/uploads\/2020\/12\/lash-lift-1068x1068.jpg 1068w, https:\/\/www.imakeyousmile.se\/wp-content\/uploads\/2020\/12\/lash-lift-420x420.jpg 420w, https:\/\/www.imakeyousmile.se\/wp-content\/uploads\/2020\/12\/lash-lift.jpg 1080w\" sizes=\"(max-width: 696px) 100vw, 696px\" \/><\/p>\n<blockquote>\n<h2><span style=\"font-size: 24pt;\">Todo sobre el levantamiento de pesta\u00f1as: \u00a1la gran gu\u00eda!<\/span><\/h2>\n<\/blockquote>\n<p>Tabla de contenido de la gu\u00eda de lashlift:<\/p>\n<ol>\n<li><a href=\"#vad-ar-lashlift\">\u00bfQu\u00e9 es un lifting de pesta\u00f1as?<\/a><\/li>\n<li><a href=\"#hallbarhet-lashlift\">\u00bfCu\u00e1nto dura?<\/a><\/li>\n<li><a href=\"#lashlift-hemma\">\u00bfPuedes hacer un lifting de pesta\u00f1as en casa?<\/a><\/li>\n<li><a href=\"#lashlift-farligt\">\u00bfEs peligroso o da\u00f1ino?<\/a><\/li>\n<li><a href=\"#lashlift-fore-efter\">Fotos de antes y despu\u00e9s de lifting de pesta\u00f1as<\/a><\/li>\n<li><a href=\"#lashlift-linser\">\u00bfPuedes usar lentes al realizar el tratamiento?<\/a><\/li>\n<li><a href=\"#hur-gor-man-lashlift\">\u00bfC\u00f3mo levantar pesta\u00f1as?<\/a><\/li>\n<li><a href=\"#lashlift-pris\">\u00bfCu\u00e1nto cuesta y d\u00f3nde puedo hacerlo?<\/a><\/li>\n<li><a href=\"#lashlift-recension\">Mi revisi\u00f3n del levantamiento de pesta\u00f1as<\/a><\/li>\n<\/ol>\n<h4><a id=\"vad-ar-lashlift\"><\/a><span style=\"font-size: 18pt;\">\u00bfQu\u00e9 es un lifting de pesta\u00f1as?<\/span><\/h4>\n<p>Un lifting de pesta\u00f1as es una flexi\u00f3n permanente de las pesta\u00f1as, tambi\u00e9n llamada pesta\u00f1a permanente. De la misma forma que puedes hacer un cabello permanente, tambi\u00e9n puedes pesta\u00f1as permanentes.<\/p>\n<p>Algunos levantan pesta\u00f1as para evitar el r\u00edmel, otros lo hacen para obtener pesta\u00f1as correctamente rizadas que permanecen rizadas todo el d\u00eda. Es decir, puede ser dif\u00edcil de lograr con solo rizadores de pesta\u00f1as y r\u00edmel si tienes pesta\u00f1as rectas y rectas.<\/p>\n<p>Algunos tambi\u00e9n lo hacen para aumentar la longitud de las pesta\u00f1as. Si tiene pesta\u00f1as cortas que son dif\u00edciles de doblar con f\u00f3rceps, tienen experiencia <em>entonces<\/em> mucho m\u00e1s si obtiene otra curva \/ elevaci\u00f3n adecuada!<\/p>\n<h4>\u00bfQu\u00e9 son las extensiones de pesta\u00f1as permanentes?<\/h4>\n<p>\u00a1Exactamente lo mismo que el levantamiento de pesta\u00f1as! Pero el levantamiento de pesta\u00f1as es una palabra m\u00e1s nueva :)<\/p>\n<p>He trabajado con tratamientos de sal\u00f3n durante tanto tiempo que puedo usar la expresi\u00f3n &quot;en los viejos tiempos&quot; jaja. Luego, el levantamiento de pesta\u00f1as se denomin\u00f3 permanente de pesta\u00f1as. Entonces, una pregunta no del todo inusual era &quot;\u00bfqu\u00e9 permanente, entonces las pesta\u00f1as ser\u00e1n rizadas?&quot;.<\/p>\n<p>Por supuesto que no :) Permanente es simplemente que le das nueva forma al cabello. En el cabello, se vuelve rizado porque lo enrollas en carretes, mientras que las pesta\u00f1as se levantan hacia arriba porque las pegas hacia arriba (y no en un rollo).<\/p>\n<p>Muchos de los que realizan el tratamiento se capacitaron cuando lleg\u00f3 la tendencia alrededor de 2017-2018. Yo mismo hice este tratamiento por primera vez en 2013. Luego, sin embargo, las pesta\u00f1as comenzaron<em>extensi\u00f3n<\/em>\u00a0(que pegas pesta\u00f1as postizas) se puso de moda y, por lo tanto, las pesta\u00f1as permanentes no despegaron. Pero en 2017, muchas personas comenzaron a cansarse de las extensiones de pesta\u00f1as, comenz\u00f3 a escribirse cada vez m\u00e1s sobre las pesta\u00f1as permanentes. Luego, con el nuevo nombre &quot;levantamiento de pesta\u00f1as&quot; y en la primavera de 2018, \u00a1el sistema de reservas explot\u00f3 con tratamientos de levantamiento de pesta\u00f1as!<\/p>\n<p>Desde entonces, el lifting de pesta\u00f1as es nuestro tratamiento m\u00e1s popular :)<\/p>\n<h4><a id=\"hallbarhet-lashlift\"><\/a><span style=\"font-size: 18pt;\">\u00bfCu\u00e1nto dura el estiramiento de las pesta\u00f1as?<\/span><\/h4>\n<p>Debido a que es una flexi\u00f3n permanente de las pesta\u00f1as, el levantamiento de pesta\u00f1as dura tanto como sus propias pesta\u00f1as. As\u00ed, lo permanente desaparece y, cuando se pierde el flequillo, lo permanente desaparece.<\/p>\n<p>La duraci\u00f3n puede variar seg\u00fan el ciclo de flecos de diferentes personas y la calidad francesa, por lo general, tiene un ciclo de flecos de aproximadamente 8-12 semanas. Debido a que no reemplaza todas las pesta\u00f1as al mismo tiempo, pero pierde algunas de vez en cuando, el estiramiento de las pesta\u00f1as dura aprox. 4-8 semanas.<\/p>\n<p>Sin embargo, la mayor\u00eda de los tintes relacionados con el tratamiento y el color de las pesta\u00f1as duran hasta 6 semanas.<\/p>\n<p>Nuestros clientes habituales que realizan levantamientos de pesta\u00f1as regularmente se ti\u00f1en las pesta\u00f1as cada 5 semanas y los hacen cada dos veces (es decir, cada 10 semanas).<\/p>\n<p>En la imagen de abajo, ves mis pesta\u00f1as un mes despu\u00e9s del tratamiento, \u00a1entonces todav\u00eda se ven muy bien! :)<\/p>\n<p><img loading=\"lazy\" decoding=\"async\" class=\"alignnone wp-image-39131 size-large\" src=\"https:\/\/www.imakeyousmile.se\/wp-content\/uploads\/2020\/12\/lashlift-efter-4-veckor-1024x535.jpg\" alt=\"levantamiento de pesta\u00f1as, levantamiento de pesta\u00f1as, flecos permanentes, pesta\u00f1as permanentes\" width=\"696\" height=\"364\" srcset=\"https:\/\/www.imakeyousmile.se\/wp-content\/uploads\/2020\/12\/lashlift-efter-4-veckor-1024x535.jpg 1024w, https:\/\/www.imakeyousmile.se\/wp-content\/uploads\/2020\/12\/lashlift-efter-4-veckor-300x157.jpg 300w, https:\/\/www.imakeyousmile.se\/wp-content\/uploads\/2020\/12\/lashlift-efter-4-veckor-768x401.jpg 768w, https:\/\/www.imakeyousmile.se\/wp-content\/uploads\/2020\/12\/lashlift-efter-4-veckor-16x8.jpg 16w, https:\/\/www.imakeyousmile.se\/wp-content\/uploads\/2020\/12\/lashlift-efter-4-veckor-696x364.jpg 696w, https:\/\/www.imakeyousmile.se\/wp-content\/uploads\/2020\/12\/lashlift-efter-4-veckor-1068x558.jpg 1068w, https:\/\/www.imakeyousmile.se\/wp-content\/uploads\/2020\/12\/lashlift-efter-4-veckor-804x420.jpg 804w, https:\/\/www.imakeyousmile.se\/wp-content\/uploads\/2020\/12\/lashlift-efter-4-veckor.jpg 1200w\" sizes=\"(max-width: 696px) 100vw, 696px\" \/><\/p>\n<h5><span style=\"font-size: 14pt;\">\u00bfC\u00f3mo se consigue que un estiramiento de las pesta\u00f1as dure m\u00e1s?<\/span><\/h5>\n<p>Para que el lifting de pesta\u00f1as dure el mayor tiempo posible, es bueno cuidar las pesta\u00f1as. Esto se puede hacer con un acondicionador sin enjuague que cepille en el flequillo antes de acostarse.<\/p>\n<p>Tambi\u00e9n es importante no usar las pesta\u00f1as. \u00a1No se frote los ojos! Lavar el maquillaje con cuidado, preferiblemente con un desmaquillador que se disuelva eficazmente. Piense tambi\u00e9n en c\u00f3mo duerme, ya que algunos se acuestan mucho con la cabeza hacia abajo hacia la almohada para que pueda desgastarse en las pesta\u00f1as, lo que significa que pierde el levantamiento de pesta\u00f1as m\u00e1s r\u00e1pido. Hay por ejemplo m\u00e1scaras para los ojos \/ m\u00e1scaras para dormir que tienen forma de peque\u00f1as tazas, protege las pesta\u00f1as cuando duermes :)<\/p>\n<p>Incluso comer y sentirse bien da una buena calidad de cabello. Si comes mal o te sientes mal y te estresas, tambi\u00e9n afecta al cabello.<\/p>\n<h4><a id=\"lashlift-hemma\"><\/a><span style=\"font-size: 18pt;\">\u00bfPuedes hacer un lifting de pesta\u00f1as en casa?<\/span><\/h4>\n<p>Es posible hacer un lifting de pesta\u00f1as en casa y tambi\u00e9n en un sal\u00f3n. Sin embargo, puede ser muy dif\u00edcil hacerlo por su cuenta y probablemente necesite ayuda. Entonces probablemente demore mucho m\u00e1s y no sea tan bueno como alguien que trabaja con \u00e9l y hace varios nuevos al d\u00eda.<\/p>\n<p>Dicho esto, si est\u00e1 ansioso por intentar hacer un levantamiento de pesta\u00f1as en casa, hay varios kits para comprar con instrucciones. Sin embargo, no puedo recomendar nada porque lo que usamos en el sal\u00f3n no es de la misma marca. M\u00e1s abajo he hecho c\u00f3mo funciona, donde puedes ver c\u00f3mo puedes hacer lashlift en casa paso a paso.<\/p>\n<p>Una b\u00fasqueda r\u00e1pida en Google para un kit de levantamiento de pesta\u00f1as y probablemente encontrar\u00e1 algo que se ajuste. \u00a1Un buen consejo es leer rese\u00f1as! :)<\/p>\n<h4><a id=\"lashlift-farligt\"><\/a><span style=\"font-size: 18pt;\">\u00bfEl levantamiento de pesta\u00f1as es peligroso o da\u00f1ino y existen efectos secundarios?<\/span><\/h4>\n<p>Hemos realizado miles de levantamientos de pesta\u00f1as en el sal\u00f3n y tenemos varios cientos de clientes que regresan regularmente y lo han hecho durante varios a\u00f1os. El tratamiento en s\u00ed lo hemos realizado durante casi 10 a\u00f1os y ni siquiera un pu\u00f1ado ha recibido una reacci\u00f3n leve. Si eres m\u00e1s sensible a determinadas sustancias, siempre te recomendamos hacer una prueba de frotamiento antes de realizar el tratamiento por primera vez.<\/p>\n<p>Si realiza el tratamiento correctamente, no es peligroso ni da\u00f1ino y no hemos notado ning\u00fan efecto secundario.<\/p>\n<p>Por otro lado, si lo hace en casa o es descuidado, por supuesto puede aumentar los riesgos cuando trabaja cerca del ojo y puede que no piense en la higiene. \u00a1Es importante utilizar herramientas desinfectadas y materiales desechables! As\u00ed que tenga cuidado con hacer un lifting de pesta\u00f1as demasiado barato, el practicante no cobra lo suficiente por lo que tiene que guardarlo en alg\u00fan lugar y puede ser a tiempo o en materiales.<\/p>\n<p>La calidad de las pesta\u00f1as tambi\u00e9n juega un papel, si tiene un tiempo de efecto demasiado largo, puede arriesgarse a da\u00f1ar las pesta\u00f1as (sin embargo, esto no es un da\u00f1o permanente porque las pesta\u00f1as se reemplazan). Por tanto, no existe una duraci\u00f3n de acci\u00f3n &quot;universal&quot;, sino que depende de la calidad de las pesta\u00f1as. Despu\u00e9s de a\u00f1os de experiencia, aprendes a adaptar el tiempo a las pesta\u00f1as del cliente.<\/p>\n<h5><span style=\"font-size: 14pt;\">\u00bfPuedes salvar un levantamiento de pesta\u00f1as fallido?<\/span><\/h5>\n<p>Si ha realizado un levantamiento de las pesta\u00f1as fallido, ya sea por un carrete defectuoso o por un tiempo de trabajo demasiado alto, hay algunas cosas que puede hacer. Hice una publicaci\u00f3n completa sobre lo que puedes leer aqu\u00ed -&gt;\u00a0<em><a href=\"https:\/\/www.imakeyousmile.se\/es\/radda-misslyckad-ogonfranspermanent\/\">Guardar permanente de pesta\u00f1as fallidas<\/a><\/em>.<\/p>\n<p>Algunos terapeutas llaman a esto &quot;relajaci\u00f3n en el levantamiento de pesta\u00f1as&quot;, una forma de hacer que el levantamiento de pesta\u00f1as vuelva a enderezarse. Pero es posible que no desee que quede completamente recto, pero a\u00fan tenga una buena curva, eso es lo que he mostrado en la publicaci\u00f3n vinculada.<\/p>\n<h4><a id=\"lashlift-fore-efter\"><\/a><span style=\"font-size: 18pt;\">Fotos de antes y despu\u00e9s de lifting de pesta\u00f1as<\/span><\/h4>\n<p>Aqu\u00ed he hecho un peque\u00f1o collage de fotos de antes y despu\u00e9s del levantamiento de pesta\u00f1as con modelos ligeramente diferentes.<\/p>\n<p><img loading=\"lazy\" decoding=\"async\" class=\"alignnone wp-image-39135 size-large\" src=\"https:\/\/www.imakeyousmile.se\/wp-content\/uploads\/2020\/12\/lash-lift-fore-efter-1024x1024.jpg\" alt=\"levantamiento de pesta\u00f1as antes y despu\u00e9s\" width=\"696\" height=\"696\" srcset=\"https:\/\/www.imakeyousmile.se\/wp-content\/uploads\/2020\/12\/lash-lift-fore-efter-1024x1024.jpg 1024w, https:\/\/www.imakeyousmile.se\/wp-content\/uploads\/2020\/12\/lash-lift-fore-efter-300x300.jpg 300w, https:\/\/www.imakeyousmile.se\/wp-content\/uploads\/2020\/12\/lash-lift-fore-efter-150x150.jpg 150w, https:\/\/www.imakeyousmile.se\/wp-content\/uploads\/2020\/12\/lash-lift-fore-efter-768x768.jpg 768w, https:\/\/www.imakeyousmile.se\/wp-content\/uploads\/2020\/12\/lash-lift-fore-efter-12x12.jpg 12w, https:\/\/www.imakeyousmile.se\/wp-content\/uploads\/2020\/12\/lash-lift-fore-efter-696x696.jpg 696w, https:\/\/www.imakeyousmile.se\/wp-content\/uploads\/2020\/12\/lash-lift-fore-efter-1068x1068.jpg 1068w, https:\/\/www.imakeyousmile.se\/wp-content\/uploads\/2020\/12\/lash-lift-fore-efter-420x420.jpg 420w, https:\/\/www.imakeyousmile.se\/wp-content\/uploads\/2020\/12\/lash-lift-fore-efter.jpg 1080w\" sizes=\"(max-width: 696px) 100vw, 696px\" \/><\/p>\n<h4><a id=\"lashlift-linser\"><\/a><span style=\"font-size: 18pt;\">\u00bfPuedes usar lentes cuando haces un levantamiento l\u00e1ser?<\/span><\/h4>\n<p>Es posible llevar lentillas al realizar el tratamiento, sin embargo, recomendamos quitarlas cuando se trabaja cerca del ojo. Se frota mucho, especialmente si te ti\u00f1es las pesta\u00f1as despu\u00e9s.<\/p>\n<p>No porque suceda a menudo, pero ha sucedido que los clientes han abierto accidentalmente los ojos durante la coloraci\u00f3n de las pesta\u00f1as y que la lente se ha decolorado.<\/p>\n<h4><span style=\"font-size: 18pt;\"><a id=\"hur-gor-man-lashlift\"><\/a>\u00bfC\u00f3mo levantar pesta\u00f1as? (gradualmente)<\/span><\/h4>\n<p><img loading=\"lazy\" decoding=\"async\" class=\"alignnone wp-image-39132 size-large\" src=\"https:\/\/www.imakeyousmile.se\/wp-content\/uploads\/2020\/12\/lashlift-franspermanent-spole-1024x1024.jpg\" alt=\"levantamiento de pesta\u00f1as, levantamiento de pesta\u00f1as, flecos permanentes, pesta\u00f1as permanentes\" width=\"696\" height=\"696\" srcset=\"https:\/\/www.imakeyousmile.se\/wp-content\/uploads\/2020\/12\/lashlift-franspermanent-spole-1024x1024.jpg 1024w, https:\/\/www.imakeyousmile.se\/wp-content\/uploads\/2020\/12\/lashlift-franspermanent-spole-300x300.jpg 300w, https:\/\/www.imakeyousmile.se\/wp-content\/uploads\/2020\/12\/lashlift-franspermanent-spole-150x150.jpg 150w, https:\/\/www.imakeyousmile.se\/wp-content\/uploads\/2020\/12\/lashlift-franspermanent-spole-768x768.jpg 768w, https:\/\/www.imakeyousmile.se\/wp-content\/uploads\/2020\/12\/lashlift-franspermanent-spole-12x12.jpg 12w, https:\/\/www.imakeyousmile.se\/wp-content\/uploads\/2020\/12\/lashlift-franspermanent-spole-696x696.jpg 696w, https:\/\/www.imakeyousmile.se\/wp-content\/uploads\/2020\/12\/lashlift-franspermanent-spole-1068x1068.jpg 1068w, https:\/\/www.imakeyousmile.se\/wp-content\/uploads\/2020\/12\/lashlift-franspermanent-spole-420x420.jpg 420w, https:\/\/www.imakeyousmile.se\/wp-content\/uploads\/2020\/12\/lashlift-franspermanent-spole.jpg 1200w\" sizes=\"(max-width: 696px) 100vw, 696px\" \/><\/p>\n<ol>\n<li>Empiece por limpiar las pesta\u00f1as y los p\u00e1rpados con suciedad, maquillaje y r\u00edmel.<\/li>\n<li>Despu\u00e9s de eso, se selecciona una bobina en funci\u00f3n de los deseos y condiciones del cliente, es decir. pesta\u00f1as cortas o largas, m\u00e1s dobladas o menos dobladas. Hay muchas bobinas elevadoras de pesta\u00f1as para elegir.<\/li>\n<li>La bobina se aplica lo m\u00e1s cerca posible del borde franc\u00e9s.<\/li>\n<li>Las pesta\u00f1as se pegan al carrete seleccionado con la ayuda de un pegamento para pesta\u00f1as.<\/li>\n<li>Cuando las pesta\u00f1as est\u00e1n en posici\u00f3n, se aplica el primer l\u00edquido que abre el cabello. <em>La duraci\u00f3n de la acci\u00f3n puede variar seg\u00fan la calidad francesa, pero aprox. 5-15 minutos.<\/em><\/li>\n<li>Una vez que ha terminado de trabajar, se limpia y se aplica otro l\u00edquido que luego cierra el cabello y hace que el flequillo &quot;se pegue&quot; en la posici\u00f3n doblada. <em>La duraci\u00f3n de la acci\u00f3n puede variar seg\u00fan la calidad francesa, pero aprox. 5-15 minutos.<\/em><\/li>\n<li>Cuando el l\u00edquido de cierre haya funcionado claramente, l\u00edmpielo y luego disuelva el pegamento que se ha pegado a las pesta\u00f1as en el carrete y limpie el \u00e1rea.<\/li>\n<li>Si tambi\u00e9n quieres te\u00f1ir las pesta\u00f1as, hazlo inmediatamente despu\u00e9s del tratamiento, porque si lo haces antes, los l\u00edquidos permanentes pueden disolver el color de las pesta\u00f1as.<\/li>\n<li>Siempre terminamos con un acondicionador cuidadoso que se aplica en las pesta\u00f1as al final del tratamiento.<\/li>\n<\/ol>\n<p><em>Se recomienda dejar reposar las pesta\u00f1as durante al menos 24 horas despu\u00e9s del tratamiento y no exponerlas al agua, limpieza, frotamiento o estr\u00e9s similar.<\/em><\/p>\n<h4><span style=\"font-size: 18pt;\">Aqu\u00ed tambi\u00e9n puede ver una pel\u00edcula anterior sobre c\u00f3mo funciona:<\/span><\/h4>\n<div class=\"youtube-embed\" data-video_id=\"wuykzVLEECw\"><iframe loading=\"lazy\" title=\"Permanente de pesta\u00f1as: as\u00ed es como funciona\" width=\"696\" height=\"392\" src=\"https:\/\/www.youtube.com\/embed\/wuykzVLEECw?feature=oembed&#038;enablejsapi=1\" frameborder=\"0\" allow=\"accelerometer; autoplay; clipboard-write; encrypted-media; gyroscope; picture-in-picture\" allowfullscreen><\/iframe><\/div>\n<h4><a id=\"lashlift-pris\"><\/a><span style=\"font-size: 18pt;\">\u00bfCu\u00e1nto cuesta y d\u00f3nde puedo hacer el lifting de pesta\u00f1as?<\/span><\/h4>\n<p>El precio del lashlift var\u00eda seg\u00fan el sal\u00f3n que elija. A continuaci\u00f3n, he enumerado los precios del levantamiento de pesta\u00f1as en algunas ciudades diferentes de Suecia.<\/p>\n<h4><span style=\"font-size: 14pt;\">LashLift Uppsala<\/span><\/h4>\n<p>El precio es de 795 SEK por solo levantamiento de pesta\u00f1as y de 895 SEK con coloraci\u00f3n de pesta\u00f1as tambi\u00e9n.<\/p>\n<h5><span style=\"font-size: 12pt;\">Reserve una cita para un lifting de pesta\u00f1as en Uppsala<\/span><\/h5>\n<p>Si desea reservar una cita para un lifting de pesta\u00f1as en Uppsala, puede hacerlo en el sitio web de mi sal\u00f3n, <a href=\"http:\/\/creativemakeup.se\/boka-tid\/\">Maquillaje Creativo<\/a>. El precio del lashlift o cualquier otro tratamiento se puede encontrar en la p\u00e1gina con, <a href=\"https:\/\/creativemakeup.se\/fransar-bryn-behandlingar-priser\/\">Lista de precios - Fransar &amp; Bryn<\/a>.<\/p>\n<h4 style=\"text-align: center;\">Nuestro sal\u00f3n en Uppsala que realiza lashlift<\/h4>\n<p style=\"text-align: center;\"><a href=\"https:\/\/www.creativemakeup.se\"><em>Maquillaje creativo Uppsala<\/em><\/a><\/p>\n<h4><span style=\"font-size: 14pt;\">LashLift Estocolmo<\/span><\/h4>\n<p>No puedo recomendar ning\u00fan sal\u00f3n espec\u00edfico en Estocolmo que haga lashlift, pero con una b\u00fasqueda r\u00e1pida en Google surgieron estos. Recomiendo leer rese\u00f1as de clientes anteriores y mirar la p\u00e1gina de Facebook de cada sal\u00f3n si est\u00e1 interesado en hacer alg\u00fan tratamiento.<\/p>\n<p>Los precios de un lifting de pesta\u00f1as en Estocolmo rondan las 1.000 SEK y var\u00edan seg\u00fan el sal\u00f3n y el m\u00e9dico.<\/p>\n<h4 style=\"text-align: center;\">Salones en Estocolmo que realizan lashlift<\/h4>\n<p style=\"text-align: center;\"><em><a href=\"https:\/\/beautyloft.se\">Beauty Loft Estocolmo<\/a> \/\u00a0<a href=\"https:\/\/stockholmlashlounge.nu\">Stockholm Lash Lounge<\/a>\u00a0\/ <a href=\"https:\/\/beautylounge.se\/\">Beauty Lounge Estocolmo<\/a><\/em><\/p>\n<p style=\"text-align: center;\"><span style=\"font-size: 10pt;\">(Nota! No he visitado ninguno de estos por lo que no puedo recomendarlos, son solo sugerencias para algunos salones que realizan el tratamiento en Estocolmo.)<\/span><\/p>\n<h4><span style=\"font-size: 14pt;\">LashLift Malm\u00f6<\/span><\/h4>\n<p>No puedo recomendar ning\u00fan sal\u00f3n espec\u00edfico en Malm\u00f6 que tenga lashlift, pero surgieron durante mi b\u00fasqueda en Google. Si quieres hacer lashlift en Malm\u00f6, te recomiendo que busques en el sal\u00f3n que quieras visitar en las redes sociales y consultes las rese\u00f1as y los comentarios.<\/p>\n<p>El precio de un lifting de pesta\u00f1as en Malm\u00f6 oscila entre 500 SEK y 1.500 SEK y var\u00eda seg\u00fan el sal\u00f3n y el m\u00e9dico.<\/p>\n<h4 style=\"text-align: center;\">Salones en Malm\u00f6 que realizan lashlift<\/h4>\n<p style=\"text-align: center;\"><em><a href=\"https:\/\/www.completebeauty.se\/hem\">Belleza completa Malm\u00f6<\/a> \/ <a href=\"https:\/\/www.topptilltaskonhetochhalsa.com\">Belleza y salud de pies a cabeza<\/a> \/ <a href=\"https:\/\/estetikspecialisten.se\">Especialista en est\u00e9tica Malm\u00f6<\/a><\/em><\/p>\n<p style=\"text-align: center;\"><span style=\"font-size: 10pt;\"><em>(Nota! No he visitado ninguno de estos por lo que no puedo recomendarlos, son solo sugerencias para algunos salones que realizan el tratamiento en Malm\u00f6.)<\/em><\/span><\/p>\n<h4><span style=\"font-size: 14pt;\">LashLift Gotemburgo<\/span><\/h4>\n<p>No he estado en Gotemburgo y no he realizado el estiramiento l\u00e1ser, por lo que no puedo recomendar ning\u00fan sal\u00f3n espec\u00edfico en Gotemburgo que lo haga. Sin embargo, he encontrado estos salones, si vas a hacer un lifting de pesta\u00f1as en Gotemburgo, te recomiendo que consultes las redes sociales del sal\u00f3n y leas rese\u00f1as y comentarios de clientes anteriores.<\/p>\n<p>Los precios de los levantamientos de pesta\u00f1as en Gotemburgo oscilan entre 500 SEK y 1.500 SEK y var\u00edan seg\u00fan el sal\u00f3n y el m\u00e9dico.<\/p>\n<h4 style=\"text-align: center;\">Salones en Gotemburgo que realizan lashlift<\/h4>\n<p style=\"text-align: center;\"><em><a href=\"https:\/\/studioaroma.se\">Estudio de aroma<\/a> \/ <a href=\"https:\/\/www.beautyboutiquegot.com\">Boutique de Belleza<\/a> \/ <a href=\"https:\/\/egoistegbg.se\">EgoisteGBG<\/a><\/em><\/p>\n<p style=\"text-align: center;\"><span style=\"font-size: 10pt;\">(Nota! No he visitado ninguno de estos por lo que no puedo recomendarlos, son solo sugerencias para algunos salones que realizan el tratamiento en Gotemburgo.)<\/span><\/p>\n<h4><span style=\"font-size: 14pt;\">LashLift J\u00f6nk\u00f6ping<\/span><\/h4>\n<p>No puedo recomendar personalmente ning\u00fan sal\u00f3n en J\u00f6nk\u00f6ping que tenga lashlift. Sin embargo, he encontrado algunos salones que hacen lashlift en J\u00f6nk\u00f6ping, si est\u00e1 interesado en hacer lashlift en J\u00f6nk\u00f6ping, le recomiendo que busque en las redes sociales rese\u00f1as y comentarios sobre el sal\u00f3n que desea visitar.<\/p>\n<p>Los precios del lashlift en J\u00f6nkping var\u00edan seg\u00fan el sal\u00f3n y los profesionales, seg\u00fan el sal\u00f3n, los precios oscilan entre 500 SEK y 1.500 SEK.<\/p>\n<h4 style=\"text-align: center;\">Salones en J\u00f6nk\u00f6ping que realizan lashlift<\/h4>\n<p style=\"text-align: center;\"><em><a href=\"https:\/\/www.skonajag.nu\">Me encanta j\u00f6nk\u00f6ping<\/a> \/ <a href=\"https:\/\/5sinnen.se\">Sal\u00f3n 5 Sentidos<\/a> \/ <a href=\"https:\/\/www.hudoteket.se\">Hudoteket J\u00f6nk\u00f6ping<\/a><\/em><\/p>\n<p style=\"text-align: center;\"><span style=\"font-size: 10pt;\">(Nota! No he visitado ninguno de estos por lo que no puedo recomendarlos, son solo sugerencias para algunos salones que realizan el tratamiento en J\u00f6nk\u00f6ping.)<\/span><\/p>\n<blockquote>\n<h2><a id=\"lashlift-recension\"><\/a><span style=\"font-size: 24pt;\">Mi revisi\u00f3n de lashlift<\/span><\/h2>\n<\/blockquote>\n<p>Si no hubiera hecho tanto maquillaje paso a paso en el blog, \u00a1me hubiera levantado las pesta\u00f1as de manera uniforme! Pero cuando las pesta\u00f1as est\u00e1n levantadas, estorban cuando tengo que mostrar c\u00f3mo aplico diferentes sombras de ojos. Se est\u00e1 volviendo un poco loco :)<\/p>\n<p>\u00a1Por eso suelo levantar pesta\u00f1as cuando tengo vacaciones! \u00a1Oh, qu\u00e9 lujoso se siente entonces!<\/p>\n<p>Adem\u00e1s, tambi\u00e9n me tatu\u00e9 un delineador de pesta\u00f1as negro (delineador de ojos claro) y un delineador de ojos claro (a lo largo de la l\u00ednea de flotaci\u00f3n), as\u00ed que cuando hago el levantamiento de pesta\u00f1as, mis ojos son tan hermosos, tan hermosos.<\/p>\n<p><img loading=\"lazy\" decoding=\"async\" class=\"alignnone wp-image-36317 size-large\" src=\"https:\/\/www.imakeyousmile.se\/wp-content\/uploads\/2020\/01\/IMG_2557-kopia-1024x941.jpg\" alt=\"levantamiento de pesta\u00f1as r\u00edmel transparente ojos sin maquillaje maquillaje permanente delineador de ojos tatuado\" width=\"696\" height=\"640\" srcset=\"https:\/\/www.imakeyousmile.se\/wp-content\/uploads\/2020\/01\/IMG_2557-kopia-1024x941.jpg 1024w, https:\/\/www.imakeyousmile.se\/wp-content\/uploads\/2020\/01\/IMG_2557-kopia-300x276.jpg 300w, https:\/\/www.imakeyousmile.se\/wp-content\/uploads\/2020\/01\/IMG_2557-kopia-768x706.jpg 768w, https:\/\/www.imakeyousmile.se\/wp-content\/uploads\/2020\/01\/IMG_2557-kopia-1536x1412.jpg 1536w, https:\/\/www.imakeyousmile.se\/wp-content\/uploads\/2020\/01\/IMG_2557-kopia-2048x1883.jpg 2048w, https:\/\/www.imakeyousmile.se\/wp-content\/uploads\/2020\/01\/IMG_2557-kopia-13x12.jpg 13w, https:\/\/www.imakeyousmile.se\/wp-content\/uploads\/2020\/01\/IMG_2557-kopia-696x640.jpg 696w, https:\/\/www.imakeyousmile.se\/wp-content\/uploads\/2020\/01\/IMG_2557-kopia-1068x982.jpg 1068w, https:\/\/www.imakeyousmile.se\/wp-content\/uploads\/2020\/01\/IMG_2557-kopia-457x420.jpg 457w, https:\/\/www.imakeyousmile.se\/wp-content\/uploads\/2020\/01\/IMG_2557-kopia-20x18.jpg 20w\" sizes=\"(max-width: 696px) 100vw, 696px\" \/><\/p>\n<p>\u00a1Aqu\u00ed no tengo maquillaje para los ojos! Solo base y labios.<\/p>\n<p>Si me maquillo, suelo aplicar un cuidado gel de peinado para las pesta\u00f1as, se vuelve como una m\u00e1scara de pesta\u00f1as transparente. En parte para darles un poco de brillo pero tambi\u00e9n para eliminar los restos de polvos y cosas que acaban en las pesta\u00f1as cuando me maquillo.<\/p>\n<p><img loading=\"lazy\" decoding=\"async\" class=\"alignnone wp-image-36315 size-large\" src=\"https:\/\/www.imakeyousmile.se\/wp-content\/uploads\/2020\/01\/eyeliner-och-fransar-permanent-1024x772.jpg\" alt=\"delineador de ojos tatuado, delineador interno, levantamiento de pesta\u00f1as, color de pesta\u00f1as, ojos de tatuaje cosm\u00e9tico\" width=\"696\" height=\"525\" srcset=\"https:\/\/www.imakeyousmile.se\/wp-content\/uploads\/2020\/01\/eyeliner-och-fransar-permanent-1024x772.jpg 1024w, https:\/\/www.imakeyousmile.se\/wp-content\/uploads\/2020\/01\/eyeliner-och-fransar-permanent-300x226.jpg 300w, https:\/\/www.imakeyousmile.se\/wp-content\/uploads\/2020\/01\/eyeliner-och-fransar-permanent-768x579.jpg 768w, https:\/\/www.imakeyousmile.se\/wp-content\/uploads\/2020\/01\/eyeliner-och-fransar-permanent-80x60.jpg 80w, https:\/\/www.imakeyousmile.se\/wp-content\/uploads\/2020\/01\/eyeliner-och-fransar-permanent-696x525.jpg 696w, https:\/\/www.imakeyousmile.se\/wp-content\/uploads\/2020\/01\/eyeliner-och-fransar-permanent-1068x805.jpg 1068w, https:\/\/www.imakeyousmile.se\/wp-content\/uploads\/2020\/01\/eyeliner-och-fransar-permanent-557x420.jpg 557w\" sizes=\"(max-width: 696px) 100vw, 696px\" \/><\/p>\n<p><strong>Lea tambi\u00e9n mis otras publicaciones sobre Levantamiento de cejas \/ Laminaci\u00f3n de cejas y c\u00f3mo guardar las pesta\u00f1as permanentes fallidas<\/strong>:<\/p>\n<ul>\n<li><a href=\"https:\/\/www.imakeyousmile.se\/es\/allt-om-brow-lift\/\">Todo sobre Levantamiento de cejas \/ Laminaci\u00f3n de cejas<\/a><\/li>\n<li><a href=\"https:\/\/www.imakeyousmile.se\/es\/radda-misslyckad-ogonfranspermanent\/\">Guardar permanente de pesta\u00f1as fallidas<\/a><\/li>\n<\/ul>\n<p>Tambi\u00e9n hay algunas marcas diferentes de estiramiento de pesta\u00f1as, incluidas las pesta\u00f1as LVL y las pesta\u00f1as Yumi. Pueden diferir ligeramente, pero en gran parte son el mismo tratamiento.<\/p>\n<p>\u00a1Espero que tenga respuestas a todas sus preguntas sobre lashlift! En caso de que tenga alguna pregunta o inquietud que no pueda responder, por favor comente a continuaci\u00f3n y lo resolveremos tambi\u00e9n. :)<\/p>","protected":false},"excerpt":{"rendered":"<p>Lashlift, Lash Lift, franspermanent, \u00f6gonfrans lyft, franslyft, eyelash lift eller \u00f6gonfranspermanent, k\u00e4rt barn har m\u00e5nga namn. I denna stora guide g\u00e5r jag igenom allt om \u00e4mnet! Lash lift eller \u00f6gonfranspermanent \u00e4r som det l\u00e5ter en permanent f\u00f6r \u00f6gonfransarna, man b\u00f6jer allts\u00e5 till dem med hj\u00e4lp av spolar. Vi har utf\u00f6rt denna behandling p\u00e5 salongen i [&hellip;]<\/p>\n","protected":false},"author":30,"featured_media":39161,"comment_status":"open","ping_status":"closed","sticky":false,"template":"","format":"standard","meta":{"footnotes":""},"categories":[61,6997],"tags":[7540,7547,7533,7542,7539,7541,7534,7543,6690,7535,7536,7538,7537,7544,7545,3615,7546],"class_list":["post-39126","post","type-post","status-publish","format-standard","has-post-thumbnail","hentry","category-ogonfransar","category-skonhet","tag-falsies-lash-lift-mascara","tag-keratin-lashlift","tag-lash-lift","tag-lash-lift-biverkningar","tag-lash-lift-farligt","tag-lash-lift-malmo","tag-lash-lift-stockholm","tag-lash-lift-sverige","tag-lash-lift-uppsala","tag-lashlift","tag-lashlift-goteborg","tag-lashlift-hemma","tag-lashlift-jonkoping","tag-lashlift-uppsala","tag-lvl-lash-lift","tag-ogonfranspermanent","tag-yumi-lashes"],"yoast_head":"<!-- This site is optimized with the Yoast SEO Premium plugin v14.9 - https:\/\/yoast.com\/wordpress\/plugins\/seo\/ -->\n<meta name=\"description\" content=\"Lashlift, Lash Lift, franspermanent eller \u00f6gonfranspermanent, k\u00e4rt barn har m\u00e5nga namn. I denna guide g\u00e5r jag igenom allt om \u00f6gonfrans lyft!\" \/>\n<meta name=\"robots\" content=\"index, follow, max-snippet:-1, max-image-preview:large, max-video-preview:-1\" \/>\n<link rel=\"canonical\" href=\"https:\/\/www.imakeyousmile.se\/es\/lashlift\/\" \/>\n<meta property=\"og:locale\" content=\"es_ES\" \/>\n<meta property=\"og:type\" content=\"article\" \/>\n<meta property=\"og:title\" content=\"LashLift - Allt om Lash Lift (8 fr\u00e5gor &amp; svar + recension)\" \/>\n<meta property=\"og:description\" content=\"Lashlift, Lash Lift, franspermanent eller \u00f6gonfranspermanent, k\u00e4rt barn har m\u00e5nga namn. I denna guide g\u00e5r jag igenom allt om \u00f6gonfrans lyft!\" \/>\n<meta property=\"og:url\" content=\"https:\/\/www.imakeyousmile.se\/es\/lashlift\/\" \/>\n<meta property=\"og:site_name\" content=\"Imakeyousmile.se\" \/>\n<meta property=\"article:author\" content=\"https:\/\/www.facebook.com\/imakeyousmile.se\" \/>\n<meta property=\"article:published_time\" content=\"2020-12-15T13:34:37+00:00\" \/>\n<meta property=\"article:modified_time\" content=\"2021-03-04T06:39:40+00:00\" \/>\n<meta property=\"og:image\" content=\"https:\/\/www.imakeyousmile.se\/wp-content\/uploads\/2020\/12\/lash-lift-social.jpg\" \/>\n\t<meta property=\"og:image:width\" content=\"1080\" \/>\n\t<meta property=\"og:image:height\" content=\"534\" \/>\n<meta name=\"twitter:card\" content=\"summary_large_image\" \/>\n<meta name=\"twitter:image\" content=\"https:\/\/www.imakeyousmile.se\/wp-content\/uploads\/2020\/12\/lash-lift-social.jpg\" \/>\n<script type=\"application\/ld+json\" class=\"yoast-schema-graph\">{\"@context\":\"https:\/\/schema.org\",\"@graph\":[{\"@type\":\"Organization\",\"@id\":\"https:\/\/www.imakeyousmile.se\/es\/#organization\",\"name\":\"Imakeyousmile\",\"url\":\"https:\/\/www.imakeyousmile.se\/es\/\",\"sameAs\":[],\"logo\":{\"@type\":\"ImageObject\",\"@id\":\"https:\/\/www.imakeyousmile.se\/es\/#logo\",\"inLanguage\":\"es\",\"url\":\"https:\/\/www.imakeyousmile.se\/wp-content\/uploads\/2020\/10\/HELENA-AMILEY_SVART-1-e1603367975324.png\",\"width\":280,\"height\":93,\"caption\":\"Imakeyousmile\"},\"image\":{\"@id\":\"https:\/\/www.imakeyousmile.se\/es\/#logo\"}},{\"@type\":\"WebSite\",\"@id\":\"https:\/\/www.imakeyousmile.se\/es\/#website\",\"url\":\"https:\/\/www.imakeyousmile.se\/es\/\",\"name\":\"Imakeyousmile.se\",\"description\":\"Helena Amiley - Beauty, Entrepreneur, Lifestyle\",\"publisher\":{\"@id\":\"https:\/\/www.imakeyousmile.se\/es\/#organization\"},\"potentialAction\":[{\"@type\":\"SearchAction\",\"target\":\"https:\/\/www.imakeyousmile.se\/es\/?s={search_term_string}\",\"query-input\":\"required name=search_term_string\"}],\"inLanguage\":\"es\"},{\"@type\":\"ImageObject\",\"@id\":\"https:\/\/www.imakeyousmile.se\/lashlift\/#primaryimage\",\"inLanguage\":\"es\",\"url\":\"https:\/\/www.imakeyousmile.se\/wp-content\/uploads\/2020\/12\/lash-lift-utvald-bild-uppsala.jpg\",\"width\":2000,\"height\":1453},{\"@type\":\"WebPage\",\"@id\":\"https:\/\/www.imakeyousmile.se\/lashlift\/#webpage\",\"url\":\"https:\/\/www.imakeyousmile.se\/lashlift\/\",\"name\":\"LashLift - Allt om Lash Lift (8 fr\\u00e5gor & svar + recension)\",\"isPartOf\":{\"@id\":\"https:\/\/www.imakeyousmile.se\/es\/#website\"},\"primaryImageOfPage\":{\"@id\":\"https:\/\/www.imakeyousmile.se\/lashlift\/#primaryimage\"},\"datePublished\":\"2020-12-15T13:34:37+00:00\",\"dateModified\":\"2021-03-04T06:39:40+00:00\",\"description\":\"Lashlift, Lash Lift, franspermanent eller \\u00f6gonfranspermanent, k\\u00e4rt barn har m\\u00e5nga namn. I denna guide g\\u00e5r jag igenom allt om \\u00f6gonfrans lyft!\",\"inLanguage\":\"es\",\"potentialAction\":[{\"@type\":\"ReadAction\",\"target\":[\"https:\/\/www.imakeyousmile.se\/lashlift\/\"]}]},{\"@type\":\"Article\",\"@id\":\"https:\/\/www.imakeyousmile.se\/lashlift\/#article\",\"isPartOf\":{\"@id\":\"https:\/\/www.imakeyousmile.se\/lashlift\/#webpage\"},\"author\":{\"@id\":\"https:\/\/www.imakeyousmile.se\/es\/#\/schema\/person\/b0fd43b1c6bb1c60cfd68bff9b4a10fb\"},\"headline\":\"LashLift &#8211; Allt om Lash Lift (8 fr\\u00e5gor &#038; svar + recension)\",\"datePublished\":\"2020-12-15T13:34:37+00:00\",\"dateModified\":\"2021-03-04T06:39:40+00:00\",\"mainEntityOfPage\":{\"@id\":\"https:\/\/www.imakeyousmile.se\/lashlift\/#webpage\"},\"commentCount\":2,\"publisher\":{\"@id\":\"https:\/\/www.imakeyousmile.se\/es\/#organization\"},\"image\":{\"@id\":\"https:\/\/www.imakeyousmile.se\/lashlift\/#primaryimage\"},\"keywords\":\"falsies lash lift mascara,keratin lashlift,lash lift,lash lift biverkningar,lash lift farligt,lash lift malm\\u00f6,lash lift stockholm,lash lift sverige,lash lift uppsala,lashlift,lashlift g\\u00f6teborg,lashlift hemma,lashlift j\\u00f6nk\\u00f6ping,lashlift uppsala,lvl lash lift,\\u00f6gonfranspermanent,yumi lashes\",\"articleSection\":\"\\u00d6gonfransar,Sk\\u00f6nhet\",\"inLanguage\":\"es\",\"potentialAction\":[{\"@type\":\"CommentAction\",\"name\":\"Comment\",\"target\":[\"https:\/\/www.imakeyousmile.se\/lashlift\/#respond\"]}]},{\"@type\":\"Person\",\"@id\":\"https:\/\/www.imakeyousmile.se\/es\/#\/schema\/person\/b0fd43b1c6bb1c60cfd68bff9b4a10fb\",\"name\":\"Helena Amiley\",\"image\":{\"@type\":\"ImageObject\",\"@id\":\"https:\/\/www.imakeyousmile.se\/es\/#personlogo\",\"inLanguage\":\"es\",\"url\":\"https:\/\/secure.gravatar.com\/avatar\/5645558e1e355457a23368d7e1b4c904?s=96&d=mm&r=g\",\"caption\":\"Helena Amiley\"},\"description\":\"Jag skriver mest om sk\\u00f6nhet men bjuder \\u00e4ven p\\u00e5 glimtar fr\\u00e5n entrepren\\u00f6rlivet och bygget av v\\u00e5r egen camper van. Vanlife here we come!\",\"sameAs\":[\"https:\/\/www.facebook.com\/imakeyousmile.se\",\"https:\/\/www.instagram.com\/helenaamiley\",\"https:\/\/www.youtube.com\/channel\/UCR5iB6rvpV6Yr8ZjpQfr5mg?view_as=subscriber\"]}]}<\/script>\n<!-- \/ Yoast SEO Premium plugin. -->","_links":{"self":[{"href":"https:\/\/www.imakeyousmile.se\/es\/wp-json\/wp\/v2\/posts\/39126"}],"collection":[{"href":"https:\/\/www.imakeyousmile.se\/es\/wp-json\/wp\/v2\/posts"}],"about":[{"href":"https:\/\/www.imakeyousmile.se\/es\/wp-json\/wp\/v2\/types\/post"}],"author":[{"embeddable":true,"href":"https:\/\/www.imakeyousmile.se\/es\/wp-json\/wp\/v2\/users\/30"}],"replies":[{"embeddable":true,"href":"https:\/\/www.imakeyousmile.se\/es\/wp-json\/wp\/v2\/comments?post=39126"}],"version-history":[{"count":17,"href":"https:\/\/www.imakeyousmile.se\/es\/wp-json\/wp\/v2\/posts\/39126\/revisions"}],"predecessor-version":[{"id":39880,"href":"https:\/\/www.imakeyousmile.se\/es\/wp-json\/wp\/v2\/posts\/39126\/revisions\/39880"}],"wp:featuredmedia":[{"embeddable":true,"href":"https:\/\/www.imakeyousmile.se\/es\/wp-json\/wp\/v2\/media\/39161"}],"wp:attachment":[{"href":"https:\/\/www.imakeyousmile.se\/es\/wp-json\/wp\/v2\/media?parent=39126"}],"wp:term":[{"taxonomy":"category","embeddable":true,"href":"https:\/\/www.imakeyousmile.se\/es\/wp-json\/wp\/v2\/categories?post=39126"},{"taxonomy":"post_tag","embeddable":true,"href":"https:\/\/www.imakeyousmile.se\/es\/wp-json\/wp\/v2\/tags?post=39126"}],"curies":[{"name":"wp","href":"https:\/\/api.w.org\/{rel}","templated":true}]}}