{"id":39274,"date":"2021-03-04T19:25:04","date_gmt":"2021-03-04T18:25:04","guid":{"rendered":"https:\/\/www.imakeyousmile.se\/?p=39274"},"modified":"2021-03-04T19:48:46","modified_gmt":"2021-03-04T18:48:46","slug":"ida-warg-brun-utan-sol-recension","status":"publish","type":"post","link":"https:\/\/www.imakeyousmile.se\/es\/ida-warg-brown-sin-sol-review\/","title":{"rendered":"Ida Warg Brown Without Sun (BUS) - Rostro y cuerpo (Revisi\u00f3n)"},"content":{"rendered":"<p>Ahora he probado el marr\u00f3n Ida Warg sin sol, tanto para rostro como para cuerpo. \u00a1Aqu\u00ed est\u00e1 mi revisi\u00f3n de Ida Warg BUS!<\/p>\n<p>No s\u00e9 si este bronceado sin sol es &quot;el mejor en la prueba&quot;, ya que no he probado otras marcas \/ nuevas en mucho tiempo, pero revis\u00e9 muchos productos de BUS hace unos a\u00f1os y tambi\u00e9n he sido revendedor de una marca. De todos modos, tengo mucha experiencia :)<\/p>\n<p>Una noticia emocionante son las gotas bronceadoras, es marr\u00f3n sin sol que se deja caer en su crema de noche o de d\u00eda para obtener un resultado besado por el sol. \u00a1M\u00e1s sobre esto m\u00e1s abajo!<\/p>\n<p>En esta gran rese\u00f1a y gu\u00eda repaso el bronceado de Ida Warg sin sol y c\u00f3mo usarlo. Tambi\u00e9n obtendr\u00e1 respuestas a preguntas como: \u00bfC\u00f3mo deshacerse del bronceado sin sol? \u00bfCu\u00e1nto tiempo dura el marr\u00f3n sin sol? &amp; \u00bfC\u00f3mo aplicar el bronceado sin sol?<\/p>\n<h4 style=\"text-align: center;\">Contenido de la revisi\u00f3n de Ida Warg BUS:<\/h4>\n<p style=\"text-align: center;\"><a href=\"#recension\">revisi\u00f3n<\/a> &#8211; <a href=\"#hallbarhet\">sustentabilidad<\/a> &#8211; <a href=\"#anvandning\">Utilizar<\/a> &#8211; <a href=\"#borttagning\">Eliminaci\u00f3n<\/a><\/p>\n<h2 style=\"text-align: center;\"><span style=\"font-size: 36pt;\">Ida Warg brown sin revisi\u00f3n de sol<\/span><\/h2>\n<p>El bronceado Ida Warg sin sol es 100% vegano y cruelmente libre y fabricado en Escandinavia. La serie de productos BUS contiene todo lo necesario para que tanto el rostro como el cuerpo obtengan un bronceado agradable sin una mirada de sol. Ida Warg Beauty fue fundada en 2018 por la influencer Ida Warg y adem\u00e1s de los productos BUS tambi\u00e9n tiene cuidado de la piel y del cabello.<\/p>\n<p><img loading=\"lazy\" decoding=\"async\" class=\"alignnone wp-image-39838 size-large\" src=\"https:\/\/www.imakeyousmile.se\/wp-content\/uploads\/2020\/12\/IMG_1184_111-1024x756.jpg\" alt=\"ida warg brown sin sol rese\u00f1a cual es mejor\" width=\"696\" height=\"514\" srcset=\"https:\/\/www.imakeyousmile.se\/wp-content\/uploads\/2020\/12\/IMG_1184_111-1024x756.jpg 1024w, https:\/\/www.imakeyousmile.se\/wp-content\/uploads\/2020\/12\/IMG_1184_111-300x222.jpg 300w, https:\/\/www.imakeyousmile.se\/wp-content\/uploads\/2020\/12\/IMG_1184_111-768x567.jpg 768w, https:\/\/www.imakeyousmile.se\/wp-content\/uploads\/2020\/12\/IMG_1184_111-16x12.jpg 16w, https:\/\/www.imakeyousmile.se\/wp-content\/uploads\/2020\/12\/IMG_1184_111-696x514.jpg 696w, https:\/\/www.imakeyousmile.se\/wp-content\/uploads\/2020\/12\/IMG_1184_111-1068x789.jpg 1068w, https:\/\/www.imakeyousmile.se\/wp-content\/uploads\/2020\/12\/IMG_1184_111-569x420.jpg 569w, https:\/\/www.imakeyousmile.se\/wp-content\/uploads\/2020\/12\/IMG_1184_111-80x60.jpg 80w, https:\/\/www.imakeyousmile.se\/wp-content\/uploads\/2020\/12\/IMG_1184_111.jpg 1500w\" sizes=\"(max-width: 696px) 100vw, 696px\" \/><\/p>\n<p>\u00a1Estos productos est\u00e1n incluidos en esta revisi\u00f3n de Ida Warg!<\/p>\n<h4><a id=\"hallbarhet\"><\/a><span style=\"font-size: 18pt;\">\u00bfCu\u00e1nto tiempo dura el marr\u00f3n sin sol?<\/span><\/h4>\n<p>Por lo general, permanece marr\u00f3n sin sol durante aproximadamente una semana, pero disminuye gradualmente a diario. La durabilidad depende principalmente de la frecuencia con la que te duchas y si te frotas en la ducha, lo mismo se aplica a los productos Ida Warg BUS.<\/p>\n<p>Para que el bronceado sin sol dure m\u00e1s tiempo, algunos buenos consejos son no tomar duchas prolongadas con agua demasiado caliente, usar una crema de ducha suave y jab\u00f3n con las manos, no frotar esponja.<\/p>\n<h4><a id=\"anvandning\"><\/a><span style=\"font-size: 18pt;\">\u00bfC\u00f3mo aplicar el bronceado sin sol?<\/span><\/h4>\n<p>Aplico BUS con guante de bronceado Ida Warg, que es un marr\u00f3n sin guante de sol. Pero tambi\u00e9n puedes aplicar el bronceado sin sol con las manos. He visto a alguien que se aplic\u00f3 marr\u00f3n sin sol con un calcet\u00edn, creo que necesita tener un calcet\u00edn muy suave en tales casos pero no me he probado :)<\/p>\n<p>A continuaci\u00f3n ves mi rutina de bronceado sin sol:<\/p>\n<p><img loading=\"lazy\" decoding=\"async\" class=\"alignnone wp-image-39831 size-large\" src=\"https:\/\/www.imakeyousmile.se\/wp-content\/uploads\/2020\/12\/IMG_2563_1111-1024x707.jpg\" alt=\"aplicar marr\u00f3n sin sol, aplicar bus\" width=\"696\" height=\"481\" srcset=\"https:\/\/www.imakeyousmile.se\/wp-content\/uploads\/2020\/12\/IMG_2563_1111-1024x707.jpg 1024w, https:\/\/www.imakeyousmile.se\/wp-content\/uploads\/2020\/12\/IMG_2563_1111-300x207.jpg 300w, https:\/\/www.imakeyousmile.se\/wp-content\/uploads\/2020\/12\/IMG_2563_1111-768x530.jpg 768w, https:\/\/www.imakeyousmile.se\/wp-content\/uploads\/2020\/12\/IMG_2563_1111-1536x1060.jpg 1536w, https:\/\/www.imakeyousmile.se\/wp-content\/uploads\/2020\/12\/IMG_2563_1111-16x12.jpg 16w, https:\/\/www.imakeyousmile.se\/wp-content\/uploads\/2020\/12\/IMG_2563_1111-218x150.jpg 218w, https:\/\/www.imakeyousmile.se\/wp-content\/uploads\/2020\/12\/IMG_2563_1111-696x480.jpg 696w, https:\/\/www.imakeyousmile.se\/wp-content\/uploads\/2020\/12\/IMG_2563_1111-1068x737.jpg 1068w, https:\/\/www.imakeyousmile.se\/wp-content\/uploads\/2020\/12\/IMG_2563_1111-609x420.jpg 609w, https:\/\/www.imakeyousmile.se\/wp-content\/uploads\/2020\/12\/IMG_2563_1111-100x70.jpg 100w, https:\/\/www.imakeyousmile.se\/wp-content\/uploads\/2020\/12\/IMG_2563_1111.jpg 1800w\" sizes=\"(max-width: 696px) 100vw, 696px\" \/><\/p>\n<p>\u00a1Consejo! Si\u00e9ntete libre de hidratar la piel adecuadamente. <em>los d\u00edas<\/em> antes \/ regularmente, para tener la menor cantidad de partes secas posible.<\/p>\n<h4>\u00bfFrotar la piel antes de broncearse sin sol? \u00bfS\u00ed o no?<\/h4>\n<p>Suelo exfoliar la piel antes de broncearme sin sol para conseguir un color m\u00e1s suave. Pero, \u00bfse puede prolongar la vida \u00fatil del bronceado sin sol si no se frota la piel antes? De acuerdo con las instrucciones de Ida Warg BUS, no debes exfoliar la piel antes, porque entonces dura m\u00e1s. \u00bfPor qu\u00e9? No est\u00e1 claro, \u00a1pero escuch\u00e9 de usted y le pregunt\u00e9! La respuesta es que cuantas m\u00e1s c\u00e9lulas muertas de la piel, m\u00e1s color. Es razonable. Entonces, por qu\u00e9 m\u00e1s color significa mayor durabilidad, todav\u00eda no lo entiendo porque las c\u00e9lulas muertas de la piel se liberan bien &quot;cuando deber\u00edan&quot; de todos modos.<\/p>\n<p>Pero el producto nerd Helena no tiene por qu\u00e9 hundirme m\u00e1s que eso;) Exfoli\u00e9 la piel un d\u00eda antes y luego apliqu\u00e9 por un tiempo despu\u00e9s de la ducha. \u00a1Ha funcionado muy bien!<\/p>\n<h4>Hidratar antes de broncearse sin sol<\/h4>\n<p>Es bueno lubricar las zonas secas con una crema hidratante antes, de lo contrario el producto de travesura puede volverse m\u00e1s marr\u00f3n en esa zona. Yo mismo no tengo zonas secas (la chica de piel grasa jeje) as\u00ed que no puedo comentar c\u00f3mo se asienta sobre la sequedad :)<\/p>\n<p><img loading=\"lazy\" decoding=\"async\" class=\"alignnone wp-image-39837 size-large\" src=\"https:\/\/www.imakeyousmile.se\/wp-content\/uploads\/2020\/12\/IMG_2568_111-1024x850.jpg\" alt=\"aplicar bronceado sin sol con guante\" width=\"696\" height=\"578\" srcset=\"https:\/\/www.imakeyousmile.se\/wp-content\/uploads\/2020\/12\/IMG_2568_111-1024x850.jpg 1024w, https:\/\/www.imakeyousmile.se\/wp-content\/uploads\/2020\/12\/IMG_2568_111-300x249.jpg 300w, https:\/\/www.imakeyousmile.se\/wp-content\/uploads\/2020\/12\/IMG_2568_111-768x637.jpg 768w, https:\/\/www.imakeyousmile.se\/wp-content\/uploads\/2020\/12\/IMG_2568_111-14x12.jpg 14w, https:\/\/www.imakeyousmile.se\/wp-content\/uploads\/2020\/12\/IMG_2568_111-696x578.jpg 696w, https:\/\/www.imakeyousmile.se\/wp-content\/uploads\/2020\/12\/IMG_2568_111-1068x886.jpg 1068w, https:\/\/www.imakeyousmile.se\/wp-content\/uploads\/2020\/12\/IMG_2568_111-506x420.jpg 506w, https:\/\/www.imakeyousmile.se\/wp-content\/uploads\/2020\/12\/IMG_2568_111.jpg 1300w\" sizes=\"(max-width: 696px) 100vw, 696px\" \/><\/p>\n<h4>Aplicar bronceado sin sol, consejos generales:<\/h4>\n<p>Tome una buena cantidad de bronceado sin sol y aplique una capa uniforme por todo el cuerpo. Deber\u00eda ser suficiente para no arriesgar un resultado irregular o que se pierda \u00e1reas, as\u00ed que no escatime. Pero tampoco espesa, porque debe fundirse correctamente con la piel como si se lubricara con una loci\u00f3n normal.<\/p>\n<p>Yo suelo empezar por las piernas y luego ir hacia arriba, pero realmente no importa c\u00f3mo lo hagas, pero es bueno ser met\u00f3dico para que no te pierdas ninguna zona. Una buena idea es terminar con los brazos y las manos al final.<\/p>\n<p>Haces lo mismo independientemente de si te aplicas el bronceado sin sol con guante \/ manopla o con las manos.<\/p>\n<p>Miska suele lubricar mi espalda. Pero si tienes un guante, es m\u00e1s f\u00e1cil hacerlo en la parte de atr\u00e1s de ti mismo, porque puedes poner marr\u00f3n sin el sol en el otro lado del guante y aplicar con el dorso de la mano.<\/p>\n<p>Luego, evite el agua durante un cierto per\u00edodo despu\u00e9s, exactamente cu\u00e1nto tiempo permanece en el producto.<\/p>\n<h4>Aplicar bronceado sin sol en el rostro<\/h4>\n<p>Cuando lo aplico en la cara, generalmente evito el \u00e1rea alrededor de los ojos. Aplique una fina capa en los p\u00f3mulos debajo para que haya una transici\u00f3n suave a la piel alrededor de los ojos.<\/p>\n<p>Yo, que naturalmente tengo mucho enrojecimiento alrededor de la nariz, tambi\u00e9n puse una capa m\u00e1s delgada all\u00ed, de lo contrario, ser\u00e1 m\u00e1s oscuro con el color rojo con marr\u00f3n sin sol.<\/p>\n<p>En realidad, yo tambi\u00e9n suelo saltarme las orejas. Es tan dif\u00edcil conseguir un color uniforme en ellos, es m\u00e1s visible que tienes marr\u00f3n sin sol si tiene manchas, que si tienes las orejas un poco p\u00e1lidas.<\/p>\n<p><img loading=\"lazy\" decoding=\"async\" class=\"alignnone wp-image-39832 size-large\" src=\"https:\/\/www.imakeyousmile.se\/wp-content\/uploads\/2020\/12\/IMG_2579_1111-1024x795.jpg\" alt=\"Aplicar bronceado sin sol en el rostro\" width=\"696\" height=\"540\" srcset=\"https:\/\/www.imakeyousmile.se\/wp-content\/uploads\/2020\/12\/IMG_2579_1111-1024x795.jpg 1024w, https:\/\/www.imakeyousmile.se\/wp-content\/uploads\/2020\/12\/IMG_2579_1111-300x233.jpg 300w, https:\/\/www.imakeyousmile.se\/wp-content\/uploads\/2020\/12\/IMG_2579_1111-768x596.jpg 768w, https:\/\/www.imakeyousmile.se\/wp-content\/uploads\/2020\/12\/IMG_2579_1111-1536x1193.jpg 1536w, https:\/\/www.imakeyousmile.se\/wp-content\/uploads\/2020\/12\/IMG_2579_1111-16x12.jpg 16w, https:\/\/www.imakeyousmile.se\/wp-content\/uploads\/2020\/12\/IMG_2579_1111-696x540.jpg 696w, https:\/\/www.imakeyousmile.se\/wp-content\/uploads\/2020\/12\/IMG_2579_1111-1068x829.jpg 1068w, https:\/\/www.imakeyousmile.se\/wp-content\/uploads\/2020\/12\/IMG_2579_1111-541x420.jpg 541w, https:\/\/www.imakeyousmile.se\/wp-content\/uploads\/2020\/12\/IMG_2579_1111.jpg 2000w\" sizes=\"(max-width: 696px) 100vw, 696px\" \/><\/p>\n<h4>Aplicar el bronceado sin sol debajo de los brazos<\/h4>\n<p>Dado que las axilas son una zona con mucho estr\u00e9s (caliente, agrietada y desodorante todos los d\u00edas), suelo poner una capa muy fina all\u00ed. Casi nada, pero todav\u00eda un poco para una buena transici\u00f3n.<\/p>\n<p>Puede disolverse y volverse manchado debajo de los brazos despu\u00e9s de 2-3 d\u00edas. Entonces, creo que es mejor estar delgado y tratar de lograr una transici\u00f3n suave.<\/p>\n<p><img loading=\"lazy\" decoding=\"async\" class=\"alignnone wp-image-39834 size-large\" src=\"https:\/\/www.imakeyousmile.se\/wp-content\/uploads\/2020\/12\/IMG_2811_1111-1024x749.jpg\" alt=\"travesura en las axilas\" width=\"696\" height=\"509\" srcset=\"https:\/\/www.imakeyousmile.se\/wp-content\/uploads\/2020\/12\/IMG_2811_1111-1024x749.jpg 1024w, https:\/\/www.imakeyousmile.se\/wp-content\/uploads\/2020\/12\/IMG_2811_1111-300x219.jpg 300w, https:\/\/www.imakeyousmile.se\/wp-content\/uploads\/2020\/12\/IMG_2811_1111-768x562.jpg 768w, https:\/\/www.imakeyousmile.se\/wp-content\/uploads\/2020\/12\/IMG_2811_1111-16x12.jpg 16w, https:\/\/www.imakeyousmile.se\/wp-content\/uploads\/2020\/12\/IMG_2811_1111-696x509.jpg 696w, https:\/\/www.imakeyousmile.se\/wp-content\/uploads\/2020\/12\/IMG_2811_1111-1068x781.jpg 1068w, https:\/\/www.imakeyousmile.se\/wp-content\/uploads\/2020\/12\/IMG_2811_1111-574x420.jpg 574w, https:\/\/www.imakeyousmile.se\/wp-content\/uploads\/2020\/12\/IMG_2811_1111-80x60.jpg 80w, https:\/\/www.imakeyousmile.se\/wp-content\/uploads\/2020\/12\/IMG_2811_1111.jpg 1300w\" sizes=\"(max-width: 696px) 100vw, 696px\" \/><\/p>\n<h4>Aplicar bronceado sin sol en manos y pies<\/h4>\n<p>Independientemente de si te aplicas el bronceado sin sol con las manos o con un guante, suelo pensar as\u00ed en manos y pies:<\/p>\n<ul>\n<li>Evita las palmas<\/li>\n<li>Aplique con moderaci\u00f3n en la parte superior, para obtener una transici\u00f3n suave pero no un resultado s\u00faper marr\u00f3n.<\/li>\n<li>Aplicar incluso con m\u00e1s moderaci\u00f3n sobre y alrededor de los dedos de manos y pies, porque all\u00ed se puede manchar f\u00e1cilmente.<\/li>\n<\/ul>\n<h5>C\u00f3mo aplicar el bronceado sin sol en mis manos:<\/h5>\n<p><strong>Si vas a aplicar con marr\u00f3n sin guante de sol \/ marr\u00f3n sin guante de sol:<\/strong><\/p>\n<ol>\n<li>Lubricar los brazos al final<\/li>\n<li>Lubrique el brazo en el que no tiene el guante. En la parte inferior del brazo, me recuesto con moderaci\u00f3n sobre la mu\u00f1eca y froto un poco contra el pulgar y el me\u00f1ique para una transici\u00f3n suave.<\/li>\n<li>Aplicar con moderaci\u00f3n pero con cuidado en el dorso de la mano y entre los dedos.<\/li>\n<li>Deje que se hunda solo durante unos segundos.<\/li>\n<li>Cambia de manos, ponte marr\u00f3n sin el guante de sol en la mano ya lubricada.<\/li>\n<li>Haz lo mismo por otro lado<\/li>\n<\/ol>\n<p>\u00a1Claro!<\/p>\n<p><img loading=\"lazy\" decoding=\"async\" class=\"alignnone wp-image-39835 size-large\" src=\"https:\/\/www.imakeyousmile.se\/wp-content\/uploads\/2020\/12\/IMG_2826_1111-1024x826.jpg\" alt=\"marr\u00f3n sin sol en manos, pies\" width=\"696\" height=\"561\" srcset=\"https:\/\/www.imakeyousmile.se\/wp-content\/uploads\/2020\/12\/IMG_2826_1111-1024x826.jpg 1024w, https:\/\/www.imakeyousmile.se\/wp-content\/uploads\/2020\/12\/IMG_2826_1111-300x242.jpg 300w, https:\/\/www.imakeyousmile.se\/wp-content\/uploads\/2020\/12\/IMG_2826_1111-768x619.jpg 768w, https:\/\/www.imakeyousmile.se\/wp-content\/uploads\/2020\/12\/IMG_2826_1111-16x12.jpg 16w, https:\/\/www.imakeyousmile.se\/wp-content\/uploads\/2020\/12\/IMG_2826_1111-696x561.jpg 696w, https:\/\/www.imakeyousmile.se\/wp-content\/uploads\/2020\/12\/IMG_2826_1111-1068x861.jpg 1068w, https:\/\/www.imakeyousmile.se\/wp-content\/uploads\/2020\/12\/IMG_2826_1111-521x420.jpg 521w, https:\/\/www.imakeyousmile.se\/wp-content\/uploads\/2020\/12\/IMG_2826_1111.jpg 1300w\" sizes=\"(max-width: 696px) 100vw, 696px\" \/><\/p>\n<p><strong>Si te vas a aplicar en las manos, sin guante:<\/strong><\/p>\n<ol>\n<li>Lubricar los brazos al final, esperar a aplicar en las manos.<\/li>\n<li>L\u00e1vese las manos (porque tiene mucho bronceado sin sol en las palmas) suavemente sin salpicar en su cuerpo o enjuagar demasiado alto en sus brazos<\/li>\n<li>Tome un peque\u00f1o bronceado sin sol en un algod\u00f3n<\/li>\n<li>Aplicar con la almohadilla de algod\u00f3n con moderaci\u00f3n pero con cuidado en el dorso de la mano y entre los dedos. En ambas manos.<\/li>\n<\/ol>\n<p>\u00a1Claro!<\/p>\n<p><img loading=\"lazy\" decoding=\"async\" class=\"alignnone wp-image-39836 size-large\" src=\"https:\/\/www.imakeyousmile.se\/wp-content\/uploads\/2020\/12\/IMG_2832_1111-1024x830.jpg\" alt=\"algod\u00f3n, mano, consejos de maquillaje, blogger de belleza, consejos de belleza, manos pies\" width=\"696\" height=\"564\" srcset=\"https:\/\/www.imakeyousmile.se\/wp-content\/uploads\/2020\/12\/IMG_2832_1111-1024x830.jpg 1024w, https:\/\/www.imakeyousmile.se\/wp-content\/uploads\/2020\/12\/IMG_2832_1111-300x243.jpg 300w, https:\/\/www.imakeyousmile.se\/wp-content\/uploads\/2020\/12\/IMG_2832_1111-768x623.jpg 768w, https:\/\/www.imakeyousmile.se\/wp-content\/uploads\/2020\/12\/IMG_2832_1111-16x12.jpg 16w, https:\/\/www.imakeyousmile.se\/wp-content\/uploads\/2020\/12\/IMG_2832_1111-696x564.jpg 696w, https:\/\/www.imakeyousmile.se\/wp-content\/uploads\/2020\/12\/IMG_2832_1111-1068x866.jpg 1068w, https:\/\/www.imakeyousmile.se\/wp-content\/uploads\/2020\/12\/IMG_2832_1111-518x420.jpg 518w, https:\/\/www.imakeyousmile.se\/wp-content\/uploads\/2020\/12\/IMG_2832_1111.jpg 1300w\" sizes=\"(max-width: 696px) 100vw, 696px\" \/><\/p>\n<p>Si no tienes un disco de algod\u00f3n o algo similar que puedas usar, puedes hacer esta rutina pero en su lugar apl\u00edcalo suavemente con solo la punta de los dedos. Luego, l\u00edmpiate las yemas de los dedos con un papel h\u00famedo o una toalla h\u00fameda que no te d\u00e9 miedo.<\/p>\n<h4><a id=\"borttagning\"><\/a><span style=\"font-size: 18pt;\">\u00bfC\u00f3mo deshacerse del bronceado sin sol?<\/span><\/h4>\n<p>Para deshacerse del BUS, recomiendo un ba\u00f1o tibio o una larga ducha caliente para suavizar la piel y luego frotar a fondo con una esponja y, por ejemplo, el peeling corporal con enzimas Vitalizantes de Ida Warg. <a href=\"https:\/\/go.nordicfeel.se\/t\/t?a=872761485&amp;as=1548102449&amp;t=2&amp;tk=1&amp;url=https:\/\/www.nordicfeel.se\/hudvard\/kropp\/kroppsskrubb\/ida-warg-vitalizing-enzyme-body-peel-89040\"><em>(Compre aqu\u00ed en Nordicfeel.se, adlink)<\/em><\/a>.<\/p>\n<p>No ayuda mucho solo frotar, pero necesitas calentar la piel adecuadamente. \u00a1Mientras m\u00e1s, mejor!<\/p>\n<h2 style=\"text-align: center;\"><span style=\"font-size: 24pt;\"><a id=\"recension\"><\/a>Ida Warg brown sin sol rostro y cuerpo<\/span><\/h2>\n<p>Los productos que prob\u00e9 de Ida Warg brown sin sol son las gotas bronceadoras, la loci\u00f3n corporal autobronceadora, la loci\u00f3n facial, la espuma autobronceadora y su guante bronceador. Tambi\u00e9n hay spray autobronceador para el rostro y el cuerpo, pero no lo he probado (todav\u00eda).<\/p>\n<h4><span style=\"font-size: 18pt;\">Ida Warg - Mousse Autobronceador Instant\u00e1neo, 150ml<\/span><\/h4>\n<p>Precio en el momento de escribir este art\u00edculo: SEK 179 (<a href=\"https:\/\/go.nordicfeel.se\/t\/t?a=872761485&amp;as=1548102449&amp;t=2&amp;tk=1&amp;url=https:\/\/www.nordicfeel.se\/hudvard\/sol\/brun-utan-sol\/ida-warg-instant-selftanning-mousse-medium-dark-80323\"><em>enlace<\/em><\/a>)<\/p>\n<p><strong>Descripci\u00f3n del producto:<\/strong><br \/>\nLa mousse sin color marr\u00f3n sin sol que da un hermoso resultado ba\u00f1ado por el sol en solo 3 horas con la ayuda de DHA, se extrae del az\u00facar natural. La mousse es f\u00e1cil de usar y perfecta para ti que quieres una aplicaci\u00f3n f\u00e1cil y un resultado natural. <span class=\"s1\">Sin perfume, vegano y sin crueldad animal. 150 ml \u201d<\/span><\/p>\n<p><img loading=\"lazy\" decoding=\"async\" class=\"alignnone wp-image-39841 size-large\" src=\"https:\/\/www.imakeyousmile.se\/wp-content\/uploads\/2020\/12\/IMG_1202_111-1024x661.jpg\" alt=\"mousse bronceadora, marr\u00f3n sin mousse solar\" width=\"696\" height=\"449\" srcset=\"https:\/\/www.imakeyousmile.se\/wp-content\/uploads\/2020\/12\/IMG_1202_111-1024x661.jpg 1024w, https:\/\/www.imakeyousmile.se\/wp-content\/uploads\/2020\/12\/IMG_1202_111-300x194.jpg 300w, https:\/\/www.imakeyousmile.se\/wp-content\/uploads\/2020\/12\/IMG_1202_111-768x496.jpg 768w, https:\/\/www.imakeyousmile.se\/wp-content\/uploads\/2020\/12\/IMG_1202_111-16x10.jpg 16w, https:\/\/www.imakeyousmile.se\/wp-content\/uploads\/2020\/12\/IMG_1202_111-696x449.jpg 696w, https:\/\/www.imakeyousmile.se\/wp-content\/uploads\/2020\/12\/IMG_1202_111-1068x689.jpg 1068w, https:\/\/www.imakeyousmile.se\/wp-content\/uploads\/2020\/12\/IMG_1202_111-651x420.jpg 651w, https:\/\/www.imakeyousmile.se\/wp-content\/uploads\/2020\/12\/IMG_1202_111.jpg 1300w\" sizes=\"(max-width: 696px) 100vw, 696px\" \/><\/p>\n<h5>Mi rese\u00f1a de este Ida Warg marr\u00f3n sin sol:<\/h5>\n<p><strong>F\u00f3rmula:<\/strong> \u00a1As\u00ed es libre de fragancias! Muchos productos de bronceado sin sol contienen perfume para tapar el t\u00edpico &quot;bronceado sin olor a sol&quot;, pero siempre penetra de todos modos porque viene a escondidas. La espuma es suave y agradable.<\/p>\n<p><strong>Solicitud:<\/strong> \u00a1Muy f\u00e1cil de aplicar! La espuma penetra bien en la piel y no es nada dif\u00edcil trabajar con ella. He usado guantes en todos los usos.<\/p>\n<p><strong>Inmediatamente despu\u00e9s:<\/strong> La piel se siente pegajosa unas horas despu\u00e9s de la aplicaci\u00f3n. Pasa casi completamente tarde, pero es absolutamente notable al principio. Despu\u00e9s de aproximadamente 3 horas comenc\u00e9 a ver alguna diferencia, pero despu\u00e9s de 12 horas vi el resultado final. Se duch\u00f3 solo 24 horas despu\u00e9s, pero debe evitar el agua solo durante 3 horas.<\/p>\n<p><strong>Marr\u00f3n sin olor a sol:<\/strong> Que un producto marr\u00f3n sin sol no huele marr\u00f3n sin sol es una afirmaci\u00f3n correcta, aunque ciertamente hueles marr\u00f3n sin sol. \u00a1Porque no es el producto lo que huele, sino tu piel! As\u00ed que ol\u00eda absolutamente claro a bronceado sin sol :) Pero hay algunos productos traviesos que me hacen oler mucho peor. As\u00ed que todav\u00eda da un pulgar hacia arriba aqu\u00ed.<\/p>\n<p><strong>Resultados:<\/strong> \u00a1Suave y agradable en todas partes! Tambi\u00e9n en manos y pies :) Uno de los usos que perd\u00ed en un punto en la mu\u00f1eca, pero era la \u00faltima parte del cuerpo, as\u00ed que probablemente fue solo un descuido de mi parte. \u00a1Ponga un poco sobre la mancha al d\u00eda siguiente y luego desapareci\u00f3 por completo!<\/p>\n<p><strong>Sustentabilidad:<\/strong> Parte del color desapareci\u00f3 despu\u00e9s de la primera ducha, pero apenas se not\u00f3. Puse tanto en las axilas como en el resto del cuerpo (para ver la durabilidad) y dos d\u00edas despu\u00e9s se hab\u00eda &quot;arrugado&quot; y doblado en las axilas. Luego se duch\u00f3 por segunda vez y se restreg\u00f3 un poco para que a\u00fan estuviera bastante uniforme. Lo apliqu\u00e9 un lunes y el \u00faltimo desapareci\u00f3 cuando me lav\u00e9 el martes de la semana siguiente. \u00a1Adem\u00e1s de las axilas, ha desaparecido de forma uniforme y agradable por todo el cuerpo!<\/p>\n<h4>Ida Warg marr\u00f3n sin sol antes y despu\u00e9s:<\/h4>\n<p><img loading=\"lazy\" decoding=\"async\" class=\"alignnone wp-image-39828 size-large\" src=\"https:\/\/www.imakeyousmile.se\/wp-content\/uploads\/2020\/12\/ida-warg-brun-utan-sol-fore-och-efter_111-1024x622.jpg\" alt=\"ida warg antes despu\u00e9s, marr\u00f3n sin sol antes despu\u00e9s, travesura antes despu\u00e9s, revisi\u00f3n de la mousse autobronceadora ida warg\" width=\"696\" height=\"423\" srcset=\"https:\/\/www.imakeyousmile.se\/wp-content\/uploads\/2020\/12\/ida-warg-brun-utan-sol-fore-och-efter_111-1024x622.jpg 1024w, https:\/\/www.imakeyousmile.se\/wp-content\/uploads\/2020\/12\/ida-warg-brun-utan-sol-fore-och-efter_111-300x182.jpg 300w, https:\/\/www.imakeyousmile.se\/wp-content\/uploads\/2020\/12\/ida-warg-brun-utan-sol-fore-och-efter_111-768x466.jpg 768w, https:\/\/www.imakeyousmile.se\/wp-content\/uploads\/2020\/12\/ida-warg-brun-utan-sol-fore-och-efter_111-16x10.jpg 16w, https:\/\/www.imakeyousmile.se\/wp-content\/uploads\/2020\/12\/ida-warg-brun-utan-sol-fore-och-efter_111-696x423.jpg 696w, https:\/\/www.imakeyousmile.se\/wp-content\/uploads\/2020\/12\/ida-warg-brun-utan-sol-fore-och-efter_111-1068x649.jpg 1068w, https:\/\/www.imakeyousmile.se\/wp-content\/uploads\/2020\/12\/ida-warg-brun-utan-sol-fore-och-efter_111-692x420.jpg 692w, https:\/\/www.imakeyousmile.se\/wp-content\/uploads\/2020\/12\/ida-warg-brun-utan-sol-fore-och-efter_111.jpg 1500w\" sizes=\"(max-width: 696px) 100vw, 696px\" \/><\/p>\n<p>\u00a1Aqu\u00ed est\u00e1 el resultado de la primera vez que prob\u00e9 Ida Warg BUS! Lo apliqu\u00e9 tanto en el rostro como en el cuerpo. \u00a1Que agradable! Bronceado suave y muy agradable. \u00a1Estoy muy complacido!<\/p>\n<p><img loading=\"lazy\" decoding=\"async\" class=\"alignnone wp-image-39829 size-large\" src=\"https:\/\/www.imakeyousmile.se\/wp-content\/uploads\/2020\/12\/ida-warg-brun-utan-sol-mousse-fore-efter_111-1024x1024.jpg\" alt=\"ida warg brown sin sol antes despues repaso\" width=\"696\" height=\"696\" srcset=\"https:\/\/www.imakeyousmile.se\/wp-content\/uploads\/2020\/12\/ida-warg-brun-utan-sol-mousse-fore-efter_111-1024x1024.jpg 1024w, https:\/\/www.imakeyousmile.se\/wp-content\/uploads\/2020\/12\/ida-warg-brun-utan-sol-mousse-fore-efter_111-300x300.jpg 300w, https:\/\/www.imakeyousmile.se\/wp-content\/uploads\/2020\/12\/ida-warg-brun-utan-sol-mousse-fore-efter_111-150x150.jpg 150w, https:\/\/www.imakeyousmile.se\/wp-content\/uploads\/2020\/12\/ida-warg-brun-utan-sol-mousse-fore-efter_111-768x768.jpg 768w, https:\/\/www.imakeyousmile.se\/wp-content\/uploads\/2020\/12\/ida-warg-brun-utan-sol-mousse-fore-efter_111-12x12.jpg 12w, https:\/\/www.imakeyousmile.se\/wp-content\/uploads\/2020\/12\/ida-warg-brun-utan-sol-mousse-fore-efter_111-696x696.jpg 696w, https:\/\/www.imakeyousmile.se\/wp-content\/uploads\/2020\/12\/ida-warg-brun-utan-sol-mousse-fore-efter_111-1068x1068.jpg 1068w, https:\/\/www.imakeyousmile.se\/wp-content\/uploads\/2020\/12\/ida-warg-brun-utan-sol-mousse-fore-efter_111-420x420.jpg 420w, https:\/\/www.imakeyousmile.se\/wp-content\/uploads\/2020\/12\/ida-warg-brun-utan-sol-mousse-fore-efter_111.jpg 1300w\" sizes=\"(max-width: 696px) 100vw, 696px\" \/><\/p>\n<p>Fotografi\u00e9 mis piernas con mi m\u00f3vil porque era dif\u00edcil en mi estudio fotogr\u00e1fico que est\u00e1 construido para retratos :)<\/p>\n<p>Buen resultado, \u00bfeh? Estos brotes anhelan el verano y los pantalones cortos ahora puedes decir;)<\/p>\n<p>Moretones en la espinilla, eczema (\u00bfo alcanzado?) Debajo de la rodilla y las cicatrices en los muslos vienen de todos los gatos que tuve en mi regazo en mis d\u00edas jaja. Ves que estoy vivo, jaja!<\/p>\n<p><img loading=\"lazy\" decoding=\"async\" class=\"alignnone wp-image-39827 size-large\" src=\"https:\/\/www.imakeyousmile.se\/wp-content\/uploads\/2020\/12\/ida-warg-brun-utan-sol-flackig-flackar_111-1024x1024.jpg\" alt=\"manchado de marr\u00f3n sin sol, soluci\u00f3n, ayuda, consejos, mancha, mancha de travesura\" width=\"696\" height=\"696\" srcset=\"https:\/\/www.imakeyousmile.se\/wp-content\/uploads\/2020\/12\/ida-warg-brun-utan-sol-flackig-flackar_111-1024x1024.jpg 1024w, https:\/\/www.imakeyousmile.se\/wp-content\/uploads\/2020\/12\/ida-warg-brun-utan-sol-flackig-flackar_111-300x300.jpg 300w, https:\/\/www.imakeyousmile.se\/wp-content\/uploads\/2020\/12\/ida-warg-brun-utan-sol-flackig-flackar_111-150x150.jpg 150w, https:\/\/www.imakeyousmile.se\/wp-content\/uploads\/2020\/12\/ida-warg-brun-utan-sol-flackig-flackar_111-768x768.jpg 768w, https:\/\/www.imakeyousmile.se\/wp-content\/uploads\/2020\/12\/ida-warg-brun-utan-sol-flackig-flackar_111-12x12.jpg 12w, https:\/\/www.imakeyousmile.se\/wp-content\/uploads\/2020\/12\/ida-warg-brun-utan-sol-flackig-flackar_111-696x696.jpg 696w, https:\/\/www.imakeyousmile.se\/wp-content\/uploads\/2020\/12\/ida-warg-brun-utan-sol-flackig-flackar_111-1068x1068.jpg 1068w, https:\/\/www.imakeyousmile.se\/wp-content\/uploads\/2020\/12\/ida-warg-brun-utan-sol-flackig-flackar_111-420x420.jpg 420w, https:\/\/www.imakeyousmile.se\/wp-content\/uploads\/2020\/12\/ida-warg-brun-utan-sol-flackig-flackar_111.jpg 1300w\" sizes=\"(max-width: 696px) 100vw, 696px\" \/><\/p>\n<p>\u00a1Aqu\u00ed est\u00e1 el \u00e1rea que olvid\u00e9 lubricar jaja! La modelo fue fotografiada al d\u00eda siguiente, luego puse un nuevo bronceado sin sol en la zona. \u00a1La imagen residual se tom\u00f3 al d\u00eda siguiente! Se ve un poco desigual en la imagen (?) \u00a1Pero en realidad estaba completamente uniforme! Como si nunca hubiera tenido una mancha. Trolleri :)<\/p>\n<p style=\"text-align: center;\"><span style=\"font-size: 12pt;\"><a href=\"https:\/\/go.nordicfeel.se\/t\/t?a=872761485&amp;as=1548102449&amp;t=2&amp;tk=1&amp;url=https:\/\/www.nordicfeel.se\/hudvard\/sol\/brun-utan-sol\/ida-warg-instant-selftanning-mousse-medium-dark-80323\">\u2192 Disponible para su compra en Nordicfeel.se<\/a><\/span><\/p>\n<h4><span style=\"font-size: 18pt;\">Ida Warg - Gotas bronceadoras, 45 ml<\/span><\/h4>\n<p>Precio en el momento de escribir este art\u00edculo: SEK 179 (<a href=\"https:\/\/go.nordicfeel.se\/t\/t?a=872761485&amp;as=1548102449&amp;t=2&amp;tk=1&amp;url=https:\/\/www.nordicfeel.se\/hudvard\/sol\/brun-utan-sol\/ida-warg-tanning-drops-84467\"><em>enlace<\/em><\/a>)<\/p>\n<p><strong>Descripci\u00f3n del producto:<\/strong><br \/>\n&#8221;<span class=\"s1\">Gotas bronceadoras que se mezclan f\u00e1cilmente con su crema de d\u00eda y de noche favorita para obtener un resultado gradual ba\u00f1ado por el sol. Puedes elegir resultados dependiendo de cu\u00e1ntas gotas mezcles con la crema facial. Sin perfume, vegano y sin crueldad animal &quot;.<\/span><\/p>\n<p><img loading=\"lazy\" decoding=\"async\" class=\"alignnone wp-image-39844 size-large\" src=\"https:\/\/www.imakeyousmile.se\/wp-content\/uploads\/2020\/12\/IMG_1218_111-1024x822.jpg\" alt=\"ida warg gotas de bronceado\" width=\"696\" height=\"559\" srcset=\"https:\/\/www.imakeyousmile.se\/wp-content\/uploads\/2020\/12\/IMG_1218_111-1024x822.jpg 1024w, https:\/\/www.imakeyousmile.se\/wp-content\/uploads\/2020\/12\/IMG_1218_111-300x241.jpg 300w, https:\/\/www.imakeyousmile.se\/wp-content\/uploads\/2020\/12\/IMG_1218_111-768x617.jpg 768w, https:\/\/www.imakeyousmile.se\/wp-content\/uploads\/2020\/12\/IMG_1218_111-16x12.jpg 16w, https:\/\/www.imakeyousmile.se\/wp-content\/uploads\/2020\/12\/IMG_1218_111-696x559.jpg 696w, https:\/\/www.imakeyousmile.se\/wp-content\/uploads\/2020\/12\/IMG_1218_111-1068x857.jpg 1068w, https:\/\/www.imakeyousmile.se\/wp-content\/uploads\/2020\/12\/IMG_1218_111-523x420.jpg 523w, https:\/\/www.imakeyousmile.se\/wp-content\/uploads\/2020\/12\/IMG_1218_111.jpg 1390w\" sizes=\"(max-width: 696px) 100vw, 696px\" \/><\/p>\n<h5>Mi rese\u00f1a de este Ida Warg marr\u00f3n sin sol:<\/h5>\n<p><strong>F\u00f3rmula:<\/strong>\u00a0\u00a1Buen gel que se hunde bien en la piel! He usado dos gotas con un suero sin silicona (Ida Warg Beauty recomienda una crema de d\u00eda \/ noche sin silicona para esto) que luego mezclo en la palma de mi mano. No se siente pegajoso, grasoso ni nada. \u00a1Genial!<\/p>\n<p><strong>Solicitud:<\/strong> Mezclo 2 gotas si solo necesito mejorar mi rostro. He probado 3 gotas, pero me alcanza un poco. Si, por el contrario, tambi\u00e9n necesito mejorar la quemadura en el escote, me he tomado un poco m\u00e1s de s\u00e9rum, tres gotas de estas gotas bronceadoras y luego lubricado tanto el rostro como el escote. Se vuelve uniforme y agradable sin bordes afilados o inflamables, aunque solo lo hice en \u00e1reas seleccionadas :)<\/p>\n<p><strong>Resultados:<\/strong> No he fotografiado el resultado porque es un poco gradual. Pero he recibido un tono uniforme en cada aplicaci\u00f3n y dos gotas dan un resultado suave que es lo suficientemente bueno para m\u00ed.<\/p>\n<p><strong>Sustentabilidad:<\/strong> Desaparece de forma discreta y uniforme, aplico dos veces por semana tipo.<\/p>\n<p>\u00a1\u00a1Me gusta mucho !!<\/p>\n<p><img loading=\"lazy\" decoding=\"async\" class=\"alignnone wp-image-39869 size-large\" src=\"https:\/\/www.imakeyousmile.se\/wp-content\/uploads\/2020\/12\/IMG_3136_111-1024x1024.jpg\" alt=\"gotas de bronceado ida warg, \" width=\"696\" height=\"696\" srcset=\"https:\/\/www.imakeyousmile.se\/wp-content\/uploads\/2020\/12\/IMG_3136_111-1024x1024.jpg 1024w, https:\/\/www.imakeyousmile.se\/wp-content\/uploads\/2020\/12\/IMG_3136_111-300x300.jpg 300w, https:\/\/www.imakeyousmile.se\/wp-content\/uploads\/2020\/12\/IMG_3136_111-150x150.jpg 150w, https:\/\/www.imakeyousmile.se\/wp-content\/uploads\/2020\/12\/IMG_3136_111-768x768.jpg 768w, https:\/\/www.imakeyousmile.se\/wp-content\/uploads\/2020\/12\/IMG_3136_111-12x12.jpg 12w, https:\/\/www.imakeyousmile.se\/wp-content\/uploads\/2020\/12\/IMG_3136_111-696x696.jpg 696w, https:\/\/www.imakeyousmile.se\/wp-content\/uploads\/2020\/12\/IMG_3136_111-1068x1068.jpg 1068w, https:\/\/www.imakeyousmile.se\/wp-content\/uploads\/2020\/12\/IMG_3136_111-420x420.jpg 420w, https:\/\/www.imakeyousmile.se\/wp-content\/uploads\/2020\/12\/IMG_3136_111.jpg 1400w\" sizes=\"(max-width: 696px) 100vw, 696px\" \/><\/p>\n<p>\u00a1Aqu\u00ed lo he usado en la cara, dos gotas, el d\u00eda anterior!<\/p>\n<p><img loading=\"lazy\" decoding=\"async\" class=\"alignnone wp-image-39870 size-large\" src=\"https:\/\/www.imakeyousmile.se\/wp-content\/uploads\/2020\/12\/IMG_3149_111-1024x872.jpg\" alt=\"ida warg gotas bronceadoras, repaso, antes despu\u00e9s, consejos, cara marr\u00f3n sin sol\" width=\"696\" height=\"593\" srcset=\"https:\/\/www.imakeyousmile.se\/wp-content\/uploads\/2020\/12\/IMG_3149_111-1024x872.jpg 1024w, https:\/\/www.imakeyousmile.se\/wp-content\/uploads\/2020\/12\/IMG_3149_111-300x255.jpg 300w, https:\/\/www.imakeyousmile.se\/wp-content\/uploads\/2020\/12\/IMG_3149_111-768x654.jpg 768w, https:\/\/www.imakeyousmile.se\/wp-content\/uploads\/2020\/12\/IMG_3149_111-14x12.jpg 14w, https:\/\/www.imakeyousmile.se\/wp-content\/uploads\/2020\/12\/IMG_3149_111-696x593.jpg 696w, https:\/\/www.imakeyousmile.se\/wp-content\/uploads\/2020\/12\/IMG_3149_111-1068x909.jpg 1068w, https:\/\/www.imakeyousmile.se\/wp-content\/uploads\/2020\/12\/IMG_3149_111-493x420.jpg 493w, https:\/\/www.imakeyousmile.se\/wp-content\/uploads\/2020\/12\/IMG_3149_111.jpg 1300w\" sizes=\"(max-width: 696px) 100vw, 696px\" \/><\/p>\n<p style=\"text-align: center;\"><span style=\"font-size: 12pt;\"><a href=\"https:\/\/go.nordicfeel.se\/t\/t?a=872761485&amp;as=1548102449&amp;t=2&amp;tk=1&amp;url=https:\/\/www.nordicfeel.se\/hudvard\/sol\/brun-utan-sol\/ida-warg-tanning-drops-84467\">\u2192 Disponible para su compra en Nordicfeel.se<\/a><\/span><\/p>\n<h4><span style=\"font-size: 18pt;\">Ida Warg - Loci\u00f3n corporal autobronceadora, 200 ml<\/span><\/h4>\n<p>Precio en el momento de escribir este art\u00edculo: SEK 179 (<a href=\"https:\/\/go.nordicfeel.se\/t\/t?a=872761485&amp;as=1548102449&amp;t=2&amp;tk=1&amp;url=https:\/\/www.nordicfeel.se\/hudvard\/sol\/brun-utan-sol\/ida-warg-self-tanning-body-lotion-85570\"><em>enlace<\/em><\/a>)<\/p>\n<p><strong>Descripci\u00f3n del producto:<\/strong><br \/>\nMarr\u00f3n incoloro sin loci\u00f3n solar para todo el cuerpo. La crema tiene un efecto hidratante al tiempo que le da a la piel un aspecto agradable y radiante ba\u00f1ado por el sol despu\u00e9s de tres horas. Sin perfume, vegano y sin crueldad animal. 200ml \u201d<\/p>\n<p><img loading=\"lazy\" decoding=\"async\" class=\"alignnone wp-image-39842 size-large\" src=\"https:\/\/www.imakeyousmile.se\/wp-content\/uploads\/2020\/12\/IMG_1206_111-1024x745.jpg\" alt=\"ida warg loci\u00f3n corporal autobronceadora, marr\u00f3n sin gel solar\" width=\"696\" height=\"506\" srcset=\"https:\/\/www.imakeyousmile.se\/wp-content\/uploads\/2020\/12\/IMG_1206_111-1024x745.jpg 1024w, https:\/\/www.imakeyousmile.se\/wp-content\/uploads\/2020\/12\/IMG_1206_111-300x218.jpg 300w, https:\/\/www.imakeyousmile.se\/wp-content\/uploads\/2020\/12\/IMG_1206_111-768x559.jpg 768w, https:\/\/www.imakeyousmile.se\/wp-content\/uploads\/2020\/12\/IMG_1206_111-16x12.jpg 16w, https:\/\/www.imakeyousmile.se\/wp-content\/uploads\/2020\/12\/IMG_1206_111-696x506.jpg 696w, https:\/\/www.imakeyousmile.se\/wp-content\/uploads\/2020\/12\/IMG_1206_111-1068x777.jpg 1068w, https:\/\/www.imakeyousmile.se\/wp-content\/uploads\/2020\/12\/IMG_1206_111-577x420.jpg 577w, https:\/\/www.imakeyousmile.se\/wp-content\/uploads\/2020\/12\/IMG_1206_111-324x235.jpg 324w, https:\/\/www.imakeyousmile.se\/wp-content\/uploads\/2020\/12\/IMG_1206_111.jpg 1300w\" sizes=\"(max-width: 696px) 100vw, 696px\" \/><\/p>\n<h5>Mi rese\u00f1a de este Ida Warg marr\u00f3n sin sol:<\/h5>\n<p><strong>F\u00f3rmula:<\/strong>\u00a0Una crema en gel inodoro que se hunde r\u00e1pidamente en la piel. \u00a1Muy buena f\u00f3rmula! Algo me hizo pensar que no dar\u00eda tanto color, ya que es apto para &quot;ir oscureci\u00e9ndose poco a poco con cada aplicaci\u00f3n&quot;. Pero eso no significa que sea de color muy suave :)<\/p>\n<p><strong>Solicitud:<\/strong>\u00a0Ten tanto cuidado como al aplicar un bronceado regular sin sol, ya que da bastante color. Prefiero aplicar esto tambi\u00e9n con un guante, pero va con las manos si lo prefieres.<\/p>\n<p><strong>Inmediatamente despu\u00e9s:<\/strong>\u00a0Se hunde r\u00e1pidamente en la piel y luego no se siente, \u00a1es tan agradable no estar pegajoso despu\u00e9s! Evite el agua durante 3 horas, despu\u00e9s de 3 horas comienza a ver venir el color. Despu\u00e9s de 12 horas vi el resultado final.<\/p>\n<p><strong>Marr\u00f3n sin olor a sol:<\/strong>\u00a0Debido a que da un color m\u00e1s suave que el mousse, la piel tambi\u00e9n huele un poco menos, pero a\u00fan tiene un toque de marr\u00f3n sin olor a sol. Pero no tanto que me moleste, de lo contrario soy muy sensible a ese olor.<\/p>\n<p><strong>Resultados:<\/strong>\u00a0Primer uso: Como pens\u00e9 que era una &quot;loci\u00f3n ligera&quot;, la unt\u00e9 con las manos por primera vez y no fue muy descuidada, pero definitivamente no tan precisa como con la mousse. Entonces me volv\u00ed incre\u00edblemente irregular, \u00a1jaja! El resto del tiempo he usado guante y fui tan cuidadoso como con la mousse. Entonces estar\u00e1 incluso en todo el cuerpo :)<\/p>\n<p>\u00a1Tambi\u00e9n prob\u00e9 dos capas de esto (aplicadas dos d\u00edas despu\u00e9s de la primera capa) y result\u00f3 genial! Tambi\u00e9n he intentado mejorar en &quot;\u00e1reas seleccionadas&quot;, p. Ej. desapareci\u00f3 m\u00e1s r\u00e1pido en las piernas estrechas porque las afeit\u00e9. Tambi\u00e9n sali\u00f3 bien, se fundi\u00f3 muy bien con la quemadura anterior.<\/p>\n<p><strong>Sustentabilidad:<\/strong>\u00a0Desaparece m\u00e1s f\u00e1cilmente cuando te lavas las manos y la cara, que la mousse, creo. Se pone un poco p\u00e1lido en la cara y las manos y en las manos hay un peque\u00f1o &quot;borde&quot; en el color. \u00a1Adem\u00e1s, desaparece de manera uniforme y agradable en m\u00ed! Sin embargo, uno debe tener cuidado en la ducha, he notado que si tiro con un clavo en la piel h\u00fameda y tibia en la ducha, habr\u00e1 una leve raya en la quemadura despu\u00e9s. Pero dura mucho tiempo antes de que desaparezca por completo, en m\u00ed dura unos 8 d\u00edas.<\/p>\n<p style=\"text-align: center;\"><span style=\"font-size: 12pt;\"><a href=\"https:\/\/go.nordicfeel.se\/t\/t?a=872761485&amp;as=1548102449&amp;t=2&amp;tk=1&amp;url=https:\/\/www.nordicfeel.se\/hudvard\/sol\/brun-utan-sol\/ida-warg-self-tanning-body-lotion-85570\">\u2192 Disponible para su compra en Nordicfeel.se<\/a><\/span><\/p>\n<h4><span style=\"font-size: 18pt;\">Ida Warg - Loci\u00f3n facial autobronceadora, 50 ml<\/span><\/h4>\n<p>Precio en el momento de escribir este art\u00edculo: SEK 175 (<a href=\"https:\/\/go.nordicfeel.se\/t\/t?a=872761485&amp;as=1548102449&amp;t=2&amp;tk=1&amp;url=https:\/\/www.nordicfeel.se\/hudvard\/sol\/brun-utan-sol\/ida-warg-face-lotion-53258\"><em>enlace<\/em><\/a>)<\/p>\n<p><strong>Descripci\u00f3n del producto:<\/strong><br \/>\nLa f\u00f3rmula incolora de la loci\u00f3n facial autobronceadora est\u00e1 especialmente desarrollada para adaptarse a la piel sensible del rostro. Suaviza la piel y le da a tu rostro un aspecto fresco y ba\u00f1ado por el sol durante todo el a\u00f1o con un brillo saludable. Sin perfume, vegano y sin crueldad animal. 50 ml \u201d<\/p>\n<p><img loading=\"lazy\" decoding=\"async\" class=\"alignnone wp-image-39843 size-large\" src=\"https:\/\/www.imakeyousmile.se\/wp-content\/uploads\/2020\/12\/IMG_1208_111-1024x637.jpg\" alt=\"loci\u00f3n facial autobronceadora\" width=\"696\" height=\"433\" srcset=\"https:\/\/www.imakeyousmile.se\/wp-content\/uploads\/2020\/12\/IMG_1208_111-1024x637.jpg 1024w, https:\/\/www.imakeyousmile.se\/wp-content\/uploads\/2020\/12\/IMG_1208_111-300x187.jpg 300w, https:\/\/www.imakeyousmile.se\/wp-content\/uploads\/2020\/12\/IMG_1208_111-768x478.jpg 768w, https:\/\/www.imakeyousmile.se\/wp-content\/uploads\/2020\/12\/IMG_1208_111-16x10.jpg 16w, https:\/\/www.imakeyousmile.se\/wp-content\/uploads\/2020\/12\/IMG_1208_111-696x433.jpg 696w, https:\/\/www.imakeyousmile.se\/wp-content\/uploads\/2020\/12\/IMG_1208_111-1068x665.jpg 1068w, https:\/\/www.imakeyousmile.se\/wp-content\/uploads\/2020\/12\/IMG_1208_111-675x420.jpg 675w, https:\/\/www.imakeyousmile.se\/wp-content\/uploads\/2020\/12\/IMG_1208_111-356x220.jpg 356w, https:\/\/www.imakeyousmile.se\/wp-content\/uploads\/2020\/12\/IMG_1208_111.jpg 1300w\" sizes=\"(max-width: 696px) 100vw, 696px\" \/><\/p>\n<h5>Mi rese\u00f1a de este Ida Warg marr\u00f3n sin sol:<\/h5>\n<p>De hecho, no noto ninguna diferencia entre esto y aquello para el cuerpo, el mismo color y el mismo gel consistente :)<\/p>\n<p>Por lo tanto, el resultado tambi\u00e9n fue el mismo que el cuerpo: moteado la primera vez cuando fui descuidado, jaja, y luego suave y muy agradable cuando lo hice correctamente la segunda vez.<\/p>\n<p><img loading=\"lazy\" decoding=\"async\" class=\"alignnone wp-image-39833 size-large\" src=\"https:\/\/www.imakeyousmile.se\/wp-content\/uploads\/2020\/12\/IMG_2772_1111-1024x737.jpg\" alt=\"loci\u00f3n corporal autobronceadora ida warg, loci\u00f3n facial autobronceadora ida warg, revisi\u00f3n, antes despu\u00e9s, gel, vegano \" width=\"696\" height=\"501\" srcset=\"https:\/\/www.imakeyousmile.se\/wp-content\/uploads\/2020\/12\/IMG_2772_1111-1024x737.jpg 1024w, https:\/\/www.imakeyousmile.se\/wp-content\/uploads\/2020\/12\/IMG_2772_1111-300x216.jpg 300w, https:\/\/www.imakeyousmile.se\/wp-content\/uploads\/2020\/12\/IMG_2772_1111-768x553.jpg 768w, https:\/\/www.imakeyousmile.se\/wp-content\/uploads\/2020\/12\/IMG_2772_1111-16x12.jpg 16w, https:\/\/www.imakeyousmile.se\/wp-content\/uploads\/2020\/12\/IMG_2772_1111-696x501.jpg 696w, https:\/\/www.imakeyousmile.se\/wp-content\/uploads\/2020\/12\/IMG_2772_1111-1068x769.jpg 1068w, https:\/\/www.imakeyousmile.se\/wp-content\/uploads\/2020\/12\/IMG_2772_1111-583x420.jpg 583w, https:\/\/www.imakeyousmile.se\/wp-content\/uploads\/2020\/12\/IMG_2772_1111.jpg 1300w\" sizes=\"(max-width: 696px) 100vw, 696px\" \/><\/p>\n<p>No tom\u00e9 fotos de antes y despu\u00e9s de esto (viste mi piel natural p\u00e1lida en las fotos de antes). \u00a1Aqu\u00ed est\u00e1 al menos el resultado con estos! \u00a1M\u00e1s suave pero a\u00fan con un color muy claro!<\/p>\n<p style=\"text-align: center;\"><span style=\"font-size: 12pt;\"><a href=\"https:\/\/go.nordicfeel.se\/t\/t?a=872761485&amp;as=1548102449&amp;t=2&amp;tk=1&amp;url=https:\/\/www.nordicfeel.se\/hudvard\/sol\/brun-utan-sol\/ida-warg-face-lotion-53258\">\u2192 Disponible para su compra en Nordicfeel.se<\/a><\/span><\/p>\n<h4><span style=\"font-size: 18pt;\">Ida Warg - Guante de bronceado<\/span><\/h4>\n<p>Precio en el momento de escribir este art\u00edculo: SEK 49 (<a href=\"https:\/\/go.nordicfeel.se\/t\/t?a=872761485&amp;as=1548102449&amp;t=2&amp;tk=1&amp;url=https:\/\/www.nordicfeel.se\/hudvard\/sol\/brun-utan-sol\/ida-warg-tanning-mitt-53255\"><em>enlace<\/em><\/a>)<\/p>\n<p><img loading=\"lazy\" decoding=\"async\" class=\"alignnone wp-image-39840 size-large\" src=\"https:\/\/www.imakeyousmile.se\/wp-content\/uploads\/2020\/12\/IMG_1192_111-1024x717.jpg\" alt=\"guantes de bus, vante\" width=\"696\" height=\"487\" srcset=\"https:\/\/www.imakeyousmile.se\/wp-content\/uploads\/2020\/12\/IMG_1192_111-1024x717.jpg 1024w, https:\/\/www.imakeyousmile.se\/wp-content\/uploads\/2020\/12\/IMG_1192_111-300x210.jpg 300w, https:\/\/www.imakeyousmile.se\/wp-content\/uploads\/2020\/12\/IMG_1192_111-768x538.jpg 768w, https:\/\/www.imakeyousmile.se\/wp-content\/uploads\/2020\/12\/IMG_1192_111-16x12.jpg 16w, https:\/\/www.imakeyousmile.se\/wp-content\/uploads\/2020\/12\/IMG_1192_111-696x487.jpg 696w, https:\/\/www.imakeyousmile.se\/wp-content\/uploads\/2020\/12\/IMG_1192_111-1068x748.jpg 1068w, https:\/\/www.imakeyousmile.se\/wp-content\/uploads\/2020\/12\/IMG_1192_111-600x420.jpg 600w, https:\/\/www.imakeyousmile.se\/wp-content\/uploads\/2020\/12\/IMG_1192_111-100x70.jpg 100w, https:\/\/www.imakeyousmile.se\/wp-content\/uploads\/2020\/12\/IMG_1192_111.jpg 1300w\" sizes=\"(max-width: 696px) 100vw, 696px\" \/><\/p>\n<p>De hecho, he sido est\u00fapido y nunca me hab\u00eda comprado un bronceado sin un guante de sol antes, as\u00ed que esta es la primera vez que lo uso y no entiendo que no lo he hecho antes. \u00a1Es tan suave! \u00a1\u00a1Comprar!! \u00a1Esto es suave y genial, sin rarezas! :) Es bueno proteger sus manos tambi\u00e9n durante la aplicaci\u00f3n.<\/p>\n<p>F\u00e1cil de lavar a mano en el fregadero (tenga en cuenta que no inmediatamente despu\u00e9s, entonces debe evitar el agua), se seca r\u00e1pidamente y queda tan agradable como antes.<\/p>\n<p style=\"text-align: center;\"><span style=\"font-size: 12pt;\"><a href=\"https:\/\/go.nordicfeel.se\/t\/t?a=872761485&amp;as=1548102449&amp;t=2&amp;tk=1&amp;url=https:\/\/www.nordicfeel.se\/hudvard\/sol\/brun-utan-sol\/ida-warg-tanning-mitt-53255\">\u2192 Disponible para su compra en Nordicfeel.se<\/a><\/span><\/p>\n<h2 style=\"text-align: center;\"><span style=\"font-size: 24pt;\">Resumen - revisi\u00f3n de BUS<\/span><\/h2>\n<p><strong>\u00bfCu\u00e1l es el mejor? \u00bfEspuma autobronceadora Ida Warg o loci\u00f3n autobronceadora?<\/strong><\/p>\n<p>\u00a1En mi opini\u00f3n, hay pros y contras aqu\u00ed! Pero en resumen, puedo decir que me gustan mucho ambos y que usar\u00e9 todos los productos, \u00a1todos est\u00e1n a la altura! Tambi\u00e9n debo a\u00f1adir que me cuesta bastante broncearme sin sol, de lo contrario, soy exigente. As\u00ed que no es f\u00e1cil obtener una rese\u00f1a positiva sobre un producto de broma :)<\/p>\n<ul>\n<li>La loci\u00f3n no siente nada inmediatamente despu\u00e9s, mientras que la mousse permanece pegajosa sobre la piel por un tiempo.<\/li>\n<li>La mousse se aplica m\u00e1s f\u00e1cilmente. La loci\u00f3n tampoco es dif\u00edcil, pero no tan simple como la mousse, que es m\u00e1s esponjosa y suave de extender. A diferencia de un gel de clic.<\/li>\n<li>La loci\u00f3n da un resultado m\u00e1s suave (pero a\u00fan visible) que es suficiente para m\u00ed. La mousse da mejores resultados despu\u00e9s de una sola aplicaci\u00f3n.<\/li>\n<li>Dorar sin la mousse solar es m\u00e1s f\u00e1cil de emparejar, se vuelve realmente impecable, \u00a1incluso para m\u00ed! A diferencia de la loci\u00f3n donde a veces ha habido algunos cambios de tono, aunque fui muy cuidadoso. Entonces no tiene manchas, pero no tan uniforme como la mousse.<\/li>\n<li>La mousse desaparece de una forma un poco m\u00e1s agradable (excepto en las axilas, pero all\u00ed se pueden aplicar capas m\u00e1s delgadas). La mousse desaparece de forma m\u00e1s gradual y uniforme en todas partes, mientras que la loci\u00f3n debe mejorarse durante la semana en el rostro y las manos.<\/li>\n<\/ul>\n<h4>\u00bfQu\u00e9 &quot;marr\u00f3n Ida Warg sin sol&quot; me gusta m\u00e1s?<\/h4>\n<p>La mousse Summa summaryum se aplica m\u00e1s f\u00e1cil y uniforme, y da un resultado m\u00e1s marr\u00f3n tanto inmediatamente despu\u00e9s como durante la semana siguiente.<\/p>\n<p>Pero valoro mucho la sensaci\u00f3n despu\u00e9s de la aplicaci\u00f3n, que la loci\u00f3n se hunde en la piel inmediatamente si no se siente un poco pegajosa. El tono de la loci\u00f3n tambi\u00e9n es un poco m\u00e1s suave, lo que se adapta mejor a mi piel p\u00e1lida de invierno. Entonces, aunque le doy m\u00e1s beneficios a la mousse, sigo pensando que yo mismo comprar\u00e9 la loci\u00f3n en el futuro :)<\/p>\n<p>He estado usando los productos durante varias semanas y mi combinaci\u00f3n favorita es\u00a0<a href=\"https:\/\/go.nordicfeel.se\/t\/t?a=872761485&amp;as=1548102449&amp;t=2&amp;tk=1&amp;url=https:\/\/www.nordicfeel.se\/hudvard\/sol\/brun-utan-sol\/ida-warg-self-tanning-body-lotion-85570\">Loci\u00f3n corporal autobronceadora Ida Warg<\/a>\u00a0junto con las gotas\u00a0<a href=\"https:\/\/go.nordicfeel.se\/t\/t?a=872761485&amp;as=1548102449&amp;t=2&amp;tk=1&amp;url=https:\/\/www.nordicfeel.se\/hudvard\/sol\/brun-utan-sol\/ida-warg-tanning-drops-84467\">Gotas bronceadoras Ida Warg<\/a>\u00a0a la cara. Mejoro en estos dos cuando es necesario, a veces en \u00e1reas seleccionadas y en intervalos de una semana corro todo el cuerpo.<\/p>\n<p>\u00a1Pero creo que cada bronceado Ida Warg sin producto solar es muy bueno! :)<\/p>\n<p><img loading=\"lazy\" decoding=\"async\" class=\"alignnone wp-image-39830 size-large\" src=\"https:\/\/www.imakeyousmile.se\/wp-content\/uploads\/2020\/12\/IMG_2656_1111-1024x511.jpg\" alt=\"ida warg brown sin sol revisi\u00f3n, consejos, aplicaci\u00f3n, antes despu\u00e9s\" width=\"696\" height=\"347\" srcset=\"https:\/\/www.imakeyousmile.se\/wp-content\/uploads\/2020\/12\/IMG_2656_1111-1024x511.jpg 1024w, https:\/\/www.imakeyousmile.se\/wp-content\/uploads\/2020\/12\/IMG_2656_1111-300x150.jpg 300w, https:\/\/www.imakeyousmile.se\/wp-content\/uploads\/2020\/12\/IMG_2656_1111-768x383.jpg 768w, https:\/\/www.imakeyousmile.se\/wp-content\/uploads\/2020\/12\/IMG_2656_1111-16x8.jpg 16w, https:\/\/www.imakeyousmile.se\/wp-content\/uploads\/2020\/12\/IMG_2656_1111-696x347.jpg 696w, https:\/\/www.imakeyousmile.se\/wp-content\/uploads\/2020\/12\/IMG_2656_1111-1068x533.jpg 1068w, https:\/\/www.imakeyousmile.se\/wp-content\/uploads\/2020\/12\/IMG_2656_1111-841x420.jpg 841w, https:\/\/www.imakeyousmile.se\/wp-content\/uploads\/2020\/12\/IMG_2656_1111.jpg 1300w\" sizes=\"(max-width: 696px) 100vw, 696px\" \/><\/p>\n<p style=\"text-align: center;\">Aqu\u00ed encontrar\u00e1 todos los productos de Ida Warg BUS -&gt; <a href=\"https:\/\/go.nordicfeel.se\/t\/t?a=872761485&amp;as=1548102449&amp;t=2&amp;tk=1&amp;url=https:\/\/www.nordicfeel.se\/hudvard\/sol\/brun-utan-sol?brand=ida+warg\"><em>(enlace directo al cat\u00e1logo)<\/em><\/a>.<\/p>\n<p>Si quieres leer m\u00e1s sobre Ida Warg Beauty, puedes hacerlo en el de ellos. <a href=\"https:\/\/idawargbeauty.se\">sitio web<\/a>, idawargbeauty.se. :)<\/p>\n<h4>\u00a1Espero que la publicaci\u00f3n haya sido \u00fatil!<\/h4>\n<p>\u00a1Espero que les haya gustado mi Ida Warg brown sin revisi\u00f3n solar y que les guste el producto tanto como a m\u00ed! Perfecto para dar vida a las pieles p\u00e1lidas del invierno, sobre todo ahora que no vas al extranjero de la misma forma que antes. Estos productos de BUS tambi\u00e9n son buenos si buscas un bronceado vegano, libre de crueldad y sin sol :)<\/p>\n<p>\u00bfTiene alguna pregunta o inquietud sobre el bronceado sin sol de Ida Warg que no haya respondido aqu\u00ed? \u00a1No dudes en dejar un comentario a continuaci\u00f3n y te responder\u00e9 tan pronto como pueda! \u00bfHas probado los productos Ida Warg BUS o alg\u00fan otro bronceado sin sol que recomiendas?<\/p>\n<p>\u00bfHay alguna rese\u00f1a m\u00e1s de Ida Warg que te falte? Si est\u00e1 atento aqu\u00ed en el blog, pronto habr\u00e1 m\u00e1s rese\u00f1as sobre otros productos de Ida Warg. :)<\/p>\n<p><strong>Tambi\u00e9n puedo recomendar estas publicaciones de blog.<\/strong>:<\/p>\n<ul>\n<li><a href=\"https:\/\/www.imakeyousmile.se\/es\/recension-indy-beauty\/\">Revisi\u00f3n - cuidado de la piel y del cuerpo de Indy Beauty<\/a><\/li>\n<li><a href=\"https:\/\/www.imakeyousmile.se\/es\/recension-indy-beauty-smink-therese-lindgren\/\">Revisi\u00f3n - maquillaje Indy Beauty<\/a><\/li>\n<li><a href=\"https:\/\/www.imakeyousmile.se\/es\/mascara\/\">M\u00e1scara de pesta\u00f1as mejor en prueba - Mejor m\u00e1scara de pesta\u00f1as (Revisi\u00f3n)<\/a><\/li>\n<li><a href=\"https:\/\/www.imakeyousmile.se\/es\/8-enkla-sminktips-for-nyborjare-steg-for-steg\/\">8 sencillos consejos de maquillaje para principiantes (paso a paso)<\/a><\/li>\n<\/ul>","protected":false},"excerpt":{"rendered":"<p>Nu har jag testat Ida Warg brun utan sol, f\u00f6r b\u00e5de ansikte och kropp. S\u00e5 h\u00e4r kommer min Ida Warg BUS recension! Jag vet inte om denna brun utan sol \u00e4r &#8221;b\u00e4st i test&#8221; d\u00e5 jag inte testat andra\/nya m\u00e4rken p\u00e5 l\u00e4nge, men jag recenserade massor av BUS-produkter f\u00f6r n\u00e5gra \u00e5r sedan och har \u00e4ven [&hellip;]<\/p>\n","protected":false},"author":30,"featured_media":39887,"comment_status":"open","ping_status":"closed","sticky":false,"template":"","format":"standard","meta":{"footnotes":""},"categories":[7574,59,6997],"tags":[7584,7585,7705,7707,7582,7706,3897,7708,7709,7577,7575,7576,7581,7580,7579,7704,7578,7583],"class_list":["post-39274","post","type-post","status-publish","format-standard","has-post-thumbnail","hentry","category-bast-i-test","category-recensioner-produkttips","category-skonhet","tag-applicera-brun-utan-sol","tag-basta-brun-utan-sol","tag-brun-utan-sol-ansikte","tag-brun-utan-sol-armhalor","tag-brun-utan-sol-bast-i-test","tag-brun-utan-sol-fotter","tag-brun-utan-sol-hander","tag-brun-utan-sol-handske","tag-brun-utan-sol-vante","tag-ida-warg-beauty","tag-ida-warg-blogg","tag-ida-warg-brun-utan-sol","tag-ida-warg-brun-utan-sol-ansikte","tag-ida-warg-bus","tag-ida-warg-produkter","tag-ida-warg-recension","tag-ida-warg-tanning-drops","tag-self-tan"],"yoast_head":"<!-- This site is optimized with the Yoast SEO Premium plugin v14.9 - https:\/\/yoast.com\/wordpress\/plugins\/seo\/ -->\n<meta name=\"description\" content=\"Nu har jag testat Ida Warg brun utan sol, ansikte och kropp. H\u00e4r kommer min recension av Ida Warg BUS-produkterna. L\u00e4s hela min recension!\" \/>\n<meta name=\"robots\" content=\"index, follow, max-snippet:-1, max-image-preview:large, max-video-preview:-1\" \/>\n<link rel=\"canonical\" href=\"https:\/\/www.imakeyousmile.se\/es\/ida-warg-brun-utan-sol-recension\/\" \/>\n<meta property=\"og:locale\" content=\"es_ES\" \/>\n<meta property=\"og:type\" content=\"article\" \/>\n<meta property=\"og:title\" content=\"Ida Warg Brun Utan Sol (BUS) - Ansikte &amp; Kropp (Recension)\" \/>\n<meta property=\"og:description\" content=\"Nu har jag testat Ida Warg brun utan sol, ansikte och kropp. H\u00e4r kommer min recension av Ida Warg BUS-produkterna. L\u00e4s hela min recension!\" \/>\n<meta property=\"og:url\" content=\"https:\/\/www.imakeyousmile.se\/es\/ida-warg-brun-utan-sol-recension\/\" \/>\n<meta property=\"og:site_name\" content=\"Imakeyousmile.se\" \/>\n<meta property=\"article:author\" content=\"https:\/\/www.facebook.com\/imakeyousmile.se\" \/>\n<meta property=\"article:published_time\" content=\"2021-03-04T18:25:04+00:00\" \/>\n<meta property=\"article:modified_time\" content=\"2021-03-04T18:48:46+00:00\" \/>\n<meta property=\"og:image\" content=\"https:\/\/www.imakeyousmile.se\/wp-content\/uploads\/2020\/03\/utvald-bild-ida-warg-brun-utan-sol.jpg\" \/>\n\t<meta property=\"og:image:width\" content=\"650\" \/>\n\t<meta property=\"og:image:height\" content=\"476\" \/>\n<meta name=\"twitter:card\" content=\"summary_large_image\" \/>\n<script type=\"application\/ld+json\" class=\"yoast-schema-graph\">{\"@context\":\"https:\/\/schema.org\",\"@graph\":[{\"@type\":\"Organization\",\"@id\":\"https:\/\/www.imakeyousmile.se\/es\/#organization\",\"name\":\"Imakeyousmile\",\"url\":\"https:\/\/www.imakeyousmile.se\/es\/\",\"sameAs\":[],\"logo\":{\"@type\":\"ImageObject\",\"@id\":\"https:\/\/www.imakeyousmile.se\/es\/#logo\",\"inLanguage\":\"es\",\"url\":\"https:\/\/www.imakeyousmile.se\/wp-content\/uploads\/2020\/10\/HELENA-AMILEY_SVART-1-e1603367975324.png\",\"width\":280,\"height\":93,\"caption\":\"Imakeyousmile\"},\"image\":{\"@id\":\"https:\/\/www.imakeyousmile.se\/es\/#logo\"}},{\"@type\":\"WebSite\",\"@id\":\"https:\/\/www.imakeyousmile.se\/es\/#website\",\"url\":\"https:\/\/www.imakeyousmile.se\/es\/\",\"name\":\"Imakeyousmile.se\",\"description\":\"Helena Amiley - Beauty, Entrepreneur, Lifestyle\",\"publisher\":{\"@id\":\"https:\/\/www.imakeyousmile.se\/es\/#organization\"},\"potentialAction\":[{\"@type\":\"SearchAction\",\"target\":\"https:\/\/www.imakeyousmile.se\/es\/?s={search_term_string}\",\"query-input\":\"required name=search_term_string\"}],\"inLanguage\":\"es\"},{\"@type\":\"ImageObject\",\"@id\":\"https:\/\/www.imakeyousmile.se\/ida-warg-brun-utan-sol-recension\/#primaryimage\",\"inLanguage\":\"es\",\"url\":\"https:\/\/www.imakeyousmile.se\/wp-content\/uploads\/2020\/03\/utvald-bild-ida-warg-brun-utan-sol.jpg\",\"width\":650,\"height\":476},{\"@type\":\"WebPage\",\"@id\":\"https:\/\/www.imakeyousmile.se\/ida-warg-brun-utan-sol-recension\/#webpage\",\"url\":\"https:\/\/www.imakeyousmile.se\/ida-warg-brun-utan-sol-recension\/\",\"name\":\"Ida Warg Brun Utan Sol (BUS) - Ansikte & Kropp (Recension)\",\"isPartOf\":{\"@id\":\"https:\/\/www.imakeyousmile.se\/es\/#website\"},\"primaryImageOfPage\":{\"@id\":\"https:\/\/www.imakeyousmile.se\/ida-warg-brun-utan-sol-recension\/#primaryimage\"},\"datePublished\":\"2021-03-04T18:25:04+00:00\",\"dateModified\":\"2021-03-04T18:48:46+00:00\",\"description\":\"Nu har jag testat Ida Warg brun utan sol, ansikte och kropp. H\\u00e4r kommer min recension av Ida Warg BUS-produkterna. L\\u00e4s hela min recension!\",\"inLanguage\":\"es\",\"potentialAction\":[{\"@type\":\"ReadAction\",\"target\":[\"https:\/\/www.imakeyousmile.se\/ida-warg-brun-utan-sol-recension\/\"]}]},{\"@type\":\"Article\",\"@id\":\"https:\/\/www.imakeyousmile.se\/ida-warg-brun-utan-sol-recension\/#article\",\"isPartOf\":{\"@id\":\"https:\/\/www.imakeyousmile.se\/ida-warg-brun-utan-sol-recension\/#webpage\"},\"author\":{\"@id\":\"https:\/\/www.imakeyousmile.se\/es\/#\/schema\/person\/b0fd43b1c6bb1c60cfd68bff9b4a10fb\"},\"headline\":\"Ida Warg Brun Utan Sol (BUS) &#8211; Ansikte &#038; Kropp (Recension)\",\"datePublished\":\"2021-03-04T18:25:04+00:00\",\"dateModified\":\"2021-03-04T18:48:46+00:00\",\"mainEntityOfPage\":{\"@id\":\"https:\/\/www.imakeyousmile.se\/ida-warg-brun-utan-sol-recension\/#webpage\"},\"commentCount\":4,\"publisher\":{\"@id\":\"https:\/\/www.imakeyousmile.se\/es\/#organization\"},\"image\":{\"@id\":\"https:\/\/www.imakeyousmile.se\/ida-warg-brun-utan-sol-recension\/#primaryimage\"},\"keywords\":\"applicera brun utan sol,b\\u00e4sta brun utan sol,brun utan sol ansikte,brun utan sol armh\\u00e5lor,brun utan sol b\\u00e4st i test,brun utan sol f\\u00f6tter,brun utan sol h\\u00e4nder,brun utan sol handske,brun utan sol vante,ida warg beauty,ida warg blogg,ida warg brun utan sol,ida warg brun utan sol ansikte,ida warg bus,ida warg produkter,ida warg recension,ida warg tanning drops,self tan\",\"articleSection\":\"B\\u00e4st i test,Recensioner &amp; Produkttips,Sk\\u00f6nhet\",\"inLanguage\":\"es\",\"potentialAction\":[{\"@type\":\"CommentAction\",\"name\":\"Comment\",\"target\":[\"https:\/\/www.imakeyousmile.se\/ida-warg-brun-utan-sol-recension\/#respond\"]}]},{\"@type\":\"Person\",\"@id\":\"https:\/\/www.imakeyousmile.se\/es\/#\/schema\/person\/b0fd43b1c6bb1c60cfd68bff9b4a10fb\",\"name\":\"Helena Amiley\",\"image\":{\"@type\":\"ImageObject\",\"@id\":\"https:\/\/www.imakeyousmile.se\/es\/#personlogo\",\"inLanguage\":\"es\",\"url\":\"https:\/\/secure.gravatar.com\/avatar\/5645558e1e355457a23368d7e1b4c904?s=96&d=mm&r=g\",\"caption\":\"Helena Amiley\"},\"description\":\"Jag skriver mest om sk\\u00f6nhet men bjuder \\u00e4ven p\\u00e5 glimtar fr\\u00e5n entrepren\\u00f6rlivet och bygget av v\\u00e5r egen camper van. Vanlife here we come!\",\"sameAs\":[\"https:\/\/www.facebook.com\/imakeyousmile.se\",\"https:\/\/www.instagram.com\/helenaamiley\",\"https:\/\/www.youtube.com\/channel\/UCR5iB6rvpV6Yr8ZjpQfr5mg?view_as=subscriber\"]}]}<\/script>\n<!-- \/ Yoast SEO Premium plugin. -->","_links":{"self":[{"href":"https:\/\/www.imakeyousmile.se\/es\/wp-json\/wp\/v2\/posts\/39274"}],"collection":[{"href":"https:\/\/www.imakeyousmile.se\/es\/wp-json\/wp\/v2\/posts"}],"about":[{"href":"https:\/\/www.imakeyousmile.se\/es\/wp-json\/wp\/v2\/types\/post"}],"author":[{"embeddable":true,"href":"https:\/\/www.imakeyousmile.se\/es\/wp-json\/wp\/v2\/users\/30"}],"replies":[{"embeddable":true,"href":"https:\/\/www.imakeyousmile.se\/es\/wp-json\/wp\/v2\/comments?post=39274"}],"version-history":[{"count":30,"href":"https:\/\/www.imakeyousmile.se\/es\/wp-json\/wp\/v2\/posts\/39274\/revisions"}],"predecessor-version":[{"id":39888,"href":"https:\/\/www.imakeyousmile.se\/es\/wp-json\/wp\/v2\/posts\/39274\/revisions\/39888"}],"wp:featuredmedia":[{"embeddable":true,"href":"https:\/\/www.imakeyousmile.se\/es\/wp-json\/wp\/v2\/media\/39887"}],"wp:attachment":[{"href":"https:\/\/www.imakeyousmile.se\/es\/wp-json\/wp\/v2\/media?parent=39274"}],"wp:term":[{"taxonomy":"category","embeddable":true,"href":"https:\/\/www.imakeyousmile.se\/es\/wp-json\/wp\/v2\/categories?post=39274"},{"taxonomy":"post_tag","embeddable":true,"href":"https:\/\/www.imakeyousmile.se\/es\/wp-json\/wp\/v2\/tags?post=39274"}],"curies":[{"name":"wp","href":"https:\/\/api.w.org\/{rel}","templated":true}]}}