{"id":42465,"date":"2022-05-25T15:40:09","date_gmt":"2022-05-25T13:40:09","guid":{"rendered":"https:\/\/www.imakeyousmile.se\/?p=42465"},"modified":"2022-05-25T15:47:30","modified_gmt":"2022-05-25T13:47:30","slug":"peruker","status":"publish","type":"post","link":"https:\/\/www.imakeyousmile.se\/es\/peruker\/","title":{"rendered":"Pelucas en fibra de cabello (+12 tips para principiantes)"},"content":{"rendered":"<p>Jag \u00e4lskar peruker och l\u00f6sh\u00e5r! Men det \u00e4r en djungel, vad \u00e4r skillnaden p\u00e5 peruk i \u00e4kta h\u00e5r eller syntet? Hur f\u00e4ster man en peruk och finns det n\u00e5gra tips f\u00f6r en nyb\u00f6rjare?<\/p>\n<p>Oavsett om man saknar h\u00e5r sj\u00e4lv, vill f\u00f6rl\u00e4nga\/f\u00f6rtjocka eller bara variera sin frisyr &#8211; s\u00e5 finns det en rad tips och r\u00e5d som kan vara till hj\u00e4lp!<\/p>\n<p>I detta inl\u00e4gg har jag testat peruker och l\u00f6sh\u00e5r fr\u00e5n <a href=\"https:\/\/fahlenofsweden.com\">Fahl\u00e9n of Sweden<\/a> som har ett stort utbud av peruker, l\u00f6sh\u00e5r, h\u00e4stsvansar, fl\u00e4tor, scrafs, dreadlocks, l\u00f6s\u00f6gonfransar, h\u00e5raccessoarer och tillbeh\u00f6r f\u00f6r peruker och l\u00f6sh\u00e5r.<\/p>\n<p>Med rabattkoden &#8221;<em>HelenaFos<\/em>&#8221; f\u00e5r ni 25% rabatt p\u00e5 peruker och l\u00f6sh\u00e5r hos Fahl\u00e9n of Sweden! (Ej accessoarer och tillbeh\u00f6r).\u00a0<strong>G\u00e4ller fram till den 2022-06-25.\u00a0<\/strong><\/p>\n<p><img loading=\"lazy\" decoding=\"async\" class=\"alignnone wp-image-42470 size-full\" src=\"https:\/\/www.imakeyousmile.se\/wp-content\/uploads\/2022\/05\/IMG_6819_blogg.jpg\" alt=\"peruker, peruker dam, svart peruk, m\u00f6rkbrun peruk, peruk med lugg, peruk \u00e4kta h\u00e5r, peruk fiberh\u00e5r, futura fiber hair, fahl\u00e9n of sweden, peruker dam\" width=\"1000\" height=\"751\" srcset=\"https:\/\/www.imakeyousmile.se\/wp-content\/uploads\/2022\/05\/IMG_6819_blogg.jpg 1000w, https:\/\/www.imakeyousmile.se\/wp-content\/uploads\/2022\/05\/IMG_6819_blogg-300x225.jpg 300w, https:\/\/www.imakeyousmile.se\/wp-content\/uploads\/2022\/05\/IMG_6819_blogg-768x577.jpg 768w, https:\/\/www.imakeyousmile.se\/wp-content\/uploads\/2022\/05\/IMG_6819_blogg-16x12.jpg 16w, https:\/\/www.imakeyousmile.se\/wp-content\/uploads\/2022\/05\/IMG_6819_blogg-696x523.jpg 696w, https:\/\/www.imakeyousmile.se\/wp-content\/uploads\/2022\/05\/IMG_6819_blogg-559x420.jpg 559w, https:\/\/www.imakeyousmile.se\/wp-content\/uploads\/2022\/05\/IMG_6819_blogg-80x60.jpg 80w, https:\/\/www.imakeyousmile.se\/wp-content\/uploads\/2022\/05\/IMG_6819_blogg-265x198.jpg 265w\" sizes=\"(max-width: 1000px) 100vw, 1000px\" \/><\/p>\n<p><em>Peruken <a href=\"https:\/\/fahlenofsweden.com\/product\/lace-front-peruk-ming\/\">Ming<\/a> fr\u00e5n Fahl\u00e9n of Sweden.\u00a0<\/em><\/p>\n<h3>Peruk i \u00e4kta h\u00e5r eller peruker i syntet?<\/h3>\n<p>En vanlig fr\u00e5ga m\u00e5nga st\u00e4ller sig innan man v\u00e4ljer l\u00f6sh\u00e5r (av alla de slag) \u00e4r om man ska v\u00e4lja \u00e4kta h\u00e5r eller syntet.<\/p>\n<p>F\u00f6rdelar med peruk i syntet \u00e4r att dom ofta har &#8221;minne&#8221; s\u00e5 k\u00f6per du t.ex. en lockig peruk s\u00e5 kommer lockarna automatiskt studsa tillbaka igen efter att du tv\u00e4ttat peruken. Det \u00e4r ocks\u00e5 billigare med en syntetperuk.<\/p>\n<p>Samtidigt \u00e4r ju en peruk i \u00e4kta h\u00e5r sv\u00e5rslagen n\u00e4r det g\u00e4ller att k\u00e4nnas och se naturligt ut, eftersom det \u00e4r just det, helt naturligt. Och g\u00e5r att styla med v\u00e4rmeverktyg och ta hand om som ett naturligt h\u00e5r. Det trasslar inte lika enkelt och \u00e4r l\u00e4ttare att ta hand om.<\/p>\n<p>Det handlar ocks\u00e5 om kvalit\u00e9n. En peruk i syntet i d\u00e5lig kvalit\u00e9 ser v\u00e4ldigt fejk ut, men det finns ocks\u00e5 peruker i syntet som \u00e4r av h\u00f6gre kvalit\u00e9. Tidigare har jag bara googlat &#8221;peruker dam&#8221; och k\u00f6pt f\u00f6rsta b\u00e4sta billiga peruk. Det har kommit hem peruker som inte alls liknat bilderna och med h\u00e5r som st\u00e5r \u00e5t olika h\u00e5ll &#8211; och g\u00e5r ej att styla med v\u00e4rmeverktyg heller. De \u00e4r n\u00e4stan om\u00f6jliga att anv\u00e4nda, inte ens till maskerad.<\/p>\n<p><img loading=\"lazy\" decoding=\"async\" class=\"alignnone wp-image-42469 size-full\" src=\"https:\/\/www.imakeyousmile.se\/wp-content\/uploads\/2022\/05\/IMG_1715_blogg.jpg\" alt=\"peruker, peruker dam, blond peruk, lockig peruk, peruk med lugg, peruk \u00e4kta h\u00e5r, peruk fiberh\u00e5r, futura fiber hair, fahl\u00e9n of sweden, peruker dam\" width=\"800\" height=\"828\" srcset=\"https:\/\/www.imakeyousmile.se\/wp-content\/uploads\/2022\/05\/IMG_1715_blogg.jpg 800w, https:\/\/www.imakeyousmile.se\/wp-content\/uploads\/2022\/05\/IMG_1715_blogg-290x300.jpg 290w, https:\/\/www.imakeyousmile.se\/wp-content\/uploads\/2022\/05\/IMG_1715_blogg-768x795.jpg 768w, https:\/\/www.imakeyousmile.se\/wp-content\/uploads\/2022\/05\/IMG_1715_blogg-12x12.jpg 12w, https:\/\/www.imakeyousmile.se\/wp-content\/uploads\/2022\/05\/IMG_1715_blogg-696x720.jpg 696w, https:\/\/www.imakeyousmile.se\/wp-content\/uploads\/2022\/05\/IMG_1715_blogg-406x420.jpg 406w\" sizes=\"(max-width: 800px) 100vw, 800px\" \/><\/p>\n<p><em>Peruken <a href=\"https:\/\/fahlenofsweden.com\/product\/lace-front-peruk-mizuki\/\">Mizuki<\/a> fr\u00e5n Fahl\u00e9n of Sweden.\u00a0<\/em><\/p>\n<h4>Peruker i fiberh\u00e5r<\/h4>\n<p>Fahl\u00e9ns peruker i syntet \u00e4r gjorda av fiberh\u00e5r, vilket har f\u00f6rdelarna av syntet (formminne samt billigare) men <em>adem\u00e1s<\/em> f\u00f6rdelarna av en peruk i \u00e4kta h\u00e5r; ser mer naturlig ut OCH lyssna p\u00e5 detta &#8211; g\u00e5r att styla med v\u00e4rmeverktyg!!\u00a0T.ex. har jag plattat luggen p\u00e5 den svarta peruken som ni ser i b\u00f6rjan av inl\u00e4gget.<\/p>\n<p>Dessa \u00e4r bra alternativ om man vill ha en fin peruk men till betydligt billigare pris \u00e4n en peruk i \u00e4kta h\u00e5r.<\/p>\n<p><img loading=\"lazy\" decoding=\"async\" class=\"alignnone size-full wp-image-42468\" src=\"https:\/\/www.imakeyousmile.se\/wp-content\/uploads\/2022\/05\/IMG_1663_jpg_blogg.jpg\" alt=\"\" width=\"1000\" height=\"690\" srcset=\"https:\/\/www.imakeyousmile.se\/wp-content\/uploads\/2022\/05\/IMG_1663_jpg_blogg.jpg 1000w, https:\/\/www.imakeyousmile.se\/wp-content\/uploads\/2022\/05\/IMG_1663_jpg_blogg-300x207.jpg 300w, https:\/\/www.imakeyousmile.se\/wp-content\/uploads\/2022\/05\/IMG_1663_jpg_blogg-768x530.jpg 768w, https:\/\/www.imakeyousmile.se\/wp-content\/uploads\/2022\/05\/IMG_1663_jpg_blogg-16x12.jpg 16w, https:\/\/www.imakeyousmile.se\/wp-content\/uploads\/2022\/05\/IMG_1663_jpg_blogg-218x150.jpg 218w, https:\/\/www.imakeyousmile.se\/wp-content\/uploads\/2022\/05\/IMG_1663_jpg_blogg-696x480.jpg 696w, https:\/\/www.imakeyousmile.se\/wp-content\/uploads\/2022\/05\/IMG_1663_jpg_blogg-609x420.jpg 609w, https:\/\/www.imakeyousmile.se\/wp-content\/uploads\/2022\/05\/IMG_1663_jpg_blogg-100x70.jpg 100w\" sizes=\"(max-width: 1000px) 100vw, 1000px\" \/><\/p>\n<h4>12 tips f\u00f6r nyb\u00f6rjare p\u00e5 peruker<\/h4>\n<p>Hur s\u00e4tter man fast en peruk? Hur tar man hand om sin peruk p\u00e5 b\u00e4sta s\u00e4tt? Hur f\u00e5r man peruken att sitta snyggt hela dagen?<\/p>\n<ol>\n<li>V\u00e4lj en syntetperuk \/ fiberh\u00e5r. Eftersom dessa har &#8221;formminne&#8221; s\u00e5 beh\u00f6ver du inte styla de varje dag. \u00c4ven efter h\u00e5rtv\u00e4tt s\u00e5 \u00e5terf\u00e5r peruken sin naturliga styling.<\/li>\n<li>B\u00f6rja med peruk i syntet och k\u00f6p lite olika f\u00f6r att hitta stilen som du trivs b\u00e4st i. Sedan kan du investera i en mer lyxig peruk i \u00e4kta h\u00e5r, n\u00e4r du vet vad du gillar mest. Det kan n\u00e4mligen vara sv\u00e5rt att veta innan man testat olika under en lite l\u00e4ngre period.<\/li>\n<li>Anv\u00e4nd <a href=\"https:\/\/fahlenofsweden.com\/product-category\/har-essentials\/harverktyg\/peruknat\/\">perukn\u00e4t<\/a> (kallas \u00e4ven wig cap eller peruklock) om du har eget h\u00e5r under peruken, det hj\u00e4lper dig att f\u00e5 h\u00e5ret s\u00e5 platt mot huvudet som m\u00f6jligt. Om peruken blir som en hj\u00e4lm p\u00e5 huvudet p.g.a. att du har bulligt h\u00e5r under, s\u00e5 kommer man se direkt att det \u00e4r en peruk. Ju plattare mot huvudet, desto b\u00e4ttre!<\/li>\n<li>Man kan limma fast sin peruk, men ett enklare s\u00e4tt \u00e4r att anv\u00e4nda <a href=\"https:\/\/fahlenofsweden.com\/product-category\/har-essentials\/harverktyg\/perukgrepp\/\">perukgrepp<\/a>. Det f\u00e5r peruken att sitta kvar p\u00e5 huvudet trots att du inte anv\u00e4nder peruklim eller peruktejp.<\/li>\n<li>V\u00e4lj g\u00e4rna en peruk med lugg och lace front. Att f\u00e5 h\u00e5rf\u00e4stet att sitta snyggt \u00e4r det sv\u00e5raste, men med en lugg (antingen en liten diskret lugg som den blonda peruken ovan, eller en tyngre lugg som den svarta peruken) s\u00e5 d\u00f6ljer man hela h\u00e5rf\u00e4stet och resultatet ser direkt naturligt ut.<\/li>\n<li>Anv\u00e4nd en liten m\u00e4ngd torrschampo eller babypuder f\u00f6r att minska glansen p\u00e5 peruken. Ju glansigare h\u00e5r desto mindre naturligt ser det ut.<\/li>\n<li>V\u00e5ga klippa peruken f\u00f6r att den ska passa dig allra b\u00e4st. T.ex. har dessa peruker ganska l\u00e5nga luggar f\u00f6r att man ska kunna klippa och justera dom s\u00e5 som man \u00f6nskar.<\/li>\n<li>Styla med v\u00e4rmeverktyg f\u00f6r att f\u00e5 &#8221;pricken \u00f6ver i-resultat&#8221;. Dock ej \u00f6ver 180\u00b0. T.ex. kan dessa luggar stylas som snedlugg eller rakt ner\u00e5t.<\/li>\n<li>Ha en kam med dig n\u00e4r du g\u00e5r hemifr\u00e5n, med peruker i synteth\u00e5r \u00e4r det inte lika enkelt att reda ut eventuellt trassel med bara fingrarna.<\/li>\n<li>Tv\u00e4tta dina peruker regelbundet. L\u00e4s mer tv\u00e4ttguide <a href=\"https:\/\/fahlenofsweden.com\/tvattguide-for-fiberhar\/\"><strong>aqu\u00ed<\/strong>.<\/a><\/li>\n<li>Ta hand om dina peruker p\u00e5 b\u00e4sta s\u00e4tt! L\u00e4s h\u00e5rv\u00e5rdsinstruktioner <a href=\"https:\/\/fahlenofsweden.com\/luxe-fiber-harvard-styling\/harvard-styling\/harvardinstruktioner-guide\/\"><strong>aqu\u00ed<\/strong><\/a>.<\/li>\n<li>Googla inte bara &#8221;peruker dam&#8221; och v\u00e4lj f\u00f6rsta b\u00e4sta billiga. N\u00e4r det g\u00e4ller peruker s\u00e5 f\u00e5r man det man betalar f\u00f6r.<\/li>\n<\/ol>\n<p><img loading=\"lazy\" decoding=\"async\" class=\"alignnone wp-image-42471 size-full\" src=\"https:\/\/www.imakeyousmile.se\/wp-content\/uploads\/2022\/05\/IMG_6864_blogg.jpg\" alt=\"l\u00f6sh\u00e5r, h\u00e5rf\u00f6rl\u00e4ngning, peruker, peruker dam, blond peruk, h\u00e4stsvans, l\u00e4ngre h\u00e5rtofs, h\u00e5rtofs, blond, l\u00e5ng h\u00e4stsvans, uppsatt h\u00e5r, frisyr, peruk \u00e4kta h\u00e5r, peruk fiberh\u00e5r, futura fiber hair, fahl\u00e9n of sweden, peruker dam\" width=\"1000\" height=\"925\" srcset=\"https:\/\/www.imakeyousmile.se\/wp-content\/uploads\/2022\/05\/IMG_6864_blogg.jpg 1000w, https:\/\/www.imakeyousmile.se\/wp-content\/uploads\/2022\/05\/IMG_6864_blogg-300x278.jpg 300w, https:\/\/www.imakeyousmile.se\/wp-content\/uploads\/2022\/05\/IMG_6864_blogg-768x710.jpg 768w, https:\/\/www.imakeyousmile.se\/wp-content\/uploads\/2022\/05\/IMG_6864_blogg-13x12.jpg 13w, https:\/\/www.imakeyousmile.se\/wp-content\/uploads\/2022\/05\/IMG_6864_blogg-696x644.jpg 696w, https:\/\/www.imakeyousmile.se\/wp-content\/uploads\/2022\/05\/IMG_6864_blogg-454x420.jpg 454w\" sizes=\"(max-width: 1000px) 100vw, 1000px\" \/><\/p>\n<p>L\u00f6sh\u00e5ret <a href=\"https:\/\/fahlenofsweden.com\/product\/hastsvans-harforlangningar-wavy-24\/\">H\u00e4stsvans Wavy<\/a> (l\u00e4ngd 24) fr\u00e5n Fahl\u00e9n of Sweden.<\/p>\n<h4>L\u00f6sh\u00e5r &amp; H\u00e5rf\u00f6rl\u00e4ngning i h\u00e4stsvans<\/h4>\n<p>Fahl\u00e9n of Sweden har inte bara peruker, utan \u00e4ven l\u00f6sh\u00e5r i olika former (clip-on, hair band, h\u00e4stsvansar och fl\u00e4tor) och det snabbaste och enklaste s\u00e4ttet att g\u00f6ra h\u00e5rf\u00f6rl\u00e4ngning \u00e4r en h\u00e4stsvans! Denna finns i olika l\u00e4ngder och man f\u00e4ster den enkelt med clips och ett kardborreband som redan sitter fast p\u00e5 tofsen. Det finns \u00e4ven en kortare h\u00e5rslinga f\u00f6r att linda rund tofsen. S\u00c5 snyggt.<\/p>\n<p>Perfekt s\u00e4tt att se mer stylad ut en vanlig vardag, men ocks\u00e5 j\u00e4ttesnyggt som en festlig upps\u00e4ttning. I love it !!<\/p>\n<p><img loading=\"lazy\" decoding=\"async\" class=\"alignnone size-full wp-image-42476\" src=\"https:\/\/www.imakeyousmile.se\/wp-content\/uploads\/2022\/05\/fahlen-of-sweden-umea.jpg\" alt=\"\" width=\"1000\" height=\"625\" srcset=\"https:\/\/www.imakeyousmile.se\/wp-content\/uploads\/2022\/05\/fahlen-of-sweden-umea.jpg 1000w, https:\/\/www.imakeyousmile.se\/wp-content\/uploads\/2022\/05\/fahlen-of-sweden-umea-300x188.jpg 300w, https:\/\/www.imakeyousmile.se\/wp-content\/uploads\/2022\/05\/fahlen-of-sweden-umea-768x480.jpg 768w, https:\/\/www.imakeyousmile.se\/wp-content\/uploads\/2022\/05\/fahlen-of-sweden-umea-16x10.jpg 16w, https:\/\/www.imakeyousmile.se\/wp-content\/uploads\/2022\/05\/fahlen-of-sweden-umea-696x435.jpg 696w, https:\/\/www.imakeyousmile.se\/wp-content\/uploads\/2022\/05\/fahlen-of-sweden-umea-672x420.jpg 672w\" sizes=\"(max-width: 1000px) 100vw, 1000px\" \/><\/p>\n<p>Fahl\u00e9n of Sweden har \u00e4ven en butik i Ume\u00e5 d\u00e4r man kan k\u00f6pa alla deras produkter och peruker. Man kan ocks\u00e5 kontakta deras <a href=\"https:\/\/fahlenofsweden.com\/kontakta-oss\/\">kundtj\u00e4nstmedarbetare<\/a> f\u00f6r att f\u00e5 hj\u00e4lp och v\u00e4gledning f\u00f6r att v\u00e4lja r\u00e4tt p\u00e5 distans.<\/p>\n<p>De lanserar snart ocks\u00e5 peruker i \u00e4kta h\u00e5r !! :)<\/p>\n<p>Med rabattkoden &#8221;<em>HelenaFos<\/em>&#8221; f\u00e5r ni 25% rabatt p\u00e5 peruker och l\u00f6sh\u00e5r hos Fahl\u00e9n of Sweden! (Ej accessoarer och tillbeh\u00f6r).\u00a0<strong>G\u00e4ller fram till den 2022-06-25.\u00a0<\/strong><\/p>\n<p><strong>Lea tambi\u00e9n mis publicaciones anteriores:<\/strong><\/p>\n<ul>\n<li><a href=\"https:\/\/www.imakeyousmile.se\/es\/10-tips-for-volym-i-haret\/\">\u00a110 consejos para dar m\u00e1s volumen al cabello!<\/a><\/li>\n<li><a href=\"https:\/\/www.imakeyousmile.se\/es\/8-enkla-sminktips-for-nyborjare-steg-for-steg\/\">12 sencillos consejos de maquillaje para principiantes + Maquillaje (paso a paso)<\/a><\/li>\n<\/ul>","protected":false},"excerpt":{"rendered":"<p>Jag \u00e4lskar peruker och l\u00f6sh\u00e5r! Men det \u00e4r en djungel, vad \u00e4r skillnaden p\u00e5 peruk i \u00e4kta h\u00e5r eller syntet? Hur f\u00e4ster man en peruk och finns det n\u00e5gra tips f\u00f6r en nyb\u00f6rjare? Oavsett om man saknar h\u00e5r sj\u00e4lv, vill f\u00f6rl\u00e4nga\/f\u00f6rtjocka eller bara variera sin frisyr &#8211; s\u00e5 finns det en rad tips och r\u00e5d [&hellip;]<\/p>\n","protected":false},"author":30,"featured_media":42472,"comment_status":"open","ping_status":"closed","sticky":false,"template":"","format":"standard","meta":{"footnotes":""},"categories":[2862,6997],"tags":[7847,7845,7846,7843,7844],"class_list":["post-42465","post","type-post","status-publish","format-standard","has-post-thumbnail","hentry","category-har","category-skonhet","tag-lockig-peruk","tag-peruk-akta-har","tag-peruk-med-lugg","tag-peruker","tag-peruker-dam"],"yoast_head":"<!-- This site is optimized with the Yoast SEO Premium plugin v14.9 - https:\/\/yoast.com\/wordpress\/plugins\/seo\/ -->\n<meta name=\"description\" content=\"Jag \u00e4lskar peruker! Men det \u00e4r en djungel, peruk i \u00e4kta h\u00e5r eller syntet? Hur f\u00e4ster man en peruk och finns det n\u00e5gra tips f\u00f6r en nyb\u00f6rjare?\" \/>\n<meta name=\"robots\" content=\"index, follow, max-snippet:-1, max-image-preview:large, max-video-preview:-1\" \/>\n<link rel=\"canonical\" href=\"https:\/\/www.imakeyousmile.se\/es\/peruker\/\" \/>\n<meta property=\"og:locale\" content=\"es_ES\" \/>\n<meta property=\"og:type\" content=\"article\" \/>\n<meta property=\"og:title\" content=\"Peruker i fiberh\u00e5r (+ 12 tips f\u00f6r nyb\u00f6rjare) | Imakeyousmile.se\" \/>\n<meta property=\"og:description\" content=\"Jag \u00e4lskar peruker! Men det \u00e4r en djungel, peruk i \u00e4kta h\u00e5r eller syntet? Hur f\u00e4ster man en peruk och finns det n\u00e5gra tips f\u00f6r en nyb\u00f6rjare?\" \/>\n<meta property=\"og:url\" content=\"https:\/\/www.imakeyousmile.se\/es\/peruker\/\" \/>\n<meta property=\"og:site_name\" content=\"Imakeyousmile.se\" \/>\n<meta property=\"article:author\" content=\"https:\/\/www.facebook.com\/imakeyousmile.se\" \/>\n<meta property=\"article:published_time\" content=\"2022-05-25T13:40:09+00:00\" \/>\n<meta property=\"article:modified_time\" content=\"2022-05-25T13:47:30+00:00\" \/>\n<meta property=\"og:image\" content=\"https:\/\/www.imakeyousmile.se\/wp-content\/uploads\/2022\/05\/peruker_utvald_bild.jpg\" \/>\n\t<meta property=\"og:image:width\" content=\"700\" \/>\n\t<meta property=\"og:image:height\" content=\"511\" \/>\n<meta name=\"twitter:card\" content=\"summary_large_image\" \/>\n<script type=\"application\/ld+json\" class=\"yoast-schema-graph\">{\"@context\":\"https:\/\/schema.org\",\"@graph\":[{\"@type\":\"Organization\",\"@id\":\"https:\/\/www.imakeyousmile.se\/es\/#organization\",\"name\":\"Imakeyousmile\",\"url\":\"https:\/\/www.imakeyousmile.se\/es\/\",\"sameAs\":[],\"logo\":{\"@type\":\"ImageObject\",\"@id\":\"https:\/\/www.imakeyousmile.se\/es\/#logo\",\"inLanguage\":\"es\",\"url\":\"https:\/\/www.imakeyousmile.se\/wp-content\/uploads\/2020\/10\/HELENA-AMILEY_SVART-1-e1603367975324.png\",\"width\":280,\"height\":93,\"caption\":\"Imakeyousmile\"},\"image\":{\"@id\":\"https:\/\/www.imakeyousmile.se\/es\/#logo\"}},{\"@type\":\"WebSite\",\"@id\":\"https:\/\/www.imakeyousmile.se\/es\/#website\",\"url\":\"https:\/\/www.imakeyousmile.se\/es\/\",\"name\":\"Imakeyousmile.se\",\"description\":\"Helena Amiley - Beauty, Entrepreneur, Lifestyle\",\"publisher\":{\"@id\":\"https:\/\/www.imakeyousmile.se\/es\/#organization\"},\"potentialAction\":[{\"@type\":\"SearchAction\",\"target\":\"https:\/\/www.imakeyousmile.se\/es\/?s={search_term_string}\",\"query-input\":\"required name=search_term_string\"}],\"inLanguage\":\"es\"},{\"@type\":\"ImageObject\",\"@id\":\"https:\/\/www.imakeyousmile.se\/peruker\/#primaryimage\",\"inLanguage\":\"es\",\"url\":\"https:\/\/www.imakeyousmile.se\/wp-content\/uploads\/2022\/05\/peruker_utvald_bild.jpg\",\"width\":700,\"height\":511},{\"@type\":\"WebPage\",\"@id\":\"https:\/\/www.imakeyousmile.se\/peruker\/#webpage\",\"url\":\"https:\/\/www.imakeyousmile.se\/peruker\/\",\"name\":\"Peruker i fiberh\\u00e5r (+ 12 tips f\\u00f6r nyb\\u00f6rjare) | Imakeyousmile.se\",\"isPartOf\":{\"@id\":\"https:\/\/www.imakeyousmile.se\/es\/#website\"},\"primaryImageOfPage\":{\"@id\":\"https:\/\/www.imakeyousmile.se\/peruker\/#primaryimage\"},\"datePublished\":\"2022-05-25T13:40:09+00:00\",\"dateModified\":\"2022-05-25T13:47:30+00:00\",\"description\":\"Jag \\u00e4lskar peruker! Men det \\u00e4r en djungel, peruk i \\u00e4kta h\\u00e5r eller syntet? Hur f\\u00e4ster man en peruk och finns det n\\u00e5gra tips f\\u00f6r en nyb\\u00f6rjare?\",\"inLanguage\":\"es\",\"potentialAction\":[{\"@type\":\"ReadAction\",\"target\":[\"https:\/\/www.imakeyousmile.se\/peruker\/\"]}]},{\"@type\":\"Article\",\"@id\":\"https:\/\/www.imakeyousmile.se\/peruker\/#article\",\"isPartOf\":{\"@id\":\"https:\/\/www.imakeyousmile.se\/peruker\/#webpage\"},\"author\":{\"@id\":\"https:\/\/www.imakeyousmile.se\/es\/#\/schema\/person\/b0fd43b1c6bb1c60cfd68bff9b4a10fb\"},\"headline\":\"Peruker i fiberh\\u00e5r (+ 12 tips f\\u00f6r nyb\\u00f6rjare)\",\"datePublished\":\"2022-05-25T13:40:09+00:00\",\"dateModified\":\"2022-05-25T13:47:30+00:00\",\"mainEntityOfPage\":{\"@id\":\"https:\/\/www.imakeyousmile.se\/peruker\/#webpage\"},\"commentCount\":2,\"publisher\":{\"@id\":\"https:\/\/www.imakeyousmile.se\/es\/#organization\"},\"image\":{\"@id\":\"https:\/\/www.imakeyousmile.se\/peruker\/#primaryimage\"},\"keywords\":\"lockig peruk,peruk \\u00e4kta h\\u00e5r,peruk med lugg,peruker,peruker dam\",\"articleSection\":\"H\\u00e5r,Sk\\u00f6nhet\",\"inLanguage\":\"es\",\"potentialAction\":[{\"@type\":\"CommentAction\",\"name\":\"Comment\",\"target\":[\"https:\/\/www.imakeyousmile.se\/peruker\/#respond\"]}]},{\"@type\":\"Person\",\"@id\":\"https:\/\/www.imakeyousmile.se\/es\/#\/schema\/person\/b0fd43b1c6bb1c60cfd68bff9b4a10fb\",\"name\":\"Helena Amiley\",\"image\":{\"@type\":\"ImageObject\",\"@id\":\"https:\/\/www.imakeyousmile.se\/es\/#personlogo\",\"inLanguage\":\"es\",\"url\":\"https:\/\/secure.gravatar.com\/avatar\/5645558e1e355457a23368d7e1b4c904?s=96&d=mm&r=g\",\"caption\":\"Helena Amiley\"},\"description\":\"Jag skriver mest om sk\\u00f6nhet men bjuder \\u00e4ven p\\u00e5 glimtar fr\\u00e5n entrepren\\u00f6rlivet och bygget av v\\u00e5r egen camper van. Vanlife here we come!\",\"sameAs\":[\"https:\/\/www.facebook.com\/imakeyousmile.se\",\"https:\/\/www.instagram.com\/helenaamiley\",\"https:\/\/www.youtube.com\/channel\/UCR5iB6rvpV6Yr8ZjpQfr5mg?view_as=subscriber\"]}]}<\/script>\n<!-- \/ Yoast SEO Premium plugin. -->","_links":{"self":[{"href":"https:\/\/www.imakeyousmile.se\/es\/wp-json\/wp\/v2\/posts\/42465"}],"collection":[{"href":"https:\/\/www.imakeyousmile.se\/es\/wp-json\/wp\/v2\/posts"}],"about":[{"href":"https:\/\/www.imakeyousmile.se\/es\/wp-json\/wp\/v2\/types\/post"}],"author":[{"embeddable":true,"href":"https:\/\/www.imakeyousmile.se\/es\/wp-json\/wp\/v2\/users\/30"}],"replies":[{"embeddable":true,"href":"https:\/\/www.imakeyousmile.se\/es\/wp-json\/wp\/v2\/comments?post=42465"}],"version-history":[{"count":9,"href":"https:\/\/www.imakeyousmile.se\/es\/wp-json\/wp\/v2\/posts\/42465\/revisions"}],"predecessor-version":[{"id":42480,"href":"https:\/\/www.imakeyousmile.se\/es\/wp-json\/wp\/v2\/posts\/42465\/revisions\/42480"}],"wp:featuredmedia":[{"embeddable":true,"href":"https:\/\/www.imakeyousmile.se\/es\/wp-json\/wp\/v2\/media\/42472"}],"wp:attachment":[{"href":"https:\/\/www.imakeyousmile.se\/es\/wp-json\/wp\/v2\/media?parent=42465"}],"wp:term":[{"taxonomy":"category","embeddable":true,"href":"https:\/\/www.imakeyousmile.se\/es\/wp-json\/wp\/v2\/categories?post=42465"},{"taxonomy":"post_tag","embeddable":true,"href":"https:\/\/www.imakeyousmile.se\/es\/wp-json\/wp\/v2\/tags?post=42465"}],"curies":[{"name":"wp","href":"https:\/\/api.w.org\/{rel}","templated":true}]}}