{"id":42566,"date":"2022-07-23T12:06:48","date_gmt":"2022-07-23T10:06:48","guid":{"rendered":"https:\/\/www.imakeyousmile.se\/?p=42566"},"modified":"2022-07-23T12:08:23","modified_gmt":"2022-07-23T10:08:23","slug":"lancome-lash-idole-mascara","status":"publish","type":"post","link":"https:\/\/www.imakeyousmile.se\/es\/lancome-lash-idole-mascara\/","title":{"rendered":"M\u00e1scara de pesta\u00f1as Lanc\u00f4me Lash Id\u00f4le (Revisi\u00f3n)"},"content":{"rendered":"<p class=\"name\"><span class=\"brand-name\">Lanc\u00f4me\u00a0<\/span><span class=\"product-name\">Lash Id\u00f4le Mascara vann Swedish Beauty Awards 2022 och jag f\u00f6rst\u00e5r varf\u00f6r!<\/span><\/p>\n<p>Jag har tre andra favoritmascaror som jag pendlar mellan, men denna har nu gjort att min favoritlista har ett till namn p\u00e5 listan!<\/p>\n<p>H\u00e4r kommer min recension:<\/p>\n<p><img loading=\"lazy\" decoding=\"async\" class=\"alignnone wp-image-42567 size-full\" src=\"https:\/\/www.imakeyousmile.se\/wp-content\/uploads\/2022\/07\/IMG_3016_111.jpg\" alt=\"Lanc\u00f4me Lash Id\u00f4le Mascara, recension, review, picture, result\" width=\"1000\" height=\"689\" srcset=\"https:\/\/www.imakeyousmile.se\/wp-content\/uploads\/2022\/07\/IMG_3016_111.jpg 1000w, https:\/\/www.imakeyousmile.se\/wp-content\/uploads\/2022\/07\/IMG_3016_111-300x207.jpg 300w, https:\/\/www.imakeyousmile.se\/wp-content\/uploads\/2022\/07\/IMG_3016_111-768x529.jpg 768w, https:\/\/www.imakeyousmile.se\/wp-content\/uploads\/2022\/07\/IMG_3016_111-16x12.jpg 16w, https:\/\/www.imakeyousmile.se\/wp-content\/uploads\/2022\/07\/IMG_3016_111-218x150.jpg 218w, https:\/\/www.imakeyousmile.se\/wp-content\/uploads\/2022\/07\/IMG_3016_111-696x480.jpg 696w, https:\/\/www.imakeyousmile.se\/wp-content\/uploads\/2022\/07\/IMG_3016_111-610x420.jpg 610w, https:\/\/www.imakeyousmile.se\/wp-content\/uploads\/2022\/07\/IMG_3016_111-100x70.jpg 100w\" sizes=\"(max-width: 1000px) 100vw, 1000px\" \/><\/p>\n<h4><span class=\"product-name\">Beskrivning<\/span><\/h4>\n<p>Mascaran finns p\u00e5 bland annat\u00a0<a href=\"https:\/\/pin.parfym.se\/t\/t?a=1070927032&amp;as=1548102449&amp;t=2&amp;tk=1&amp;epi=Idolemascara&amp;url=https:\/\/www.parfym.se\/lancome\/ogon\/lash-idole-mascara-9ml\">parfym.se<\/a> (adlink) och detta utlovas: <em>&#8221;En gamechanger-borste med 360 mikroborsth\u00e5r som separerar, lyfter och ger volym \u00e5t varje enskild frans.\u00a0En banbrytande ny gel-emulsion som ger en fj\u00e4derl\u00e4tt k\u00e4nsla utan klumpar i upp till 24 timmar.&#8221;<\/em><\/p>\n<p>Borsten \u00e4r allts\u00e5 en b\u00f6jd gummiborste med massor av sm\u00e5 piggar.<\/p>\n<p>Inneh\u00e5llet \u00e4r 9 ml vilket \u00e4r ganska bra :) M\u00e5nga mascaror inneh\u00e5ller mindre, men det \u00e4r inte i det h\u00f6gsta laget heller.<\/p>\n<h4><span class=\"brand-name\">Lanc\u00f4me\u00a0<\/span><span class=\"product-name\">Lash Id\u00f4le Mascara &#8211; Recension<\/span><\/h4>\n<p class=\"name\">Detta \u00e4r min nya favoritmascara! Den checkar m\u00e5nga boxar:<\/p>\n<ul>\n<li>V\u00e4ldigt l\u00e4tt p\u00e5 fransarna<\/li>\n<li>Enkel och snabb att applicera<\/li>\n<li>Klumpar inte<\/li>\n<li>Separerar fint<\/li>\n<li>&#8230; men ger ocks\u00e5 volym och lyfter fransarna fint! Inte en helt vanlig kombo att lyckas med<\/li>\n<li>H\u00e5llbar! Kladdar ingenting under dagen, trots at jag har v\u00e4ldigt oljig hy och majoriteten av mascarorna p\u00e5 marknaden kladdar p\u00e5 mig<\/li>\n<li>Den smular inte heller, men ska jag vara superduper-noga s\u00e5 har jag testat att ha den i 24 timmar och d\u00e5 hade jag tv\u00e5 sm\u00e5 smulor under \u00f6gonen. Helt klart godk\u00e4nt, haha!<\/li>\n<li>Enkel att tv\u00e4tta bort!<\/li>\n<\/ul>\n<p>Vad mer beh\u00f6ver man? Lanc\u00f4me Lash Id\u00f4le Mascara \u00e4r inte vattenfast men det \u00e4r ingenting jag beh\u00f6ver i min vardag :)<\/p>\n<p><img loading=\"lazy\" decoding=\"async\" class=\"alignnone wp-image-42568 size-full\" src=\"https:\/\/www.imakeyousmile.se\/wp-content\/uploads\/2022\/07\/IMG_3928_111.jpg\" alt=\"Lanc\u00f4me Lash Id\u00f4le Mascara, recension, review, picture, result\" width=\"800\" height=\"813\" srcset=\"https:\/\/www.imakeyousmile.se\/wp-content\/uploads\/2022\/07\/IMG_3928_111.jpg 800w, https:\/\/www.imakeyousmile.se\/wp-content\/uploads\/2022\/07\/IMG_3928_111-295x300.jpg 295w, https:\/\/www.imakeyousmile.se\/wp-content\/uploads\/2022\/07\/IMG_3928_111-768x780.jpg 768w, https:\/\/www.imakeyousmile.se\/wp-content\/uploads\/2022\/07\/IMG_3928_111-12x12.jpg 12w, https:\/\/www.imakeyousmile.se\/wp-content\/uploads\/2022\/07\/IMG_3928_111-696x707.jpg 696w, https:\/\/www.imakeyousmile.se\/wp-content\/uploads\/2022\/07\/IMG_3928_111-413x420.jpg 413w\" sizes=\"(max-width: 800px) 100vw, 800px\" \/><\/p>\n<p>Tv\u00e5 stora tummar upp \u00e4r min recension allts\u00e5! Jag rekommendera Lanc\u00f4me Lash Id\u00f4le Mascara\u00a0VARMT!!<\/p>\n<p>Mascaran finns bland annat p\u00e5 Parfym.se och du kan k\u00f6pa den <a href=\"https:\/\/pin.parfym.se\/t\/t?a=1070927032&amp;as=1548102449&amp;t=2&amp;tk=1&amp;epi=Idolemascara&amp;url=https:\/\/www.parfym.se\/lancome\/ogon\/lash-idole-mascara-9ml\"><strong>aqu\u00ed<\/strong> <\/a>(adlnk) och jag har en rabattkod som g\u00e4ller till 3 augusti 2022!<\/p>\n<p role=\"presentation\"><b>C\u00f3digo de descuento: <\/b><em>Helenassommar<\/em><br \/>\nGer 15% p\u00e5 hela sortimentet och -5% extra p\u00e5 v\u00e5r summer sale. G\u00e5r ej att kombinera med andra erbjudanden eller p\u00e5 deras premiumbrands. G\u00e4ller ej p\u00e5 duopack.<\/p>\n<p>Sminkning d\u00e4r jag anv\u00e4nt denna mascara om du vill se fler bilder:\u00a0<a href=\"https:\/\/www.imakeyousmile.se\/es\/bronze\/\">Bronziga sommar\u00f6gon<\/a><\/p>\n<p><strong>Lea tambi\u00e9n:<\/strong><\/p>\n<ul>\n<li><a href=\"https:\/\/www.imakeyousmile.se\/es\/mascara\/\">M\u00e1scara de pesta\u00f1as Mejor en prueba<\/a><\/li>\n<li><a href=\"https:\/\/www.imakeyousmile.se\/es\/8-enkla-sminktips-for-nyborjare-steg-for-steg\/\">12 sencillos consejos de maquillaje para principiantes (paso a paso)<\/a><\/li>\n<\/ul>","protected":false},"excerpt":{"rendered":"<p>Lanc\u00f4me\u00a0Lash Id\u00f4le Mascara vann Swedish Beauty Awards 2022 och jag f\u00f6rst\u00e5r varf\u00f6r! Jag har tre andra favoritmascaror som jag pendlar mellan, men denna har nu gjort att min favoritlista har ett till namn p\u00e5 listan! H\u00e4r kommer min recension: Beskrivning Mascaran finns p\u00e5 bland annat\u00a0parfym.se (adlink) och detta utlovas: &#8221;En gamechanger-borste med 360 mikroborsth\u00e5r som [&hellip;]<\/p>\n","protected":false},"author":30,"featured_media":42569,"comment_status":"open","ping_status":"closed","sticky":false,"template":"","format":"standard","meta":{"footnotes":""},"categories":[61,59,6997,3919],"tags":[7857,6170,4471],"class_list":["post-42566","post","type-post","status-publish","format-standard","has-post-thumbnail","hentry","category-ogonfransar","category-recensioner-produkttips","category-skonhet","category-sminktips","tag-lancome-lash-idole-mascara","tag-mascara-recension","tag-recension"],"yoast_head":"<!-- This site is optimized with the Yoast SEO Premium plugin v14.9 - https:\/\/yoast.com\/wordpress\/plugins\/seo\/ -->\n<meta name=\"description\" content=\"Lanc\u00f4me\u00a0Lash Id\u00f4le Mascara vann Swedish Beauty Awards 2022 och jag f\u00f6rst\u00e5r varf\u00f6r! H\u00e4r kommer min recension av\u00a0denna mascara!\" \/>\n<meta name=\"robots\" content=\"index, follow, max-snippet:-1, max-image-preview:large, max-video-preview:-1\" \/>\n<link rel=\"canonical\" href=\"https:\/\/www.imakeyousmile.se\/es\/lancome-lash-idole-mascara\/\" \/>\n<meta property=\"og:locale\" content=\"es_ES\" \/>\n<meta property=\"og:type\" content=\"article\" \/>\n<meta property=\"og:title\" content=\"Lanc\u00f4me Lash Id\u00f4le Mascara (Recension) | Imakeyousmile.se\" \/>\n<meta property=\"og:description\" content=\"Lanc\u00f4me\u00a0Lash Id\u00f4le Mascara vann Swedish Beauty Awards 2022 och jag f\u00f6rst\u00e5r varf\u00f6r! H\u00e4r kommer min recension av\u00a0denna mascara!\" \/>\n<meta property=\"og:url\" content=\"https:\/\/www.imakeyousmile.se\/es\/lancome-lash-idole-mascara\/\" \/>\n<meta property=\"og:site_name\" content=\"Imakeyousmile.se\" \/>\n<meta property=\"article:author\" content=\"https:\/\/www.facebook.com\/imakeyousmile.se\" \/>\n<meta property=\"article:published_time\" content=\"2022-07-23T10:06:48+00:00\" \/>\n<meta property=\"article:modified_time\" content=\"2022-07-23T10:08:23+00:00\" \/>\n<meta property=\"og:image\" content=\"https:\/\/www.imakeyousmile.se\/wp-content\/uploads\/2022\/07\/IMG_3016_utvald-bild.jpg\" \/>\n\t<meta property=\"og:image:width\" content=\"700\" \/>\n\t<meta property=\"og:image:height\" content=\"511\" \/>\n<meta name=\"twitter:card\" content=\"summary_large_image\" \/>\n<script type=\"application\/ld+json\" class=\"yoast-schema-graph\">{\"@context\":\"https:\/\/schema.org\",\"@graph\":[{\"@type\":\"Organization\",\"@id\":\"https:\/\/www.imakeyousmile.se\/es\/#organization\",\"name\":\"Imakeyousmile\",\"url\":\"https:\/\/www.imakeyousmile.se\/es\/\",\"sameAs\":[],\"logo\":{\"@type\":\"ImageObject\",\"@id\":\"https:\/\/www.imakeyousmile.se\/es\/#logo\",\"inLanguage\":\"es\",\"url\":\"https:\/\/www.imakeyousmile.se\/wp-content\/uploads\/2020\/10\/HELENA-AMILEY_SVART-1-e1603367975324.png\",\"width\":280,\"height\":93,\"caption\":\"Imakeyousmile\"},\"image\":{\"@id\":\"https:\/\/www.imakeyousmile.se\/es\/#logo\"}},{\"@type\":\"WebSite\",\"@id\":\"https:\/\/www.imakeyousmile.se\/es\/#website\",\"url\":\"https:\/\/www.imakeyousmile.se\/es\/\",\"name\":\"Imakeyousmile.se\",\"description\":\"Helena Amiley - Beauty, Entrepreneur, Lifestyle\",\"publisher\":{\"@id\":\"https:\/\/www.imakeyousmile.se\/es\/#organization\"},\"potentialAction\":[{\"@type\":\"SearchAction\",\"target\":\"https:\/\/www.imakeyousmile.se\/es\/?s={search_term_string}\",\"query-input\":\"required name=search_term_string\"}],\"inLanguage\":\"es\"},{\"@type\":\"ImageObject\",\"@id\":\"https:\/\/www.imakeyousmile.se\/lancome-lash-idole-mascara\/#primaryimage\",\"inLanguage\":\"es\",\"url\":\"https:\/\/www.imakeyousmile.se\/wp-content\/uploads\/2022\/07\/IMG_3016_utvald-bild.jpg\",\"width\":700,\"height\":511},{\"@type\":\"WebPage\",\"@id\":\"https:\/\/www.imakeyousmile.se\/lancome-lash-idole-mascara\/#webpage\",\"url\":\"https:\/\/www.imakeyousmile.se\/lancome-lash-idole-mascara\/\",\"name\":\"Lanc\\u00f4me Lash Id\\u00f4le Mascara (Recension) | Imakeyousmile.se\",\"isPartOf\":{\"@id\":\"https:\/\/www.imakeyousmile.se\/es\/#website\"},\"primaryImageOfPage\":{\"@id\":\"https:\/\/www.imakeyousmile.se\/lancome-lash-idole-mascara\/#primaryimage\"},\"datePublished\":\"2022-07-23T10:06:48+00:00\",\"dateModified\":\"2022-07-23T10:08:23+00:00\",\"description\":\"Lanc\\u00f4me\\u00a0Lash Id\\u00f4le Mascara vann Swedish Beauty Awards 2022 och jag f\\u00f6rst\\u00e5r varf\\u00f6r! H\\u00e4r kommer min recension av\\u00a0denna mascara!\",\"inLanguage\":\"es\",\"potentialAction\":[{\"@type\":\"ReadAction\",\"target\":[\"https:\/\/www.imakeyousmile.se\/lancome-lash-idole-mascara\/\"]}]},{\"@type\":\"Article\",\"@id\":\"https:\/\/www.imakeyousmile.se\/lancome-lash-idole-mascara\/#article\",\"isPartOf\":{\"@id\":\"https:\/\/www.imakeyousmile.se\/lancome-lash-idole-mascara\/#webpage\"},\"author\":{\"@id\":\"https:\/\/www.imakeyousmile.se\/es\/#\/schema\/person\/b0fd43b1c6bb1c60cfd68bff9b4a10fb\"},\"headline\":\"Lanc\\u00f4me Lash Id\\u00f4le Mascara (Recension)\",\"datePublished\":\"2022-07-23T10:06:48+00:00\",\"dateModified\":\"2022-07-23T10:08:23+00:00\",\"mainEntityOfPage\":{\"@id\":\"https:\/\/www.imakeyousmile.se\/lancome-lash-idole-mascara\/#webpage\"},\"commentCount\":0,\"publisher\":{\"@id\":\"https:\/\/www.imakeyousmile.se\/es\/#organization\"},\"image\":{\"@id\":\"https:\/\/www.imakeyousmile.se\/lancome-lash-idole-mascara\/#primaryimage\"},\"keywords\":\"Lanc\\u00f4me Lash Id\\u00f4le Mascara,mascara recension,recension\",\"articleSection\":\"\\u00d6gonfransar,Recensioner &amp; Produkttips,Sk\\u00f6nhet,Sminktips\",\"inLanguage\":\"es\",\"potentialAction\":[{\"@type\":\"CommentAction\",\"name\":\"Comment\",\"target\":[\"https:\/\/www.imakeyousmile.se\/lancome-lash-idole-mascara\/#respond\"]}]},{\"@type\":\"Person\",\"@id\":\"https:\/\/www.imakeyousmile.se\/es\/#\/schema\/person\/b0fd43b1c6bb1c60cfd68bff9b4a10fb\",\"name\":\"Helena Amiley\",\"image\":{\"@type\":\"ImageObject\",\"@id\":\"https:\/\/www.imakeyousmile.se\/es\/#personlogo\",\"inLanguage\":\"es\",\"url\":\"https:\/\/secure.gravatar.com\/avatar\/5645558e1e355457a23368d7e1b4c904?s=96&d=mm&r=g\",\"caption\":\"Helena Amiley\"},\"description\":\"Jag skriver mest om sk\\u00f6nhet men bjuder \\u00e4ven p\\u00e5 glimtar fr\\u00e5n entrepren\\u00f6rlivet och bygget av v\\u00e5r egen camper van. Vanlife here we come!\",\"sameAs\":[\"https:\/\/www.facebook.com\/imakeyousmile.se\",\"https:\/\/www.instagram.com\/helenaamiley\",\"https:\/\/www.youtube.com\/channel\/UCR5iB6rvpV6Yr8ZjpQfr5mg?view_as=subscriber\"]}]}<\/script>\n<!-- \/ Yoast SEO Premium plugin. -->","_links":{"self":[{"href":"https:\/\/www.imakeyousmile.se\/es\/wp-json\/wp\/v2\/posts\/42566"}],"collection":[{"href":"https:\/\/www.imakeyousmile.se\/es\/wp-json\/wp\/v2\/posts"}],"about":[{"href":"https:\/\/www.imakeyousmile.se\/es\/wp-json\/wp\/v2\/types\/post"}],"author":[{"embeddable":true,"href":"https:\/\/www.imakeyousmile.se\/es\/wp-json\/wp\/v2\/users\/30"}],"replies":[{"embeddable":true,"href":"https:\/\/www.imakeyousmile.se\/es\/wp-json\/wp\/v2\/comments?post=42566"}],"version-history":[{"count":2,"href":"https:\/\/www.imakeyousmile.se\/es\/wp-json\/wp\/v2\/posts\/42566\/revisions"}],"predecessor-version":[{"id":42571,"href":"https:\/\/www.imakeyousmile.se\/es\/wp-json\/wp\/v2\/posts\/42566\/revisions\/42571"}],"wp:featuredmedia":[{"embeddable":true,"href":"https:\/\/www.imakeyousmile.se\/es\/wp-json\/wp\/v2\/media\/42569"}],"wp:attachment":[{"href":"https:\/\/www.imakeyousmile.se\/es\/wp-json\/wp\/v2\/media?parent=42566"}],"wp:term":[{"taxonomy":"category","embeddable":true,"href":"https:\/\/www.imakeyousmile.se\/es\/wp-json\/wp\/v2\/categories?post=42566"},{"taxonomy":"post_tag","embeddable":true,"href":"https:\/\/www.imakeyousmile.se\/es\/wp-json\/wp\/v2\/tags?post=42566"}],"curies":[{"name":"wp","href":"https:\/\/api.w.org\/{rel}","templated":true}]}}