{"id":4464,"date":"2013-02-13T08:00:08","date_gmt":"2013-02-13T07:00:08","guid":{"rendered":"http:\/\/www.imakeyousmile.se\/?p=4464"},"modified":"2013-02-12T20:56:27","modified_gmt":"2013-02-12T19:56:27","slug":"favoritmascara","status":"publish","type":"post","link":"https:\/\/www.imakeyousmile.se\/es\/rimel-favorito\/","title":{"rendered":"R\u00edmel favorito"},"content":{"rendered":"<p>Cuando la gente pregunta cu\u00e1l es mi r\u00edmel favorito, realmente no s\u00e9 qu\u00e9 responder. \u00a1Depende de lo que est\u00e9s buscando!<\/p>\n<p><strong>Las pesta\u00f1as m\u00e1s hermosas<em><a href=\"https:\/\/ion.lyko.com\/t\/t?a=1117786221&#038;as=1548102449&#038;t=2&#038;tk=1&#038;epi=search-replace-mascara&#038;url=https:\/\/lyko.com\/sv\/smink\/ogon\/mascara\" target=\"_blank\"> Efecto de pesta\u00f1as postizas MaxFactor<\/a>.<\/em><\/strong><br \/>\n<strong>Color m\u00e1s claro <\/strong>(Azul, verde, etc.)<strong> \u00a0&#8211; <a href=\"https:\/\/ion.lyko.com\/t\/t?a=1117786221&#038;as=1548102449&#038;t=2&#038;tk=1&#038;epi=search-replace-mascara&#038;url=https:\/\/lyko.com\/sv\/smink\/ogon\/mascara\" target=\"_blank\"><em>M\u00e1scara de pesta\u00f1as de colores Make Up Store<\/em><\/a>.<\/strong><br \/>\n<strong>Negro intenso -<a href=\"http:\/\/www.purminerals.se\/mascara.html\" target=\"_blank\"><em> P\u00fcr Minerals Big Blink<\/em><\/a>.<\/strong><br \/>\n<strong>Sostiene mejor - <a href=\"http:\/\/www.creativemakeup.se\/Mascara\/Fiberwig-LX-Mascara\/prod_1767.html\" target=\"_blank\"><em>M\u00e1scara de pesta\u00f1as Fibewig LX<\/em><\/a>.<\/strong><br \/>\n<strong>Mayor volumen - <a href=\"http:\/\/www.creativemakeup.se\/Mascara\/Fiberwig-Volume-Lash\/prod_1768.html\" target=\"_blank\"><em>M\u00e1scara de pesta\u00f1as Fiberwig Volume<\/em><\/a>.<br \/>\nEl pincel m\u00e1s hermoso -\u00a0<a href=\"https:\/\/ion.lyko.com\/t\/t?a=1117786221&#038;as=1548102449&#038;t=2&#038;tk=1&#038;epi=search-replace-isadoramascara&#038;url=https:\/\/lyko.com\/sv\/sok?q=isadora+mascara\" target=\"_blank\"><em>M\u00e1scara de pesta\u00f1as IsaDora Dynamic Lash Growth<\/em><\/a><\/p>\n<p><\/strong><br \/>\nhe seguido<a href=\"http:\/\/egoinas.se\/\" target=\"_blank\"><em><strong> Blogg de Egoinas<\/strong> <\/em><\/a>durante varios a\u00f1os, \u00a1y ella siempre tiene unas pesta\u00f1as tan hermosas y separadas!<\/p>\n<p>Hace unas semanas escribi\u00f3 qu\u00e9 r\u00edmel usa, y fue como sospechaba:<strong> Pesta\u00f1as elegantes - Max Factor False Lash Effec<\/strong>t!<\/p>\n<p>&nbsp;<\/p>\n<p><a href=\"http:\/\/www.imakeyousmile.se\/es\/?attachment_id=4465\" rel=\"attachment wp-att-4465\"><img loading=\"lazy\" decoding=\"async\" class=\"alignnone size-full wp-image-4465\" title=\"DSC00234-531x800\" src=\"http:\/\/www.imakeyousmile.se\/wp-content\/uploads\/2013\/02\/DSC00234-531x800.jpg\" alt=\"\" width=\"531\" height=\"800\" srcset=\"https:\/\/www.imakeyousmile.se\/wp-content\/uploads\/2013\/02\/DSC00234-531x800.jpg 531w, https:\/\/www.imakeyousmile.se\/wp-content\/uploads\/2013\/02\/DSC00234-531x800-199x300.jpg 199w\" sizes=\"(max-width: 531px) 100vw, 531px\" \/><\/a><a href=\"http:\/\/www.imakeyousmile.se\/es\/?attachment_id=4466\" rel=\"attachment wp-att-4466\"><img loading=\"lazy\" decoding=\"async\" class=\"alignnone size-full wp-image-4466\" title=\"DSC003003-500x289\" src=\"http:\/\/www.imakeyousmile.se\/wp-content\/uploads\/2013\/02\/DSC003003-500x289.jpg\" alt=\"\" width=\"500\" height=\"289\" srcset=\"https:\/\/www.imakeyousmile.se\/wp-content\/uploads\/2013\/02\/DSC003003-500x289.jpg 500w, https:\/\/www.imakeyousmile.se\/wp-content\/uploads\/2013\/02\/DSC003003-500x289-300x173.jpg 300w\" sizes=\"(max-width: 500px) 100vw, 500px\" \/><\/a><\/p>\n<p><strong>\u00bfQu\u00e9 crees que es lo m\u00e1s importante de una m\u00e1scara de pesta\u00f1as?<\/strong><\/p>","protected":false},"excerpt":{"rendered":"<p>N\u00e4r folk fr\u00e5gar vilken mascara som \u00e4r min favorit, s\u00e5 vet jag inte riktigt vad jag ska svara. Det beror p\u00e5 vad man \u00e4r ute efter! Snyggast fransar &#8211; MaxFactor False Lash Effect. Klarast f\u00e4rg (Bl\u00e5, gr\u00f6n m.m) \u00a0&#8211; Make Up Store Coloured Mascara. Intensivt\u00a0svart &#8211; P\u00fcr Minerals Big Blink. H\u00e5ller b\u00e4st &#8211; Fibewig LX [&hellip;]<\/p>\n","protected":false},"author":30,"featured_media":0,"comment_status":"open","ping_status":"open","sticky":false,"template":"","format":"standard","meta":{"footnotes":""},"categories":[61,59],"tags":[411],"class_list":["post-4464","post","type-post","status-publish","format-standard","hentry","category-ogonfransar","category-recensioner-produkttips","tag-mascaratest"],"yoast_head":"<!-- This site is optimized with the Yoast SEO Premium plugin v14.9 - https:\/\/yoast.com\/wordpress\/plugins\/seo\/ -->\n<meta name=\"description\" content=\"Favoritmascara | Helena Amiley - H\u00e4r hittar du senaste infromation om sk\u00f6nhet, livsstil, entrepren\u00f6rskap, makeup &amp; tips.\" \/>\n<meta name=\"robots\" content=\"index, follow, max-snippet:-1, max-image-preview:large, max-video-preview:-1\" \/>\n<link rel=\"canonical\" href=\"https:\/\/www.imakeyousmile.se\/es\/favoritmascara\/\" \/>\n<meta property=\"og:locale\" content=\"es_ES\" \/>\n<meta property=\"og:type\" content=\"article\" \/>\n<meta property=\"og:title\" content=\"Favoritmascara | Imakeyousmile.se\" \/>\n<meta property=\"og:description\" content=\"Favoritmascara | Helena Amiley - H\u00e4r hittar du senaste infromation om sk\u00f6nhet, livsstil, entrepren\u00f6rskap, makeup &amp; tips.\" \/>\n<meta property=\"og:url\" content=\"https:\/\/www.imakeyousmile.se\/es\/favoritmascara\/\" \/>\n<meta property=\"og:site_name\" content=\"Imakeyousmile.se\" \/>\n<meta property=\"article:author\" content=\"https:\/\/www.facebook.com\/imakeyousmile.se\" \/>\n<meta property=\"article:published_time\" content=\"2013-02-13T07:00:08+00:00\" \/>\n<meta property=\"article:modified_time\" content=\"2013-02-12T19:56:27+00:00\" \/>\n<meta property=\"og:image\" content=\"http:\/\/www.imakeyousmile.se\/wp-content\/uploads\/2013\/02\/DSC00234-531x800.jpg\" \/>\n<meta name=\"twitter:card\" content=\"summary_large_image\" \/>\n<script type=\"application\/ld+json\" class=\"yoast-schema-graph\">{\"@context\":\"https:\/\/schema.org\",\"@graph\":[{\"@type\":\"Organization\",\"@id\":\"https:\/\/www.imakeyousmile.se\/es\/#organization\",\"name\":\"Imakeyousmile\",\"url\":\"https:\/\/www.imakeyousmile.se\/es\/\",\"sameAs\":[],\"logo\":{\"@type\":\"ImageObject\",\"@id\":\"https:\/\/www.imakeyousmile.se\/es\/#logo\",\"inLanguage\":\"es\",\"url\":\"https:\/\/www.imakeyousmile.se\/wp-content\/uploads\/2020\/10\/HELENA-AMILEY_SVART-1-e1603367975324.png\",\"width\":280,\"height\":93,\"caption\":\"Imakeyousmile\"},\"image\":{\"@id\":\"https:\/\/www.imakeyousmile.se\/es\/#logo\"}},{\"@type\":\"WebSite\",\"@id\":\"https:\/\/www.imakeyousmile.se\/es\/#website\",\"url\":\"https:\/\/www.imakeyousmile.se\/es\/\",\"name\":\"Imakeyousmile.se\",\"description\":\"Helena Amiley - Beauty, Entrepreneur, Lifestyle\",\"publisher\":{\"@id\":\"https:\/\/www.imakeyousmile.se\/es\/#organization\"},\"potentialAction\":[{\"@type\":\"SearchAction\",\"target\":\"https:\/\/www.imakeyousmile.se\/es\/?s={search_term_string}\",\"query-input\":\"required name=search_term_string\"}],\"inLanguage\":\"es\"},{\"@type\":\"ImageObject\",\"@id\":\"https:\/\/www.imakeyousmile.se\/favoritmascara\/#primaryimage\",\"inLanguage\":\"es\",\"url\":\"http:\/\/www.imakeyousmile.se\/wp-content\/uploads\/2013\/02\/DSC00234-531x800.jpg\"},{\"@type\":\"WebPage\",\"@id\":\"https:\/\/www.imakeyousmile.se\/favoritmascara\/#webpage\",\"url\":\"https:\/\/www.imakeyousmile.se\/favoritmascara\/\",\"name\":\"Favoritmascara | Imakeyousmile.se\",\"isPartOf\":{\"@id\":\"https:\/\/www.imakeyousmile.se\/es\/#website\"},\"primaryImageOfPage\":{\"@id\":\"https:\/\/www.imakeyousmile.se\/favoritmascara\/#primaryimage\"},\"datePublished\":\"2013-02-13T07:00:08+00:00\",\"dateModified\":\"2013-02-12T19:56:27+00:00\",\"description\":\"Favoritmascara | Helena Amiley - H\\u00e4r hittar du senaste infromation om sk\\u00f6nhet, livsstil, entrepren\\u00f6rskap, makeup & tips.\",\"inLanguage\":\"es\",\"potentialAction\":[{\"@type\":\"ReadAction\",\"target\":[\"https:\/\/www.imakeyousmile.se\/favoritmascara\/\"]}]},{\"@type\":\"Article\",\"@id\":\"https:\/\/www.imakeyousmile.se\/favoritmascara\/#article\",\"isPartOf\":{\"@id\":\"https:\/\/www.imakeyousmile.se\/favoritmascara\/#webpage\"},\"author\":{\"@id\":\"https:\/\/www.imakeyousmile.se\/es\/#\/schema\/person\/b0fd43b1c6bb1c60cfd68bff9b4a10fb\"},\"headline\":\"Favoritmascara\",\"datePublished\":\"2013-02-13T07:00:08+00:00\",\"dateModified\":\"2013-02-12T19:56:27+00:00\",\"mainEntityOfPage\":{\"@id\":\"https:\/\/www.imakeyousmile.se\/favoritmascara\/#webpage\"},\"commentCount\":0,\"publisher\":{\"@id\":\"https:\/\/www.imakeyousmile.se\/es\/#organization\"},\"image\":{\"@id\":\"https:\/\/www.imakeyousmile.se\/favoritmascara\/#primaryimage\"},\"keywords\":\"Mascaratest\",\"articleSection\":\"\\u00d6gonfransar,Recensioner &amp; Produkttips\",\"inLanguage\":\"es\",\"potentialAction\":[{\"@type\":\"CommentAction\",\"name\":\"Comment\",\"target\":[\"https:\/\/www.imakeyousmile.se\/favoritmascara\/#respond\"]}]},{\"@type\":\"Person\",\"@id\":\"https:\/\/www.imakeyousmile.se\/es\/#\/schema\/person\/b0fd43b1c6bb1c60cfd68bff9b4a10fb\",\"name\":\"Helena Amiley\",\"image\":{\"@type\":\"ImageObject\",\"@id\":\"https:\/\/www.imakeyousmile.se\/es\/#personlogo\",\"inLanguage\":\"es\",\"url\":\"https:\/\/secure.gravatar.com\/avatar\/5645558e1e355457a23368d7e1b4c904?s=96&d=mm&r=g\",\"caption\":\"Helena Amiley\"},\"description\":\"Jag skriver mest om sk\\u00f6nhet men bjuder \\u00e4ven p\\u00e5 glimtar fr\\u00e5n entrepren\\u00f6rlivet och bygget av v\\u00e5r egen camper van. Vanlife here we come!\",\"sameAs\":[\"https:\/\/www.facebook.com\/imakeyousmile.se\",\"https:\/\/www.instagram.com\/helenaamiley\",\"https:\/\/www.youtube.com\/channel\/UCR5iB6rvpV6Yr8ZjpQfr5mg?view_as=subscriber\"]}]}<\/script>\n<!-- \/ Yoast SEO Premium plugin. -->","_links":{"self":[{"href":"https:\/\/www.imakeyousmile.se\/es\/wp-json\/wp\/v2\/posts\/4464"}],"collection":[{"href":"https:\/\/www.imakeyousmile.se\/es\/wp-json\/wp\/v2\/posts"}],"about":[{"href":"https:\/\/www.imakeyousmile.se\/es\/wp-json\/wp\/v2\/types\/post"}],"author":[{"embeddable":true,"href":"https:\/\/www.imakeyousmile.se\/es\/wp-json\/wp\/v2\/users\/30"}],"replies":[{"embeddable":true,"href":"https:\/\/www.imakeyousmile.se\/es\/wp-json\/wp\/v2\/comments?post=4464"}],"version-history":[{"count":0,"href":"https:\/\/www.imakeyousmile.se\/es\/wp-json\/wp\/v2\/posts\/4464\/revisions"}],"wp:attachment":[{"href":"https:\/\/www.imakeyousmile.se\/es\/wp-json\/wp\/v2\/media?parent=4464"}],"wp:term":[{"taxonomy":"category","embeddable":true,"href":"https:\/\/www.imakeyousmile.se\/es\/wp-json\/wp\/v2\/categories?post=4464"},{"taxonomy":"post_tag","embeddable":true,"href":"https:\/\/www.imakeyousmile.se\/es\/wp-json\/wp\/v2\/tags?post=4464"}],"curies":[{"name":"wp","href":"https:\/\/api.w.org\/{rel}","templated":true}]}}