{"id":4786,"date":"2013-03-02T12:41:39","date_gmt":"2013-03-02T11:41:39","guid":{"rendered":"http:\/\/www.imakeyousmile.se\/?p=4786"},"modified":"2013-03-02T12:41:39","modified_gmt":"2013-03-02T11:41:39","slug":"instagram","status":"publish","type":"post","link":"https:\/\/www.imakeyousmile.se\/es\/instagram\/","title":{"rendered":"Instagram"},"content":{"rendered":"<p>\u00a1Ayer fue una peque\u00f1a noche de Instagram aqu\u00ed en el blog!<\/p>\n<p>Pero las publicaciones privadas tambi\u00e9n son apreciadas tal como las entiendo, as\u00ed que espero que pienses que es divertido con un poco de eso cuando no tengo tiempo para simplemente maquillar el blog :)<\/p>\n<p>&nbsp;<\/p>\n<p>Ahora he tenido una ma\u00f1ana acogedora en el sof\u00e1 con el m\u00edo<span style=\"color: #ff00ff;\"> pantalones suaves rosas<\/span>, s\u00e1ndwiches de t\u00e9 y huevo. S\u00e1bados maravillosos!<\/p>\n<p><a href=\"http:\/\/www.imakeyousmile.se\/es\/instagram\/bild008\/\" rel=\"attachment wp-att-4787\"><img loading=\"lazy\" decoding=\"async\" class=\"alignnone size-full wp-image-4787\" title=\"bild008\" src=\"http:\/\/www.imakeyousmile.se\/wp-content\/uploads\/2013\/03\/bild008.jpg\" alt=\"\" width=\"554\" height=\"702\" srcset=\"https:\/\/www.imakeyousmile.se\/wp-content\/uploads\/2013\/03\/bild008.jpg 554w, https:\/\/www.imakeyousmile.se\/wp-content\/uploads\/2013\/03\/bild008-236x300.jpg 236w\" sizes=\"(max-width: 554px) 100vw, 554px\" \/><\/a><\/p>\n<p><em>Logr\u00e9 encontrar el m\u00edo <strong>c\u00e1mara web<\/strong> en la computadora tambi\u00e9n! Tiene un poco de dificultad para entender Windows 8, \u00a1pero funciona, dijo el pir\u00f3mano!<\/em><\/p>\n<p>&nbsp;<\/p>\n<p>\u00a1Pero ahora me voy a maquillar!<\/p>\n<p>\u00bfAlguien que r\u00e1pidamente tiene un deseo antes de que yo empiece, maquillaje de fiesta, cierto color o algo por el estilo?<\/p>\n<p><strong>\u00a1Gritar! :)<\/strong><\/p>\n<p>&nbsp;<\/p>","protected":false},"excerpt":{"rendered":"<p>Det blev en liten Instagram-kv\u00e4ll h\u00e4r p\u00e5 bloggen ig\u00e5r! Men privata inl\u00e4gg uppskattas ocks\u00e5 som jag f\u00f6rst\u00e5tt det,\u00a0s\u00e5 hoppas att ni bara tycker det \u00e4r kul med lite s\u00e5nt n\u00e4r jag inte har tid att just sminkblogga :) &nbsp; Nu har jag haft en mysmorgon i soffan med mina rosa mjukisbyxor, te och \u00e4ggmackor. H\u00e4rliga [&hellip;]<\/p>\n","protected":false},"author":30,"featured_media":0,"comment_status":"open","ping_status":"open","sticky":false,"template":"","format":"standard","meta":{"footnotes":""},"categories":[3],"tags":[],"class_list":["post-4786","post","type-post","status-publish","format-standard","hentry","category-allmant"],"yoast_head":"<!-- This site is optimized with the Yoast SEO Premium plugin v14.9 - https:\/\/yoast.com\/wordpress\/plugins\/seo\/ -->\n<meta name=\"description\" content=\"Instagram | Helena Amiley - H\u00e4r hittar du senaste infromation om sk\u00f6nhet, livsstil, entrepren\u00f6rskap, makeup &amp; tips.\" \/>\n<meta name=\"robots\" content=\"index, follow, max-snippet:-1, max-image-preview:large, max-video-preview:-1\" \/>\n<link rel=\"canonical\" href=\"https:\/\/www.imakeyousmile.se\/es\/instagram\/\" \/>\n<meta property=\"og:locale\" content=\"es_ES\" \/>\n<meta property=\"og:type\" content=\"article\" \/>\n<meta property=\"og:title\" content=\"Instagram | Imakeyousmile.se\" \/>\n<meta property=\"og:description\" content=\"Instagram | Helena Amiley - H\u00e4r hittar du senaste infromation om sk\u00f6nhet, livsstil, entrepren\u00f6rskap, makeup &amp; tips.\" \/>\n<meta property=\"og:url\" content=\"https:\/\/www.imakeyousmile.se\/es\/instagram\/\" \/>\n<meta property=\"og:site_name\" content=\"Imakeyousmile.se\" \/>\n<meta property=\"article:author\" content=\"https:\/\/www.facebook.com\/imakeyousmile.se\" \/>\n<meta property=\"article:published_time\" content=\"2013-03-02T11:41:39+00:00\" \/>\n<meta property=\"og:image\" content=\"http:\/\/www.imakeyousmile.se\/wp-content\/uploads\/2013\/03\/bild008.jpg\" \/>\n<meta name=\"twitter:card\" content=\"summary_large_image\" \/>\n<script type=\"application\/ld+json\" class=\"yoast-schema-graph\">{\"@context\":\"https:\/\/schema.org\",\"@graph\":[{\"@type\":\"Organization\",\"@id\":\"https:\/\/www.imakeyousmile.se\/es\/#organization\",\"name\":\"Imakeyousmile\",\"url\":\"https:\/\/www.imakeyousmile.se\/es\/\",\"sameAs\":[],\"logo\":{\"@type\":\"ImageObject\",\"@id\":\"https:\/\/www.imakeyousmile.se\/es\/#logo\",\"inLanguage\":\"es\",\"url\":\"https:\/\/www.imakeyousmile.se\/wp-content\/uploads\/2020\/10\/HELENA-AMILEY_SVART-1-e1603367975324.png\",\"width\":280,\"height\":93,\"caption\":\"Imakeyousmile\"},\"image\":{\"@id\":\"https:\/\/www.imakeyousmile.se\/es\/#logo\"}},{\"@type\":\"WebSite\",\"@id\":\"https:\/\/www.imakeyousmile.se\/es\/#website\",\"url\":\"https:\/\/www.imakeyousmile.se\/es\/\",\"name\":\"Imakeyousmile.se\",\"description\":\"Helena Amiley - Beauty, Entrepreneur, Lifestyle\",\"publisher\":{\"@id\":\"https:\/\/www.imakeyousmile.se\/es\/#organization\"},\"potentialAction\":[{\"@type\":\"SearchAction\",\"target\":\"https:\/\/www.imakeyousmile.se\/es\/?s={search_term_string}\",\"query-input\":\"required name=search_term_string\"}],\"inLanguage\":\"es\"},{\"@type\":\"ImageObject\",\"@id\":\"https:\/\/www.imakeyousmile.se\/instagram\/#primaryimage\",\"inLanguage\":\"es\",\"url\":\"http:\/\/www.imakeyousmile.se\/wp-content\/uploads\/2013\/03\/bild008.jpg\"},{\"@type\":\"WebPage\",\"@id\":\"https:\/\/www.imakeyousmile.se\/instagram\/#webpage\",\"url\":\"https:\/\/www.imakeyousmile.se\/instagram\/\",\"name\":\"Instagram | Imakeyousmile.se\",\"isPartOf\":{\"@id\":\"https:\/\/www.imakeyousmile.se\/es\/#website\"},\"primaryImageOfPage\":{\"@id\":\"https:\/\/www.imakeyousmile.se\/instagram\/#primaryimage\"},\"datePublished\":\"2013-03-02T11:41:39+00:00\",\"dateModified\":\"2013-03-02T11:41:39+00:00\",\"description\":\"Instagram | Helena Amiley - H\\u00e4r hittar du senaste infromation om sk\\u00f6nhet, livsstil, entrepren\\u00f6rskap, makeup & tips.\",\"inLanguage\":\"es\",\"potentialAction\":[{\"@type\":\"ReadAction\",\"target\":[\"https:\/\/www.imakeyousmile.se\/instagram\/\"]}]},{\"@type\":\"Article\",\"@id\":\"https:\/\/www.imakeyousmile.se\/instagram\/#article\",\"isPartOf\":{\"@id\":\"https:\/\/www.imakeyousmile.se\/instagram\/#webpage\"},\"author\":{\"@id\":\"https:\/\/www.imakeyousmile.se\/es\/#\/schema\/person\/b0fd43b1c6bb1c60cfd68bff9b4a10fb\"},\"headline\":\"Instagram\",\"datePublished\":\"2013-03-02T11:41:39+00:00\",\"dateModified\":\"2013-03-02T11:41:39+00:00\",\"mainEntityOfPage\":{\"@id\":\"https:\/\/www.imakeyousmile.se\/instagram\/#webpage\"},\"commentCount\":0,\"publisher\":{\"@id\":\"https:\/\/www.imakeyousmile.se\/es\/#organization\"},\"image\":{\"@id\":\"https:\/\/www.imakeyousmile.se\/instagram\/#primaryimage\"},\"articleSection\":\"\\u00d6vrigt\",\"inLanguage\":\"es\",\"potentialAction\":[{\"@type\":\"CommentAction\",\"name\":\"Comment\",\"target\":[\"https:\/\/www.imakeyousmile.se\/instagram\/#respond\"]}]},{\"@type\":\"Person\",\"@id\":\"https:\/\/www.imakeyousmile.se\/es\/#\/schema\/person\/b0fd43b1c6bb1c60cfd68bff9b4a10fb\",\"name\":\"Helena Amiley\",\"image\":{\"@type\":\"ImageObject\",\"@id\":\"https:\/\/www.imakeyousmile.se\/es\/#personlogo\",\"inLanguage\":\"es\",\"url\":\"https:\/\/secure.gravatar.com\/avatar\/5645558e1e355457a23368d7e1b4c904?s=96&d=mm&r=g\",\"caption\":\"Helena Amiley\"},\"description\":\"Jag skriver mest om sk\\u00f6nhet men bjuder \\u00e4ven p\\u00e5 glimtar fr\\u00e5n entrepren\\u00f6rlivet och bygget av v\\u00e5r egen camper van. Vanlife here we come!\",\"sameAs\":[\"https:\/\/www.facebook.com\/imakeyousmile.se\",\"https:\/\/www.instagram.com\/helenaamiley\",\"https:\/\/www.youtube.com\/channel\/UCR5iB6rvpV6Yr8ZjpQfr5mg?view_as=subscriber\"]}]}<\/script>\n<!-- \/ Yoast SEO Premium plugin. -->","_links":{"self":[{"href":"https:\/\/www.imakeyousmile.se\/es\/wp-json\/wp\/v2\/posts\/4786"}],"collection":[{"href":"https:\/\/www.imakeyousmile.se\/es\/wp-json\/wp\/v2\/posts"}],"about":[{"href":"https:\/\/www.imakeyousmile.se\/es\/wp-json\/wp\/v2\/types\/post"}],"author":[{"embeddable":true,"href":"https:\/\/www.imakeyousmile.se\/es\/wp-json\/wp\/v2\/users\/30"}],"replies":[{"embeddable":true,"href":"https:\/\/www.imakeyousmile.se\/es\/wp-json\/wp\/v2\/comments?post=4786"}],"version-history":[{"count":0,"href":"https:\/\/www.imakeyousmile.se\/es\/wp-json\/wp\/v2\/posts\/4786\/revisions"}],"wp:attachment":[{"href":"https:\/\/www.imakeyousmile.se\/es\/wp-json\/wp\/v2\/media?parent=4786"}],"wp:term":[{"taxonomy":"category","embeddable":true,"href":"https:\/\/www.imakeyousmile.se\/es\/wp-json\/wp\/v2\/categories?post=4786"},{"taxonomy":"post_tag","embeddable":true,"href":"https:\/\/www.imakeyousmile.se\/es\/wp-json\/wp\/v2\/tags?post=4786"}],"curies":[{"name":"wp","href":"https:\/\/api.w.org\/{rel}","templated":true}]}}