{"id":4841,"date":"2013-03-05T19:48:16","date_gmt":"2013-03-05T18:48:16","guid":{"rendered":"http:\/\/www.imakeyousmile.se\/?p=4841"},"modified":"2015-04-19T10:21:12","modified_gmt":"2015-04-19T08:21:12","slug":"vardagssminkning","status":"publish","type":"post","link":"https:\/\/www.imakeyousmile.se\/es\/maquillaje-diario\/","title":{"rendered":"Maquillaje diario"},"content":{"rendered":"<p>Personas que son un poco mayores<em>y los j\u00f3venes tambi\u00e9n, por supuesto<\/em>) a menudo quiere arreglar su maquillaje con algo extra, pero piensa que f\u00e1cilmente se vuelve &quot;demasiado&quot;.<\/p>\n<p>Entonces este es un buen maquillaje. Un peque\u00f1o detalle como uno <strong><span style=\"color: #cc99ff;\">delineador de ojos morado claro<\/span><\/strong> \u00a1hacer mucho!<\/p>\n<p><a href=\"http:\/\/www.imakeyousmile.se\/es\/vardagssminkning\/img_4534\/\" rel=\"attachment wp-att-4843\"><img loading=\"lazy\" decoding=\"async\" class=\"alignnone  wp-image-4843\" title=\"IMG_4534\" src=\"http:\/\/www.imakeyousmile.se\/wp-content\/uploads\/2013\/03\/IMG_4534-1024x629.jpg\" alt=\"\" width=\"588\" height=\"361\" srcset=\"https:\/\/www.imakeyousmile.se\/wp-content\/uploads\/2013\/03\/IMG_4534-1024x629.jpg 1024w, https:\/\/www.imakeyousmile.se\/wp-content\/uploads\/2013\/03\/IMG_4534-300x184.jpg 300w, https:\/\/www.imakeyousmile.se\/wp-content\/uploads\/2013\/03\/IMG_4534-940x578.jpg 940w, https:\/\/www.imakeyousmile.se\/wp-content\/uploads\/2013\/03\/IMG_4534-620x381.jpg 620w\" sizes=\"(max-width: 588px) 100vw, 588px\" \/><\/a><\/p>\n<p>Si tienes los p\u00e1rpados arrugados, te puedo recomendar difuminar un poco el delineador de ojos negro para que no quede tan n\u00edtido.<\/p>\n<p>Las l\u00edneas n\u00edtidas se vuelven f\u00e1cilmente oblicuas y desiguales si tiene algunas arrugas.<\/p>\n<p><a href=\"http:\/\/www.imakeyousmile.se\/es\/vardagssminkning\/img_4534-kopia\/\" rel=\"attachment wp-att-4842\"><img loading=\"lazy\" decoding=\"async\" class=\"alignnone  wp-image-4842\" title=\"IMG_4534 - copiar\" src=\"http:\/\/www.imakeyousmile.se\/wp-content\/uploads\/2013\/03\/IMG_4534-kopia-922x1024.jpg\" alt=\"\" width=\"553\" height=\"614\" srcset=\"https:\/\/www.imakeyousmile.se\/wp-content\/uploads\/2013\/03\/IMG_4534-kopia-922x1024.jpg 922w, https:\/\/www.imakeyousmile.se\/wp-content\/uploads\/2013\/03\/IMG_4534-kopia-270x300.jpg 270w, https:\/\/www.imakeyousmile.se\/wp-content\/uploads\/2013\/03\/IMG_4534-kopia-940x1042.jpg 940w, https:\/\/www.imakeyousmile.se\/wp-content\/uploads\/2013\/03\/IMG_4534-kopia-620x687.jpg 620w, https:\/\/www.imakeyousmile.se\/wp-content\/uploads\/2013\/03\/IMG_4534-kopia.jpg 1590w\" sizes=\"(max-width: 553px) 100vw, 553px\" \/><\/a><\/p>\n<p>&nbsp;<\/p>\n<p><strong><span style=\"color: #ffcc99;\">Sombra de ojos clara<\/span><\/strong> en el p\u00e1rpado, debajo de la ceja y en el rabillo del ojo,<a href=\"https:\/\/ion.lyko.com\/t\/t?a=1117786221&#038;as=1548102449&#038;t=2&#038;tk=1&#038;epi=search-replace-eyeshadow&#038;url=https:\/\/lyko.com\/sv\/sok?q=eyeshadow\" target=\"_blank\"> Kryolan Eyedust (n\u00famero 1)<\/a><br \/>\n<strong><span style=\"color: #cc99ff;\">Delineador de ojos morado claro<\/span><\/strong> a lo largo de la l\u00ednea de las pesta\u00f1as inferiores,<a href=\"https:\/\/ion.lyko.com\/t\/t?a=1117786221&#038;as=1548102449&#038;t=2&#038;tk=1&#038;epi=search-replace-isadoraeyeliner&#038;url=https:\/\/lyko.com\/sv\/sok?q=isadora+eyeliner\" target=\"_blank\"> IsaDora Perfect Contour Kajal 65 Azul hielo<\/a>.<br \/>\n<strong><span style=\"color: #999999;\">Delineador de ojos blanco<\/span> <\/strong>a lo largo de la l\u00ednea de flotaci\u00f3n, <a href=\"https:\/\/ion.lyko.com\/t\/t?a=1117786221&#038;as=1548102449&#038;t=2&#038;tk=1&#038;epi=search-replace-isadorainliner&#038;url=https:\/\/lyko.com\/sv\/isadora\/isadora-inliner-kajal-56-blonde\" target=\"_blank\">IsaDora Inliner Kajal (50 blanco satinado)<\/a><br \/>\n<strong><span style=\"color: #000000;\">Delineador de ojos negro<\/span><\/strong> a lo largo de la l\u00ednea de las pesta\u00f1as superiores,<a href=\"https:\/\/id.partykungen.se\/t\/t?a=1280241905&#038;as=1548102449&#038;t=2&#038;tk=1&#038;epi=search-replace-kryolancake&#038;url=https:\/\/www.partykungen.se\/kryolan-cake-makeup-svart-30020.html\" target=\"_blank\">\u00a0 Delineador de ojos Kryolan Cake.<\/a><br \/>\n<strong><span style=\"color: #000000;\">R\u00edmel negro<\/span> <\/strong>en todas las pesta\u00f1as superiores, y finalmente en las inferiores, <a href=\"https:\/\/ion.lyko.com\/t\/t?a=1117786221&#038;as=1548102449&#038;t=2&#038;tk=1&#038;epi=search-replace-isadoramascara&#038;url=https:\/\/lyko.com\/sv\/sok?q=isadora+mascara\" target=\"_blank\">M\u00e1scara de pesta\u00f1as IsaDora Precision<\/a>.<\/p>\n<p><a href=\"http:\/\/www.imakeyousmile.se\/es\/vardagssminkning\/img_4541\/\" rel=\"attachment wp-att-4844\"><img loading=\"lazy\" decoding=\"async\" class=\"alignnone  wp-image-4844\" title=\"IMG_4541\" src=\"http:\/\/www.imakeyousmile.se\/wp-content\/uploads\/2013\/03\/IMG_4541-835x1024.jpg\" alt=\"\" width=\"668\" height=\"819\" srcset=\"https:\/\/www.imakeyousmile.se\/wp-content\/uploads\/2013\/03\/IMG_4541-835x1024.jpg 835w, https:\/\/www.imakeyousmile.se\/wp-content\/uploads\/2013\/03\/IMG_4541-244x300.jpg 244w, https:\/\/www.imakeyousmile.se\/wp-content\/uploads\/2013\/03\/IMG_4541-940x1152.jpg 940w, https:\/\/www.imakeyousmile.se\/wp-content\/uploads\/2013\/03\/IMG_4541-620x759.jpg 620w\" sizes=\"(max-width: 668px) 100vw, 668px\" \/><\/a><\/p>\n<p>Para condimentar un poco las cosas, complementa con un l\u00e1piz labial \/ brillo de colores.<br \/>\n<strong><span style=\"color: #ff0000;\">Brillo de labios rojo<\/span><\/strong> (<em>excelente pigmento!)<\/em> <a href=\"https:\/\/ion.lyko.com\/t\/t?a=1117786221&#038;as=1548102449&#038;t=2&#038;tk=1&#038;epi=search-replace-isadoralipgloss&#038;url=https:\/\/lyko.com\/sv\/sok?q=isadora+l%C3%A4ppglans\" target=\"_blank\">IsaDora Moisturizing Lip Gloss 21 Alfombra roja <\/a><\/p>\n<p>&nbsp;<\/p>\n<p>Esta publicaci\u00f3n tard\u00f3 mucho en escribirse. Escuchando mi nueva lista de Spotify &quot;festival de melod\u00edas&quot; y no puedo parar <strong>Cantar junto<\/strong> Jajaja Dios, lo dif\u00edcil que es escribir y cantar al mismo tiempo, \u00a1tienes un coeficiente intelectual demasiado bajo para eso! ;)<\/p>\n<p>Si se ha introducido un peque\u00f1o error ortogr\u00e1fico aqu\u00ed y all\u00e1, \u00a1ya sabe por qu\u00e9!<\/p>\n<p>&nbsp;<\/p>\n<p><strong>\u00a1Kiss on es!<\/strong><\/p>","protected":false},"excerpt":{"rendered":"<p>Personer som \u00e4r lite \u00e4ldre (och unga ocks\u00e5 s\u00e5klart) vill ofta piffa till sin sminkning med n\u00e5gonting extra, men tycker att det l\u00e4tt blir &#8221;f\u00f6r mycket&#8221;. D\u00e5 \u00e4r detta en bra sminkning. En liten detalj som en ljuslila kajalpenna g\u00f6ra mycket! Har man rynkiga \u00f6gonlock s\u00e5 kan jag rekommendera att sudda den svarta eyelinern litegrann [&hellip;]<\/p>\n","protected":false},"author":30,"featured_media":4843,"comment_status":"open","ping_status":"open","sticky":false,"template":"","format":"standard","meta":{"footnotes":""},"categories":[2827],"tags":[455,444,457,456],"class_list":["post-4841","post","type-post","status-publish","format-standard","has-post-thumbnail","hentry","category-vardagssminkningar","tag-dsikret-sminkning","tag-fargklick","tag-lila-kajalpenna","tag-naturlig"],"yoast_head":"<!-- This site is optimized with the Yoast SEO Premium plugin v14.9 - https:\/\/yoast.com\/wordpress\/plugins\/seo\/ -->\n<meta name=\"description\" content=\"Vardagssminkning | Helena Amiley - H\u00e4r hittar du senaste infromation om sk\u00f6nhet, livsstil, entrepren\u00f6rskap, makeup &amp; tips.\" \/>\n<meta name=\"robots\" content=\"index, follow, max-snippet:-1, max-image-preview:large, max-video-preview:-1\" \/>\n<link rel=\"canonical\" href=\"https:\/\/www.imakeyousmile.se\/es\/vardagssminkning\/\" \/>\n<meta property=\"og:locale\" content=\"es_ES\" \/>\n<meta property=\"og:type\" content=\"article\" \/>\n<meta property=\"og:title\" content=\"Vardagssminkning | Imakeyousmile.se\" \/>\n<meta property=\"og:description\" content=\"Vardagssminkning | Helena Amiley - H\u00e4r hittar du senaste infromation om sk\u00f6nhet, livsstil, entrepren\u00f6rskap, makeup &amp; tips.\" \/>\n<meta property=\"og:url\" content=\"https:\/\/www.imakeyousmile.se\/es\/vardagssminkning\/\" \/>\n<meta property=\"og:site_name\" content=\"Imakeyousmile.se\" \/>\n<meta property=\"article:author\" content=\"https:\/\/www.facebook.com\/imakeyousmile.se\" \/>\n<meta property=\"article:published_time\" content=\"2013-03-05T18:48:16+00:00\" \/>\n<meta property=\"article:modified_time\" content=\"2015-04-19T08:21:12+00:00\" \/>\n<meta property=\"og:image\" content=\"https:\/\/www.imakeyousmile.se\/wp-content\/uploads\/2013\/03\/IMG_4534.jpg\" \/>\n\t<meta property=\"og:image:width\" content=\"2560\" \/>\n\t<meta property=\"og:image:height\" content=\"1575\" \/>\n<meta name=\"twitter:card\" content=\"summary_large_image\" \/>\n<script type=\"application\/ld+json\" class=\"yoast-schema-graph\">{\"@context\":\"https:\/\/schema.org\",\"@graph\":[{\"@type\":\"Organization\",\"@id\":\"https:\/\/www.imakeyousmile.se\/es\/#organization\",\"name\":\"Imakeyousmile\",\"url\":\"https:\/\/www.imakeyousmile.se\/es\/\",\"sameAs\":[],\"logo\":{\"@type\":\"ImageObject\",\"@id\":\"https:\/\/www.imakeyousmile.se\/es\/#logo\",\"inLanguage\":\"es\",\"url\":\"https:\/\/www.imakeyousmile.se\/wp-content\/uploads\/2020\/10\/HELENA-AMILEY_SVART-1-e1603367975324.png\",\"width\":280,\"height\":93,\"caption\":\"Imakeyousmile\"},\"image\":{\"@id\":\"https:\/\/www.imakeyousmile.se\/es\/#logo\"}},{\"@type\":\"WebSite\",\"@id\":\"https:\/\/www.imakeyousmile.se\/es\/#website\",\"url\":\"https:\/\/www.imakeyousmile.se\/es\/\",\"name\":\"Imakeyousmile.se\",\"description\":\"Helena Amiley - Beauty, Entrepreneur, Lifestyle\",\"publisher\":{\"@id\":\"https:\/\/www.imakeyousmile.se\/es\/#organization\"},\"potentialAction\":[{\"@type\":\"SearchAction\",\"target\":\"https:\/\/www.imakeyousmile.se\/es\/?s={search_term_string}\",\"query-input\":\"required name=search_term_string\"}],\"inLanguage\":\"es\"},{\"@type\":\"ImageObject\",\"@id\":\"https:\/\/www.imakeyousmile.se\/vardagssminkning\/#primaryimage\",\"inLanguage\":\"es\",\"url\":\"https:\/\/www.imakeyousmile.se\/wp-content\/uploads\/2013\/03\/IMG_4534.jpg\",\"width\":2560,\"height\":1575},{\"@type\":\"WebPage\",\"@id\":\"https:\/\/www.imakeyousmile.se\/vardagssminkning\/#webpage\",\"url\":\"https:\/\/www.imakeyousmile.se\/vardagssminkning\/\",\"name\":\"Vardagssminkning | Imakeyousmile.se\",\"isPartOf\":{\"@id\":\"https:\/\/www.imakeyousmile.se\/es\/#website\"},\"primaryImageOfPage\":{\"@id\":\"https:\/\/www.imakeyousmile.se\/vardagssminkning\/#primaryimage\"},\"datePublished\":\"2013-03-05T18:48:16+00:00\",\"dateModified\":\"2015-04-19T08:21:12+00:00\",\"description\":\"Vardagssminkning | Helena Amiley - H\\u00e4r hittar du senaste infromation om sk\\u00f6nhet, livsstil, entrepren\\u00f6rskap, makeup & tips.\",\"inLanguage\":\"es\",\"potentialAction\":[{\"@type\":\"ReadAction\",\"target\":[\"https:\/\/www.imakeyousmile.se\/vardagssminkning\/\"]}]},{\"@type\":\"Article\",\"@id\":\"https:\/\/www.imakeyousmile.se\/vardagssminkning\/#article\",\"isPartOf\":{\"@id\":\"https:\/\/www.imakeyousmile.se\/vardagssminkning\/#webpage\"},\"author\":{\"@id\":\"https:\/\/www.imakeyousmile.se\/es\/#\/schema\/person\/b0fd43b1c6bb1c60cfd68bff9b4a10fb\"},\"headline\":\"Vardagssminkning\",\"datePublished\":\"2013-03-05T18:48:16+00:00\",\"dateModified\":\"2015-04-19T08:21:12+00:00\",\"mainEntityOfPage\":{\"@id\":\"https:\/\/www.imakeyousmile.se\/vardagssminkning\/#webpage\"},\"commentCount\":0,\"publisher\":{\"@id\":\"https:\/\/www.imakeyousmile.se\/es\/#organization\"},\"image\":{\"@id\":\"https:\/\/www.imakeyousmile.se\/vardagssminkning\/#primaryimage\"},\"keywords\":\"Dsikret sminkning,f\\u00e4rgklick,lila kajalpenna,Naturlig\",\"articleSection\":\"Neutrala \/ milda sminkningar\",\"inLanguage\":\"es\",\"potentialAction\":[{\"@type\":\"CommentAction\",\"name\":\"Comment\",\"target\":[\"https:\/\/www.imakeyousmile.se\/vardagssminkning\/#respond\"]}]},{\"@type\":\"Person\",\"@id\":\"https:\/\/www.imakeyousmile.se\/es\/#\/schema\/person\/b0fd43b1c6bb1c60cfd68bff9b4a10fb\",\"name\":\"Helena Amiley\",\"image\":{\"@type\":\"ImageObject\",\"@id\":\"https:\/\/www.imakeyousmile.se\/es\/#personlogo\",\"inLanguage\":\"es\",\"url\":\"https:\/\/secure.gravatar.com\/avatar\/5645558e1e355457a23368d7e1b4c904?s=96&d=mm&r=g\",\"caption\":\"Helena Amiley\"},\"description\":\"Jag skriver mest om sk\\u00f6nhet men bjuder \\u00e4ven p\\u00e5 glimtar fr\\u00e5n entrepren\\u00f6rlivet och bygget av v\\u00e5r egen camper van. Vanlife here we come!\",\"sameAs\":[\"https:\/\/www.facebook.com\/imakeyousmile.se\",\"https:\/\/www.instagram.com\/helenaamiley\",\"https:\/\/www.youtube.com\/channel\/UCR5iB6rvpV6Yr8ZjpQfr5mg?view_as=subscriber\"]}]}<\/script>\n<!-- \/ Yoast SEO Premium plugin. -->","_links":{"self":[{"href":"https:\/\/www.imakeyousmile.se\/es\/wp-json\/wp\/v2\/posts\/4841"}],"collection":[{"href":"https:\/\/www.imakeyousmile.se\/es\/wp-json\/wp\/v2\/posts"}],"about":[{"href":"https:\/\/www.imakeyousmile.se\/es\/wp-json\/wp\/v2\/types\/post"}],"author":[{"embeddable":true,"href":"https:\/\/www.imakeyousmile.se\/es\/wp-json\/wp\/v2\/users\/30"}],"replies":[{"embeddable":true,"href":"https:\/\/www.imakeyousmile.se\/es\/wp-json\/wp\/v2\/comments?post=4841"}],"version-history":[{"count":1,"href":"https:\/\/www.imakeyousmile.se\/es\/wp-json\/wp\/v2\/posts\/4841\/revisions"}],"predecessor-version":[{"id":19166,"href":"https:\/\/www.imakeyousmile.se\/es\/wp-json\/wp\/v2\/posts\/4841\/revisions\/19166"}],"wp:featuredmedia":[{"embeddable":true,"href":"https:\/\/www.imakeyousmile.se\/es\/wp-json\/wp\/v2\/media\/4843"}],"wp:attachment":[{"href":"https:\/\/www.imakeyousmile.se\/es\/wp-json\/wp\/v2\/media?parent=4841"}],"wp:term":[{"taxonomy":"category","embeddable":true,"href":"https:\/\/www.imakeyousmile.se\/es\/wp-json\/wp\/v2\/categories?post=4841"},{"taxonomy":"post_tag","embeddable":true,"href":"https:\/\/www.imakeyousmile.se\/es\/wp-json\/wp\/v2\/tags?post=4841"}],"curies":[{"name":"wp","href":"https:\/\/api.w.org\/{rel}","templated":true}]}}