{"id":5129,"date":"2013-03-26T07:03:20","date_gmt":"2013-03-26T06:03:20","guid":{"rendered":"http:\/\/www.imakeyousmile.se\/?p=5129"},"modified":"2014-08-16T10:56:59","modified_gmt":"2014-08-16T08:56:59","slug":"kansliga-ogon","status":"publish","type":"post","link":"https:\/\/www.imakeyousmile.se\/es\/kansliga-ogon\/","title":{"rendered":"Ojos irritados"},"content":{"rendered":"<p>\u00a1Buenos d\u00edas maravilloso!<\/p>\n<p>&nbsp;<\/p>\n<p>A veces tengo per\u00edodos en los que mis ojos se irritan incre\u00edblemente y se ponen llorosos tan pronto como pincho un poco. Incre\u00edblemente frustrante cuando no entiendes por qu\u00e9.<\/p>\n<p>Entonces, el sol, la nieve y el viento no son una buena combinaci\u00f3n, cuando te has esforzado por conseguir un bonito maquillaje.<\/p>\n<p>&nbsp;<\/p>\n<p>Puedes al menos consolarte con eso <strong>ojos sin maquillaje + l\u00e1piz labial<\/strong> es una de las tendencias m\u00e1s calientes de la primavera;)<\/p>\n<p>Me concentro en lo que puedo, cejas, labios, polvos solares y rubor. \u00a1Y no ser\u00e1 una completa verg\u00fcenza!<\/p>\n<p><a href=\"http:\/\/www.imakeyousmile.se\/es\/kansliga-ogon\/img_5977\/\" rel=\"attachment wp-att-5130\"><img loading=\"lazy\" decoding=\"async\" class=\"alignnone  wp-image-5130\" title=\"IMG_5977\" src=\"http:\/\/www.imakeyousmile.se\/wp-content\/uploads\/2013\/03\/IMG_5977-792x1024.jpg\" alt=\"\" width=\"609\" height=\"789\" \/><\/a><\/p>\n<p>Mi mirada ahora mismo.<\/p>\n<p>&nbsp;<\/p>\n<p><a href=\"http:\/\/www.imakeyousmile.se\/es\/kansliga-ogon\/no-mascara-day-2\/\" rel=\"attachment wp-att-5136\"><img loading=\"lazy\" decoding=\"async\" class=\"alignnone size-full wp-image-5136\" title=\"d\u00eda sin r\u00edmel\" src=\"http:\/\/www.imakeyousmile.se\/wp-content\/uploads\/2013\/03\/no-mascara-day.jpg\" alt=\"\" width=\"612\" height=\"612\" srcset=\"https:\/\/www.imakeyousmile.se\/wp-content\/uploads\/2013\/03\/no-mascara-day.jpg 612w, https:\/\/www.imakeyousmile.se\/wp-content\/uploads\/2013\/03\/no-mascara-day-150x150.jpg 150w, https:\/\/www.imakeyousmile.se\/wp-content\/uploads\/2013\/03\/no-mascara-day-300x300.jpg 300w\" sizes=\"(max-width: 612px) 100vw, 612px\" \/><\/a><\/p>\n<p>\u00a1Y as\u00ed es como me ve\u00eda hace unas semanas!<\/p>\n<p>&nbsp;<\/p>\n<p>\u00a1Beso abrazo!<\/p>","protected":false},"excerpt":{"rendered":"<p>God morgon underbara ni! &nbsp; Ibland har jag perioder d\u00e5 mina \u00f6gon blir otroligt irriterade och rinner s\u00e5 fort jag bara petar det minsta. Otroligt frustrerande n\u00e4r man inte f\u00f6rst\u00e5r varf\u00f6r. Sol, sn\u00f6 och bl\u00e5st\u00a0\u00e4r d\u00e5 ingen bra kombination,\u00a0n\u00e4r man anstr\u00e4ngt sig f\u00f6r att f\u00e5 till en snygg sminkning. &nbsp; Man kan\u00a0ju \u00e5tminstone tr\u00f6sta sig [&hellip;]<\/p>\n","protected":false},"author":30,"featured_media":0,"comment_status":"open","ping_status":"closed","sticky":false,"template":"","format":"standard","meta":{"footnotes":""},"categories":[3],"tags":[513,515,514],"class_list":["post-5129","post","type-post","status-publish","format-standard","hentry","category-allmant","tag-cleay-eyes","tag-irriterade-ogon","tag-kansliga-ogon"],"yoast_head":"<!-- This site is optimized with the Yoast SEO Premium plugin v14.9 - https:\/\/yoast.com\/wordpress\/plugins\/seo\/ -->\n<meta name=\"description\" content=\"Irriterade \u00f6gon | Helena Amiley - H\u00e4r hittar du senaste infromation om sk\u00f6nhet, livsstil, entrepren\u00f6rskap, makeup &amp; tips.\" \/>\n<meta name=\"robots\" content=\"index, follow, max-snippet:-1, max-image-preview:large, max-video-preview:-1\" \/>\n<link rel=\"canonical\" href=\"https:\/\/www.imakeyousmile.se\/es\/kansliga-ogon\/\" \/>\n<meta property=\"og:locale\" content=\"es_ES\" \/>\n<meta property=\"og:type\" content=\"article\" \/>\n<meta property=\"og:title\" content=\"Irriterade \u00f6gon | Imakeyousmile.se\" \/>\n<meta property=\"og:description\" content=\"Irriterade \u00f6gon | Helena Amiley - H\u00e4r hittar du senaste infromation om sk\u00f6nhet, livsstil, entrepren\u00f6rskap, makeup &amp; tips.\" \/>\n<meta property=\"og:url\" content=\"https:\/\/www.imakeyousmile.se\/es\/kansliga-ogon\/\" \/>\n<meta property=\"og:site_name\" content=\"Imakeyousmile.se\" \/>\n<meta property=\"article:author\" content=\"https:\/\/www.facebook.com\/imakeyousmile.se\" \/>\n<meta property=\"article:published_time\" content=\"2013-03-26T06:03:20+00:00\" \/>\n<meta property=\"article:modified_time\" content=\"2014-08-16T08:56:59+00:00\" \/>\n<meta property=\"og:image\" content=\"http:\/\/www.imakeyousmile.se\/wp-content\/uploads\/2013\/03\/IMG_5977-792x1024.jpg\" \/>\n<meta name=\"twitter:card\" content=\"summary_large_image\" \/>\n<script type=\"application\/ld+json\" class=\"yoast-schema-graph\">{\"@context\":\"https:\/\/schema.org\",\"@graph\":[{\"@type\":\"Organization\",\"@id\":\"https:\/\/www.imakeyousmile.se\/es\/#organization\",\"name\":\"Imakeyousmile\",\"url\":\"https:\/\/www.imakeyousmile.se\/es\/\",\"sameAs\":[],\"logo\":{\"@type\":\"ImageObject\",\"@id\":\"https:\/\/www.imakeyousmile.se\/es\/#logo\",\"inLanguage\":\"es\",\"url\":\"https:\/\/www.imakeyousmile.se\/wp-content\/uploads\/2020\/10\/HELENA-AMILEY_SVART-1-e1603367975324.png\",\"width\":280,\"height\":93,\"caption\":\"Imakeyousmile\"},\"image\":{\"@id\":\"https:\/\/www.imakeyousmile.se\/es\/#logo\"}},{\"@type\":\"WebSite\",\"@id\":\"https:\/\/www.imakeyousmile.se\/es\/#website\",\"url\":\"https:\/\/www.imakeyousmile.se\/es\/\",\"name\":\"Imakeyousmile.se\",\"description\":\"Helena Amiley - Beauty, Entrepreneur, Lifestyle\",\"publisher\":{\"@id\":\"https:\/\/www.imakeyousmile.se\/es\/#organization\"},\"potentialAction\":[{\"@type\":\"SearchAction\",\"target\":\"https:\/\/www.imakeyousmile.se\/es\/?s={search_term_string}\",\"query-input\":\"required name=search_term_string\"}],\"inLanguage\":\"es\"},{\"@type\":\"ImageObject\",\"@id\":\"https:\/\/www.imakeyousmile.se\/kansliga-ogon\/#primaryimage\",\"inLanguage\":\"es\",\"url\":\"http:\/\/www.imakeyousmile.se\/wp-content\/uploads\/2013\/03\/IMG_5977-792x1024.jpg\"},{\"@type\":\"WebPage\",\"@id\":\"https:\/\/www.imakeyousmile.se\/kansliga-ogon\/#webpage\",\"url\":\"https:\/\/www.imakeyousmile.se\/kansliga-ogon\/\",\"name\":\"Irriterade \\u00f6gon | Imakeyousmile.se\",\"isPartOf\":{\"@id\":\"https:\/\/www.imakeyousmile.se\/es\/#website\"},\"primaryImageOfPage\":{\"@id\":\"https:\/\/www.imakeyousmile.se\/kansliga-ogon\/#primaryimage\"},\"datePublished\":\"2013-03-26T06:03:20+00:00\",\"dateModified\":\"2014-08-16T08:56:59+00:00\",\"description\":\"Irriterade \\u00f6gon | Helena Amiley - H\\u00e4r hittar du senaste infromation om sk\\u00f6nhet, livsstil, entrepren\\u00f6rskap, makeup & tips.\",\"inLanguage\":\"es\",\"potentialAction\":[{\"@type\":\"ReadAction\",\"target\":[\"https:\/\/www.imakeyousmile.se\/kansliga-ogon\/\"]}]},{\"@type\":\"Article\",\"@id\":\"https:\/\/www.imakeyousmile.se\/kansliga-ogon\/#article\",\"isPartOf\":{\"@id\":\"https:\/\/www.imakeyousmile.se\/kansliga-ogon\/#webpage\"},\"author\":{\"@id\":\"https:\/\/www.imakeyousmile.se\/es\/#\/schema\/person\/b0fd43b1c6bb1c60cfd68bff9b4a10fb\"},\"headline\":\"Irriterade \\u00f6gon\",\"datePublished\":\"2013-03-26T06:03:20+00:00\",\"dateModified\":\"2014-08-16T08:56:59+00:00\",\"mainEntityOfPage\":{\"@id\":\"https:\/\/www.imakeyousmile.se\/kansliga-ogon\/#webpage\"},\"commentCount\":0,\"publisher\":{\"@id\":\"https:\/\/www.imakeyousmile.se\/es\/#organization\"},\"image\":{\"@id\":\"https:\/\/www.imakeyousmile.se\/kansliga-ogon\/#primaryimage\"},\"keywords\":\"cleay eyes,irriterade \\u00f6gon.,k\\u00e4nsliga \\u00f6gon\",\"articleSection\":\"\\u00d6vrigt\",\"inLanguage\":\"es\",\"potentialAction\":[{\"@type\":\"CommentAction\",\"name\":\"Comment\",\"target\":[\"https:\/\/www.imakeyousmile.se\/kansliga-ogon\/#respond\"]}]},{\"@type\":\"Person\",\"@id\":\"https:\/\/www.imakeyousmile.se\/es\/#\/schema\/person\/b0fd43b1c6bb1c60cfd68bff9b4a10fb\",\"name\":\"Helena Amiley\",\"image\":{\"@type\":\"ImageObject\",\"@id\":\"https:\/\/www.imakeyousmile.se\/es\/#personlogo\",\"inLanguage\":\"es\",\"url\":\"https:\/\/secure.gravatar.com\/avatar\/5645558e1e355457a23368d7e1b4c904?s=96&d=mm&r=g\",\"caption\":\"Helena Amiley\"},\"description\":\"Jag skriver mest om sk\\u00f6nhet men bjuder \\u00e4ven p\\u00e5 glimtar fr\\u00e5n entrepren\\u00f6rlivet och bygget av v\\u00e5r egen camper van. Vanlife here we come!\",\"sameAs\":[\"https:\/\/www.facebook.com\/imakeyousmile.se\",\"https:\/\/www.instagram.com\/helenaamiley\",\"https:\/\/www.youtube.com\/channel\/UCR5iB6rvpV6Yr8ZjpQfr5mg?view_as=subscriber\"]}]}<\/script>\n<!-- \/ Yoast SEO Premium plugin. -->","_links":{"self":[{"href":"https:\/\/www.imakeyousmile.se\/es\/wp-json\/wp\/v2\/posts\/5129"}],"collection":[{"href":"https:\/\/www.imakeyousmile.se\/es\/wp-json\/wp\/v2\/posts"}],"about":[{"href":"https:\/\/www.imakeyousmile.se\/es\/wp-json\/wp\/v2\/types\/post"}],"author":[{"embeddable":true,"href":"https:\/\/www.imakeyousmile.se\/es\/wp-json\/wp\/v2\/users\/30"}],"replies":[{"embeddable":true,"href":"https:\/\/www.imakeyousmile.se\/es\/wp-json\/wp\/v2\/comments?post=5129"}],"version-history":[{"count":0,"href":"https:\/\/www.imakeyousmile.se\/es\/wp-json\/wp\/v2\/posts\/5129\/revisions"}],"wp:attachment":[{"href":"https:\/\/www.imakeyousmile.se\/es\/wp-json\/wp\/v2\/media?parent=5129"}],"wp:term":[{"taxonomy":"category","embeddable":true,"href":"https:\/\/www.imakeyousmile.se\/es\/wp-json\/wp\/v2\/categories?post=5129"},{"taxonomy":"post_tag","embeddable":true,"href":"https:\/\/www.imakeyousmile.se\/es\/wp-json\/wp\/v2\/tags?post=5129"}],"curies":[{"name":"wp","href":"https:\/\/api.w.org\/{rel}","templated":true}]}}