{"id":5140,"date":"2013-03-26T22:46:08","date_gmt":"2013-03-26T21:46:08","guid":{"rendered":"http:\/\/www.imakeyousmile.se\/?p=5140"},"modified":"2013-03-26T22:46:09","modified_gmt":"2013-03-26T21:46:09","slug":"lumene-cc-cream","status":"publish","type":"post","link":"https:\/\/www.imakeyousmile.se\/es\/crema-lumene-cc\/","title":{"rendered":"Crema Lumene CC"},"content":{"rendered":"<p>Muchos de ustedes probablemente hayan o\u00eddo hablar de BB Cream, una abreviatura de &quot;Blemish Balm&quot;.<\/p>\n<p>Crema CC <em>(Correcci\u00f3n de color<\/em>) es un poco m\u00e1s nuevo en el mercado. Se puede decir que es una versi\u00f3n mejorada de una BB Cream.<\/p>\n<p>&nbsp;<\/p>\n<p><em><strong>Lumeno<\/strong> <\/em>lanza su nuevo <em>Crema CC<\/em> en Kicks y \u00c5hl\u00e9ns semana 13, \u00a1y debo decir que es cruel!<\/p>\n<p><strong>Tiene 6 propiedades diferentes:<\/strong><br \/>\n<em><strong>1. Primer<\/strong><\/em><br \/>\n<em><strong>2. Fundaci\u00f3n<\/strong><\/em><br \/>\n<em><strong>3. Corrector<\/strong><\/em><br \/>\n<em><strong>4. Lujuria<\/strong><\/em><br \/>\n<em><strong>5. Factor de protecci\u00f3n solar 20<\/strong><\/em><br \/>\n<em><strong>6. Se sienta todo el d\u00eda<\/strong><\/em><\/p>\n<p><strong><\/strong><\/p>\n<p>El prop\u00f3sito es proporcionar una buena cobertura e igualar el tono de la piel de forma r\u00e1pida y sencilla. \u00a1Esto realmente lo sostiene!<\/p>\n<p>Lo apliqu\u00e9 con las yemas de los dedos, fue r\u00e1pido y cubri\u00f3 bien incluso en todas las \u00e1reas rojas.<\/p>\n<p>&nbsp;<\/p>\n<p><a href=\"http:\/\/www.imakeyousmile.se\/es\/lumene-cc-cream\/lumene-cc-cream\/\" rel=\"attachment wp-att-5143\"><img loading=\"lazy\" decoding=\"async\" class=\"alignnone  wp-image-5143\" title=\"crema de lumene cc\" src=\"http:\/\/www.imakeyousmile.se\/wp-content\/uploads\/2013\/03\/lumene-cc-cream-1024x696.jpg\" alt=\"\" width=\"706\" height=\"480\" srcset=\"https:\/\/www.imakeyousmile.se\/wp-content\/uploads\/2013\/03\/lumene-cc-cream-1024x696.jpg 1024w, https:\/\/www.imakeyousmile.se\/wp-content\/uploads\/2013\/03\/lumene-cc-cream-300x203.jpg 300w, https:\/\/www.imakeyousmile.se\/wp-content\/uploads\/2013\/03\/lumene-cc-cream-940x639.jpg 940w, https:\/\/www.imakeyousmile.se\/wp-content\/uploads\/2013\/03\/lumene-cc-cream-620x421.jpg 620w\" sizes=\"(max-width: 706px) 100vw, 706px\" \/><\/a><\/p>\n<p>\u00a1Resultados realmente buenos!<\/p>\n<p>Adem\u00e1s, la crema contiene<strong> aceite de semilla de ar\u00e1ndanos rojos n\u00f3rdicos<\/strong>, que en s\u00ed mismo hidrata, nutre y aclara el tono de la piel.<\/p>\n<p>&nbsp;<\/p>\n<p><a href=\"http:\/\/www.imakeyousmile.se\/es\/lumene-cc-cream\/img_6108\/\" rel=\"attachment wp-att-5141\"><img loading=\"lazy\" decoding=\"async\" class=\"alignnone  wp-image-5141\" title=\"IMG_6108\" src=\"http:\/\/www.imakeyousmile.se\/wp-content\/uploads\/2013\/03\/IMG_6108-802x1024.jpg\" alt=\"\" width=\"722\" height=\"922\" srcset=\"https:\/\/www.imakeyousmile.se\/wp-content\/uploads\/2013\/03\/IMG_6108-802x1024.jpg 802w, https:\/\/www.imakeyousmile.se\/wp-content\/uploads\/2013\/03\/IMG_6108-235x300.jpg 235w, https:\/\/www.imakeyousmile.se\/wp-content\/uploads\/2013\/03\/IMG_6108-940x1199.jpg 940w, https:\/\/www.imakeyousmile.se\/wp-content\/uploads\/2013\/03\/IMG_6108.jpg 2007w\" sizes=\"(max-width: 722px) 100vw, 722px\" \/><\/a><\/p>\n<p>&nbsp;<\/p>\n<p><a href=\"http:\/\/www.imakeyousmile.se\/es\/lumene-cc-cream\/img_6124\/\" rel=\"attachment wp-att-5142\"><img loading=\"lazy\" decoding=\"async\" class=\"alignnone  wp-image-5142\" title=\"IMG_6124\" src=\"http:\/\/www.imakeyousmile.se\/wp-content\/uploads\/2013\/03\/IMG_6124-770x1024.jpg\" alt=\"\" width=\"693\" height=\"922\" srcset=\"https:\/\/www.imakeyousmile.se\/wp-content\/uploads\/2013\/03\/IMG_6124-770x1024.jpg 770w, https:\/\/www.imakeyousmile.se\/wp-content\/uploads\/2013\/03\/IMG_6124-225x300.jpg 225w, https:\/\/www.imakeyousmile.se\/wp-content\/uploads\/2013\/03\/IMG_6124.jpg 1927w\" sizes=\"(max-width: 693px) 100vw, 693px\" \/><\/a><\/p>\n<p>El \u00faltimo punto entre las propiedades, que la crema permanece todo el d\u00eda, \u00a1lo probar\u00e9 ma\u00f1ana en el trabajo!<\/p>\n<p>&nbsp;<\/p>\n<p>Volver\u00e9 con el resultado :)<\/p>\n<p>&nbsp;<\/p>\n<p><strong>Besos y buenas noches!<\/strong><\/p>","protected":false},"excerpt":{"rendered":"<p>M\u00e5nga av er har s\u00e4ker h\u00f6rt talas om BB Cream, en\u00a0f\u00f6rkortning av &#8221;Blemish Balm&#8221;. CC Cream (Color Correcting)\u00a0\u00e4r sn\u00e4ppet nyare p\u00e5 marknaden! Man kan s\u00e4ga att det \u00e4r en f\u00f6rb\u00e4ttrad version av en BB Cream. &nbsp; Lumene sl\u00e4pper sin nya CC Cream p\u00e5 Kicks och \u00c5hl\u00e9ns vecka 13, och jag m\u00e5ste s\u00e4ga att den \u00e4r [&hellip;]<\/p>\n","protected":false},"author":30,"featured_media":0,"comment_status":"open","ping_status":"closed","sticky":false,"template":"","format":"standard","meta":{"footnotes":""},"categories":[24,59],"tags":[516,517,520,518,519],"class_list":["post-5140","post","type-post","status-publish","format-standard","hentry","category-grundsmink","category-recensioner-produkttips","tag-cc-cream","tag-cc-creme","tag-color-correcting-cream","tag-lumene","tag-lumene-cc-cream"],"yoast_head":"<!-- This site is optimized with the Yoast SEO Premium plugin v14.9 - https:\/\/yoast.com\/wordpress\/plugins\/seo\/ -->\n<meta name=\"description\" content=\"Lumene CC Cream | Helena Amiley - H\u00e4r hittar du senaste infromation om sk\u00f6nhet, livsstil, entrepren\u00f6rskap, makeup &amp; tips.\" \/>\n<meta name=\"robots\" content=\"index, follow, max-snippet:-1, max-image-preview:large, max-video-preview:-1\" \/>\n<link rel=\"canonical\" href=\"https:\/\/www.imakeyousmile.se\/es\/lumene-cc-cream\/\" \/>\n<meta property=\"og:locale\" content=\"es_ES\" \/>\n<meta property=\"og:type\" content=\"article\" \/>\n<meta property=\"og:title\" content=\"Lumene CC Cream | Imakeyousmile.se\" \/>\n<meta property=\"og:description\" content=\"Lumene CC Cream | Helena Amiley - H\u00e4r hittar du senaste infromation om sk\u00f6nhet, livsstil, entrepren\u00f6rskap, makeup &amp; tips.\" \/>\n<meta property=\"og:url\" content=\"https:\/\/www.imakeyousmile.se\/es\/lumene-cc-cream\/\" \/>\n<meta property=\"og:site_name\" content=\"Imakeyousmile.se\" \/>\n<meta property=\"article:author\" content=\"https:\/\/www.facebook.com\/imakeyousmile.se\" \/>\n<meta property=\"article:published_time\" content=\"2013-03-26T21:46:08+00:00\" \/>\n<meta property=\"article:modified_time\" content=\"2013-03-26T21:46:09+00:00\" \/>\n<meta property=\"og:image\" content=\"http:\/\/www.imakeyousmile.se\/wp-content\/uploads\/2013\/03\/lumene-cc-cream-1024x696.jpg\" \/>\n<meta name=\"twitter:card\" content=\"summary_large_image\" \/>\n<script type=\"application\/ld+json\" class=\"yoast-schema-graph\">{\"@context\":\"https:\/\/schema.org\",\"@graph\":[{\"@type\":\"Organization\",\"@id\":\"https:\/\/www.imakeyousmile.se\/es\/#organization\",\"name\":\"Imakeyousmile\",\"url\":\"https:\/\/www.imakeyousmile.se\/es\/\",\"sameAs\":[],\"logo\":{\"@type\":\"ImageObject\",\"@id\":\"https:\/\/www.imakeyousmile.se\/es\/#logo\",\"inLanguage\":\"es\",\"url\":\"https:\/\/www.imakeyousmile.se\/wp-content\/uploads\/2020\/10\/HELENA-AMILEY_SVART-1-e1603367975324.png\",\"width\":280,\"height\":93,\"caption\":\"Imakeyousmile\"},\"image\":{\"@id\":\"https:\/\/www.imakeyousmile.se\/es\/#logo\"}},{\"@type\":\"WebSite\",\"@id\":\"https:\/\/www.imakeyousmile.se\/es\/#website\",\"url\":\"https:\/\/www.imakeyousmile.se\/es\/\",\"name\":\"Imakeyousmile.se\",\"description\":\"Helena Amiley - Beauty, Entrepreneur, Lifestyle\",\"publisher\":{\"@id\":\"https:\/\/www.imakeyousmile.se\/es\/#organization\"},\"potentialAction\":[{\"@type\":\"SearchAction\",\"target\":\"https:\/\/www.imakeyousmile.se\/es\/?s={search_term_string}\",\"query-input\":\"required name=search_term_string\"}],\"inLanguage\":\"es\"},{\"@type\":\"ImageObject\",\"@id\":\"https:\/\/www.imakeyousmile.se\/lumene-cc-cream\/#primaryimage\",\"inLanguage\":\"es\",\"url\":\"http:\/\/www.imakeyousmile.se\/wp-content\/uploads\/2013\/03\/lumene-cc-cream-1024x696.jpg\"},{\"@type\":\"WebPage\",\"@id\":\"https:\/\/www.imakeyousmile.se\/lumene-cc-cream\/#webpage\",\"url\":\"https:\/\/www.imakeyousmile.se\/lumene-cc-cream\/\",\"name\":\"Lumene CC Cream | Imakeyousmile.se\",\"isPartOf\":{\"@id\":\"https:\/\/www.imakeyousmile.se\/es\/#website\"},\"primaryImageOfPage\":{\"@id\":\"https:\/\/www.imakeyousmile.se\/lumene-cc-cream\/#primaryimage\"},\"datePublished\":\"2013-03-26T21:46:08+00:00\",\"dateModified\":\"2013-03-26T21:46:09+00:00\",\"description\":\"Lumene CC Cream | Helena Amiley - H\\u00e4r hittar du senaste infromation om sk\\u00f6nhet, livsstil, entrepren\\u00f6rskap, makeup & tips.\",\"inLanguage\":\"es\",\"potentialAction\":[{\"@type\":\"ReadAction\",\"target\":[\"https:\/\/www.imakeyousmile.se\/lumene-cc-cream\/\"]}]},{\"@type\":\"Article\",\"@id\":\"https:\/\/www.imakeyousmile.se\/lumene-cc-cream\/#article\",\"isPartOf\":{\"@id\":\"https:\/\/www.imakeyousmile.se\/lumene-cc-cream\/#webpage\"},\"author\":{\"@id\":\"https:\/\/www.imakeyousmile.se\/es\/#\/schema\/person\/b0fd43b1c6bb1c60cfd68bff9b4a10fb\"},\"headline\":\"Lumene CC Cream\",\"datePublished\":\"2013-03-26T21:46:08+00:00\",\"dateModified\":\"2013-03-26T21:46:09+00:00\",\"mainEntityOfPage\":{\"@id\":\"https:\/\/www.imakeyousmile.se\/lumene-cc-cream\/#webpage\"},\"commentCount\":0,\"publisher\":{\"@id\":\"https:\/\/www.imakeyousmile.se\/es\/#organization\"},\"image\":{\"@id\":\"https:\/\/www.imakeyousmile.se\/lumene-cc-cream\/#primaryimage\"},\"keywords\":\"cc cream,cc creme,color correcting cream,lumene,lumene cc cream\",\"articleSection\":\"Bassmink,Recensioner &amp; Produkttips\",\"inLanguage\":\"es\",\"potentialAction\":[{\"@type\":\"CommentAction\",\"name\":\"Comment\",\"target\":[\"https:\/\/www.imakeyousmile.se\/lumene-cc-cream\/#respond\"]}]},{\"@type\":\"Person\",\"@id\":\"https:\/\/www.imakeyousmile.se\/es\/#\/schema\/person\/b0fd43b1c6bb1c60cfd68bff9b4a10fb\",\"name\":\"Helena Amiley\",\"image\":{\"@type\":\"ImageObject\",\"@id\":\"https:\/\/www.imakeyousmile.se\/es\/#personlogo\",\"inLanguage\":\"es\",\"url\":\"https:\/\/secure.gravatar.com\/avatar\/5645558e1e355457a23368d7e1b4c904?s=96&d=mm&r=g\",\"caption\":\"Helena Amiley\"},\"description\":\"Jag skriver mest om sk\\u00f6nhet men bjuder \\u00e4ven p\\u00e5 glimtar fr\\u00e5n entrepren\\u00f6rlivet och bygget av v\\u00e5r egen camper van. Vanlife here we come!\",\"sameAs\":[\"https:\/\/www.facebook.com\/imakeyousmile.se\",\"https:\/\/www.instagram.com\/helenaamiley\",\"https:\/\/www.youtube.com\/channel\/UCR5iB6rvpV6Yr8ZjpQfr5mg?view_as=subscriber\"]}]}<\/script>\n<!-- \/ Yoast SEO Premium plugin. -->","_links":{"self":[{"href":"https:\/\/www.imakeyousmile.se\/es\/wp-json\/wp\/v2\/posts\/5140"}],"collection":[{"href":"https:\/\/www.imakeyousmile.se\/es\/wp-json\/wp\/v2\/posts"}],"about":[{"href":"https:\/\/www.imakeyousmile.se\/es\/wp-json\/wp\/v2\/types\/post"}],"author":[{"embeddable":true,"href":"https:\/\/www.imakeyousmile.se\/es\/wp-json\/wp\/v2\/users\/30"}],"replies":[{"embeddable":true,"href":"https:\/\/www.imakeyousmile.se\/es\/wp-json\/wp\/v2\/comments?post=5140"}],"version-history":[{"count":0,"href":"https:\/\/www.imakeyousmile.se\/es\/wp-json\/wp\/v2\/posts\/5140\/revisions"}],"wp:attachment":[{"href":"https:\/\/www.imakeyousmile.se\/es\/wp-json\/wp\/v2\/media?parent=5140"}],"wp:term":[{"taxonomy":"category","embeddable":true,"href":"https:\/\/www.imakeyousmile.se\/es\/wp-json\/wp\/v2\/categories?post=5140"},{"taxonomy":"post_tag","embeddable":true,"href":"https:\/\/www.imakeyousmile.se\/es\/wp-json\/wp\/v2\/tags?post=5140"}],"curies":[{"name":"wp","href":"https:\/\/api.w.org\/{rel}","templated":true}]}}