{"id":5163,"date":"2013-03-28T20:47:59","date_gmt":"2013-03-28T19:47:59","guid":{"rendered":"http:\/\/www.imakeyousmile.se\/?p=5163"},"modified":"2014-08-16T09:10:42","modified_gmt":"2014-08-16T07:10:42","slug":"fargklick-i-vardagen","status":"publish","type":"post","link":"https:\/\/www.imakeyousmile.se\/es\/color-clic-en-todos-los-dias\/","title":{"rendered":"El color hace clic en la vida cotidiana"},"content":{"rendered":"<p>Mientras quieras, no te llevar\u00e1 mucho m\u00e1s tiempo hacer un maquillaje un poco m\u00e1s divertido que &quot;solo r\u00edmel&quot;.<\/p>\n<p>Como he dicho muchas veces, los l\u00e1pices delineadores de ojos son una gran ayuda para las personas cansadas por la ma\u00f1ana. \u00a1R\u00e1pido, f\u00e1cil y eficiente!<\/p>\n<p>Esta ma\u00f1ana se convirti\u00f3 en un maquillaje diario con min <strong>l\u00e1piz favorito<\/strong> a lo largo de la l\u00ednea de las pesta\u00f1as superiores.<\/p>\n<p>&nbsp;<\/p>\n<p><a href=\"http:\/\/www.imakeyousmile.se\/es\/fargklick-i-vardagen\/img_6176\/\" rel=\"attachment wp-att-5165\"><img loading=\"lazy\" decoding=\"async\" class=\"alignnone  wp-image-5165\" title=\"IMG_6176\" src=\"http:\/\/www.imakeyousmile.se\/wp-content\/uploads\/2013\/03\/IMG_6176-1024x779.jpg\" alt=\"\" width=\"686\" height=\"522\" srcset=\"https:\/\/www.imakeyousmile.se\/wp-content\/uploads\/2013\/03\/IMG_6176-1024x779.jpg 1024w, https:\/\/www.imakeyousmile.se\/wp-content\/uploads\/2013\/03\/IMG_6176-300x228.jpg 300w, https:\/\/www.imakeyousmile.se\/wp-content\/uploads\/2013\/03\/IMG_6176-940x715.jpg 940w, https:\/\/www.imakeyousmile.se\/wp-content\/uploads\/2013\/03\/IMG_6176-620x471.jpg 620w\" sizes=\"(max-width: 686px) 100vw, 686px\" \/><\/a><\/p>\n<p>Efectivo y muy sencillo.<\/p>\n<p>&nbsp;<\/p>\n<p><a href=\"http:\/\/www.imakeyousmile.se\/es\/fargklick-i-vardagen\/img_6176-kopia\/\" rel=\"attachment wp-att-5164\"><img loading=\"lazy\" decoding=\"async\" class=\"alignnone  wp-image-5164\" title=\"IMG_6176 - copiar\" src=\"http:\/\/www.imakeyousmile.se\/wp-content\/uploads\/2013\/03\/IMG_6176-kopia-990x1024.jpg\" alt=\"\" width=\"686\" height=\"709\" srcset=\"https:\/\/www.imakeyousmile.se\/wp-content\/uploads\/2013\/03\/IMG_6176-kopia-990x1024.jpg 990w, https:\/\/www.imakeyousmile.se\/wp-content\/uploads\/2013\/03\/IMG_6176-kopia-290x300.jpg 290w, https:\/\/www.imakeyousmile.se\/wp-content\/uploads\/2013\/03\/IMG_6176-kopia-940x972.jpg 940w, https:\/\/www.imakeyousmile.se\/wp-content\/uploads\/2013\/03\/IMG_6176-kopia-620x641.jpg 620w, https:\/\/www.imakeyousmile.se\/wp-content\/uploads\/2013\/03\/IMG_6176-kopia.jpg 1752w\" sizes=\"(max-width: 686px) 100vw, 686px\" \/><\/a><\/p>\n<p><strong><span style=\"color: #999999;\">Delineador de ojos blanco<\/span> <\/strong>a lo largo de la l\u00ednea de flotaci\u00f3n,<a href=\"https:\/\/ion.lyko.com\/t\/t?a=1117786221&#038;as=1548102449&#038;t=2&#038;tk=1&#038;epi=search-replace-isadorainliner&#038;url=https:\/\/lyko.com\/sv\/isadora\/isadora-inliner-kajal-56-blonde\" target=\"_blank\"> IsaDora Inliner Kajal (50 blanco satinado)<\/a><br \/>\n<strong><span style=\"color: #22dcb3;\">Delineador de ojos turquesa<\/span> <\/strong>a lo largo de la l\u00ednea de las pesta\u00f1as superiores,<a href=\"https:\/\/dot.yves-rocher.se\/t\/t?a=138068268&#038;as=1548102449&#038;t=2&#038;tk=1&#038;epi=search-replace-yveskajal&#038;url=https:\/\/www.yves-rocher.se\/smink\/ogon\/ogonpenna-och-eyeliner\/c\/23200\" target=\"_blank\"> Yves Rocher Impermeable Kajal (Turquesa)<\/a><br \/>\n<strong><span style=\"color: #ffcc99;\">Resaltador<\/span><\/strong> En el rabillo del ojo<a href=\"https:\/\/ion.lyko.com\/t\/t?a=1117786221&#038;as=1548102449&#038;t=2&#038;tk=1&#038;epi=search-replace-eyeshadow&#038;url=https:\/\/lyko.com\/sv\/sok?q=eyeshadow\" target=\"_blank\"> Kryolan Eyedust (n\u00famero 1)<\/a><br \/>\n<strong><span style=\"color: #000000;\">R\u00edmel negro<\/span><\/strong> en todas las pesta\u00f1as, <a href=\"https:\/\/ion.lyko.com\/t\/t?a=1117786221&#038;as=1548102449&#038;t=2&#038;tk=1&#038;epi=search-replace-isadoramascara&#038;url=https:\/\/lyko.com\/sv\/sok?q=isadora+mascara\" target=\"_blank\">M\u00e1scara de pesta\u00f1as IsaDora Precision<\/a>.<\/p>\n<p>&nbsp;<\/p>\n<p><a href=\"http:\/\/www.imakeyousmile.se\/es\/fargklick-i-vardagen\/img_6192\/\" rel=\"attachment wp-att-5166\"><img loading=\"lazy\" decoding=\"async\" class=\"alignnone  wp-image-5166\" title=\"IMG_6192\" src=\"http:\/\/www.imakeyousmile.se\/wp-content\/uploads\/2013\/03\/IMG_6192-847x1024.jpg\" alt=\"\" width=\"678\" height=\"819\" srcset=\"https:\/\/www.imakeyousmile.se\/wp-content\/uploads\/2013\/03\/IMG_6192-847x1024.jpg 847w, https:\/\/www.imakeyousmile.se\/wp-content\/uploads\/2013\/03\/IMG_6192-248x300.jpg 248w, https:\/\/www.imakeyousmile.se\/wp-content\/uploads\/2013\/03\/IMG_6192-940x1136.jpg 940w, https:\/\/www.imakeyousmile.se\/wp-content\/uploads\/2013\/03\/IMG_6192-620x749.jpg 620w\" sizes=\"(max-width: 678px) 100vw, 678px\" \/><\/a><\/p>\n<p>Brillo de labios, <a href=\"https:\/\/ion.lyko.com\/t\/t?a=1117786221&#038;as=1548102449&#038;t=2&#038;tk=1&#038;epi=search-replace-mascara&#038;url=https:\/\/lyko.com\/sv\/smink\/ogon\/mascara\" target=\"_blank\">Barra brillante Pure Minerals (Berry Pretty)<\/a><\/p>\n<p>&nbsp;<\/p>\n<p>Ahora voy a agarrarme del cuello y hacer los dos un maquillaje m\u00e1s <em>(un poco m\u00e1s divertido que esto<\/em>) y luego s\u00fabete a la bicicleta de entrenamiento. :)<\/p>\n<p>\u00a1\u00a1Los abrazos son !!<\/p>","protected":false},"excerpt":{"rendered":"<p>Bara\u00a0man vill, s\u00e5 tar det inte mycket l\u00e4ngre tid att g\u00f6ra en lite roligare sminkning \u00e4n &#8221;bara mascara&#8221;. Som jag sagt m\u00e5nga g\u00e5nger s\u00e5 \u00e4r kajalpennor ett j\u00e4ttebra hj\u00e4lpmedel f\u00f6r morgontr\u00f6tta. Snabbt, enkelt och effektivt! I morse blev det en vardagssminkning med\u00a0min favoritkajalpenna l\u00e4ngs \u00f6vre fransraden. &nbsp; Effektfullt, och s\u00e5 enkelt. &nbsp; Vit kajalpenna l\u00e4ngs [&hellip;]<\/p>\n","protected":false},"author":30,"featured_media":0,"comment_status":"open","ping_status":"closed","sticky":false,"template":"","format":"standard","meta":{"footnotes":""},"categories":[3],"tags":[509,441,346,456,523],"class_list":["post-5163","post","type-post","status-publish","format-standard","hentry","category-allmant","tag-eyeliner","tag-fargglad-eyeliner","tag-kajalpenna","tag-naturlig","tag-yves-rocher-vattefast-kajal"],"yoast_head":"<!-- This site is optimized with the Yoast SEO Premium plugin v14.9 - https:\/\/yoast.com\/wordpress\/plugins\/seo\/ -->\n<meta name=\"description\" content=\"F\u00e4rgklick i vardagen | Helena Amiley - H\u00e4r hittar du senaste infromation om sk\u00f6nhet, livsstil, entrepren\u00f6rskap, makeup &amp; tips.\" \/>\n<meta name=\"robots\" content=\"index, follow, max-snippet:-1, max-image-preview:large, max-video-preview:-1\" \/>\n<link rel=\"canonical\" href=\"https:\/\/www.imakeyousmile.se\/es\/fargklick-i-vardagen\/\" \/>\n<meta property=\"og:locale\" content=\"es_ES\" \/>\n<meta property=\"og:type\" content=\"article\" \/>\n<meta property=\"og:title\" content=\"F\u00e4rgklick i vardagen | Imakeyousmile.se\" \/>\n<meta property=\"og:description\" content=\"F\u00e4rgklick i vardagen | Helena Amiley - H\u00e4r hittar du senaste infromation om sk\u00f6nhet, livsstil, entrepren\u00f6rskap, makeup &amp; tips.\" \/>\n<meta property=\"og:url\" content=\"https:\/\/www.imakeyousmile.se\/es\/fargklick-i-vardagen\/\" \/>\n<meta property=\"og:site_name\" content=\"Imakeyousmile.se\" \/>\n<meta property=\"article:author\" content=\"https:\/\/www.facebook.com\/imakeyousmile.se\" \/>\n<meta property=\"article:published_time\" content=\"2013-03-28T19:47:59+00:00\" \/>\n<meta property=\"article:modified_time\" content=\"2014-08-16T07:10:42+00:00\" \/>\n<meta property=\"og:image\" content=\"http:\/\/www.imakeyousmile.se\/wp-content\/uploads\/2013\/03\/IMG_6176-1024x779.jpg\" \/>\n<meta name=\"twitter:card\" content=\"summary_large_image\" \/>\n<script type=\"application\/ld+json\" class=\"yoast-schema-graph\">{\"@context\":\"https:\/\/schema.org\",\"@graph\":[{\"@type\":\"Organization\",\"@id\":\"https:\/\/www.imakeyousmile.se\/es\/#organization\",\"name\":\"Imakeyousmile\",\"url\":\"https:\/\/www.imakeyousmile.se\/es\/\",\"sameAs\":[],\"logo\":{\"@type\":\"ImageObject\",\"@id\":\"https:\/\/www.imakeyousmile.se\/es\/#logo\",\"inLanguage\":\"es\",\"url\":\"https:\/\/www.imakeyousmile.se\/wp-content\/uploads\/2020\/10\/HELENA-AMILEY_SVART-1-e1603367975324.png\",\"width\":280,\"height\":93,\"caption\":\"Imakeyousmile\"},\"image\":{\"@id\":\"https:\/\/www.imakeyousmile.se\/es\/#logo\"}},{\"@type\":\"WebSite\",\"@id\":\"https:\/\/www.imakeyousmile.se\/es\/#website\",\"url\":\"https:\/\/www.imakeyousmile.se\/es\/\",\"name\":\"Imakeyousmile.se\",\"description\":\"Helena Amiley - Beauty, Entrepreneur, Lifestyle\",\"publisher\":{\"@id\":\"https:\/\/www.imakeyousmile.se\/es\/#organization\"},\"potentialAction\":[{\"@type\":\"SearchAction\",\"target\":\"https:\/\/www.imakeyousmile.se\/es\/?s={search_term_string}\",\"query-input\":\"required name=search_term_string\"}],\"inLanguage\":\"es\"},{\"@type\":\"ImageObject\",\"@id\":\"https:\/\/www.imakeyousmile.se\/fargklick-i-vardagen\/#primaryimage\",\"inLanguage\":\"es\",\"url\":\"http:\/\/www.imakeyousmile.se\/wp-content\/uploads\/2013\/03\/IMG_6176-1024x779.jpg\"},{\"@type\":\"WebPage\",\"@id\":\"https:\/\/www.imakeyousmile.se\/fargklick-i-vardagen\/#webpage\",\"url\":\"https:\/\/www.imakeyousmile.se\/fargklick-i-vardagen\/\",\"name\":\"F\\u00e4rgklick i vardagen | Imakeyousmile.se\",\"isPartOf\":{\"@id\":\"https:\/\/www.imakeyousmile.se\/es\/#website\"},\"primaryImageOfPage\":{\"@id\":\"https:\/\/www.imakeyousmile.se\/fargklick-i-vardagen\/#primaryimage\"},\"datePublished\":\"2013-03-28T19:47:59+00:00\",\"dateModified\":\"2014-08-16T07:10:42+00:00\",\"description\":\"F\\u00e4rgklick i vardagen | Helena Amiley - H\\u00e4r hittar du senaste infromation om sk\\u00f6nhet, livsstil, entrepren\\u00f6rskap, makeup & tips.\",\"inLanguage\":\"es\",\"potentialAction\":[{\"@type\":\"ReadAction\",\"target\":[\"https:\/\/www.imakeyousmile.se\/fargklick-i-vardagen\/\"]}]},{\"@type\":\"Article\",\"@id\":\"https:\/\/www.imakeyousmile.se\/fargklick-i-vardagen\/#article\",\"isPartOf\":{\"@id\":\"https:\/\/www.imakeyousmile.se\/fargklick-i-vardagen\/#webpage\"},\"author\":{\"@id\":\"https:\/\/www.imakeyousmile.se\/es\/#\/schema\/person\/b0fd43b1c6bb1c60cfd68bff9b4a10fb\"},\"headline\":\"F\\u00e4rgklick i vardagen\",\"datePublished\":\"2013-03-28T19:47:59+00:00\",\"dateModified\":\"2014-08-16T07:10:42+00:00\",\"mainEntityOfPage\":{\"@id\":\"https:\/\/www.imakeyousmile.se\/fargklick-i-vardagen\/#webpage\"},\"commentCount\":0,\"publisher\":{\"@id\":\"https:\/\/www.imakeyousmile.se\/es\/#organization\"},\"image\":{\"@id\":\"https:\/\/www.imakeyousmile.se\/fargklick-i-vardagen\/#primaryimage\"},\"keywords\":\"eyeliner,f\\u00e4rgglad eyeliner,Kajalpenna,Naturlig,yves rocher vattefast kajal\",\"articleSection\":\"\\u00d6vrigt\",\"inLanguage\":\"es\",\"potentialAction\":[{\"@type\":\"CommentAction\",\"name\":\"Comment\",\"target\":[\"https:\/\/www.imakeyousmile.se\/fargklick-i-vardagen\/#respond\"]}]},{\"@type\":\"Person\",\"@id\":\"https:\/\/www.imakeyousmile.se\/es\/#\/schema\/person\/b0fd43b1c6bb1c60cfd68bff9b4a10fb\",\"name\":\"Helena Amiley\",\"image\":{\"@type\":\"ImageObject\",\"@id\":\"https:\/\/www.imakeyousmile.se\/es\/#personlogo\",\"inLanguage\":\"es\",\"url\":\"https:\/\/secure.gravatar.com\/avatar\/5645558e1e355457a23368d7e1b4c904?s=96&d=mm&r=g\",\"caption\":\"Helena Amiley\"},\"description\":\"Jag skriver mest om sk\\u00f6nhet men bjuder \\u00e4ven p\\u00e5 glimtar fr\\u00e5n entrepren\\u00f6rlivet och bygget av v\\u00e5r egen camper van. Vanlife here we come!\",\"sameAs\":[\"https:\/\/www.facebook.com\/imakeyousmile.se\",\"https:\/\/www.instagram.com\/helenaamiley\",\"https:\/\/www.youtube.com\/channel\/UCR5iB6rvpV6Yr8ZjpQfr5mg?view_as=subscriber\"]}]}<\/script>\n<!-- \/ Yoast SEO Premium plugin. -->","_links":{"self":[{"href":"https:\/\/www.imakeyousmile.se\/es\/wp-json\/wp\/v2\/posts\/5163"}],"collection":[{"href":"https:\/\/www.imakeyousmile.se\/es\/wp-json\/wp\/v2\/posts"}],"about":[{"href":"https:\/\/www.imakeyousmile.se\/es\/wp-json\/wp\/v2\/types\/post"}],"author":[{"embeddable":true,"href":"https:\/\/www.imakeyousmile.se\/es\/wp-json\/wp\/v2\/users\/30"}],"replies":[{"embeddable":true,"href":"https:\/\/www.imakeyousmile.se\/es\/wp-json\/wp\/v2\/comments?post=5163"}],"version-history":[{"count":0,"href":"https:\/\/www.imakeyousmile.se\/es\/wp-json\/wp\/v2\/posts\/5163\/revisions"}],"wp:attachment":[{"href":"https:\/\/www.imakeyousmile.se\/es\/wp-json\/wp\/v2\/media?parent=5163"}],"wp:term":[{"taxonomy":"category","embeddable":true,"href":"https:\/\/www.imakeyousmile.se\/es\/wp-json\/wp\/v2\/categories?post=5163"},{"taxonomy":"post_tag","embeddable":true,"href":"https:\/\/www.imakeyousmile.se\/es\/wp-json\/wp\/v2\/tags?post=5163"}],"curies":[{"name":"wp","href":"https:\/\/api.w.org\/{rel}","templated":true}]}}