{"id":521,"date":"2012-11-29T13:09:54","date_gmt":"2012-11-29T12:09:54","guid":{"rendered":"http:\/\/www.imakeyousmile.se\/?p=521"},"modified":"2012-11-27T20:42:53","modified_gmt":"2012-11-27T19:42:53","slug":"mina-sminkborstar","status":"publish","type":"post","link":"https:\/\/www.imakeyousmile.se\/es\/pinceles-de-maquillaje-mios\/","title":{"rendered":"Mis pinceles de maquillaje"},"content":{"rendered":"<p>Tener pinceles de maquillaje decentes es<strong> ay O<\/strong> para poder maquillarse lo mejor posible.<\/p>\n<p>Cuando comenc\u00e9 un blog de maquillaje, en realidad solo lo us\u00e9<strong>\u00a0dos\u00a0<\/strong>brochas de maquillaje para todo! Una brocha para rubor y una brocha para sombras de ojos. Luego tuve una esponja de maquillaje para mi base. Por supuesto que tambi\u00e9n funciona de esa manera;)<\/p>\n<p>\u00a1Ahora tengo bastante!<\/p>\n<p style=\"text-align: center;\"><a href=\"http:\/\/www.imakeyousmile.se\/wp-content\/uploads\/2012\/11\/IMG_5950.jpg\"><img loading=\"lazy\" decoding=\"async\" class=\"aligncenter  wp-image-522\" title=\"IMG_5950\" src=\"http:\/\/www.imakeyousmile.se\/wp-content\/uploads\/2012\/11\/IMG_5950-662x664.jpg\" alt=\"\" width=\"397\" height=\"398\" srcset=\"https:\/\/www.imakeyousmile.se\/wp-content\/uploads\/2012\/11\/IMG_5950-662x664.jpg 662w, https:\/\/www.imakeyousmile.se\/wp-content\/uploads\/2012\/11\/IMG_5950-150x150.jpg 150w, https:\/\/www.imakeyousmile.se\/wp-content\/uploads\/2012\/11\/IMG_5950-298x300.jpg 298w, https:\/\/www.imakeyousmile.se\/wp-content\/uploads\/2012\/11\/IMG_5950-537x540.jpg 537w, https:\/\/www.imakeyousmile.se\/wp-content\/uploads\/2012\/11\/IMG_5950.jpg 1028w\" sizes=\"(max-width: 397px) 100vw, 397px\" \/><\/a><\/p>\n<div style=\"text-align: center;\"><strong>\u00a1El mejor cepillo para cejas!<\/strong><\/div>\n<div style=\"text-align: center;\">Cepillo inclinado bastante duro que marca bien.<\/div>\n<div style=\"text-align: center;\">Seguido en\u00a0<a href=\"https:\/\/ion.lyko.com\/t\/t?a=1117786221&#038;as=1548102449&#038;t=2&#038;tk=1&#038;url=https:\/\/lyko.com\/sv\/glo-skin-beauty\/glominerals-brow-collection-brown\"><strong><em>esta<\/em><\/strong><\/a> kit de cejas de <em>Glo Minerales<\/em>.<\/div>\n<div style=\"text-align: center;\"><\/div>\n<div style=\"text-align: center;\"><strong>Similares est\u00e1n disponibles para su compra <em><a href=\"https:\/\/ion.lyko.com\/t\/t?a=1117786221&#038;as=1548102449&#038;t=2&#038;tk=1&#038;epi=search-replace-abrush&#038;url=https:\/\/lyko.com\/sv\/sok?q=eyeshadow+brush\">aqu\u00ed<\/a><\/em><\/strong>.<\/div>\n<p style=\"text-align: center;\"><a href=\"http:\/\/www.imakeyousmile.se\/wp-content\/uploads\/2012\/11\/IMG_5954.jpg\"><img loading=\"lazy\" decoding=\"async\" class=\"aligncenter  wp-image-523\" title=\"IMG_5954\" src=\"http:\/\/www.imakeyousmile.se\/wp-content\/uploads\/2012\/11\/IMG_5954-662x730.jpg\" alt=\"\" width=\"397\" height=\"438\" srcset=\"https:\/\/www.imakeyousmile.se\/wp-content\/uploads\/2012\/11\/IMG_5954-662x730.jpg 662w, https:\/\/www.imakeyousmile.se\/wp-content\/uploads\/2012\/11\/IMG_5954-272x300.jpg 272w, https:\/\/www.imakeyousmile.se\/wp-content\/uploads\/2012\/11\/IMG_5954-489x540.jpg 489w, https:\/\/www.imakeyousmile.se\/wp-content\/uploads\/2012\/11\/IMG_5954.jpg 1030w\" sizes=\"(max-width: 397px) 100vw, 397px\" \/><\/a><\/p>\n<p style=\"text-align: center;\">Use el mismo cepillo para cejas para l\u00edneas finas con sombra de ojos.<\/p>\n<p style=\"text-align: center;\"><a href=\"http:\/\/www.imakeyousmile.se\/wp-content\/uploads\/2012\/11\/IMG_5968.jpg\"><img loading=\"lazy\" decoding=\"async\" class=\"aligncenter  wp-image-524\" title=\"IMG_5968\" src=\"http:\/\/www.imakeyousmile.se\/wp-content\/uploads\/2012\/11\/IMG_5968-662x684.jpg\" alt=\"\" width=\"397\" height=\"410\" srcset=\"https:\/\/www.imakeyousmile.se\/wp-content\/uploads\/2012\/11\/IMG_5968-662x684.jpg 662w, https:\/\/www.imakeyousmile.se\/wp-content\/uploads\/2012\/11\/IMG_5968-521x540.jpg 521w, https:\/\/www.imakeyousmile.se\/wp-content\/uploads\/2012\/11\/IMG_5968.jpg 924w\" sizes=\"(max-width: 397px) 100vw, 397px\" \/><\/a><\/p>\n<div style=\"text-align: center;\"><strong>Un peque\u00f1o pincel de sombra<\/strong> hasta peque\u00f1os detalles como el resaltador en el rabillo del ojo.<\/div>\n<div><\/div>\n<div style=\"text-align: center;\"><strong><em>Juego de brochas de maquillaje de MAC<\/em><\/strong> que suele ser barato en Tradera.<\/div>\n<div style=\"text-align: center;\">(<em>Sin embargo, no s\u00e9 si son genuinos<\/em>)<\/div>\n<p style=\"text-align: center;\"><a href=\"http:\/\/www.imakeyousmile.se\/wp-content\/uploads\/2012\/11\/IMG_5969.jpg\"><img loading=\"lazy\" decoding=\"async\" class=\"aligncenter  wp-image-525\" title=\"IMG_5969\" src=\"http:\/\/www.imakeyousmile.se\/wp-content\/uploads\/2012\/11\/IMG_5969-662x681.jpg\" alt=\"\" width=\"397\" height=\"409\" srcset=\"https:\/\/www.imakeyousmile.se\/wp-content\/uploads\/2012\/11\/IMG_5969-662x681.jpg 662w, https:\/\/www.imakeyousmile.se\/wp-content\/uploads\/2012\/11\/IMG_5969-291x300.jpg 291w, https:\/\/www.imakeyousmile.se\/wp-content\/uploads\/2012\/11\/IMG_5969-524x540.jpg 524w, https:\/\/www.imakeyousmile.se\/wp-content\/uploads\/2012\/11\/IMG_5969.jpg 1024w\" sizes=\"(max-width: 397px) 100vw, 397px\" \/><\/a><\/p>\n<div style=\"text-align: center;\"><strong>Pinceles de sombra ordinarios<\/strong> al resto de las sombras de ojos (<em>tanto cuando aplico las sombras como cuando las borro<\/em>)<\/div>\n<div style=\"text-align: center;\"><strong><em>Juego de brochas de maquillaje de MAC<\/em><\/strong><\/div>\n<p style=\"text-align: center;\"><a href=\"http:\/\/www.imakeyousmile.se\/wp-content\/uploads\/2012\/11\/IMG_5978.jpg\"><img loading=\"lazy\" decoding=\"async\" class=\"aligncenter  wp-image-526\" title=\"IMG_5978\" src=\"http:\/\/www.imakeyousmile.se\/wp-content\/uploads\/2012\/11\/IMG_5978-662x783.jpg\" alt=\"\" width=\"397\" height=\"470\" srcset=\"https:\/\/www.imakeyousmile.se\/wp-content\/uploads\/2012\/11\/IMG_5978-662x783.jpg 662w, https:\/\/www.imakeyousmile.se\/wp-content\/uploads\/2012\/11\/IMG_5978-253x300.jpg 253w, https:\/\/www.imakeyousmile.se\/wp-content\/uploads\/2012\/11\/IMG_5978-456x540.jpg 456w, https:\/\/www.imakeyousmile.se\/wp-content\/uploads\/2012\/11\/IMG_5978.jpg 1024w\" sizes=\"(max-width: 397px) 100vw, 397px\" \/><\/a><\/p>\n<div style=\"text-align: center;\"><strong>Pincel de labios <\/strong>para marcar franjas.<\/div>\n<div style=\"text-align: center;\"><strong><em>Juego de brochas de maquillaje de MAC<\/em><\/strong><\/div>\n<p style=\"text-align: center;\"><a href=\"http:\/\/www.imakeyousmile.se\/wp-content\/uploads\/2012\/11\/IMG_5986.jpg\"><img loading=\"lazy\" decoding=\"async\" class=\"aligncenter  wp-image-527\" title=\"IMG_5986\" src=\"http:\/\/www.imakeyousmile.se\/wp-content\/uploads\/2012\/11\/IMG_5986-662x730.jpg\" alt=\"\" width=\"397\" height=\"438\" srcset=\"https:\/\/www.imakeyousmile.se\/wp-content\/uploads\/2012\/11\/IMG_5986-662x730.jpg 662w, https:\/\/www.imakeyousmile.se\/wp-content\/uploads\/2012\/11\/IMG_5986-271x300.jpg 271w, https:\/\/www.imakeyousmile.se\/wp-content\/uploads\/2012\/11\/IMG_5986-489x540.jpg 489w, https:\/\/www.imakeyousmile.se\/wp-content\/uploads\/2012\/11\/IMG_5986.jpg 1010w\" sizes=\"(max-width: 397px) 100vw, 397px\" \/><\/a><\/p>\n<p style=\"text-align: center;\">Muy delgado y bueno <strong>cepillo delineador de ojos<\/strong> para delineador de ojos l\u00edquido.<br \/>\nLa marca <strong>ZTIZ <\/strong>(9877)<\/p>\n<p style=\"text-align: center;\"><a href=\"http:\/\/www.imakeyousmile.se\/wp-content\/uploads\/2012\/11\/IMG_6087.jpg\"><img loading=\"lazy\" decoding=\"async\" class=\"aligncenter  wp-image-530\" title=\"IMG_6087\" src=\"http:\/\/www.imakeyousmile.se\/wp-content\/uploads\/2012\/11\/IMG_6087-662x792.jpg\" alt=\"\" width=\"397\" height=\"475\" srcset=\"https:\/\/www.imakeyousmile.se\/wp-content\/uploads\/2012\/11\/IMG_6087-662x792.jpg 662w, https:\/\/www.imakeyousmile.se\/wp-content\/uploads\/2012\/11\/IMG_6087-250x300.jpg 250w, https:\/\/www.imakeyousmile.se\/wp-content\/uploads\/2012\/11\/IMG_6087-451x540.jpg 451w, https:\/\/www.imakeyousmile.se\/wp-content\/uploads\/2012\/11\/IMG_6087.jpg 1384w\" sizes=\"(max-width: 397px) 100vw, 397px\" \/><\/a><\/p>\n<p style=\"text-align: center;\">Mis dos <strong>cepillos de base<\/strong>.<\/p>\n<p style=\"text-align: center;\"><a href=\"http:\/\/www.imakeyousmile.se\/wp-content\/uploads\/2012\/11\/IMG_8194.jpg\"><img loading=\"lazy\" decoding=\"async\" class=\"aligncenter  wp-image-532\" title=\"IMG_8194\" src=\"http:\/\/www.imakeyousmile.se\/wp-content\/uploads\/2012\/11\/IMG_8194-662x1126.jpg\" alt=\"\" width=\"421\" height=\"717\" srcset=\"https:\/\/www.imakeyousmile.se\/wp-content\/uploads\/2012\/11\/IMG_8194-662x1126.jpg 662w, https:\/\/www.imakeyousmile.se\/wp-content\/uploads\/2012\/11\/IMG_8194-176x300.jpg 176w, https:\/\/www.imakeyousmile.se\/wp-content\/uploads\/2012\/11\/IMG_8194-317x540.jpg 317w, https:\/\/www.imakeyousmile.se\/wp-content\/uploads\/2012\/11\/IMG_8194.jpg 1504w\" sizes=\"(max-width: 421px) 100vw, 421px\" \/><\/a><\/p>\n<p style=\"text-align: center;\">El cepillo estrecho bastante duro (<em>cepillo de base<\/em>) Yo uso como <strong>pincel corrector<\/strong> a mi base s\u00f3lida en polvo. \u00a1Frote un poco en las fosas nasales, debajo de los ojos y en las espinillas!<\/p>\n<p style=\"text-align: center;\">Se ve un poco hinchado en la imagen, pero no lo es.<\/p>\n<p style=\"text-align: center;\"><a href=\"http:\/\/www.imakeyousmile.se\/wp-content\/uploads\/2012\/11\/IMG_8207.jpg\"><img loading=\"lazy\" decoding=\"async\" class=\"aligncenter  wp-image-533\" title=\"IMG_8207\" src=\"http:\/\/www.imakeyousmile.se\/wp-content\/uploads\/2012\/11\/IMG_8207-662x1073.jpg\" alt=\"\" width=\"442\" height=\"717\" srcset=\"https:\/\/www.imakeyousmile.se\/wp-content\/uploads\/2012\/11\/IMG_8207-662x1073.jpg 662w, https:\/\/www.imakeyousmile.se\/wp-content\/uploads\/2012\/11\/IMG_8207-185x300.jpg 185w, https:\/\/www.imakeyousmile.se\/wp-content\/uploads\/2012\/11\/IMG_8207-333x540.jpg 333w, https:\/\/www.imakeyousmile.se\/wp-content\/uploads\/2012\/11\/IMG_8207.jpg 1579w\" sizes=\"(max-width: 442px) 100vw, 442px\" \/><\/a><\/p>\n<p style=\"text-align: center;\">El cepillo redondo y esponjoso (<em>cepillos kabuki<\/em>) Utilizo como base en el resto del an\u00eds.<\/p>\n<p style=\"text-align: center;\"><a href=\"http:\/\/www.imakeyousmile.se\/wp-content\/uploads\/2012\/11\/IMG_6025.jpg\"><img loading=\"lazy\" decoding=\"async\" class=\"aligncenter  wp-image-529\" title=\"IMG_6025\" src=\"http:\/\/www.imakeyousmile.se\/wp-content\/uploads\/2012\/11\/IMG_6025-662x1603.jpg\" alt=\"\" width=\"338\" height=\"819\" srcset=\"https:\/\/www.imakeyousmile.se\/wp-content\/uploads\/2012\/11\/IMG_6025-662x1603.jpg 662w, https:\/\/www.imakeyousmile.se\/wp-content\/uploads\/2012\/11\/IMG_6025.jpg 1057w\" sizes=\"(max-width: 338px) 100vw, 338px\" \/><\/a><\/p>\n<p style=\"text-align: center;\">Parte superior<strong> rougeborsten<\/strong> \u00a1nunca!<\/p>\n<div style=\"text-align: center;\">\u00a1Inclinado y suave y esponjoso!<\/div>\n<div style=\"text-align: center;\"><strong>Disponible para compra <\/strong><a href=\"http:\/\/www.inneonline.se\/creativemakeup\/Penslar\/Rougeborste\/prod_1753.html\"><strong><em>\u00a1aqu\u00ed!<\/em><\/strong><\/a><\/div>\n<p style=\"text-align: center;\"><a href=\"http:\/\/www.imakeyousmile.se\/wp-content\/uploads\/2012\/11\/IMG_6010.jpg\"><img loading=\"lazy\" decoding=\"async\" class=\"aligncenter  wp-image-528\" title=\"IMG_6010\" src=\"http:\/\/www.imakeyousmile.se\/wp-content\/uploads\/2012\/11\/IMG_6010-662x528.jpg\" alt=\"\" width=\"477\" height=\"380\" srcset=\"https:\/\/www.imakeyousmile.se\/wp-content\/uploads\/2012\/11\/IMG_6010-662x528.jpg 662w, https:\/\/www.imakeyousmile.se\/wp-content\/uploads\/2012\/11\/IMG_6010-300x239.jpg 300w, https:\/\/www.imakeyousmile.se\/wp-content\/uploads\/2012\/11\/IMG_6010-676x540.jpg 676w, https:\/\/www.imakeyousmile.se\/wp-content\/uploads\/2012\/11\/IMG_6010.jpg 963w\" sizes=\"(max-width: 477px) 100vw, 477px\" \/><\/a><\/p>\n<p style=\"text-align: center;\"><strong>Pincel de labios<\/strong> para l\u00e1piz labial y brillo de labios!<br \/>\n(<em>Igual que el marcado de franjas<\/em>)<\/p>\n<p style=\"text-align: center;\">\n<p style=\"text-align: left;\">Tengo una bolsa completa de pinceles de maquillaje que est\u00e1 llena, pero b\u00e1sicamente son estos pinceles los que uso :)<\/p>\n<p style=\"text-align: left;\">\n<p style=\"text-align: left;\">Sin embargo, est\u00e1n empezando a desgastarse un poco (<em>aun as\u00ed Miska lo ha descubierto<\/em>) as\u00ed que orden\u00f3 uno nuevo para m\u00ed que est\u00e1 en camino ahora, \u00a1mejor mejor mejor novio!<\/p>\n<p style=\"text-align: left;\">\n<h1 style=\"text-align: center;\"><em>\u00a1Los abrazos son!<\/em><\/h1>","protected":false},"excerpt":{"rendered":"<p>Att ha hyffsade sminkborstar \u00e4r a och o f\u00f6r att kunna g\u00f6ra en s\u00e5\u00a0bra sminkning som m\u00f6jligt. N\u00e4r jag b\u00f6rjade\u00a0sminkblogga s\u00e5 anv\u00e4nde jag faktiskt bara\u00a0tv\u00e5 stycken\u00a0sminkborstar till allt!\u00a0En rougeborste och en \u00f6gonskuggsborste. Sen hade jag en makeupsvamp till min foundation. S\u00e5 visst g\u00e5r det s\u00e5 ocks\u00e5 ;) Nu har jag massvis! B\u00e4sta brynborsten! Snedskuren ganska [&hellip;]<\/p>\n","protected":false},"author":30,"featured_media":0,"comment_status":"open","ping_status":"open","sticky":false,"template":"","format":"standard","meta":{"footnotes":""},"categories":[3],"tags":[],"class_list":["post-521","post","type-post","status-publish","format-standard","hentry","category-allmant"],"yoast_head":"<!-- This site is optimized with the Yoast SEO Premium plugin v14.9 - https:\/\/yoast.com\/wordpress\/plugins\/seo\/ -->\n<meta name=\"description\" content=\"Mina sminkborstar | Helena Amiley - H\u00e4r hittar du senaste infromation om sk\u00f6nhet, livsstil, entrepren\u00f6rskap, makeup &amp; tips.\" \/>\n<meta name=\"robots\" content=\"index, follow, max-snippet:-1, max-image-preview:large, max-video-preview:-1\" \/>\n<link rel=\"canonical\" href=\"https:\/\/www.imakeyousmile.se\/es\/mina-sminkborstar\/\" \/>\n<meta property=\"og:locale\" content=\"es_ES\" \/>\n<meta property=\"og:type\" content=\"article\" \/>\n<meta property=\"og:title\" content=\"Mina sminkborstar | Imakeyousmile.se\" \/>\n<meta property=\"og:description\" content=\"Mina sminkborstar | Helena Amiley - H\u00e4r hittar du senaste infromation om sk\u00f6nhet, livsstil, entrepren\u00f6rskap, makeup &amp; tips.\" \/>\n<meta property=\"og:url\" content=\"https:\/\/www.imakeyousmile.se\/es\/mina-sminkborstar\/\" \/>\n<meta property=\"og:site_name\" content=\"Imakeyousmile.se\" \/>\n<meta property=\"article:author\" content=\"https:\/\/www.facebook.com\/imakeyousmile.se\" \/>\n<meta property=\"article:published_time\" content=\"2012-11-29T12:09:54+00:00\" \/>\n<meta property=\"article:modified_time\" content=\"2012-11-27T19:42:53+00:00\" \/>\n<meta property=\"og:image\" content=\"http:\/\/www.imakeyousmile.se\/wp-content\/uploads\/2012\/11\/IMG_5950-662x664.jpg\" \/>\n<meta name=\"twitter:card\" content=\"summary_large_image\" \/>\n<script type=\"application\/ld+json\" class=\"yoast-schema-graph\">{\"@context\":\"https:\/\/schema.org\",\"@graph\":[{\"@type\":\"Organization\",\"@id\":\"https:\/\/www.imakeyousmile.se\/es\/#organization\",\"name\":\"Imakeyousmile\",\"url\":\"https:\/\/www.imakeyousmile.se\/es\/\",\"sameAs\":[],\"logo\":{\"@type\":\"ImageObject\",\"@id\":\"https:\/\/www.imakeyousmile.se\/es\/#logo\",\"inLanguage\":\"es\",\"url\":\"https:\/\/www.imakeyousmile.se\/wp-content\/uploads\/2020\/10\/HELENA-AMILEY_SVART-1-e1603367975324.png\",\"width\":280,\"height\":93,\"caption\":\"Imakeyousmile\"},\"image\":{\"@id\":\"https:\/\/www.imakeyousmile.se\/es\/#logo\"}},{\"@type\":\"WebSite\",\"@id\":\"https:\/\/www.imakeyousmile.se\/es\/#website\",\"url\":\"https:\/\/www.imakeyousmile.se\/es\/\",\"name\":\"Imakeyousmile.se\",\"description\":\"Helena Amiley - Beauty, Entrepreneur, Lifestyle\",\"publisher\":{\"@id\":\"https:\/\/www.imakeyousmile.se\/es\/#organization\"},\"potentialAction\":[{\"@type\":\"SearchAction\",\"target\":\"https:\/\/www.imakeyousmile.se\/es\/?s={search_term_string}\",\"query-input\":\"required name=search_term_string\"}],\"inLanguage\":\"es\"},{\"@type\":\"ImageObject\",\"@id\":\"https:\/\/www.imakeyousmile.se\/mina-sminkborstar\/#primaryimage\",\"inLanguage\":\"es\",\"url\":\"http:\/\/www.imakeyousmile.se\/wp-content\/uploads\/2012\/11\/IMG_5950-662x664.jpg\"},{\"@type\":\"WebPage\",\"@id\":\"https:\/\/www.imakeyousmile.se\/mina-sminkborstar\/#webpage\",\"url\":\"https:\/\/www.imakeyousmile.se\/mina-sminkborstar\/\",\"name\":\"Mina sminkborstar | Imakeyousmile.se\",\"isPartOf\":{\"@id\":\"https:\/\/www.imakeyousmile.se\/es\/#website\"},\"primaryImageOfPage\":{\"@id\":\"https:\/\/www.imakeyousmile.se\/mina-sminkborstar\/#primaryimage\"},\"datePublished\":\"2012-11-29T12:09:54+00:00\",\"dateModified\":\"2012-11-27T19:42:53+00:00\",\"description\":\"Mina sminkborstar | Helena Amiley - H\\u00e4r hittar du senaste infromation om sk\\u00f6nhet, livsstil, entrepren\\u00f6rskap, makeup & tips.\",\"inLanguage\":\"es\",\"potentialAction\":[{\"@type\":\"ReadAction\",\"target\":[\"https:\/\/www.imakeyousmile.se\/mina-sminkborstar\/\"]}]},{\"@type\":\"Article\",\"@id\":\"https:\/\/www.imakeyousmile.se\/mina-sminkborstar\/#article\",\"isPartOf\":{\"@id\":\"https:\/\/www.imakeyousmile.se\/mina-sminkborstar\/#webpage\"},\"author\":{\"@id\":\"https:\/\/www.imakeyousmile.se\/es\/#\/schema\/person\/b0fd43b1c6bb1c60cfd68bff9b4a10fb\"},\"headline\":\"Mina sminkborstar\",\"datePublished\":\"2012-11-29T12:09:54+00:00\",\"dateModified\":\"2012-11-27T19:42:53+00:00\",\"mainEntityOfPage\":{\"@id\":\"https:\/\/www.imakeyousmile.se\/mina-sminkborstar\/#webpage\"},\"commentCount\":0,\"publisher\":{\"@id\":\"https:\/\/www.imakeyousmile.se\/es\/#organization\"},\"image\":{\"@id\":\"https:\/\/www.imakeyousmile.se\/mina-sminkborstar\/#primaryimage\"},\"articleSection\":\"\\u00d6vrigt\",\"inLanguage\":\"es\",\"potentialAction\":[{\"@type\":\"CommentAction\",\"name\":\"Comment\",\"target\":[\"https:\/\/www.imakeyousmile.se\/mina-sminkborstar\/#respond\"]}]},{\"@type\":\"Person\",\"@id\":\"https:\/\/www.imakeyousmile.se\/es\/#\/schema\/person\/b0fd43b1c6bb1c60cfd68bff9b4a10fb\",\"name\":\"Helena Amiley\",\"image\":{\"@type\":\"ImageObject\",\"@id\":\"https:\/\/www.imakeyousmile.se\/es\/#personlogo\",\"inLanguage\":\"es\",\"url\":\"https:\/\/secure.gravatar.com\/avatar\/5645558e1e355457a23368d7e1b4c904?s=96&d=mm&r=g\",\"caption\":\"Helena Amiley\"},\"description\":\"Jag skriver mest om sk\\u00f6nhet men bjuder \\u00e4ven p\\u00e5 glimtar fr\\u00e5n entrepren\\u00f6rlivet och bygget av v\\u00e5r egen camper van. Vanlife here we come!\",\"sameAs\":[\"https:\/\/www.facebook.com\/imakeyousmile.se\",\"https:\/\/www.instagram.com\/helenaamiley\",\"https:\/\/www.youtube.com\/channel\/UCR5iB6rvpV6Yr8ZjpQfr5mg?view_as=subscriber\"]}]}<\/script>\n<!-- \/ Yoast SEO Premium plugin. -->","_links":{"self":[{"href":"https:\/\/www.imakeyousmile.se\/es\/wp-json\/wp\/v2\/posts\/521"}],"collection":[{"href":"https:\/\/www.imakeyousmile.se\/es\/wp-json\/wp\/v2\/posts"}],"about":[{"href":"https:\/\/www.imakeyousmile.se\/es\/wp-json\/wp\/v2\/types\/post"}],"author":[{"embeddable":true,"href":"https:\/\/www.imakeyousmile.se\/es\/wp-json\/wp\/v2\/users\/30"}],"replies":[{"embeddable":true,"href":"https:\/\/www.imakeyousmile.se\/es\/wp-json\/wp\/v2\/comments?post=521"}],"version-history":[{"count":0,"href":"https:\/\/www.imakeyousmile.se\/es\/wp-json\/wp\/v2\/posts\/521\/revisions"}],"wp:attachment":[{"href":"https:\/\/www.imakeyousmile.se\/es\/wp-json\/wp\/v2\/media?parent=521"}],"wp:term":[{"taxonomy":"category","embeddable":true,"href":"https:\/\/www.imakeyousmile.se\/es\/wp-json\/wp\/v2\/categories?post=521"},{"taxonomy":"post_tag","embeddable":true,"href":"https:\/\/www.imakeyousmile.se\/es\/wp-json\/wp\/v2\/tags?post=521"}],"curies":[{"name":"wp","href":"https:\/\/api.w.org\/{rel}","templated":true}]}}