{"id":5304,"date":"2013-04-06T20:04:54","date_gmt":"2013-04-06T18:04:54","guid":{"rendered":"http:\/\/www.imakeyousmile.se\/?p=5304"},"modified":"2018-01-03T15:39:20","modified_gmt":"2018-01-03T14:39:20","slug":"kosmetisk-tatuering-ogon-och-lappar","status":"publish","type":"post","link":"https:\/\/www.imakeyousmile.se\/es\/cosmeticos-tatuaje-ojos-y-parches\/","title":{"rendered":"Tatuaje cosm\u00e9tico - Ojos y labios"},"content":{"rendered":"<p>\u00a1Hola, ahora estoy en casa de nuevo!<\/p>\n<p>Como sospechaba, he pasado mi s\u00e1bado con Annika S\u00f6derlund en<a href=\"http:\/\/creativemakeup.se\/\" target=\"_blank\" rel=\"noopener noreferrer\"> Maquillaje creativo <\/a>en Upsala.<\/p>\n<p>Annika ya me tatu\u00f3 las cejas, pero ahora tambi\u00e9n tatu\u00f3 el delineador de pesta\u00f1as, el delineador y los labios. Muy divertido !!<\/p>\n<p><strong>Ninguno de los tatuajes duele<\/strong>, ni siquiera los ojos. Se peg\u00f3 un poco a los labios en algunos lugares, pero en su mayor\u00eda se sinti\u00f3 como vibraciones.<\/p>\n<p>Los ojos, que suenan malvados, tampoco duelen. Sin embargo, fue bastante inc\u00f3modo. Pero eres muy diferente all\u00ed, creo que las personas con lentes que est\u00e1n acostumbradas no pensar\u00edan que es dif\u00edcil en absoluto.<\/p>\n<p>Tengo unos ojos incre\u00edblemente sensibles para los dedos de otras personas. Puedo maquillarme yo mismo, pero si alguien m\u00e1s viene con un pincel de maquillaje, las l\u00e1grimas comenzar\u00e1n a fluir de inmediato.<\/p>\n<p>En este momento todav\u00eda estoy sentado y &quot;llorando un poco&quot; (<em>pero no es directamente normal<\/em>). Entonces no obtienes una imagen completa;) \u00a1Pero por supuesto que ofrezco primeros planos!<\/p>\n<p><strong>Los tatuajes son completamente nuevos cuando se toman las fotos, con 1-2 horas de diferencia. Cuando todo haya sanado, se aclarar\u00e1 y se ver\u00e1 m\u00e1s natural. Los labios son ahora mucho, mucho m\u00e1s oscuros de lo que ser\u00e1n.<\/strong><\/p>\n<p><a href=\"http:\/\/www.imakeyousmile.se\/es\/kosmetisk-tatuering-ogon-och-lappar\/eyeliner-tatuering\/\" rel=\"attachment wp-att-5305\"><img loading=\"lazy\" decoding=\"async\" class=\"alignnone wp-image-5305\" title=\"tatuaje delineador de ojos\" src=\"http:\/\/www.imakeyousmile.se\/wp-content\/uploads\/2013\/04\/eyeliner-tatuering-1024x510.jpg\" alt=\"\" width=\"686\" height=\"342\" srcset=\"https:\/\/www.imakeyousmile.se\/wp-content\/uploads\/2013\/04\/eyeliner-tatuering-1024x510.jpg 1024w, https:\/\/www.imakeyousmile.se\/wp-content\/uploads\/2013\/04\/eyeliner-tatuering-300x149.jpg 300w, https:\/\/www.imakeyousmile.se\/wp-content\/uploads\/2013\/04\/eyeliner-tatuering-940x468.jpg 940w, https:\/\/www.imakeyousmile.se\/wp-content\/uploads\/2013\/04\/eyeliner-tatuering-620x309.jpg 620w\" sizes=\"(max-width: 686px) 100vw, 686px\" \/><\/a><\/p>\n<p>Lashliner negro + inliner blanco.<\/p>\n<p>Lashliner es exactamente donde se pegan las pesta\u00f1as en la piel.<br \/>\nInliner est\u00e1 a lo largo de la l\u00ednea de flotaci\u00f3n.<\/p>\n<p>Las im\u00e1genes se toman con una luz ligeramente diferente, por lo que casi no parece que tenga pesta\u00f1as en la imagen posterior. Pero todav\u00eda lo est\u00e1n;)<\/p>\n<p><a href=\"http:\/\/www.imakeyousmile.se\/es\/kosmetisk-tatuering-ogon-och-lappar\/lapptatuering\/\" rel=\"attachment wp-att-5306\"><img loading=\"lazy\" decoding=\"async\" class=\"alignnone wp-image-5306\" title=\"tatuaje de labios\" src=\"http:\/\/www.imakeyousmile.se\/wp-content\/uploads\/2013\/04\/l\u00e4pptatuering-852x1024.jpg\" alt=\"\" width=\"682\" height=\"819\" srcset=\"https:\/\/www.imakeyousmile.se\/wp-content\/uploads\/2013\/04\/l\u00e4pptatuering-852x1024.jpg 852w, https:\/\/www.imakeyousmile.se\/wp-content\/uploads\/2013\/04\/l\u00e4pptatuering-249x300.jpg 249w, https:\/\/www.imakeyousmile.se\/wp-content\/uploads\/2013\/04\/l\u00e4pptatuering-940x1129.jpg 940w, https:\/\/www.imakeyousmile.se\/wp-content\/uploads\/2013\/04\/l\u00e4pptatuering-620x745.jpg 620w, https:\/\/www.imakeyousmile.se\/wp-content\/uploads\/2013\/04\/l\u00e4pptatuering.jpg 1764w\" sizes=\"(max-width: 682px) 100vw, 682px\" \/><\/a><\/p>\n<p>Como dije, el color ser\u00e1 m\u00e1s claro en unos d\u00edas. \u00a1Pero hice los labios un poco m\u00e1s rosados rojizos y tambi\u00e9n cambi\u00e9 la forma para que se vean m\u00e1s llenos! (<em>He lubricado los labios, porque son tan brillantes<\/em>)<\/p>\n<p>Volver\u00e9 con primeros planos en aproximadamente una semana, cuando el tatuaje se haya curado correctamente :)<\/p>","protected":false},"excerpt":{"rendered":"<p>Hej, nu \u00e4r jag hemma igen! Som ni misst\u00e4nkte s\u00e5 har jag spenderat min l\u00f6rdag hos Annika S\u00f6derlund p\u00e5 Creative Make Up i Uppsala. Annika har tidigare tatuerat mina \u00f6gonbryn, men nu\u00a0tatuerade hon \u00e4ven lashliner, inliner och l\u00e4ppar. S\u00e5 himla roligt!! Ingen av tatueringarna gjorde ont, inte ens \u00f6gonen. P\u00e5 l\u00e4pparna stack det lite p\u00e5 [&hellip;]<\/p>\n","protected":false},"author":30,"featured_media":0,"comment_status":"open","ping_status":"closed","sticky":false,"template":"","format":"standard","meta":{"footnotes":""},"categories":[17,65],"tags":[553,554,134,550,551,552,556,555],"class_list":["post-5304","post","type-post","status-publish","format-standard","hentry","category-lappar","category-permanent-make-up","tag-annika-soderlund","tag-creative-make-up","tag-kosmetisk-tatuering","tag-lapptatuering","tag-ogontatuering","tag-permanent-make-upp","tag-sminktatuering","tag-tatuera-smink"],"yoast_head":"<!-- This site is optimized with the Yoast SEO Premium plugin v14.9 - https:\/\/yoast.com\/wordpress\/plugins\/seo\/ -->\n<meta name=\"description\" content=\"Kosmetisk tatuering - \u00d6gon och l\u00e4ppar | Helena Amiley - H\u00e4r hittar du senaste infromation om sk\u00f6nhet, livsstil, entrepren\u00f6rskap, makeup &amp; tips.\" \/>\n<meta name=\"robots\" content=\"index, follow, max-snippet:-1, max-image-preview:large, max-video-preview:-1\" \/>\n<link rel=\"canonical\" href=\"https:\/\/www.imakeyousmile.se\/es\/kosmetisk-tatuering-ogon-och-lappar\/\" \/>\n<meta property=\"og:locale\" content=\"es_ES\" \/>\n<meta property=\"og:type\" content=\"article\" \/>\n<meta property=\"og:title\" content=\"Kosmetisk tatuering - \u00d6gon och l\u00e4ppar | Imakeyousmile.se\" \/>\n<meta property=\"og:description\" content=\"Kosmetisk tatuering - \u00d6gon och l\u00e4ppar | Helena Amiley - H\u00e4r hittar du senaste infromation om sk\u00f6nhet, livsstil, entrepren\u00f6rskap, makeup &amp; tips.\" \/>\n<meta property=\"og:url\" content=\"https:\/\/www.imakeyousmile.se\/es\/kosmetisk-tatuering-ogon-och-lappar\/\" \/>\n<meta property=\"og:site_name\" content=\"Imakeyousmile.se\" \/>\n<meta property=\"article:author\" content=\"https:\/\/www.facebook.com\/imakeyousmile.se\" \/>\n<meta property=\"article:published_time\" content=\"2013-04-06T18:04:54+00:00\" \/>\n<meta property=\"article:modified_time\" content=\"2018-01-03T14:39:20+00:00\" \/>\n<meta property=\"og:image\" content=\"http:\/\/www.imakeyousmile.se\/wp-content\/uploads\/2013\/04\/eyeliner-tatuering-1024x510.jpg\" \/>\n<meta name=\"twitter:card\" content=\"summary_large_image\" \/>\n<script type=\"application\/ld+json\" class=\"yoast-schema-graph\">{\"@context\":\"https:\/\/schema.org\",\"@graph\":[{\"@type\":\"Organization\",\"@id\":\"https:\/\/www.imakeyousmile.se\/es\/#organization\",\"name\":\"Imakeyousmile\",\"url\":\"https:\/\/www.imakeyousmile.se\/es\/\",\"sameAs\":[],\"logo\":{\"@type\":\"ImageObject\",\"@id\":\"https:\/\/www.imakeyousmile.se\/es\/#logo\",\"inLanguage\":\"es\",\"url\":\"https:\/\/www.imakeyousmile.se\/wp-content\/uploads\/2020\/10\/HELENA-AMILEY_SVART-1-e1603367975324.png\",\"width\":280,\"height\":93,\"caption\":\"Imakeyousmile\"},\"image\":{\"@id\":\"https:\/\/www.imakeyousmile.se\/es\/#logo\"}},{\"@type\":\"WebSite\",\"@id\":\"https:\/\/www.imakeyousmile.se\/es\/#website\",\"url\":\"https:\/\/www.imakeyousmile.se\/es\/\",\"name\":\"Imakeyousmile.se\",\"description\":\"Helena Amiley - Beauty, Entrepreneur, Lifestyle\",\"publisher\":{\"@id\":\"https:\/\/www.imakeyousmile.se\/es\/#organization\"},\"potentialAction\":[{\"@type\":\"SearchAction\",\"target\":\"https:\/\/www.imakeyousmile.se\/es\/?s={search_term_string}\",\"query-input\":\"required name=search_term_string\"}],\"inLanguage\":\"es\"},{\"@type\":\"ImageObject\",\"@id\":\"https:\/\/www.imakeyousmile.se\/kosmetisk-tatuering-ogon-och-lappar\/#primaryimage\",\"inLanguage\":\"es\",\"url\":\"http:\/\/www.imakeyousmile.se\/wp-content\/uploads\/2013\/04\/eyeliner-tatuering-1024x510.jpg\"},{\"@type\":\"WebPage\",\"@id\":\"https:\/\/www.imakeyousmile.se\/kosmetisk-tatuering-ogon-och-lappar\/#webpage\",\"url\":\"https:\/\/www.imakeyousmile.se\/kosmetisk-tatuering-ogon-och-lappar\/\",\"name\":\"Kosmetisk tatuering - \\u00d6gon och l\\u00e4ppar | Imakeyousmile.se\",\"isPartOf\":{\"@id\":\"https:\/\/www.imakeyousmile.se\/es\/#website\"},\"primaryImageOfPage\":{\"@id\":\"https:\/\/www.imakeyousmile.se\/kosmetisk-tatuering-ogon-och-lappar\/#primaryimage\"},\"datePublished\":\"2013-04-06T18:04:54+00:00\",\"dateModified\":\"2018-01-03T14:39:20+00:00\",\"description\":\"Kosmetisk tatuering - \\u00d6gon och l\\u00e4ppar | Helena Amiley - H\\u00e4r hittar du senaste infromation om sk\\u00f6nhet, livsstil, entrepren\\u00f6rskap, makeup & tips.\",\"inLanguage\":\"es\",\"potentialAction\":[{\"@type\":\"ReadAction\",\"target\":[\"https:\/\/www.imakeyousmile.se\/kosmetisk-tatuering-ogon-och-lappar\/\"]}]},{\"@type\":\"Article\",\"@id\":\"https:\/\/www.imakeyousmile.se\/kosmetisk-tatuering-ogon-och-lappar\/#article\",\"isPartOf\":{\"@id\":\"https:\/\/www.imakeyousmile.se\/kosmetisk-tatuering-ogon-och-lappar\/#webpage\"},\"author\":{\"@id\":\"https:\/\/www.imakeyousmile.se\/es\/#\/schema\/person\/b0fd43b1c6bb1c60cfd68bff9b4a10fb\"},\"headline\":\"Kosmetisk tatuering &#8211; \\u00d6gon och l\\u00e4ppar\",\"datePublished\":\"2013-04-06T18:04:54+00:00\",\"dateModified\":\"2018-01-03T14:39:20+00:00\",\"mainEntityOfPage\":{\"@id\":\"https:\/\/www.imakeyousmile.se\/kosmetisk-tatuering-ogon-och-lappar\/#webpage\"},\"commentCount\":0,\"publisher\":{\"@id\":\"https:\/\/www.imakeyousmile.se\/es\/#organization\"},\"image\":{\"@id\":\"https:\/\/www.imakeyousmile.se\/kosmetisk-tatuering-ogon-och-lappar\/#primaryimage\"},\"keywords\":\"annika s\\u00f6derlund,creative make up,Kosmetisk tatuering,l\\u00e4pptatuering,\\u00f6gontatuering,permanent make upp,sminktatuering,tatuera smink\",\"articleSection\":\"L\\u00e4ppar,Permanent makeup\",\"inLanguage\":\"es\",\"potentialAction\":[{\"@type\":\"CommentAction\",\"name\":\"Comment\",\"target\":[\"https:\/\/www.imakeyousmile.se\/kosmetisk-tatuering-ogon-och-lappar\/#respond\"]}]},{\"@type\":\"Person\",\"@id\":\"https:\/\/www.imakeyousmile.se\/es\/#\/schema\/person\/b0fd43b1c6bb1c60cfd68bff9b4a10fb\",\"name\":\"Helena Amiley\",\"image\":{\"@type\":\"ImageObject\",\"@id\":\"https:\/\/www.imakeyousmile.se\/es\/#personlogo\",\"inLanguage\":\"es\",\"url\":\"https:\/\/secure.gravatar.com\/avatar\/5645558e1e355457a23368d7e1b4c904?s=96&d=mm&r=g\",\"caption\":\"Helena Amiley\"},\"description\":\"Jag skriver mest om sk\\u00f6nhet men bjuder \\u00e4ven p\\u00e5 glimtar fr\\u00e5n entrepren\\u00f6rlivet och bygget av v\\u00e5r egen camper van. Vanlife here we come!\",\"sameAs\":[\"https:\/\/www.facebook.com\/imakeyousmile.se\",\"https:\/\/www.instagram.com\/helenaamiley\",\"https:\/\/www.youtube.com\/channel\/UCR5iB6rvpV6Yr8ZjpQfr5mg?view_as=subscriber\"]}]}<\/script>\n<!-- \/ Yoast SEO Premium plugin. -->","_links":{"self":[{"href":"https:\/\/www.imakeyousmile.se\/es\/wp-json\/wp\/v2\/posts\/5304"}],"collection":[{"href":"https:\/\/www.imakeyousmile.se\/es\/wp-json\/wp\/v2\/posts"}],"about":[{"href":"https:\/\/www.imakeyousmile.se\/es\/wp-json\/wp\/v2\/types\/post"}],"author":[{"embeddable":true,"href":"https:\/\/www.imakeyousmile.se\/es\/wp-json\/wp\/v2\/users\/30"}],"replies":[{"embeddable":true,"href":"https:\/\/www.imakeyousmile.se\/es\/wp-json\/wp\/v2\/comments?post=5304"}],"version-history":[{"count":2,"href":"https:\/\/www.imakeyousmile.se\/es\/wp-json\/wp\/v2\/posts\/5304\/revisions"}],"predecessor-version":[{"id":30990,"href":"https:\/\/www.imakeyousmile.se\/es\/wp-json\/wp\/v2\/posts\/5304\/revisions\/30990"}],"wp:attachment":[{"href":"https:\/\/www.imakeyousmile.se\/es\/wp-json\/wp\/v2\/media?parent=5304"}],"wp:term":[{"taxonomy":"category","embeddable":true,"href":"https:\/\/www.imakeyousmile.se\/es\/wp-json\/wp\/v2\/categories?post=5304"},{"taxonomy":"post_tag","embeddable":true,"href":"https:\/\/www.imakeyousmile.se\/es\/wp-json\/wp\/v2\/tags?post=5304"}],"curies":[{"name":"wp","href":"https:\/\/api.w.org\/{rel}","templated":true}]}}