{"id":5336,"date":"2013-04-07T20:30:38","date_gmt":"2013-04-07T18:30:38","guid":{"rendered":"http:\/\/www.imakeyousmile.se\/?p=5336"},"modified":"2013-04-07T20:30:39","modified_gmt":"2013-04-07T18:30:39","slug":"lapptatuering-dag-2","status":"publish","type":"post","link":"https:\/\/www.imakeyousmile.se\/es\/parche-tatuaje-dia-2\/","title":{"rendered":"Labio tatuaje d\u00eda 2"},"content":{"rendered":"<p>Un tatuaje de labios tarda entre 3 y 6 d\u00edas en sanar.<\/p>\n<p>\u00a1Y el proceso est\u00e1 en pleno apogeo para m\u00ed! Lo que desafortunadamente significa escamas, lo mismo ocurre con todos los tatuajes, pero por supuesto es m\u00e1s duro cuando est\u00e1 en los labios.<\/p>\n<p><em>Puede.no.re\u00edr.<\/em><\/p>\n<p>&nbsp;<\/p>\n<p>En cualquier caso, Miska fue amable y comprada <strong>Idominsalva<\/strong> para m\u00ed, y ese tubo estoy drogado en este momento!<\/p>\n<p>&nbsp;<br \/>\n<a href=\"http:\/\/www.imakeyousmile.se\/es\/lapptatuering-dag-2\/dag-1-dag-2-lapptatuering\/\" rel=\"attachment wp-att-5337\"><img loading=\"lazy\" decoding=\"async\" class=\"alignnone  wp-image-5337\" title=\"d\u00eda 1 d\u00eda 2 tatuaje de labios\" src=\"http:\/\/www.imakeyousmile.se\/wp-content\/uploads\/2013\/04\/dag-1-dag-2-l\u00e4pptatuering-761x1024.jpg\" alt=\"\" width=\"533\" height=\"717\" srcset=\"https:\/\/www.imakeyousmile.se\/wp-content\/uploads\/2013\/04\/dag-1-dag-2-l\u00e4pptatuering-761x1024.jpg 761w, https:\/\/www.imakeyousmile.se\/wp-content\/uploads\/2013\/04\/dag-1-dag-2-l\u00e4pptatuering-223x300.jpg 223w, https:\/\/www.imakeyousmile.se\/wp-content\/uploads\/2013\/04\/dag-1-dag-2-l\u00e4pptatuering-940x1264.jpg 940w, https:\/\/www.imakeyousmile.se\/wp-content\/uploads\/2013\/04\/dag-1-dag-2-l\u00e4pptatuering-620x833.jpg 620w, https:\/\/www.imakeyousmile.se\/wp-content\/uploads\/2013\/04\/dag-1-dag-2-l\u00e4pptatuering.jpg 1878w\" sizes=\"(max-width: 533px) 100vw, 533px\" \/><\/a><\/p>\n<p>\u00a1S\u00ed, lo comprueba usted mismo!<\/p>\n<p>Anhelando tanto hasta que se haya curado claramente. \u00a1Solo quieres ver el resultado! :)<\/p>\n<p><a href=\"http:\/\/www.imakeyousmile.se\/es\/lapptatuering-dag-2\/img_7258\/\" rel=\"attachment wp-att-5338\"><img loading=\"lazy\" decoding=\"async\" class=\"alignnone  wp-image-5338\" title=\"IMG_7258\" src=\"http:\/\/www.imakeyousmile.se\/wp-content\/uploads\/2013\/04\/IMG_7258-790x1024.jpg\" alt=\"\" width=\"608\" height=\"789\" srcset=\"https:\/\/www.imakeyousmile.se\/wp-content\/uploads\/2013\/04\/IMG_7258-790x1024.jpg 790w, https:\/\/www.imakeyousmile.se\/wp-content\/uploads\/2013\/04\/IMG_7258-231x300.jpg 231w\" sizes=\"(max-width: 608px) 100vw, 608px\" \/><\/a><\/p>\n<p>Los labios cuarenta m\u00e1s bonitos de Gimo.<\/p>\n<p>\u00a1Pero ahora tambi\u00e9n ves el tatuaje del ojo en la distancia, me gusta! :)<\/p>\n<p><a href=\"http:\/\/www.imakeyousmile.se\/es\/lapptatuering-dag-2\/img_7261\/\" rel=\"attachment wp-att-5340\"><img loading=\"lazy\" decoding=\"async\" class=\"alignnone  wp-image-5340\" title=\"IMG_7261\" src=\"http:\/\/www.imakeyousmile.se\/wp-content\/uploads\/2013\/04\/IMG_7261-890x1024.jpg\" alt=\"\" width=\"641\" height=\"737\" srcset=\"https:\/\/www.imakeyousmile.se\/wp-content\/uploads\/2013\/04\/IMG_7261-890x1024.jpg 890w, https:\/\/www.imakeyousmile.se\/wp-content\/uploads\/2013\/04\/IMG_7261-260x300.jpg 260w, https:\/\/www.imakeyousmile.se\/wp-content\/uploads\/2013\/04\/IMG_7261-940x1080.jpg 940w, https:\/\/www.imakeyousmile.se\/wp-content\/uploads\/2013\/04\/IMG_7261-620x712.jpg 620w\" sizes=\"(max-width: 641px) 100vw, 641px\" \/><\/a><\/p>\n<p><a href=\"http:\/\/www.imakeyousmile.se\/es\/lapptatuering-dag-2\/img_7260\/\" rel=\"attachment wp-att-5339\"><img loading=\"lazy\" decoding=\"async\" class=\"alignnone  wp-image-5339\" title=\"IMG_7260\" src=\"http:\/\/www.imakeyousmile.se\/wp-content\/uploads\/2013\/04\/IMG_7260-763x1024.jpg\" alt=\"\" width=\"610\" height=\"819\" srcset=\"https:\/\/www.imakeyousmile.se\/wp-content\/uploads\/2013\/04\/IMG_7260-763x1024.jpg 763w, https:\/\/www.imakeyousmile.se\/wp-content\/uploads\/2013\/04\/IMG_7260-223x300.jpg 223w, https:\/\/www.imakeyousmile.se\/wp-content\/uploads\/2013\/04\/IMG_7260-940x1260.jpg 940w, https:\/\/www.imakeyousmile.se\/wp-content\/uploads\/2013\/04\/IMG_7260-620x831.jpg 620w, https:\/\/www.imakeyousmile.se\/wp-content\/uploads\/2013\/04\/IMG_7260.jpg 1909w\" sizes=\"(max-width: 610px) 100vw, 610px\" \/><\/a><\/p>\n<p>\u00bf\u00a1Lindo, no!? :)<\/p>","protected":false},"excerpt":{"rendered":"<p>Det tar mellan 3 och 6 dagar f\u00f6r en l\u00e4pptatuering att l\u00e4ka. Och processen \u00e4r i full g\u00e5ng f\u00f6r mig! Vilket tyv\u00e4rr\u00a0betyder flagna, s\u00e5 \u00e4r det med alla\u00a0tatueringar, men det \u00e4r s\u00e5klart extra jobbigt n\u00e4r det \u00e4r p\u00e5 l\u00e4pparna. F\u00e5r.inte.skratta. &nbsp; Miska var i alla fall sn\u00e4ll och k\u00f6pte Idominsalva till mig, och den tuben [&hellip;]<\/p>\n","protected":false},"author":30,"featured_media":0,"comment_status":"open","ping_status":"closed","sticky":false,"template":"","format":"standard","meta":{"footnotes":""},"categories":[17,65],"tags":[],"class_list":["post-5336","post","type-post","status-publish","format-standard","hentry","category-lappar","category-permanent-make-up"],"yoast_head":"<!-- This site is optimized with the Yoast SEO Premium plugin v14.9 - https:\/\/yoast.com\/wordpress\/plugins\/seo\/ -->\n<meta name=\"description\" content=\"L\u00e4pptatuering dag 2 | Helena Amiley - H\u00e4r hittar du senaste infromation om sk\u00f6nhet, livsstil, entrepren\u00f6rskap, makeup &amp; tips.\" \/>\n<meta name=\"robots\" content=\"index, follow, max-snippet:-1, max-image-preview:large, max-video-preview:-1\" \/>\n<link rel=\"canonical\" href=\"https:\/\/www.imakeyousmile.se\/es\/lapptatuering-dag-2\/\" \/>\n<meta property=\"og:locale\" content=\"es_ES\" \/>\n<meta property=\"og:type\" content=\"article\" \/>\n<meta property=\"og:title\" content=\"L\u00e4pptatuering dag 2 | Imakeyousmile.se\" \/>\n<meta property=\"og:description\" content=\"L\u00e4pptatuering dag 2 | Helena Amiley - H\u00e4r hittar du senaste infromation om sk\u00f6nhet, livsstil, entrepren\u00f6rskap, makeup &amp; tips.\" \/>\n<meta property=\"og:url\" content=\"https:\/\/www.imakeyousmile.se\/es\/lapptatuering-dag-2\/\" \/>\n<meta property=\"og:site_name\" content=\"Imakeyousmile.se\" \/>\n<meta property=\"article:author\" content=\"https:\/\/www.facebook.com\/imakeyousmile.se\" \/>\n<meta property=\"article:published_time\" content=\"2013-04-07T18:30:38+00:00\" \/>\n<meta property=\"article:modified_time\" content=\"2013-04-07T18:30:39+00:00\" \/>\n<meta property=\"og:image\" content=\"http:\/\/www.imakeyousmile.se\/wp-content\/uploads\/2013\/04\/dag-1-dag-2-l\u00e4pptatuering-761x1024.jpg\" \/>\n<meta name=\"twitter:card\" content=\"summary_large_image\" \/>\n<script type=\"application\/ld+json\" class=\"yoast-schema-graph\">{\"@context\":\"https:\/\/schema.org\",\"@graph\":[{\"@type\":\"Organization\",\"@id\":\"https:\/\/www.imakeyousmile.se\/es\/#organization\",\"name\":\"Imakeyousmile\",\"url\":\"https:\/\/www.imakeyousmile.se\/es\/\",\"sameAs\":[],\"logo\":{\"@type\":\"ImageObject\",\"@id\":\"https:\/\/www.imakeyousmile.se\/es\/#logo\",\"inLanguage\":\"es\",\"url\":\"https:\/\/www.imakeyousmile.se\/wp-content\/uploads\/2020\/10\/HELENA-AMILEY_SVART-1-e1603367975324.png\",\"width\":280,\"height\":93,\"caption\":\"Imakeyousmile\"},\"image\":{\"@id\":\"https:\/\/www.imakeyousmile.se\/es\/#logo\"}},{\"@type\":\"WebSite\",\"@id\":\"https:\/\/www.imakeyousmile.se\/es\/#website\",\"url\":\"https:\/\/www.imakeyousmile.se\/es\/\",\"name\":\"Imakeyousmile.se\",\"description\":\"Helena Amiley - Beauty, Entrepreneur, Lifestyle\",\"publisher\":{\"@id\":\"https:\/\/www.imakeyousmile.se\/es\/#organization\"},\"potentialAction\":[{\"@type\":\"SearchAction\",\"target\":\"https:\/\/www.imakeyousmile.se\/es\/?s={search_term_string}\",\"query-input\":\"required name=search_term_string\"}],\"inLanguage\":\"es\"},{\"@type\":\"ImageObject\",\"@id\":\"https:\/\/www.imakeyousmile.se\/lapptatuering-dag-2\/#primaryimage\",\"inLanguage\":\"es\",\"url\":\"http:\/\/www.imakeyousmile.se\/wp-content\/uploads\/2013\/04\/dag-1-dag-2-l\\u00e4pptatuering-761x1024.jpg\"},{\"@type\":\"WebPage\",\"@id\":\"https:\/\/www.imakeyousmile.se\/lapptatuering-dag-2\/#webpage\",\"url\":\"https:\/\/www.imakeyousmile.se\/lapptatuering-dag-2\/\",\"name\":\"L\\u00e4pptatuering dag 2 | Imakeyousmile.se\",\"isPartOf\":{\"@id\":\"https:\/\/www.imakeyousmile.se\/es\/#website\"},\"primaryImageOfPage\":{\"@id\":\"https:\/\/www.imakeyousmile.se\/lapptatuering-dag-2\/#primaryimage\"},\"datePublished\":\"2013-04-07T18:30:38+00:00\",\"dateModified\":\"2013-04-07T18:30:39+00:00\",\"description\":\"L\\u00e4pptatuering dag 2 | Helena Amiley - H\\u00e4r hittar du senaste infromation om sk\\u00f6nhet, livsstil, entrepren\\u00f6rskap, makeup & tips.\",\"inLanguage\":\"es\",\"potentialAction\":[{\"@type\":\"ReadAction\",\"target\":[\"https:\/\/www.imakeyousmile.se\/lapptatuering-dag-2\/\"]}]},{\"@type\":\"Article\",\"@id\":\"https:\/\/www.imakeyousmile.se\/lapptatuering-dag-2\/#article\",\"isPartOf\":{\"@id\":\"https:\/\/www.imakeyousmile.se\/lapptatuering-dag-2\/#webpage\"},\"author\":{\"@id\":\"https:\/\/www.imakeyousmile.se\/es\/#\/schema\/person\/b0fd43b1c6bb1c60cfd68bff9b4a10fb\"},\"headline\":\"L\\u00e4pptatuering dag 2\",\"datePublished\":\"2013-04-07T18:30:38+00:00\",\"dateModified\":\"2013-04-07T18:30:39+00:00\",\"mainEntityOfPage\":{\"@id\":\"https:\/\/www.imakeyousmile.se\/lapptatuering-dag-2\/#webpage\"},\"commentCount\":0,\"publisher\":{\"@id\":\"https:\/\/www.imakeyousmile.se\/es\/#organization\"},\"image\":{\"@id\":\"https:\/\/www.imakeyousmile.se\/lapptatuering-dag-2\/#primaryimage\"},\"articleSection\":\"L\\u00e4ppar,Permanent makeup\",\"inLanguage\":\"es\",\"potentialAction\":[{\"@type\":\"CommentAction\",\"name\":\"Comment\",\"target\":[\"https:\/\/www.imakeyousmile.se\/lapptatuering-dag-2\/#respond\"]}]},{\"@type\":\"Person\",\"@id\":\"https:\/\/www.imakeyousmile.se\/es\/#\/schema\/person\/b0fd43b1c6bb1c60cfd68bff9b4a10fb\",\"name\":\"Helena Amiley\",\"image\":{\"@type\":\"ImageObject\",\"@id\":\"https:\/\/www.imakeyousmile.se\/es\/#personlogo\",\"inLanguage\":\"es\",\"url\":\"https:\/\/secure.gravatar.com\/avatar\/5645558e1e355457a23368d7e1b4c904?s=96&d=mm&r=g\",\"caption\":\"Helena Amiley\"},\"description\":\"Jag skriver mest om sk\\u00f6nhet men bjuder \\u00e4ven p\\u00e5 glimtar fr\\u00e5n entrepren\\u00f6rlivet och bygget av v\\u00e5r egen camper van. Vanlife here we come!\",\"sameAs\":[\"https:\/\/www.facebook.com\/imakeyousmile.se\",\"https:\/\/www.instagram.com\/helenaamiley\",\"https:\/\/www.youtube.com\/channel\/UCR5iB6rvpV6Yr8ZjpQfr5mg?view_as=subscriber\"]}]}<\/script>\n<!-- \/ Yoast SEO Premium plugin. -->","_links":{"self":[{"href":"https:\/\/www.imakeyousmile.se\/es\/wp-json\/wp\/v2\/posts\/5336"}],"collection":[{"href":"https:\/\/www.imakeyousmile.se\/es\/wp-json\/wp\/v2\/posts"}],"about":[{"href":"https:\/\/www.imakeyousmile.se\/es\/wp-json\/wp\/v2\/types\/post"}],"author":[{"embeddable":true,"href":"https:\/\/www.imakeyousmile.se\/es\/wp-json\/wp\/v2\/users\/30"}],"replies":[{"embeddable":true,"href":"https:\/\/www.imakeyousmile.se\/es\/wp-json\/wp\/v2\/comments?post=5336"}],"version-history":[{"count":0,"href":"https:\/\/www.imakeyousmile.se\/es\/wp-json\/wp\/v2\/posts\/5336\/revisions"}],"wp:attachment":[{"href":"https:\/\/www.imakeyousmile.se\/es\/wp-json\/wp\/v2\/media?parent=5336"}],"wp:term":[{"taxonomy":"category","embeddable":true,"href":"https:\/\/www.imakeyousmile.se\/es\/wp-json\/wp\/v2\/categories?post=5336"},{"taxonomy":"post_tag","embeddable":true,"href":"https:\/\/www.imakeyousmile.se\/es\/wp-json\/wp\/v2\/tags?post=5336"}],"curies":[{"name":"wp","href":"https:\/\/api.w.org\/{rel}","templated":true}]}}