{"id":6156,"date":"2013-06-01T18:12:38","date_gmt":"2013-06-01T16:12:38","guid":{"rendered":"http:\/\/www.imakeyousmile.se\/?p=6156"},"modified":"2014-08-16T09:12:33","modified_gmt":"2014-08-16T07:12:33","slug":"somrig-partylook","status":"publish","type":"post","link":"https:\/\/www.imakeyousmile.se\/es\/mirada-de-fiesta-veraniega\/","title":{"rendered":"Look de fiesta veraniego"},"content":{"rendered":"<p>Aqu\u00ed viene mi look este s\u00e1bado por la noche :)<\/p>\n<p><a href=\"http:\/\/www.imakeyousmile.se\/es\/somrig-partylook\/rosa-sotning\/\" rel=\"attachment wp-att-6158\"><img loading=\"lazy\" decoding=\"async\" class=\"alignnone  wp-image-6158\" title=\"holl\u00edn rosa\" src=\"http:\/\/www.imakeyousmile.se\/wp-content\/uploads\/2013\/06\/rosa-sotning.jpg\" alt=\"\" width=\"733\" height=\"441\" srcset=\"https:\/\/www.imakeyousmile.se\/wp-content\/uploads\/2013\/06\/rosa-sotning.jpg 1017w, https:\/\/www.imakeyousmile.se\/wp-content\/uploads\/2013\/06\/rosa-sotning-300x180.jpg 300w, https:\/\/www.imakeyousmile.se\/wp-content\/uploads\/2013\/06\/rosa-sotning-940x566.jpg 940w, https:\/\/www.imakeyousmile.se\/wp-content\/uploads\/2013\/06\/rosa-sotning-620x373.jpg 620w\" sizes=\"(max-width: 733px) 100vw, 733px\" \/><\/a><\/p>\n<p><a href=\"http:\/\/www.imakeyousmile.se\/es\/?attachment_id=6155\" rel=\"attachment wp-att-6155\"><img loading=\"lazy\" decoding=\"async\" class=\"alignnone size-full wp-image-6155\" title=\"primer plano de barrido rosa\" src=\"http:\/\/www.imakeyousmile.se\/wp-content\/uploads\/2013\/06\/rosa-sotning-n\u00e4rbild.jpg\" alt=\"\" width=\"608\" height=\"611\" srcset=\"https:\/\/www.imakeyousmile.se\/wp-content\/uploads\/2013\/06\/rosa-sotning-n\u00e4rbild.jpg 608w, https:\/\/www.imakeyousmile.se\/wp-content\/uploads\/2013\/06\/rosa-sotning-n\u00e4rbild-150x150.jpg 150w, https:\/\/www.imakeyousmile.se\/wp-content\/uploads\/2013\/06\/rosa-sotning-n\u00e4rbild-298x300.jpg 298w\" sizes=\"(max-width: 608px) 100vw, 608px\" \/><\/a><\/p>\n<p><strong><span style=\"color: #ff00ff;\">Sombra de ojos rosa<\/span> <\/strong>en todo el p\u00e1rpado, <em>Paleta iMys 40.<\/em><br \/>\n<span style=\"color: #dc6522;\"><strong>Sombra de ojos marr\u00f3n dorado <\/strong><\/span>a lo largo de la l\u00ednea de las pesta\u00f1as inferiores,<em> Paleta iMys 40.<\/em><br \/>\n<strong><span style=\"color: #000000;\">Sombra de ojos negra<\/span><\/strong> al final de la l\u00ednea de las pesta\u00f1as inferiores, al final del p\u00e1rpado y ahumado en el pliegue,<em> Sombra de ojos gloMinerals (Sable)<\/em><br \/>\n<strong><span style=\"color: #ffcc99;\">Sombra de ojos con brillo ligero<\/span><\/strong> En el rabillo del ojo<em> Paleta iMys 40.<\/em><\/p>\n<p><strong><span style=\"color: #999999;\">Delineador de ojos blanco<\/span><\/strong> a lo largo de la l\u00ednea de flotaci\u00f3n<em>, IsaDora Inliner Kajal (50 blanco satinado)<\/em><br \/>\n<strong><span style=\"color: #ff9900;\">Delineador de ojos dorado brillante<\/span> <\/strong>a lo largo de la l\u00ednea de las pesta\u00f1as inferiores,<em> Delineador de ojos True Gold Glitter.<\/em><br \/>\n<strong><span style=\"color: #000000;\">Delineador de ojos negro<\/span><\/strong> a lo largo de toda la l\u00ednea de las pesta\u00f1as superior e inferior, <em>L\u00e1piz de ojos gloMinerals Precision (negro)<\/em><br \/>\n<strong><span style=\"color: #000000;\">R\u00edmel negro<\/span> <\/strong>en todas las pesta\u00f1as,<em> M\u00e1scara Fiberwig LX.\u00a0<\/em><\/p>\n<p><a href=\"http:\/\/www.imakeyousmile.se\/es\/somrig-partylook\/rosa-sotning-helbild\/\" rel=\"attachment wp-att-6157\"><img loading=\"lazy\" decoding=\"async\" class=\"alignnone size-full wp-image-6157\" title=\"pantalla completa de barrido rosa\" src=\"http:\/\/www.imakeyousmile.se\/wp-content\/uploads\/2013\/06\/rosa-sotning-helbild.jpg\" alt=\"\" width=\"586\" height=\"616\" srcset=\"https:\/\/www.imakeyousmile.se\/wp-content\/uploads\/2013\/06\/rosa-sotning-helbild.jpg 586w, https:\/\/www.imakeyousmile.se\/wp-content\/uploads\/2013\/06\/rosa-sotning-helbild-285x300.jpg 285w\" sizes=\"(max-width: 586px) 100vw, 586px\" \/><\/a><\/p>\n<p>L\u00e1piz labial, <em>Sorbete labial milagroso de frambuesa Lumene (16 frambuesas silvestres)<\/em><\/p>\n<p>&nbsp;<\/p>\n<p><strong>\u00a1Espero que tengas un s\u00e1bado por la noche s\u00faper agradable!<\/strong><\/p>","protected":false},"excerpt":{"rendered":"<p>H\u00e4r kommer min look denna l\u00f6rdagkv\u00e4ll :) Rosa \u00f6gonskugga p\u00e5 hela \u00f6gonlocket, iMys 40 Palett. Guldbrun \u00f6gonskugga l\u00e4ngs undre fransraden, iMys 40 Palett. Svart \u00f6gonskugga ytterst p\u00e5 undre fransraden, ytterst p\u00e5 \u00f6gonlocket och sotat upp p\u00e5 globlinjen, gloMinerals Eyeshadow (Sable) Ljus skimrig \u00f6gonskugga i \u00f6gonvr\u00e5n, iMys 40 Palett. Vit kajalpenna l\u00e4ngs vattenlinjen, IsaDora Inliner Kajal [&hellip;]<\/p>\n","protected":false},"author":30,"featured_media":6158,"comment_status":"open","ping_status":"closed","sticky":false,"template":"","format":"standard","meta":{"footnotes":""},"categories":[9],"tags":[532,531,759],"class_list":["post-6156","post","type-post","status-publish","format-standard","has-post-thumbnail","hentry","category-partysminkningar","tag-rosa-ogonskugga","tag-rosa-sminkning","tag-sommarparty"],"yoast_head":"<!-- This site is optimized with the Yoast SEO Premium plugin v14.9 - https:\/\/yoast.com\/wordpress\/plugins\/seo\/ -->\n<meta name=\"description\" content=\"Somrig partylook | Helena Amiley - H\u00e4r hittar du senaste infromation om sk\u00f6nhet, livsstil, entrepren\u00f6rskap, makeup &amp; tips.\" \/>\n<meta name=\"robots\" content=\"index, follow, max-snippet:-1, max-image-preview:large, max-video-preview:-1\" \/>\n<link rel=\"canonical\" href=\"https:\/\/www.imakeyousmile.se\/es\/somrig-partylook\/\" \/>\n<meta property=\"og:locale\" content=\"es_ES\" \/>\n<meta property=\"og:type\" content=\"article\" \/>\n<meta property=\"og:title\" content=\"Somrig partylook | Imakeyousmile.se\" \/>\n<meta property=\"og:description\" content=\"Somrig partylook | Helena Amiley - H\u00e4r hittar du senaste infromation om sk\u00f6nhet, livsstil, entrepren\u00f6rskap, makeup &amp; tips.\" \/>\n<meta property=\"og:url\" content=\"https:\/\/www.imakeyousmile.se\/es\/somrig-partylook\/\" \/>\n<meta property=\"og:site_name\" content=\"Imakeyousmile.se\" \/>\n<meta property=\"article:author\" content=\"https:\/\/www.facebook.com\/imakeyousmile.se\" \/>\n<meta property=\"article:published_time\" content=\"2013-06-01T16:12:38+00:00\" \/>\n<meta property=\"article:modified_time\" content=\"2014-08-16T07:12:33+00:00\" \/>\n<meta property=\"og:image\" content=\"https:\/\/www.imakeyousmile.se\/wp-content\/uploads\/2013\/06\/rosa-sotning.jpg\" \/>\n\t<meta property=\"og:image:width\" content=\"1017\" \/>\n\t<meta property=\"og:image:height\" content=\"613\" \/>\n<meta name=\"twitter:card\" content=\"summary_large_image\" \/>\n<script type=\"application\/ld+json\" class=\"yoast-schema-graph\">{\"@context\":\"https:\/\/schema.org\",\"@graph\":[{\"@type\":\"Organization\",\"@id\":\"https:\/\/www.imakeyousmile.se\/es\/#organization\",\"name\":\"Imakeyousmile\",\"url\":\"https:\/\/www.imakeyousmile.se\/es\/\",\"sameAs\":[],\"logo\":{\"@type\":\"ImageObject\",\"@id\":\"https:\/\/www.imakeyousmile.se\/es\/#logo\",\"inLanguage\":\"es\",\"url\":\"https:\/\/www.imakeyousmile.se\/wp-content\/uploads\/2020\/10\/HELENA-AMILEY_SVART-1-e1603367975324.png\",\"width\":280,\"height\":93,\"caption\":\"Imakeyousmile\"},\"image\":{\"@id\":\"https:\/\/www.imakeyousmile.se\/es\/#logo\"}},{\"@type\":\"WebSite\",\"@id\":\"https:\/\/www.imakeyousmile.se\/es\/#website\",\"url\":\"https:\/\/www.imakeyousmile.se\/es\/\",\"name\":\"Imakeyousmile.se\",\"description\":\"Helena Amiley - Beauty, Entrepreneur, Lifestyle\",\"publisher\":{\"@id\":\"https:\/\/www.imakeyousmile.se\/es\/#organization\"},\"potentialAction\":[{\"@type\":\"SearchAction\",\"target\":\"https:\/\/www.imakeyousmile.se\/es\/?s={search_term_string}\",\"query-input\":\"required name=search_term_string\"}],\"inLanguage\":\"es\"},{\"@type\":\"ImageObject\",\"@id\":\"https:\/\/www.imakeyousmile.se\/somrig-partylook\/#primaryimage\",\"inLanguage\":\"es\",\"url\":\"https:\/\/www.imakeyousmile.se\/wp-content\/uploads\/2013\/06\/rosa-sotning.jpg\",\"width\":\"1017\",\"height\":\"613\"},{\"@type\":\"WebPage\",\"@id\":\"https:\/\/www.imakeyousmile.se\/somrig-partylook\/#webpage\",\"url\":\"https:\/\/www.imakeyousmile.se\/somrig-partylook\/\",\"name\":\"Somrig partylook | Imakeyousmile.se\",\"isPartOf\":{\"@id\":\"https:\/\/www.imakeyousmile.se\/es\/#website\"},\"primaryImageOfPage\":{\"@id\":\"https:\/\/www.imakeyousmile.se\/somrig-partylook\/#primaryimage\"},\"datePublished\":\"2013-06-01T16:12:38+00:00\",\"dateModified\":\"2014-08-16T07:12:33+00:00\",\"description\":\"Somrig partylook | Helena Amiley - H\\u00e4r hittar du senaste infromation om sk\\u00f6nhet, livsstil, entrepren\\u00f6rskap, makeup & tips.\",\"inLanguage\":\"es\",\"potentialAction\":[{\"@type\":\"ReadAction\",\"target\":[\"https:\/\/www.imakeyousmile.se\/somrig-partylook\/\"]}]},{\"@type\":\"Article\",\"@id\":\"https:\/\/www.imakeyousmile.se\/somrig-partylook\/#article\",\"isPartOf\":{\"@id\":\"https:\/\/www.imakeyousmile.se\/somrig-partylook\/#webpage\"},\"author\":{\"@id\":\"https:\/\/www.imakeyousmile.se\/es\/#\/schema\/person\/b0fd43b1c6bb1c60cfd68bff9b4a10fb\"},\"headline\":\"Somrig partylook\",\"datePublished\":\"2013-06-01T16:12:38+00:00\",\"dateModified\":\"2014-08-16T07:12:33+00:00\",\"mainEntityOfPage\":{\"@id\":\"https:\/\/www.imakeyousmile.se\/somrig-partylook\/#webpage\"},\"commentCount\":0,\"publisher\":{\"@id\":\"https:\/\/www.imakeyousmile.se\/es\/#organization\"},\"image\":{\"@id\":\"https:\/\/www.imakeyousmile.se\/somrig-partylook\/#primaryimage\"},\"keywords\":\"rosa \\u00f6gonskugga,rosa sminkning,sommarparty\",\"articleSection\":\"M\\u00f6rka \/ festliga sminkningar\",\"inLanguage\":\"es\",\"potentialAction\":[{\"@type\":\"CommentAction\",\"name\":\"Comment\",\"target\":[\"https:\/\/www.imakeyousmile.se\/somrig-partylook\/#respond\"]}]},{\"@type\":\"Person\",\"@id\":\"https:\/\/www.imakeyousmile.se\/es\/#\/schema\/person\/b0fd43b1c6bb1c60cfd68bff9b4a10fb\",\"name\":\"Helena Amiley\",\"image\":{\"@type\":\"ImageObject\",\"@id\":\"https:\/\/www.imakeyousmile.se\/es\/#personlogo\",\"inLanguage\":\"es\",\"url\":\"https:\/\/secure.gravatar.com\/avatar\/5645558e1e355457a23368d7e1b4c904?s=96&d=mm&r=g\",\"caption\":\"Helena Amiley\"},\"description\":\"Jag skriver mest om sk\\u00f6nhet men bjuder \\u00e4ven p\\u00e5 glimtar fr\\u00e5n entrepren\\u00f6rlivet och bygget av v\\u00e5r egen camper van. Vanlife here we come!\",\"sameAs\":[\"https:\/\/www.facebook.com\/imakeyousmile.se\",\"https:\/\/www.instagram.com\/helenaamiley\",\"https:\/\/www.youtube.com\/channel\/UCR5iB6rvpV6Yr8ZjpQfr5mg?view_as=subscriber\"]}]}<\/script>\n<!-- \/ Yoast SEO Premium plugin. -->","_links":{"self":[{"href":"https:\/\/www.imakeyousmile.se\/es\/wp-json\/wp\/v2\/posts\/6156"}],"collection":[{"href":"https:\/\/www.imakeyousmile.se\/es\/wp-json\/wp\/v2\/posts"}],"about":[{"href":"https:\/\/www.imakeyousmile.se\/es\/wp-json\/wp\/v2\/types\/post"}],"author":[{"embeddable":true,"href":"https:\/\/www.imakeyousmile.se\/es\/wp-json\/wp\/v2\/users\/30"}],"replies":[{"embeddable":true,"href":"https:\/\/www.imakeyousmile.se\/es\/wp-json\/wp\/v2\/comments?post=6156"}],"version-history":[{"count":0,"href":"https:\/\/www.imakeyousmile.se\/es\/wp-json\/wp\/v2\/posts\/6156\/revisions"}],"wp:featuredmedia":[{"embeddable":true,"href":"https:\/\/www.imakeyousmile.se\/es\/wp-json\/wp\/v2\/media\/6158"}],"wp:attachment":[{"href":"https:\/\/www.imakeyousmile.se\/es\/wp-json\/wp\/v2\/media?parent=6156"}],"wp:term":[{"taxonomy":"category","embeddable":true,"href":"https:\/\/www.imakeyousmile.se\/es\/wp-json\/wp\/v2\/categories?post=6156"},{"taxonomy":"post_tag","embeddable":true,"href":"https:\/\/www.imakeyousmile.se\/es\/wp-json\/wp\/v2\/tags?post=6156"}],"curies":[{"name":"wp","href":"https:\/\/api.w.org\/{rel}","templated":true}]}}