{"id":6245,"date":"2013-06-13T09:02:52","date_gmt":"2013-06-13T07:02:52","guid":{"rendered":"http:\/\/www.imakeyousmile.se\/?p=6245"},"modified":"2013-06-12T19:55:40","modified_gmt":"2013-06-12T17:55:40","slug":"me-and-my-pink-lashes","status":"publish","type":"post","link":"https:\/\/www.imakeyousmile.se\/es\/yo-y-mis-pestanas-rosas\/","title":{"rendered":"Yo y mis pesta\u00f1as rosas"},"content":{"rendered":"<p>Mostr\u00f3 un maquillaje de fiesta en <a href=\"http:\/\/modernmom.se\/skonhet\/jag-ar-kar-i-en-mascara\/#.UbizqPmpXIM\" target=\"_blank\">Mam\u00e1 moderna<\/a> donde us\u00e9 mi nueva m\u00e1scara de pesta\u00f1as rosa de Anastasia, \u00a1que me encanta!<\/p>\n<p>Aqu\u00ed viene una variante m\u00e1s cotidiana :)<\/p>\n<p><a href=\"http:\/\/www.imakeyousmile.se\/es\/?attachment_id=6246\" rel=\"attachment wp-att-6246\"><img loading=\"lazy\" decoding=\"async\" class=\"alignnone  wp-image-6246\" title=\"IMG_2233\" src=\"http:\/\/www.imakeyousmile.se\/wp-content\/uploads\/2013\/06\/IMG_2233-1001x1024.jpg\" alt=\"\" width=\"706\" height=\"722\" srcset=\"https:\/\/www.imakeyousmile.se\/wp-content\/uploads\/2013\/06\/IMG_2233-1001x1024.jpg 1001w, https:\/\/www.imakeyousmile.se\/wp-content\/uploads\/2013\/06\/IMG_2233-293x300.jpg 293w, https:\/\/www.imakeyousmile.se\/wp-content\/uploads\/2013\/06\/IMG_2233-940x961.jpg 940w, https:\/\/www.imakeyousmile.se\/wp-content\/uploads\/2013\/06\/IMG_2233-620x633.jpg 620w, https:\/\/www.imakeyousmile.se\/wp-content\/uploads\/2013\/06\/IMG_2233.jpg 1740w\" sizes=\"(max-width: 706px) 100vw, 706px\" \/><\/a><\/p>\n<p>Las sombras de ojos vienen de<a href=\"https:\/\/go.nordicfeel.se\/t\/t?a=872761485&#038;as=1548102449&#038;t=2&#038;tk=1&#038;epi=search-replace-purminerals&#038;url=https:\/\/www.nordicfeel.se\/varumarken\/pur\" target=\"_blank\"> Minerales puros<\/a> paleta tr\u00edo &quot;Belleza cl\u00e1sica&quot;.<\/p>\n<p><strong><span style=\"color: #ffcc99;\">\u00a0Sombra de ojos clara<\/span> <\/strong>en el rabillo del ojo y debajo de la ceja.<br \/>\n<strong><span style=\"color: #ffcc99;\">Sombra de ojos brillante brillante<\/span> <\/strong>en el p\u00e1rpado.<br \/>\n<strong><span style=\"color: #993300;\">Sombra de ojos marr\u00f3n<\/span><\/strong> al final del p\u00e1rpado ya lo largo de la l\u00ednea del globo, y al final de la l\u00ednea de las pesta\u00f1as inferiores.<\/p>\n<p><strong><span style=\"color: #000080;\">Delineador de ojos azul marino<\/span><\/strong> a lo largo de la l\u00ednea de las pesta\u00f1as superiores y la l\u00ednea de flotaci\u00f3n,\u00a0<a href=\"https:\/\/ion.lyko.com\/t\/t?a=1117786221&#038;as=1548102449&#038;t=2&#038;tk=1&#038;epi=search-replace-anastasiaeyeliner&#038;url=https:\/\/lyko.com\/sv\/sok?q=anastasia+eyeliner\" target=\"_blank\">Delineador de ojos Covet impermeable Anastasia (Azure)<\/a><br \/>\n<strong><span style=\"color: #ff00ff;\">\u00a0R\u00edmel rosa<\/span> <\/strong>en todas las pesta\u00f1as,\u00a0<a href=\"https:\/\/ion.lyko.com\/t\/t?a=1117786221&#038;as=1548102449&#038;t=2&#038;tk=1&#038;epi=search-replace-anastasiab&#038;url=https:\/\/lyko.com\/sv\/anastasia-beverly-hills\" target=\"_blank\">Tinte para cejas y pesta\u00f1as Anastasita Hypercolor (rosa)<\/a><br \/>\n<a href=\"http:\/\/www.imakeyousmile.se\/es\/?attachment_id=6247\" rel=\"attachment wp-att-6247\"><img loading=\"lazy\" decoding=\"async\" class=\"alignnone  wp-image-6247\" title=\"IMG_2239\" src=\"http:\/\/www.imakeyousmile.se\/wp-content\/uploads\/2013\/06\/IMG_2239-793x1024.jpg\" alt=\"\" width=\"634\" height=\"819\" srcset=\"https:\/\/www.imakeyousmile.se\/wp-content\/uploads\/2013\/06\/IMG_2239-793x1024.jpg 793w, https:\/\/www.imakeyousmile.se\/wp-content\/uploads\/2013\/06\/IMG_2239-232x300.jpg 232w, https:\/\/www.imakeyousmile.se\/wp-content\/uploads\/2013\/06\/IMG_2239-940x1213.jpg 940w, https:\/\/www.imakeyousmile.se\/wp-content\/uploads\/2013\/06\/IMG_2239-620x800.jpg 620w\" sizes=\"(max-width: 634px) 100vw, 634px\" \/><\/a><\/p>\n<p>\u00a1En un ojo solo tengo el r\u00edmel rosa en las pesta\u00f1as inferiores!<\/p>\n<p><strong><span style=\"color: #ff00ff;\">L\u00e1piz labial rosa<\/span>,<\/strong>\u00a0<a href=\"http:\/\/nelly.com\/se\/sk%C3%B6nhet-kvinna\/sk%C3%B6nhet\/makeup\/wet-n-wild-310\/silk-finish-lipstick-310128-1495\/\" target=\"_blank\">Barra de labios Wet n Wild Silk Finish (Nouveau Pink)<\/a><\/p>\n<p><a href=\"http:\/\/www.imakeyousmile.se\/es\/?attachment_id=6248\" rel=\"attachment wp-att-6248\"><img loading=\"lazy\" decoding=\"async\" class=\"alignnone  wp-image-6248\" title=\"IMG_2245\" src=\"http:\/\/www.imakeyousmile.se\/wp-content\/uploads\/2013\/06\/IMG_2245-800x1024.jpg\" alt=\"\" width=\"640\" height=\"819\" srcset=\"https:\/\/www.imakeyousmile.se\/wp-content\/uploads\/2013\/06\/IMG_2245-800x1024.jpg 800w, https:\/\/www.imakeyousmile.se\/wp-content\/uploads\/2013\/06\/IMG_2245-234x300.jpg 234w, https:\/\/www.imakeyousmile.se\/wp-content\/uploads\/2013\/06\/IMG_2245-940x1203.jpg 940w, https:\/\/www.imakeyousmile.se\/wp-content\/uploads\/2013\/06\/IMG_2245-620x793.jpg 620w\" sizes=\"(max-width: 640px) 100vw, 640px\" \/><\/a><\/p>\n<p>\u00bfQu\u00e9 piensas? :)<\/p>","protected":false},"excerpt":{"rendered":"<p>Visade en partysminkning p\u00e5 Modern Mom d\u00e4r jag anv\u00e4nde min nya rosa mascara fr\u00e5n Anastasia, som jag bara \u00e4lskar! H\u00e4r kommer en mer vardaglig variant :) \u00d6gonskuggorna kommer fr\u00e5n P\u00fcr Minerals triopalett &#8221;Classic Beauty&#8221;. \u00a0Ljus \u00f6gonskugga i \u00f6gonvr\u00e5n och under brynet. Ljus glansig \u00f6gonskugga p\u00e5 \u00f6gonlocket. Brun \u00f6gonskugga ytterst p\u00e5 \u00f6gonlocket och l\u00e4ngs globlinjen, samt [&hellip;]<\/p>\n","protected":false},"author":30,"featured_media":0,"comment_status":"open","ping_status":"closed","sticky":false,"template":"","format":"standard","meta":{"footnotes":""},"categories":[3],"tags":[783,782],"class_list":["post-6245","post","type-post","status-publish","format-standard","hentry","category-allmant","tag-fargglad-mascara-rosa-sminkning","tag-rosa-mascara"],"yoast_head":"<!-- This site is optimized with the Yoast SEO Premium plugin v14.9 - https:\/\/yoast.com\/wordpress\/plugins\/seo\/ -->\n<meta name=\"description\" content=\"Me and my pink lashes | Helena Amiley - H\u00e4r hittar du senaste infromation om sk\u00f6nhet, livsstil, entrepren\u00f6rskap, makeup &amp; tips.\" \/>\n<meta name=\"robots\" content=\"index, follow, max-snippet:-1, max-image-preview:large, max-video-preview:-1\" \/>\n<link rel=\"canonical\" href=\"https:\/\/www.imakeyousmile.se\/es\/me-and-my-pink-lashes\/\" \/>\n<meta property=\"og:locale\" content=\"es_ES\" \/>\n<meta property=\"og:type\" content=\"article\" \/>\n<meta property=\"og:title\" content=\"Me and my pink lashes | Imakeyousmile.se\" \/>\n<meta property=\"og:description\" content=\"Me and my pink lashes | Helena Amiley - H\u00e4r hittar du senaste infromation om sk\u00f6nhet, livsstil, entrepren\u00f6rskap, makeup &amp; tips.\" \/>\n<meta property=\"og:url\" content=\"https:\/\/www.imakeyousmile.se\/es\/me-and-my-pink-lashes\/\" \/>\n<meta property=\"og:site_name\" content=\"Imakeyousmile.se\" \/>\n<meta property=\"article:author\" content=\"https:\/\/www.facebook.com\/imakeyousmile.se\" \/>\n<meta property=\"article:published_time\" content=\"2013-06-13T07:02:52+00:00\" \/>\n<meta property=\"article:modified_time\" content=\"2013-06-12T17:55:40+00:00\" \/>\n<meta property=\"og:image\" content=\"http:\/\/www.imakeyousmile.se\/wp-content\/uploads\/2013\/06\/IMG_2233-1001x1024.jpg\" \/>\n<meta name=\"twitter:card\" content=\"summary_large_image\" \/>\n<script type=\"application\/ld+json\" class=\"yoast-schema-graph\">{\"@context\":\"https:\/\/schema.org\",\"@graph\":[{\"@type\":\"Organization\",\"@id\":\"https:\/\/www.imakeyousmile.se\/es\/#organization\",\"name\":\"Imakeyousmile\",\"url\":\"https:\/\/www.imakeyousmile.se\/es\/\",\"sameAs\":[],\"logo\":{\"@type\":\"ImageObject\",\"@id\":\"https:\/\/www.imakeyousmile.se\/es\/#logo\",\"inLanguage\":\"es\",\"url\":\"https:\/\/www.imakeyousmile.se\/wp-content\/uploads\/2020\/10\/HELENA-AMILEY_SVART-1-e1603367975324.png\",\"width\":280,\"height\":93,\"caption\":\"Imakeyousmile\"},\"image\":{\"@id\":\"https:\/\/www.imakeyousmile.se\/es\/#logo\"}},{\"@type\":\"WebSite\",\"@id\":\"https:\/\/www.imakeyousmile.se\/es\/#website\",\"url\":\"https:\/\/www.imakeyousmile.se\/es\/\",\"name\":\"Imakeyousmile.se\",\"description\":\"Helena Amiley - Beauty, Entrepreneur, Lifestyle\",\"publisher\":{\"@id\":\"https:\/\/www.imakeyousmile.se\/es\/#organization\"},\"potentialAction\":[{\"@type\":\"SearchAction\",\"target\":\"https:\/\/www.imakeyousmile.se\/es\/?s={search_term_string}\",\"query-input\":\"required name=search_term_string\"}],\"inLanguage\":\"es\"},{\"@type\":\"ImageObject\",\"@id\":\"https:\/\/www.imakeyousmile.se\/me-and-my-pink-lashes\/#primaryimage\",\"inLanguage\":\"es\",\"url\":\"http:\/\/www.imakeyousmile.se\/wp-content\/uploads\/2013\/06\/IMG_2233-1001x1024.jpg\"},{\"@type\":\"WebPage\",\"@id\":\"https:\/\/www.imakeyousmile.se\/me-and-my-pink-lashes\/#webpage\",\"url\":\"https:\/\/www.imakeyousmile.se\/me-and-my-pink-lashes\/\",\"name\":\"Me and my pink lashes | Imakeyousmile.se\",\"isPartOf\":{\"@id\":\"https:\/\/www.imakeyousmile.se\/es\/#website\"},\"primaryImageOfPage\":{\"@id\":\"https:\/\/www.imakeyousmile.se\/me-and-my-pink-lashes\/#primaryimage\"},\"datePublished\":\"2013-06-13T07:02:52+00:00\",\"dateModified\":\"2013-06-12T17:55:40+00:00\",\"description\":\"Me and my pink lashes | Helena Amiley - H\\u00e4r hittar du senaste infromation om sk\\u00f6nhet, livsstil, entrepren\\u00f6rskap, makeup & tips.\",\"inLanguage\":\"es\",\"potentialAction\":[{\"@type\":\"ReadAction\",\"target\":[\"https:\/\/www.imakeyousmile.se\/me-and-my-pink-lashes\/\"]}]},{\"@type\":\"Article\",\"@id\":\"https:\/\/www.imakeyousmile.se\/me-and-my-pink-lashes\/#article\",\"isPartOf\":{\"@id\":\"https:\/\/www.imakeyousmile.se\/me-and-my-pink-lashes\/#webpage\"},\"author\":{\"@id\":\"https:\/\/www.imakeyousmile.se\/es\/#\/schema\/person\/b0fd43b1c6bb1c60cfd68bff9b4a10fb\"},\"headline\":\"Me and my pink lashes\",\"datePublished\":\"2013-06-13T07:02:52+00:00\",\"dateModified\":\"2013-06-12T17:55:40+00:00\",\"mainEntityOfPage\":{\"@id\":\"https:\/\/www.imakeyousmile.se\/me-and-my-pink-lashes\/#webpage\"},\"commentCount\":0,\"publisher\":{\"@id\":\"https:\/\/www.imakeyousmile.se\/es\/#organization\"},\"image\":{\"@id\":\"https:\/\/www.imakeyousmile.se\/me-and-my-pink-lashes\/#primaryimage\"},\"keywords\":\"f\\u00e4rgglad mascara. rosa sminkning,rosa mascara\",\"articleSection\":\"\\u00d6vrigt\",\"inLanguage\":\"es\",\"potentialAction\":[{\"@type\":\"CommentAction\",\"name\":\"Comment\",\"target\":[\"https:\/\/www.imakeyousmile.se\/me-and-my-pink-lashes\/#respond\"]}]},{\"@type\":\"Person\",\"@id\":\"https:\/\/www.imakeyousmile.se\/es\/#\/schema\/person\/b0fd43b1c6bb1c60cfd68bff9b4a10fb\",\"name\":\"Helena Amiley\",\"image\":{\"@type\":\"ImageObject\",\"@id\":\"https:\/\/www.imakeyousmile.se\/es\/#personlogo\",\"inLanguage\":\"es\",\"url\":\"https:\/\/secure.gravatar.com\/avatar\/5645558e1e355457a23368d7e1b4c904?s=96&d=mm&r=g\",\"caption\":\"Helena Amiley\"},\"description\":\"Jag skriver mest om sk\\u00f6nhet men bjuder \\u00e4ven p\\u00e5 glimtar fr\\u00e5n entrepren\\u00f6rlivet och bygget av v\\u00e5r egen camper van. Vanlife here we come!\",\"sameAs\":[\"https:\/\/www.facebook.com\/imakeyousmile.se\",\"https:\/\/www.instagram.com\/helenaamiley\",\"https:\/\/www.youtube.com\/channel\/UCR5iB6rvpV6Yr8ZjpQfr5mg?view_as=subscriber\"]}]}<\/script>\n<!-- \/ Yoast SEO Premium plugin. -->","_links":{"self":[{"href":"https:\/\/www.imakeyousmile.se\/es\/wp-json\/wp\/v2\/posts\/6245"}],"collection":[{"href":"https:\/\/www.imakeyousmile.se\/es\/wp-json\/wp\/v2\/posts"}],"about":[{"href":"https:\/\/www.imakeyousmile.se\/es\/wp-json\/wp\/v2\/types\/post"}],"author":[{"embeddable":true,"href":"https:\/\/www.imakeyousmile.se\/es\/wp-json\/wp\/v2\/users\/30"}],"replies":[{"embeddable":true,"href":"https:\/\/www.imakeyousmile.se\/es\/wp-json\/wp\/v2\/comments?post=6245"}],"version-history":[{"count":0,"href":"https:\/\/www.imakeyousmile.se\/es\/wp-json\/wp\/v2\/posts\/6245\/revisions"}],"wp:attachment":[{"href":"https:\/\/www.imakeyousmile.se\/es\/wp-json\/wp\/v2\/media?parent=6245"}],"wp:term":[{"taxonomy":"category","embeddable":true,"href":"https:\/\/www.imakeyousmile.se\/es\/wp-json\/wp\/v2\/categories?post=6245"},{"taxonomy":"post_tag","embeddable":true,"href":"https:\/\/www.imakeyousmile.se\/es\/wp-json\/wp\/v2\/tags?post=6245"}],"curies":[{"name":"wp","href":"https:\/\/api.w.org\/{rel}","templated":true}]}}