{"id":631,"date":"2012-11-11T15:18:00","date_gmt":"2012-11-11T14:18:00","guid":{"rendered":"http:\/\/www.imakeyousmile.se\/fredagens-partysminkning\/"},"modified":"2014-08-11T20:55:13","modified_gmt":"2014-08-11T18:55:13","slug":"fredagens-partysminkning","status":"publish","type":"post","link":"https:\/\/www.imakeyousmile.se\/es\/maquillaje-de-fiesta-del-viernes-3\/","title":{"rendered":"Maquillaje de fiesta del viernes"},"content":{"rendered":"<p>Hola bien ni!<\/p>\n<p>Disculpe mi enorme mal blog de esta semana ...<\/p>\n<p>Ha sido tanto con pasant\u00edas, horas extras en el trabajo, entrenamiento de estilista, trabajos en el caf\u00e9 de mi hermana, cuidado de ni\u00f1os, fiesta de empresa, lo que sea.<\/p>\n<p>Adem\u00e1s, estoy rehaciendo el blog por completo. O m\u00e1s bien haz uno<span style=\"color: red;\"> <span style=\"font-size: x-large;\">blog nuevo<\/span><\/span>!<\/p>\n<p>Todav\u00eda tengo el mismo dominio - imakeyousmile.se, as\u00ed que vienes<span style=\"font-size: large;\"> autom\u00e1ticamente<\/span> ven a mi nueva pagina. Y el maquillaje que ahora tengo en blogspot, lo publicar\u00e9 en el nuevo blog una y otra vez, porque es muy bueno con un archivo bien surtido para mirar si est\u00e1 buscando algo espec\u00edfico :)<\/p>\n<p>Mi antiguo blog, por supuesto <span style=\"font-size: large;\">permanecer<\/span>, y cuando mi nuevo est\u00e9 listo lo vincular\u00e9!<\/p>\n<p><strong>\u00a1AHORA puedes ver el maquillaje de la fiesta del viernes! :)<\/strong><\/p>\n<div style=\"clear: both; text-align: center;\"><a style=\"margin-left: 1em; margin-right: 1em;\" href=\"http:\/\/i1092.photobucket.com\/albums\/i412\/isoniemi\/IMG_3369-1.jpg\"><img loading=\"lazy\" decoding=\"async\" src=\"http:\/\/i1092.photobucket.com\/albums\/i412\/isoniemi\/IMG_3369-1.jpg\" alt=\"\" width=\"400\" height=\"257\" border=\"0\" \/><\/a><\/div>\n<div style=\"text-align: center;\">Cuando publiqu\u00e9 las fotos hoy, exclam\u00e9:<\/div>\n<div style=\"text-align: center;\"><\/div>\n<div style=\"text-align: center;\"><strong><em>- Dios que guapo estaba el viernes pasado<\/em>!<\/strong><\/div>\n<div style=\"text-align: center;\"><strong>Miska me mir\u00f3 un poco sorprendida.<\/strong><\/div>\n<div style=\"text-align: center;\"><em><strong>- Oh, tal vez no puedas decir sobre ti ...<\/strong><\/em><\/div>\n<div style=\"text-align: center;\"><em><strong>- Bueno, \u00a1por supuesto que s\u00ed!<\/strong><\/em><\/div>\n<div style=\"text-align: center;\"><\/div>\n<div style=\"text-align: center;\">Y estoy de acuerdo con \u00e9l. Est\u00e1 claro que lo entiendo, y est\u00e1 claro que yo<em><strong> ska<\/strong><\/em>!<\/div>\n<div style=\"text-align: center;\">Escrib\u00ed una publicaci\u00f3n sobre darnos el uno al otro<span style=\"font-size: large;\"> cumplidos<\/span> en estos d\u00edas, pero el hecho es que los cumplidos que probablemente son m\u00e1s raros son los que nos damos a nosotros mismos Se siente un poco tab\u00fa hacer eso, pero \u00bfdeber\u00edamos remediarlo? :)<\/div>\n<div style=\"clear: both; text-align: center;\"><a style=\"margin-left: 1em; margin-right: 1em;\" href=\"http:\/\/i1092.photobucket.com\/albums\/i412\/isoniemi\/IMG_3357-1.jpg\"><img loading=\"lazy\" decoding=\"async\" src=\"http:\/\/i1092.photobucket.com\/albums\/i412\/isoniemi\/IMG_3357-1.jpg\" alt=\"\" width=\"295\" height=\"320\" border=\"0\" \/><\/a><\/div>\n<div style=\"clear: both; text-align: center;\">A menos que se indique lo contrario, la sombra de ojos est\u00e1 apagada. <em>Paleta Once 180.<\/em><\/div>\n<div style=\"clear: both; text-align: center;\"><\/div>\n<div style=\"clear: both; text-align: center;\"><span style=\"color: #8e7cc3; font-size: large;\"><strong>Morado claro<\/strong><\/span> sombra de ojos en el medio del p\u00e1rpado.<\/div>\n<div style=\"clear: both; text-align: center;\"><span style=\"color: #674ea7; font-size: large;\"><strong>P\u00farpura<\/strong><\/span> sombra de ojos al final del p\u00e1rpado y a lo largo de la l\u00ednea del globo.<\/div>\n<div style=\"clear: both; text-align: center;\"><span style=\"color: #f9cb9c; font-size: large;\"><strong>Amarillo claro-blanco<\/strong><\/span> reluciente en el interior del p\u00e1rpado, en la esquina del ojo y en la parte inferior de la l\u00ednea de las pesta\u00f1as inferiores, <em><strong><a href=\"https:\/\/ion.lyko.com\/t\/t?a=1117786221&#038;as=1548102449&#038;t=2&#038;tk=1&#038;epi=search-replace-singleskugga&#038;url=https:\/\/lyko.com\/sv\/sok?q=singelskugga\">Kryolan Eyedust (n\u00famero 1)<\/a><\/strong><\/em><\/div>\n<div style=\"clear: both; text-align: center;\"><span style=\"color: #f9cb9c; font-size: large;\"><strong>Amarillo claro-blanco <\/strong><span style=\"color: black; font-size: small;\">sombra de ojos debajo de la ceja.<\/span><\/span><\/div>\n<div style=\"clear: both; text-align: center;\"><span style=\"color: #e06666; font-size: large;\"><strong>Rosado<\/strong><\/span> sombra de ojos ligeramente en el interior del p\u00e1rpado, sobre la esquina del ojo.<\/div>\n<div style=\"clear: both; text-align: center;\"><strong><span style=\"font-size: large;\">Negro<\/span><\/strong> sombra de ojos al final de la l\u00ednea de las pesta\u00f1as inferiores.<\/div>\n<div style=\"clear: both; text-align: center;\"><\/div>\n<div style=\"clear: both; text-align: center;\"><strong><span style=\"font-size: large;\">Delineador de ojos negro<\/span><\/strong> a lo largo de la l\u00ednea de las pesta\u00f1as superior e interior, <em>L&#039;Or\u00e9al<\/em>.<\/div>\n<div style=\"clear: both; text-align: center;\"><strong><span style=\"font-size: large;\">R\u00edmel negro<\/span><\/strong> en todas las pesta\u00f1as, <em>Volymmascara de L&#039;Or\u00e9al<\/em>.<\/div>\n<div style=\"clear: both; text-align: center;\"><\/div>\n<div style=\"clear: both; text-align: center;\"><a style=\"margin-left: 1em; margin-right: 1em;\" href=\"http:\/\/i1092.photobucket.com\/albums\/i412\/isoniemi\/IMG_3383-1.jpg\"><img loading=\"lazy\" decoding=\"async\" src=\"http:\/\/i1092.photobucket.com\/albums\/i412\/isoniemi\/IMG_3383-1.jpg\" alt=\"\" width=\"394\" height=\"640\" border=\"0\" \/><\/a><\/div>\n<div style=\"clear: both; text-align: center;\"><span style=\"color: #e06666;\"><strong>Mi brillo de labios favorito<\/strong><\/span>,<em><strong><a href=\"https:\/\/ion.lyko.com\/t\/t?a=1117786221&#038;as=1548102449&#038;t=2&#038;tk=1&#038;epi=search-replace-glolips&#038;url=https:\/\/lyko.com\/sv\/sok?q=glo+lips\"> Glo Minerals gloLiquid Lips (Amado)<\/a><\/strong><\/em><\/div>\n<div style=\"clear: both; text-align: center;\"><span style=\"color: #ea9999;\">Rojo rosa claro<\/span>, <em><strong><a href=\"https:\/\/ion.lyko.com\/t\/t?a=1117786221&#038;as=1548102449&#038;t=2&#038;tk=1&#038;epi=search-replace-globlush&#038;url=https:\/\/lyko.com\/sv\/glo-skin-beauty\/glominerals-blush-sweet\">Glo Minerals gloBlush Powder Rouge (Dulce)<\/a><\/strong><\/em><\/div>\n<div style=\"clear: both; text-align: center;\"><\/div>\n<div style=\"clear: both; text-align: center;\"><\/div>\n<p>\u00a1Ahora continuar\u00e9 con el nuevo dise\u00f1o del blog!<\/p>\n<div style=\"text-align: center;\"><em><span style=\"font-size: x-large;\">\u00a1Besos y abrazos!<\/span><\/em><\/div>","protected":false},"excerpt":{"rendered":"<p>Hej fina ni! Urs\u00e4kta mitt enormt d\u00e5liga bloggande den h\u00e4r veckan&#8230; Det har\u00a0varit s\u00e5 himla\u00a0mycket med praktik, \u00f6vertid p\u00e5 jobbet, stylistutbildning,\u00a0jobb p\u00e5 syrrans caf\u00e9, barnvakt, firmafest, you name it. Dessutom h\u00e5ller jag p\u00e5 att g\u00f6ra om bloggen helt. Eller r\u00e4ttare sagt g\u00f6ra en helt ny blogg! Jag har kvar samma dom\u00e4n &#8211; imakeyousmile.se, s\u00e5 ni [&hellip;]<\/p>\n","protected":false},"author":30,"featured_media":0,"comment_status":"open","ping_status":"open","sticky":false,"template":"","format":"standard","meta":{"footnotes":""},"categories":[3],"tags":[],"class_list":["post-631","post","type-post","status-publish","format-standard","hentry","category-allmant"],"yoast_head":"<!-- This site is optimized with the Yoast SEO Premium plugin v14.9 - https:\/\/yoast.com\/wordpress\/plugins\/seo\/ -->\n<meta name=\"description\" content=\"Fredagens partysminkning | Helena Amiley - H\u00e4r hittar du senaste infromation om sk\u00f6nhet, livsstil, entrepren\u00f6rskap, makeup &amp; tips.\" \/>\n<meta name=\"robots\" content=\"index, follow, max-snippet:-1, max-image-preview:large, max-video-preview:-1\" \/>\n<link rel=\"canonical\" href=\"https:\/\/www.imakeyousmile.se\/es\/fredagens-partysminkning\/\" \/>\n<meta property=\"og:locale\" content=\"es_ES\" \/>\n<meta property=\"og:type\" content=\"article\" \/>\n<meta property=\"og:title\" content=\"Fredagens partysminkning | Imakeyousmile.se\" \/>\n<meta property=\"og:description\" content=\"Fredagens partysminkning | Helena Amiley - H\u00e4r hittar du senaste infromation om sk\u00f6nhet, livsstil, entrepren\u00f6rskap, makeup &amp; tips.\" \/>\n<meta property=\"og:url\" content=\"https:\/\/www.imakeyousmile.se\/es\/fredagens-partysminkning\/\" \/>\n<meta property=\"og:site_name\" content=\"Imakeyousmile.se\" \/>\n<meta property=\"article:author\" content=\"https:\/\/www.facebook.com\/imakeyousmile.se\" \/>\n<meta property=\"article:published_time\" content=\"2012-11-11T14:18:00+00:00\" \/>\n<meta property=\"article:modified_time\" content=\"2014-08-11T18:55:13+00:00\" \/>\n<meta property=\"og:image\" content=\"http:\/\/i1092.photobucket.com\/albums\/i412\/isoniemi\/IMG_3369-1.jpg\" \/>\n<meta name=\"twitter:card\" content=\"summary_large_image\" \/>\n<script type=\"application\/ld+json\" class=\"yoast-schema-graph\">{\"@context\":\"https:\/\/schema.org\",\"@graph\":[{\"@type\":\"Organization\",\"@id\":\"https:\/\/www.imakeyousmile.se\/es\/#organization\",\"name\":\"Imakeyousmile\",\"url\":\"https:\/\/www.imakeyousmile.se\/es\/\",\"sameAs\":[],\"logo\":{\"@type\":\"ImageObject\",\"@id\":\"https:\/\/www.imakeyousmile.se\/es\/#logo\",\"inLanguage\":\"es\",\"url\":\"https:\/\/www.imakeyousmile.se\/wp-content\/uploads\/2020\/10\/HELENA-AMILEY_SVART-1-e1603367975324.png\",\"width\":280,\"height\":93,\"caption\":\"Imakeyousmile\"},\"image\":{\"@id\":\"https:\/\/www.imakeyousmile.se\/es\/#logo\"}},{\"@type\":\"WebSite\",\"@id\":\"https:\/\/www.imakeyousmile.se\/es\/#website\",\"url\":\"https:\/\/www.imakeyousmile.se\/es\/\",\"name\":\"Imakeyousmile.se\",\"description\":\"Helena Amiley - Beauty, Entrepreneur, Lifestyle\",\"publisher\":{\"@id\":\"https:\/\/www.imakeyousmile.se\/es\/#organization\"},\"potentialAction\":[{\"@type\":\"SearchAction\",\"target\":\"https:\/\/www.imakeyousmile.se\/es\/?s={search_term_string}\",\"query-input\":\"required name=search_term_string\"}],\"inLanguage\":\"es\"},{\"@type\":\"ImageObject\",\"@id\":\"https:\/\/www.imakeyousmile.se\/fredagens-partysminkning\/#primaryimage\",\"inLanguage\":\"es\",\"url\":\"http:\/\/i1092.photobucket.com\/albums\/i412\/isoniemi\/IMG_3369-1.jpg\"},{\"@type\":\"WebPage\",\"@id\":\"https:\/\/www.imakeyousmile.se\/fredagens-partysminkning\/#webpage\",\"url\":\"https:\/\/www.imakeyousmile.se\/fredagens-partysminkning\/\",\"name\":\"Fredagens partysminkning | Imakeyousmile.se\",\"isPartOf\":{\"@id\":\"https:\/\/www.imakeyousmile.se\/es\/#website\"},\"primaryImageOfPage\":{\"@id\":\"https:\/\/www.imakeyousmile.se\/fredagens-partysminkning\/#primaryimage\"},\"datePublished\":\"2012-11-11T14:18:00+00:00\",\"dateModified\":\"2014-08-11T18:55:13+00:00\",\"description\":\"Fredagens partysminkning | Helena Amiley - H\\u00e4r hittar du senaste infromation om sk\\u00f6nhet, livsstil, entrepren\\u00f6rskap, makeup & tips.\",\"inLanguage\":\"es\",\"potentialAction\":[{\"@type\":\"ReadAction\",\"target\":[\"https:\/\/www.imakeyousmile.se\/fredagens-partysminkning\/\"]}]},{\"@type\":\"Article\",\"@id\":\"https:\/\/www.imakeyousmile.se\/fredagens-partysminkning\/#article\",\"isPartOf\":{\"@id\":\"https:\/\/www.imakeyousmile.se\/fredagens-partysminkning\/#webpage\"},\"author\":{\"@id\":\"https:\/\/www.imakeyousmile.se\/es\/#\/schema\/person\/b0fd43b1c6bb1c60cfd68bff9b4a10fb\"},\"headline\":\"Fredagens partysminkning\",\"datePublished\":\"2012-11-11T14:18:00+00:00\",\"dateModified\":\"2014-08-11T18:55:13+00:00\",\"mainEntityOfPage\":{\"@id\":\"https:\/\/www.imakeyousmile.se\/fredagens-partysminkning\/#webpage\"},\"commentCount\":0,\"publisher\":{\"@id\":\"https:\/\/www.imakeyousmile.se\/es\/#organization\"},\"image\":{\"@id\":\"https:\/\/www.imakeyousmile.se\/fredagens-partysminkning\/#primaryimage\"},\"articleSection\":\"\\u00d6vrigt\",\"inLanguage\":\"es\",\"potentialAction\":[{\"@type\":\"CommentAction\",\"name\":\"Comment\",\"target\":[\"https:\/\/www.imakeyousmile.se\/fredagens-partysminkning\/#respond\"]}]},{\"@type\":\"Person\",\"@id\":\"https:\/\/www.imakeyousmile.se\/es\/#\/schema\/person\/b0fd43b1c6bb1c60cfd68bff9b4a10fb\",\"name\":\"Helena Amiley\",\"image\":{\"@type\":\"ImageObject\",\"@id\":\"https:\/\/www.imakeyousmile.se\/es\/#personlogo\",\"inLanguage\":\"es\",\"url\":\"https:\/\/secure.gravatar.com\/avatar\/5645558e1e355457a23368d7e1b4c904?s=96&d=mm&r=g\",\"caption\":\"Helena Amiley\"},\"description\":\"Jag skriver mest om sk\\u00f6nhet men bjuder \\u00e4ven p\\u00e5 glimtar fr\\u00e5n entrepren\\u00f6rlivet och bygget av v\\u00e5r egen camper van. Vanlife here we come!\",\"sameAs\":[\"https:\/\/www.facebook.com\/imakeyousmile.se\",\"https:\/\/www.instagram.com\/helenaamiley\",\"https:\/\/www.youtube.com\/channel\/UCR5iB6rvpV6Yr8ZjpQfr5mg?view_as=subscriber\"]}]}<\/script>\n<!-- \/ Yoast SEO Premium plugin. -->","_links":{"self":[{"href":"https:\/\/www.imakeyousmile.se\/es\/wp-json\/wp\/v2\/posts\/631"}],"collection":[{"href":"https:\/\/www.imakeyousmile.se\/es\/wp-json\/wp\/v2\/posts"}],"about":[{"href":"https:\/\/www.imakeyousmile.se\/es\/wp-json\/wp\/v2\/types\/post"}],"author":[{"embeddable":true,"href":"https:\/\/www.imakeyousmile.se\/es\/wp-json\/wp\/v2\/users\/30"}],"replies":[{"embeddable":true,"href":"https:\/\/www.imakeyousmile.se\/es\/wp-json\/wp\/v2\/comments?post=631"}],"version-history":[{"count":0,"href":"https:\/\/www.imakeyousmile.se\/es\/wp-json\/wp\/v2\/posts\/631\/revisions"}],"wp:attachment":[{"href":"https:\/\/www.imakeyousmile.se\/es\/wp-json\/wp\/v2\/media?parent=631"}],"wp:term":[{"taxonomy":"category","embeddable":true,"href":"https:\/\/www.imakeyousmile.se\/es\/wp-json\/wp\/v2\/categories?post=631"},{"taxonomy":"post_tag","embeddable":true,"href":"https:\/\/www.imakeyousmile.se\/es\/wp-json\/wp\/v2\/tags?post=631"}],"curies":[{"name":"wp","href":"https:\/\/api.w.org\/{rel}","templated":true}]}}