{"id":6483,"date":"2013-06-27T20:32:03","date_gmt":"2013-06-27T18:32:03","guid":{"rendered":"http:\/\/www.imakeyousmile.se\/?p=6483"},"modified":"2013-06-27T20:32:03","modified_gmt":"2013-06-27T18:32:03","slug":"favorit-i-repris-fran-vardag-till-party","status":"publish","type":"post","link":"https:\/\/www.imakeyousmile.se\/es\/favorito-en-repeticion-de-todos-los-dias-a-la-fiesta\/","title":{"rendered":"Favorito en repetici\u00f3n: de todos los d\u00edas a la fiesta"},"content":{"rendered":"<p>Sentirse un poco inc\u00f3modo ... \u00a1Dolor de garganta, mocosos, etc. pero sobre todo tan malditamente cansado en el cuerpo \/ cabeza!<\/p>\n<p>Estaba absolutamente seguro de que ten\u00eda fiebre pero el term\u00f3metro no me sienta bien;)<\/p>\n<p>En lugar de obligarme a sentarme frente al espejo de maquillaje, pens\u00e9 en volver a publicar una publicaci\u00f3n antigua, una publicaci\u00f3n que yo mismo creo que es muy &quot;\u00fatil&quot; en realidad :)<\/p>\n<p>&nbsp;<\/p>\n<p>\u00bfVas a trabajar durante el d\u00eda y luego tienes prisa para prepararte para la fiesta por la noche?<\/p>\n<p>\u00a1Aqu\u00ed est\u00e1n mis mejores consejos para convertir r\u00e1pidamente un maquillaje diario en un look de fiesta!<\/p>\n<p><a href=\"http:\/\/www.imakeyousmile.se\/es\/favorit-i-repris-fran-vardag-till-party\/untitled-1-4\/\" rel=\"attachment wp-att-6492\"><img loading=\"lazy\" decoding=\"async\" class=\"alignnone size-large wp-image-6492\" title=\"Sin t\u00edtulo-1\" src=\"http:\/\/www.imakeyousmile.se\/wp-content\/uploads\/2013\/06\/Untitled-1-1024x742.jpg\" alt=\"\" width=\"980\" height=\"710\" srcset=\"https:\/\/www.imakeyousmile.se\/wp-content\/uploads\/2013\/06\/Untitled-1-1024x742.jpg 1024w, https:\/\/www.imakeyousmile.se\/wp-content\/uploads\/2013\/06\/Untitled-1-300x217.jpg 300w, https:\/\/www.imakeyousmile.se\/wp-content\/uploads\/2013\/06\/Untitled-1-940x681.jpg 940w, https:\/\/www.imakeyousmile.se\/wp-content\/uploads\/2013\/06\/Untitled-1-620x449.jpg 620w\" sizes=\"(max-width: 980px) 100vw, 980px\" \/><\/a><\/p>\n<p>Antes despu\u00e9s<\/p>\n<p><a href=\"http:\/\/www.imakeyousmile.se\/es\/favorit-i-repris-fran-vardag-till-party\/img_1056\/\" rel=\"attachment wp-att-6486\"><img loading=\"lazy\" decoding=\"async\" class=\"alignnone size-large wp-image-6486\" title=\"IMG_1056\" src=\"http:\/\/www.imakeyousmile.se\/wp-content\/uploads\/2013\/06\/IMG_1056-670x1024.jpg\" alt=\"\" width=\"670\" height=\"1024\" srcset=\"https:\/\/www.imakeyousmile.se\/wp-content\/uploads\/2013\/06\/IMG_1056-670x1024.jpg 670w, https:\/\/www.imakeyousmile.se\/wp-content\/uploads\/2013\/06\/IMG_1056-196x300.jpg 196w, https:\/\/www.imakeyousmile.se\/wp-content\/uploads\/2013\/06\/IMG_1056.jpg 1368w\" sizes=\"(max-width: 670px) 100vw, 670px\" \/><\/a><\/p>\n<p><strong>Paso 1. \u00a1Desnatador!<\/strong><\/p>\n<p>Ilumina la mirada con una sombra de ojos clara brillante en el rabillo del ojo y debajo de la ceja.<\/p>\n<p><a href=\"https:\/\/ion.lyko.com\/t\/t?a=1117786221&#038;as=1548102449&#038;t=2&#038;tk=1&#038;epi=search-replace-eyeshadow&#038;url=https:\/\/lyko.com\/sv\/sok?q=%C3%B6gonskugga\" target=\"_blank\"><em>El tono favorito de Annika<\/em><\/a><\/p>\n<p><a href=\"http:\/\/www.imakeyousmile.se\/es\/favorit-i-repris-fran-vardag-till-party\/img_1066\/\" rel=\"attachment wp-att-6487\"><img loading=\"lazy\" decoding=\"async\" class=\"alignnone size-large wp-image-6487\" title=\"IMG_1066\" src=\"http:\/\/www.imakeyousmile.se\/wp-content\/uploads\/2013\/06\/IMG_1066-673x1024.jpg\" alt=\"\" width=\"673\" height=\"1024\" srcset=\"https:\/\/www.imakeyousmile.se\/wp-content\/uploads\/2013\/06\/IMG_1066-673x1024.jpg 673w, https:\/\/www.imakeyousmile.se\/wp-content\/uploads\/2013\/06\/IMG_1066-197x300.jpg 197w, https:\/\/www.imakeyousmile.se\/wp-content\/uploads\/2013\/06\/IMG_1066-620x942.jpg 620w, https:\/\/www.imakeyousmile.se\/wp-content\/uploads\/2013\/06\/IMG_1066.jpg 1276w\" sizes=\"(max-width: 673px) 100vw, 673px\" \/><\/a><\/p>\n<p><strong>Paso 2. Ojos intensos con delineador de ojos negro.<\/strong><\/p>\n<p>Enmarcar el look con un l\u00e1piz delineador de ojos es incre\u00edblemente efectivo y tambi\u00e9n se puede hacer r\u00e1pidamente.<\/p>\n<p><a href=\"https:\/\/ion.lyko.com\/t\/t?a=1117786221&#038;as=1548102449&#038;t=2&#038;tk=1&#038;epi=search-replace-lorealkhol&#038;url=https:\/\/lyko.com\/sv\/loreal-paris\/loreal-paris-superliner-le-khol-pure-esp\"><em>L&#039;Or\u00e9al Paris Contour Kh\u00f4l<\/em><\/a>.<\/p>\n<p><a href=\"http:\/\/www.imakeyousmile.se\/es\/favorit-i-repris-fran-vardag-till-party\/img_1082\/\" rel=\"attachment wp-att-6488\"><img loading=\"lazy\" decoding=\"async\" class=\"alignnone size-large wp-image-6488\" title=\"IMG_1082\" src=\"http:\/\/www.imakeyousmile.se\/wp-content\/uploads\/2013\/06\/IMG_1082-708x1024.jpg\" alt=\"\" width=\"708\" height=\"1024\" srcset=\"https:\/\/www.imakeyousmile.se\/wp-content\/uploads\/2013\/06\/IMG_1082-708x1024.jpg 708w, https:\/\/www.imakeyousmile.se\/wp-content\/uploads\/2013\/06\/IMG_1082-207x300.jpg 207w, https:\/\/www.imakeyousmile.se\/wp-content\/uploads\/2013\/06\/IMG_1082-940x1358.jpg 940w, https:\/\/www.imakeyousmile.se\/wp-content\/uploads\/2013\/06\/IMG_1082-620x896.jpg 620w, https:\/\/www.imakeyousmile.se\/wp-content\/uploads\/2013\/06\/IMG_1082.jpg 1771w\" sizes=\"(max-width: 708px) 100vw, 708px\" \/><\/a><\/p>\n<p><strong>Paso 3. Brillo de labios \/ l\u00e1piz.<\/strong><\/p>\n<p><strong><\/strong><span style=\"font-size: 13px; line-height: 19px;\">Poner algo en los labios inmediatamente da una sensaci\u00f3n m\u00e1s festiva \/ lujosa. Con un l\u00e1piz labial rojo, por ejemplo, puedes tener cualquier maquillaje natural y aun as\u00ed estar listo para la fiesta.<\/span><\/p>\n<p><a href=\"http:\/\/www.imakeyousmile.se\/es\/favorit-i-repris-fran-vardag-till-party\/img_1094\/\" rel=\"attachment wp-att-6489\"><img loading=\"lazy\" decoding=\"async\" class=\"alignnone size-large wp-image-6489\" title=\"IMG_1094\" src=\"http:\/\/www.imakeyousmile.se\/wp-content\/uploads\/2013\/06\/IMG_1094-690x1024.jpg\" alt=\"\" width=\"690\" height=\"1024\" srcset=\"https:\/\/www.imakeyousmile.se\/wp-content\/uploads\/2013\/06\/IMG_1094-690x1024.jpg 690w, https:\/\/www.imakeyousmile.se\/wp-content\/uploads\/2013\/06\/IMG_1094-202x300.jpg 202w, https:\/\/www.imakeyousmile.se\/wp-content\/uploads\/2013\/06\/IMG_1094-940x1393.jpg 940w, https:\/\/www.imakeyousmile.se\/wp-content\/uploads\/2013\/06\/IMG_1094.jpg 1344w\" sizes=\"(max-width: 690px) 100vw, 690px\" \/><\/a><\/p>\n<p><strong>Paso 4. Sombra de ojos oscura.<\/strong><\/p>\n<p>Calma la mirada aplicando una sombra oscura (<em>ex. marr\u00f3n, negro, azul marino<\/em>) en la punta del ojo.<\/p>\n<p>Utilizo una sombra negra de una paleta de Smashbox Kiss &#039;n Tell, que desafortunadamente ya no est\u00e1 disponible para su compra.<\/p>\n<p><a href=\"http:\/\/www.imakeyousmile.se\/es\/favorit-i-repris-fran-vardag-till-party\/img_1162\/\" rel=\"attachment wp-att-6491\"><img loading=\"lazy\" decoding=\"async\" class=\"alignnone size-large wp-image-6491\" title=\"IMG_1162\" src=\"http:\/\/www.imakeyousmile.se\/wp-content\/uploads\/2013\/06\/IMG_1162-704x1024.jpg\" alt=\"\" width=\"704\" height=\"1024\" srcset=\"https:\/\/www.imakeyousmile.se\/wp-content\/uploads\/2013\/06\/IMG_1162-704x1024.jpg 704w, https:\/\/www.imakeyousmile.se\/wp-content\/uploads\/2013\/06\/IMG_1162-206x300.jpg 206w, https:\/\/www.imakeyousmile.se\/wp-content\/uploads\/2013\/06\/IMG_1162.jpg 1396w\" sizes=\"(max-width: 704px) 100vw, 704px\" \/><\/a><\/p>\n<p><strong>Paso 5. \u00a1Brillo!<\/strong><\/p>\n<p>\u00a1Glitter es el mejor amigo del amigo de la fiesta! Cubre todo el p\u00e1rpado o como detalle.<\/p>\n<p><a href=\"https:\/\/ion.lyko.com\/t\/t?a=1117786221&#038;as=1548102449&#038;t=2&#038;tk=1&#038;epi=search-replace-musglitter&#038;url=https:\/\/lyko.com\/sv\/sok?q=make+up+store+glitter\" target=\"_blank\"><em>Tienda de maquillaje Glitter (holograma, pavo real)<\/em><\/a><\/p>\n<p><a href=\"http:\/\/www.imakeyousmile.se\/es\/favorit-i-repris-fran-vardag-till-party\/img_1150\/\" rel=\"attachment wp-att-6490\"><img loading=\"lazy\" decoding=\"async\" class=\"alignnone size-large wp-image-6490\" title=\"IMG_1150\" src=\"http:\/\/www.imakeyousmile.se\/wp-content\/uploads\/2013\/06\/IMG_1150-709x1024.jpg\" alt=\"\" width=\"709\" height=\"1024\" srcset=\"https:\/\/www.imakeyousmile.se\/wp-content\/uploads\/2013\/06\/IMG_1150-709x1024.jpg 709w, https:\/\/www.imakeyousmile.se\/wp-content\/uploads\/2013\/06\/IMG_1150-207x300.jpg 207w, https:\/\/www.imakeyousmile.se\/wp-content\/uploads\/2013\/06\/IMG_1150-940x1357.jpg 940w, https:\/\/www.imakeyousmile.se\/wp-content\/uploads\/2013\/06\/IMG_1150-620x895.jpg 620w, https:\/\/www.imakeyousmile.se\/wp-content\/uploads\/2013\/06\/IMG_1150.jpg 1773w\" sizes=\"(max-width: 709px) 100vw, 709px\" \/><\/a><\/p>\n<p><strong>Paso 6. Rojo.<br \/>\n<\/strong>Tambi\u00e9n puede animar el rostro para poner un poco m\u00e1s de rubor en las mejillas.<\/p>\n<p>&nbsp;<\/p>\n<p><strong>\u00a1Entonces est\u00e1s listo para rockear!<\/strong><\/p>\n<p>- He planeado hacerlo el s\u00e1bado, cuando mi buena amiga Hanna celebre su vig\u00e9simo cumplea\u00f1os. As\u00ed que ahora me dar\u00e9 una ducha caliente y luego me meter\u00e9 debajo de las mantas para mejorar :)<\/p>\n<p>\u00a1Beso!<\/p>","protected":false},"excerpt":{"rendered":"<p>K\u00e4nner mig lite krasslig&#8230; Ont i halsen, snorig o.s.v. men fr\u00e4mst s\u00e5 j\u00e4kla slut i kroppen\/huvudet! Var helt s\u00e4ker p\u00e5 att jag hade feber men termometern h\u00e5ller inte med mig ;) Ist\u00e4llet f\u00f6r att tvinga mig sj\u00e4lv att sitta framf\u00f6r sminkspegeln s\u00e5 t\u00e4nkte jag publicera ett gammalt inl\u00e4gg igen, ett inl\u00e4gg som jag sj\u00e4lv tycker [&hellip;]<\/p>\n","protected":false},"author":30,"featured_media":0,"comment_status":"open","ping_status":"closed","sticky":false,"template":"","format":"standard","meta":{"footnotes":""},"categories":[59],"tags":[340,826],"class_list":["post-6483","post","type-post","status-publish","format-standard","hentry","category-recensioner-produkttips","tag-snabb-partysminkning","tag-vardagssminkning-till-partysminkning"],"yoast_head":"<!-- This site is optimized with the Yoast SEO Premium plugin v14.9 - https:\/\/yoast.com\/wordpress\/plugins\/seo\/ -->\n<meta name=\"description\" content=\"Favorit i repris - Fr\u00e5n vardag till party | Helena Amiley - H\u00e4r hittar du senaste infromation om sk\u00f6nhet, livsstil, entrepren\u00f6rskap, makeup &amp; tips.\" \/>\n<meta name=\"robots\" content=\"index, follow, max-snippet:-1, max-image-preview:large, max-video-preview:-1\" \/>\n<link rel=\"canonical\" href=\"https:\/\/www.imakeyousmile.se\/es\/favorit-i-repris-fran-vardag-till-party\/\" \/>\n<meta property=\"og:locale\" content=\"es_ES\" \/>\n<meta property=\"og:type\" content=\"article\" \/>\n<meta property=\"og:title\" content=\"Favorit i repris - Fr\u00e5n vardag till party | Imakeyousmile.se\" \/>\n<meta property=\"og:description\" content=\"Favorit i repris - Fr\u00e5n vardag till party | Helena Amiley - H\u00e4r hittar du senaste infromation om sk\u00f6nhet, livsstil, entrepren\u00f6rskap, makeup &amp; tips.\" \/>\n<meta property=\"og:url\" content=\"https:\/\/www.imakeyousmile.se\/es\/favorit-i-repris-fran-vardag-till-party\/\" \/>\n<meta property=\"og:site_name\" content=\"Imakeyousmile.se\" \/>\n<meta property=\"article:author\" content=\"https:\/\/www.facebook.com\/imakeyousmile.se\" \/>\n<meta property=\"article:published_time\" content=\"2013-06-27T18:32:03+00:00\" \/>\n<meta property=\"og:image\" content=\"http:\/\/www.imakeyousmile.se\/wp-content\/uploads\/2013\/06\/Untitled-1-1024x742.jpg\" \/>\n<meta name=\"twitter:card\" content=\"summary_large_image\" \/>\n<script type=\"application\/ld+json\" class=\"yoast-schema-graph\">{\"@context\":\"https:\/\/schema.org\",\"@graph\":[{\"@type\":\"Organization\",\"@id\":\"https:\/\/www.imakeyousmile.se\/es\/#organization\",\"name\":\"Imakeyousmile\",\"url\":\"https:\/\/www.imakeyousmile.se\/es\/\",\"sameAs\":[],\"logo\":{\"@type\":\"ImageObject\",\"@id\":\"https:\/\/www.imakeyousmile.se\/es\/#logo\",\"inLanguage\":\"es\",\"url\":\"https:\/\/www.imakeyousmile.se\/wp-content\/uploads\/2020\/10\/HELENA-AMILEY_SVART-1-e1603367975324.png\",\"width\":280,\"height\":93,\"caption\":\"Imakeyousmile\"},\"image\":{\"@id\":\"https:\/\/www.imakeyousmile.se\/es\/#logo\"}},{\"@type\":\"WebSite\",\"@id\":\"https:\/\/www.imakeyousmile.se\/es\/#website\",\"url\":\"https:\/\/www.imakeyousmile.se\/es\/\",\"name\":\"Imakeyousmile.se\",\"description\":\"Helena Amiley - Beauty, Entrepreneur, Lifestyle\",\"publisher\":{\"@id\":\"https:\/\/www.imakeyousmile.se\/es\/#organization\"},\"potentialAction\":[{\"@type\":\"SearchAction\",\"target\":\"https:\/\/www.imakeyousmile.se\/es\/?s={search_term_string}\",\"query-input\":\"required name=search_term_string\"}],\"inLanguage\":\"es\"},{\"@type\":\"ImageObject\",\"@id\":\"https:\/\/www.imakeyousmile.se\/favorit-i-repris-fran-vardag-till-party\/#primaryimage\",\"inLanguage\":\"es\",\"url\":\"http:\/\/www.imakeyousmile.se\/wp-content\/uploads\/2013\/06\/Untitled-1-1024x742.jpg\"},{\"@type\":\"WebPage\",\"@id\":\"https:\/\/www.imakeyousmile.se\/favorit-i-repris-fran-vardag-till-party\/#webpage\",\"url\":\"https:\/\/www.imakeyousmile.se\/favorit-i-repris-fran-vardag-till-party\/\",\"name\":\"Favorit i repris - Fr\\u00e5n vardag till party | Imakeyousmile.se\",\"isPartOf\":{\"@id\":\"https:\/\/www.imakeyousmile.se\/es\/#website\"},\"primaryImageOfPage\":{\"@id\":\"https:\/\/www.imakeyousmile.se\/favorit-i-repris-fran-vardag-till-party\/#primaryimage\"},\"datePublished\":\"2013-06-27T18:32:03+00:00\",\"dateModified\":\"2013-06-27T18:32:03+00:00\",\"description\":\"Favorit i repris - Fr\\u00e5n vardag till party | Helena Amiley - H\\u00e4r hittar du senaste infromation om sk\\u00f6nhet, livsstil, entrepren\\u00f6rskap, makeup & tips.\",\"inLanguage\":\"es\",\"potentialAction\":[{\"@type\":\"ReadAction\",\"target\":[\"https:\/\/www.imakeyousmile.se\/favorit-i-repris-fran-vardag-till-party\/\"]}]},{\"@type\":\"Article\",\"@id\":\"https:\/\/www.imakeyousmile.se\/favorit-i-repris-fran-vardag-till-party\/#article\",\"isPartOf\":{\"@id\":\"https:\/\/www.imakeyousmile.se\/favorit-i-repris-fran-vardag-till-party\/#webpage\"},\"author\":{\"@id\":\"https:\/\/www.imakeyousmile.se\/es\/#\/schema\/person\/b0fd43b1c6bb1c60cfd68bff9b4a10fb\"},\"headline\":\"Favorit i repris &#8211; Fr\\u00e5n vardag till party\",\"datePublished\":\"2013-06-27T18:32:03+00:00\",\"dateModified\":\"2013-06-27T18:32:03+00:00\",\"mainEntityOfPage\":{\"@id\":\"https:\/\/www.imakeyousmile.se\/favorit-i-repris-fran-vardag-till-party\/#webpage\"},\"commentCount\":0,\"publisher\":{\"@id\":\"https:\/\/www.imakeyousmile.se\/es\/#organization\"},\"image\":{\"@id\":\"https:\/\/www.imakeyousmile.se\/favorit-i-repris-fran-vardag-till-party\/#primaryimage\"},\"keywords\":\"snabb partysminkning,vardagssminkning till partysminkning\",\"articleSection\":\"Recensioner &amp; Produkttips\",\"inLanguage\":\"es\",\"potentialAction\":[{\"@type\":\"CommentAction\",\"name\":\"Comment\",\"target\":[\"https:\/\/www.imakeyousmile.se\/favorit-i-repris-fran-vardag-till-party\/#respond\"]}]},{\"@type\":\"Person\",\"@id\":\"https:\/\/www.imakeyousmile.se\/es\/#\/schema\/person\/b0fd43b1c6bb1c60cfd68bff9b4a10fb\",\"name\":\"Helena Amiley\",\"image\":{\"@type\":\"ImageObject\",\"@id\":\"https:\/\/www.imakeyousmile.se\/es\/#personlogo\",\"inLanguage\":\"es\",\"url\":\"https:\/\/secure.gravatar.com\/avatar\/5645558e1e355457a23368d7e1b4c904?s=96&d=mm&r=g\",\"caption\":\"Helena Amiley\"},\"description\":\"Jag skriver mest om sk\\u00f6nhet men bjuder \\u00e4ven p\\u00e5 glimtar fr\\u00e5n entrepren\\u00f6rlivet och bygget av v\\u00e5r egen camper van. Vanlife here we come!\",\"sameAs\":[\"https:\/\/www.facebook.com\/imakeyousmile.se\",\"https:\/\/www.instagram.com\/helenaamiley\",\"https:\/\/www.youtube.com\/channel\/UCR5iB6rvpV6Yr8ZjpQfr5mg?view_as=subscriber\"]}]}<\/script>\n<!-- \/ Yoast SEO Premium plugin. -->","_links":{"self":[{"href":"https:\/\/www.imakeyousmile.se\/es\/wp-json\/wp\/v2\/posts\/6483"}],"collection":[{"href":"https:\/\/www.imakeyousmile.se\/es\/wp-json\/wp\/v2\/posts"}],"about":[{"href":"https:\/\/www.imakeyousmile.se\/es\/wp-json\/wp\/v2\/types\/post"}],"author":[{"embeddable":true,"href":"https:\/\/www.imakeyousmile.se\/es\/wp-json\/wp\/v2\/users\/30"}],"replies":[{"embeddable":true,"href":"https:\/\/www.imakeyousmile.se\/es\/wp-json\/wp\/v2\/comments?post=6483"}],"version-history":[{"count":0,"href":"https:\/\/www.imakeyousmile.se\/es\/wp-json\/wp\/v2\/posts\/6483\/revisions"}],"wp:attachment":[{"href":"https:\/\/www.imakeyousmile.se\/es\/wp-json\/wp\/v2\/media?parent=6483"}],"wp:term":[{"taxonomy":"category","embeddable":true,"href":"https:\/\/www.imakeyousmile.se\/es\/wp-json\/wp\/v2\/categories?post=6483"},{"taxonomy":"post_tag","embeddable":true,"href":"https:\/\/www.imakeyousmile.se\/es\/wp-json\/wp\/v2\/tags?post=6483"}],"curies":[{"name":"wp","href":"https:\/\/api.w.org\/{rel}","templated":true}]}}