{"id":6499,"date":"2013-06-28T22:03:09","date_gmt":"2013-06-28T20:03:09","guid":{"rendered":"http:\/\/www.imakeyousmile.se\/?p=6499"},"modified":"2014-08-16T13:01:39","modified_gmt":"2014-08-16T11:01:39","slug":"fredagens-partysminkning-2","status":"publish","type":"post","link":"https:\/\/www.imakeyousmile.se\/es\/maquillaje-de-fiesta-del-viernes-2\/","title":{"rendered":"Maquillaje de fiesta del viernes!"},"content":{"rendered":"<p><span style=\"font-size: large; line-height: 19px;\">He hecho dos maquillajes como este en la ramita de la tarde, pero con la nariz mocosa me siento extremadamente cansada, descuidada y desmotivada.<\/span><\/p>\n<p><span style=\"font-size: large; line-height: 19px;\">Incre\u00edblemente no fotog\u00e9nico adem\u00e1s, sensaci\u00f3n de querer tirar la c\u00e1mara en la pared, jaja.<\/span><\/p>\n<p><span style=\"font-size: large;\">\u00a0<\/span><\/p>\n<p><span style=\"font-size: large;\">Bueno, aqu\u00ed viene el maquillaje de fiesta de hoy de todos modos.<\/span><\/p>\n<p><span style=\"font-size: large;\">Espero que les guste y solo yo soy autocr\u00edtico con las fotos :)<\/span><\/p>\n<p>&nbsp;<\/p>\n<p><a href=\"http:\/\/www.imakeyousmile.se\/es\/fredagens-partysminkning-2\/img_3239-kopia\/\" rel=\"attachment wp-att-6501\"><img loading=\"lazy\" decoding=\"async\" class=\"alignnone size-large wp-image-6501\" title=\"IMG_3239 - copiar\" src=\"http:\/\/www.imakeyousmile.se\/wp-content\/uploads\/2013\/06\/IMG_3239-kopia-1024x626.jpg\" alt=\"\" width=\"980\" height=\"599\" srcset=\"https:\/\/www.imakeyousmile.se\/wp-content\/uploads\/2013\/06\/IMG_3239-kopia-1024x626.jpg 1024w, https:\/\/www.imakeyousmile.se\/wp-content\/uploads\/2013\/06\/IMG_3239-kopia-300x183.jpg 300w, https:\/\/www.imakeyousmile.se\/wp-content\/uploads\/2013\/06\/IMG_3239-kopia-940x575.jpg 940w, https:\/\/www.imakeyousmile.se\/wp-content\/uploads\/2013\/06\/IMG_3239-kopia-620x379.jpg 620w\" sizes=\"(max-width: 980px) 100vw, 980px\" \/><\/a><\/p>\n<p>Por alguna raz\u00f3n, siempre pienso que el color de mis ojos es tan bonito cuando uso la sombra de ojos verde, aunque no es un color complementario que deba enfatizarse.<\/p>\n<p><a href=\"http:\/\/www.imakeyousmile.se\/es\/fredagens-partysminkning-2\/img_3239\/\" rel=\"attachment wp-att-6502\"><img loading=\"lazy\" decoding=\"async\" class=\"alignnone size-large wp-image-6502\" title=\"IMG_3239\" src=\"http:\/\/www.imakeyousmile.se\/wp-content\/uploads\/2013\/06\/IMG_3239-963x1024.jpg\" alt=\"\" width=\"963\" height=\"1024\" srcset=\"https:\/\/www.imakeyousmile.se\/wp-content\/uploads\/2013\/06\/IMG_3239-963x1024.jpg 963w, https:\/\/www.imakeyousmile.se\/wp-content\/uploads\/2013\/06\/IMG_3239-282x300.jpg 282w, https:\/\/www.imakeyousmile.se\/wp-content\/uploads\/2013\/06\/IMG_3239-940x999.jpg 940w, https:\/\/www.imakeyousmile.se\/wp-content\/uploads\/2013\/06\/IMG_3239-620x659.jpg 620w, https:\/\/www.imakeyousmile.se\/wp-content\/uploads\/2013\/06\/IMG_3239.jpg 1588w\" sizes=\"(max-width: 963px) 100vw, 963px\" \/><\/a><\/p>\n<p>Todas las sombras de ojos son de<a href=\"https:\/\/ion.lyko.com\/t\/t?a=1117786221&#038;as=1548102449&#038;t=2&#038;tk=1&#038;epi=search-replace-paletter&#038;url=https:\/\/lyko.com\/sv\/smink\/paletter\" target=\"_blank\"> paleta iMys 40<\/a> (\u00a1se espera que vuelva a estar disponible a principios de la pr\u00f3xima semana!)<\/p>\n<p>La sombra de ojos negro carb\u00f3n es de, sin embargo <a href=\"https:\/\/ion.lyko.com\/t\/t?a=1117786221&#038;as=1548102449&#038;t=2&#038;tk=1&#038;url=https:\/\/lyko.com\/sv\/maria-akerberg\/maria-akerberg-eyeshadow-raven\/\" target=\"_blank\">gloMinerales<\/a> :)<\/p>\n<p><a href=\"http:\/\/www.imakeyousmile.se\/es\/fredagens-partysminkning-2\/img_3234\/\" rel=\"attachment wp-att-6500\"><img loading=\"lazy\" decoding=\"async\" class=\"alignnone size-large wp-image-6500\" title=\"IMG_3234\" src=\"http:\/\/www.imakeyousmile.se\/wp-content\/uploads\/2013\/06\/IMG_3234-807x1024.jpg\" alt=\"\" width=\"807\" height=\"1024\" srcset=\"https:\/\/www.imakeyousmile.se\/wp-content\/uploads\/2013\/06\/IMG_3234-807x1024.jpg 807w, https:\/\/www.imakeyousmile.se\/wp-content\/uploads\/2013\/06\/IMG_3234-236x300.jpg 236w, https:\/\/www.imakeyousmile.se\/wp-content\/uploads\/2013\/06\/IMG_3234-940x1192.jpg 940w, https:\/\/www.imakeyousmile.se\/wp-content\/uploads\/2013\/06\/IMG_3234-620x786.jpg 620w\" sizes=\"(max-width: 807px) 100vw, 807px\" \/><\/a><\/p>\n<p>Labios, <a href=\"https:\/\/ion.lyko.com\/t\/t?a=1117786221&#038;as=1548102449&#038;t=2&#038;tk=1&#038;epi=search-replace-lumene&#038;url=https:\/\/lyko.com\/sv\/lumene\" target=\"_blank\">Sorbete labial milagroso de frambuesa Lumene (17 Come Into Flower)<\/a><\/p>\n<h2><\/h2>\n<p>No, \u00a1ahora me animar\u00e9 un poco con una taza de t\u00e9 y Celine Dion!<\/p>\n<p>Realmente deber\u00eda descansar tal vez ... Pero ma\u00f1ana habr\u00e1 una fiesta del 20 aniversario en Str\u00e4ngn\u00e4s, y como extra\u00f1o tanto a mis chicas de secundaria, \u00a1parece una obviedad! Puedes descansar en la tumba :)<\/p>\n<p>&nbsp;<\/p>\n<p>\u00a1\u00a1\u00a1Beso!!!<\/p>","protected":false},"excerpt":{"rendered":"<p>Har gjort tv\u00e5 sminkningar s\u00e5h\u00e4r p\u00e5 kv\u00e4llskvisten, men med snorig n\u00e4sa s\u00e5 blir jag s\u00e5 extremt less, slarvig och omotiverad. Otroligt ofotogenisk dessutom, vill-sl\u00e4nga-kameran-i-v\u00e4ggen-k\u00e4nsla, haha. \u00a0 N\u00e5v\u00e4l, h\u00e4r kommer dagens partysminkning i alla fall. Hoppas ni gillar den och det bara \u00e4r jag som \u00e4r sj\u00e4lvkritisk \u00f6ver bilderna :) &nbsp; Jag tycker av n\u00e5gon anledning [&hellip;]<\/p>\n","protected":false},"author":30,"featured_media":0,"comment_status":"open","ping_status":"closed","sticky":false,"template":"","format":"standard","meta":{"footnotes":""},"categories":[3],"tags":[],"class_list":["post-6499","post","type-post","status-publish","format-standard","hentry","category-allmant"],"yoast_head":"<!-- This site is optimized with the Yoast SEO Premium plugin v14.9 - https:\/\/yoast.com\/wordpress\/plugins\/seo\/ -->\n<meta name=\"description\" content=\"Fredagens partysminkning! | Helena Amiley - H\u00e4r hittar du senaste infromation om sk\u00f6nhet, livsstil, entrepren\u00f6rskap, makeup &amp; tips.\" \/>\n<meta name=\"robots\" content=\"index, follow, max-snippet:-1, max-image-preview:large, max-video-preview:-1\" \/>\n<link rel=\"canonical\" href=\"https:\/\/www.imakeyousmile.se\/es\/fredagens-partysminkning-2\/\" \/>\n<meta property=\"og:locale\" content=\"es_ES\" \/>\n<meta property=\"og:type\" content=\"article\" \/>\n<meta property=\"og:title\" content=\"Fredagens partysminkning! | Imakeyousmile.se\" \/>\n<meta property=\"og:description\" content=\"Fredagens partysminkning! | Helena Amiley - H\u00e4r hittar du senaste infromation om sk\u00f6nhet, livsstil, entrepren\u00f6rskap, makeup &amp; tips.\" \/>\n<meta property=\"og:url\" content=\"https:\/\/www.imakeyousmile.se\/es\/fredagens-partysminkning-2\/\" \/>\n<meta property=\"og:site_name\" content=\"Imakeyousmile.se\" \/>\n<meta property=\"article:author\" content=\"https:\/\/www.facebook.com\/imakeyousmile.se\" \/>\n<meta property=\"article:published_time\" content=\"2013-06-28T20:03:09+00:00\" \/>\n<meta property=\"article:modified_time\" content=\"2014-08-16T11:01:39+00:00\" \/>\n<meta property=\"og:image\" content=\"http:\/\/www.imakeyousmile.se\/wp-content\/uploads\/2013\/06\/IMG_3239-kopia-1024x626.jpg\" \/>\n<meta name=\"twitter:card\" content=\"summary_large_image\" \/>\n<script type=\"application\/ld+json\" class=\"yoast-schema-graph\">{\"@context\":\"https:\/\/schema.org\",\"@graph\":[{\"@type\":\"Organization\",\"@id\":\"https:\/\/www.imakeyousmile.se\/es\/#organization\",\"name\":\"Imakeyousmile\",\"url\":\"https:\/\/www.imakeyousmile.se\/es\/\",\"sameAs\":[],\"logo\":{\"@type\":\"ImageObject\",\"@id\":\"https:\/\/www.imakeyousmile.se\/es\/#logo\",\"inLanguage\":\"es\",\"url\":\"https:\/\/www.imakeyousmile.se\/wp-content\/uploads\/2020\/10\/HELENA-AMILEY_SVART-1-e1603367975324.png\",\"width\":280,\"height\":93,\"caption\":\"Imakeyousmile\"},\"image\":{\"@id\":\"https:\/\/www.imakeyousmile.se\/es\/#logo\"}},{\"@type\":\"WebSite\",\"@id\":\"https:\/\/www.imakeyousmile.se\/es\/#website\",\"url\":\"https:\/\/www.imakeyousmile.se\/es\/\",\"name\":\"Imakeyousmile.se\",\"description\":\"Helena Amiley - Beauty, Entrepreneur, Lifestyle\",\"publisher\":{\"@id\":\"https:\/\/www.imakeyousmile.se\/es\/#organization\"},\"potentialAction\":[{\"@type\":\"SearchAction\",\"target\":\"https:\/\/www.imakeyousmile.se\/es\/?s={search_term_string}\",\"query-input\":\"required name=search_term_string\"}],\"inLanguage\":\"es\"},{\"@type\":\"ImageObject\",\"@id\":\"https:\/\/www.imakeyousmile.se\/fredagens-partysminkning-2\/#primaryimage\",\"inLanguage\":\"es\",\"url\":\"http:\/\/www.imakeyousmile.se\/wp-content\/uploads\/2013\/06\/IMG_3239-kopia-1024x626.jpg\"},{\"@type\":\"WebPage\",\"@id\":\"https:\/\/www.imakeyousmile.se\/fredagens-partysminkning-2\/#webpage\",\"url\":\"https:\/\/www.imakeyousmile.se\/fredagens-partysminkning-2\/\",\"name\":\"Fredagens partysminkning! | Imakeyousmile.se\",\"isPartOf\":{\"@id\":\"https:\/\/www.imakeyousmile.se\/es\/#website\"},\"primaryImageOfPage\":{\"@id\":\"https:\/\/www.imakeyousmile.se\/fredagens-partysminkning-2\/#primaryimage\"},\"datePublished\":\"2013-06-28T20:03:09+00:00\",\"dateModified\":\"2014-08-16T11:01:39+00:00\",\"description\":\"Fredagens partysminkning! | Helena Amiley - H\\u00e4r hittar du senaste infromation om sk\\u00f6nhet, livsstil, entrepren\\u00f6rskap, makeup & tips.\",\"inLanguage\":\"es\",\"potentialAction\":[{\"@type\":\"ReadAction\",\"target\":[\"https:\/\/www.imakeyousmile.se\/fredagens-partysminkning-2\/\"]}]},{\"@type\":\"Article\",\"@id\":\"https:\/\/www.imakeyousmile.se\/fredagens-partysminkning-2\/#article\",\"isPartOf\":{\"@id\":\"https:\/\/www.imakeyousmile.se\/fredagens-partysminkning-2\/#webpage\"},\"author\":{\"@id\":\"https:\/\/www.imakeyousmile.se\/es\/#\/schema\/person\/b0fd43b1c6bb1c60cfd68bff9b4a10fb\"},\"headline\":\"Fredagens partysminkning!\",\"datePublished\":\"2013-06-28T20:03:09+00:00\",\"dateModified\":\"2014-08-16T11:01:39+00:00\",\"mainEntityOfPage\":{\"@id\":\"https:\/\/www.imakeyousmile.se\/fredagens-partysminkning-2\/#webpage\"},\"commentCount\":0,\"publisher\":{\"@id\":\"https:\/\/www.imakeyousmile.se\/es\/#organization\"},\"image\":{\"@id\":\"https:\/\/www.imakeyousmile.se\/fredagens-partysminkning-2\/#primaryimage\"},\"articleSection\":\"\\u00d6vrigt\",\"inLanguage\":\"es\",\"potentialAction\":[{\"@type\":\"CommentAction\",\"name\":\"Comment\",\"target\":[\"https:\/\/www.imakeyousmile.se\/fredagens-partysminkning-2\/#respond\"]}]},{\"@type\":\"Person\",\"@id\":\"https:\/\/www.imakeyousmile.se\/es\/#\/schema\/person\/b0fd43b1c6bb1c60cfd68bff9b4a10fb\",\"name\":\"Helena Amiley\",\"image\":{\"@type\":\"ImageObject\",\"@id\":\"https:\/\/www.imakeyousmile.se\/es\/#personlogo\",\"inLanguage\":\"es\",\"url\":\"https:\/\/secure.gravatar.com\/avatar\/5645558e1e355457a23368d7e1b4c904?s=96&d=mm&r=g\",\"caption\":\"Helena Amiley\"},\"description\":\"Jag skriver mest om sk\\u00f6nhet men bjuder \\u00e4ven p\\u00e5 glimtar fr\\u00e5n entrepren\\u00f6rlivet och bygget av v\\u00e5r egen camper van. Vanlife here we come!\",\"sameAs\":[\"https:\/\/www.facebook.com\/imakeyousmile.se\",\"https:\/\/www.instagram.com\/helenaamiley\",\"https:\/\/www.youtube.com\/channel\/UCR5iB6rvpV6Yr8ZjpQfr5mg?view_as=subscriber\"]}]}<\/script>\n<!-- \/ Yoast SEO Premium plugin. -->","_links":{"self":[{"href":"https:\/\/www.imakeyousmile.se\/es\/wp-json\/wp\/v2\/posts\/6499"}],"collection":[{"href":"https:\/\/www.imakeyousmile.se\/es\/wp-json\/wp\/v2\/posts"}],"about":[{"href":"https:\/\/www.imakeyousmile.se\/es\/wp-json\/wp\/v2\/types\/post"}],"author":[{"embeddable":true,"href":"https:\/\/www.imakeyousmile.se\/es\/wp-json\/wp\/v2\/users\/30"}],"replies":[{"embeddable":true,"href":"https:\/\/www.imakeyousmile.se\/es\/wp-json\/wp\/v2\/comments?post=6499"}],"version-history":[{"count":0,"href":"https:\/\/www.imakeyousmile.se\/es\/wp-json\/wp\/v2\/posts\/6499\/revisions"}],"wp:attachment":[{"href":"https:\/\/www.imakeyousmile.se\/es\/wp-json\/wp\/v2\/media?parent=6499"}],"wp:term":[{"taxonomy":"category","embeddable":true,"href":"https:\/\/www.imakeyousmile.se\/es\/wp-json\/wp\/v2\/categories?post=6499"},{"taxonomy":"post_tag","embeddable":true,"href":"https:\/\/www.imakeyousmile.se\/es\/wp-json\/wp\/v2\/tags?post=6499"}],"curies":[{"name":"wp","href":"https:\/\/api.w.org\/{rel}","templated":true}]}}