{"id":6546,"date":"2013-07-02T13:32:56","date_gmt":"2013-07-02T11:32:56","guid":{"rendered":"http:\/\/www.imakeyousmile.se\/?p=6546"},"modified":"2013-07-02T11:50:02","modified_gmt":"2013-07-02T09:50:02","slug":"lapptatuering-fore-och-efter","status":"publish","type":"post","link":"https:\/\/www.imakeyousmile.se\/es\/parche-tatuaje-antes-y-despues\/","title":{"rendered":"Tatuaje de labios antes y despu\u00e9s"},"content":{"rendered":"<p>Me di cuenta de que nunca publiqu\u00e9 fotos de mi tatuaje de labios cuando estaba<em> heeelt<\/em> claro.<\/p>\n<p>As\u00ed que tanto despu\u00e9s de una nueva visita como en la curaci\u00f3n por segunda vez. Tambi\u00e9n puse un poco de resaltador en el medio del labio y un poco por fuera, para que se vean un poco m\u00e1s llenos :)<\/p>\n<p>&nbsp;<\/p>\n<p>Al tatuarse los labios, puede elegir solo el contorno, un contorno entonado o los labios completos.<\/p>\n<p>Tambi\u00e9n puede optar por seguir la forma por completo, o agrandarlos un poco \/ cambiar la forma.<\/p>\n<p>Y as\u00ed, como escrib\u00ed anteriormente, tambi\u00e9n puede agregar resaltador.<\/p>\n<p>Hay muchos colores diferentes, se discuten juntos en el sitio al observar parcialmente el color de la piel, etc., pero tambi\u00e9n lo que le gusta usar para el brillo de labios.<\/p>\n<p>&nbsp;<\/p>\n<p>Tengo un contorno tonificado + iluminador. Mi color es bastante rojo-rosa oscuro, y he jugado un poco con la forma, pero los labios en s\u00ed no son directamente m\u00e1s grandes.<\/p>\n<p><a href=\"http:\/\/www.imakeyousmile.se\/es\/?attachment_id=6547\" rel=\"attachment wp-att-6547\"><img loading=\"lazy\" decoding=\"async\" class=\"alignnone size-large wp-image-6547\" title=\"0\" src=\"http:\/\/www.imakeyousmile.se\/wp-content\/uploads\/2013\/07\/0-1024x681.jpg\" alt=\"\" width=\"980\" height=\"651\" srcset=\"https:\/\/www.imakeyousmile.se\/wp-content\/uploads\/2013\/07\/0-1024x681.jpg 1024w, https:\/\/www.imakeyousmile.se\/wp-content\/uploads\/2013\/07\/0-300x199.jpg 300w, https:\/\/www.imakeyousmile.se\/wp-content\/uploads\/2013\/07\/0-940x625.jpg 940w, https:\/\/www.imakeyousmile.se\/wp-content\/uploads\/2013\/07\/0-620x412.jpg 620w\" sizes=\"(max-width: 980px) 100vw, 980px\" \/><\/a><\/p>\n<p>antes de<\/p>\n<p><a href=\"http:\/\/www.imakeyousmile.se\/es\/?attachment_id=6548\" rel=\"attachment wp-att-6548\"><img loading=\"lazy\" decoding=\"async\" class=\"alignnone size-large wp-image-6548\" title=\"1\" src=\"http:\/\/www.imakeyousmile.se\/wp-content\/uploads\/2013\/07\/1-1024x701.jpg\" alt=\"\" width=\"980\" height=\"670\" srcset=\"https:\/\/www.imakeyousmile.se\/wp-content\/uploads\/2013\/07\/1-1024x701.jpg 1024w, https:\/\/www.imakeyousmile.se\/wp-content\/uploads\/2013\/07\/1-300x205.jpg 300w, https:\/\/www.imakeyousmile.se\/wp-content\/uploads\/2013\/07\/1-940x643.jpg 940w, https:\/\/www.imakeyousmile.se\/wp-content\/uploads\/2013\/07\/1-620x424.jpg 620w, https:\/\/www.imakeyousmile.se\/wp-content\/uploads\/2013\/07\/1.jpg 1414w\" sizes=\"(max-width: 980px) 100vw, 980px\" \/><\/a><\/p>\n<p>Despu\u00e9s<\/p>\n<p><a href=\"http:\/\/www.imakeyousmile.se\/es\/?attachment_id=6550\" rel=\"attachment wp-att-6550\"><img loading=\"lazy\" decoding=\"async\" class=\"alignnone size-large wp-image-6550\" title=\"IMG_0125\" src=\"http:\/\/www.imakeyousmile.se\/wp-content\/uploads\/2013\/07\/IMG_0125-1024x647.jpg\" alt=\"\" width=\"980\" height=\"619\" srcset=\"https:\/\/www.imakeyousmile.se\/wp-content\/uploads\/2013\/07\/IMG_0125-1024x647.jpg 1024w, https:\/\/www.imakeyousmile.se\/wp-content\/uploads\/2013\/07\/IMG_0125-300x189.jpg 300w, https:\/\/www.imakeyousmile.se\/wp-content\/uploads\/2013\/07\/IMG_0125-940x594.jpg 940w, https:\/\/www.imakeyousmile.se\/wp-content\/uploads\/2013\/07\/IMG_0125-620x391.jpg 620w, https:\/\/www.imakeyousmile.se\/wp-content\/uploads\/2013\/07\/IMG_0125.jpg 1664w\" sizes=\"(max-width: 980px) 100vw, 980px\" \/><\/a><\/p>\n<p>Estaba tan malditamente hinchado despu\u00e9s, jaja.<br \/>\nAl parecer, no era normal hincharse as\u00ed :)<\/p>\n<p><a href=\"http:\/\/www.imakeyousmile.se\/es\/?attachment_id=6549\" rel=\"attachment wp-att-6549\"><img loading=\"lazy\" decoding=\"async\" class=\"alignnone size-large wp-image-6549\" title=\"antes despu\u00e9s del tatuaje de labios\" src=\"http:\/\/www.imakeyousmile.se\/wp-content\/uploads\/2013\/07\/f\u00f6re-efter-l\u00e4pptatuering-1024x331.jpg\" alt=\"\" width=\"980\" height=\"316\" srcset=\"https:\/\/www.imakeyousmile.se\/wp-content\/uploads\/2013\/07\/f\u00f6re-efter-l\u00e4pptatuering-1024x331.jpg 1024w, https:\/\/www.imakeyousmile.se\/wp-content\/uploads\/2013\/07\/f\u00f6re-efter-l\u00e4pptatuering-300x97.jpg 300w, https:\/\/www.imakeyousmile.se\/wp-content\/uploads\/2013\/07\/f\u00f6re-efter-l\u00e4pptatuering-940x304.jpg 940w, https:\/\/www.imakeyousmile.se\/wp-content\/uploads\/2013\/07\/f\u00f6re-efter-l\u00e4pptatuering-620x200.jpg 620w\" sizes=\"(max-width: 980px) 100vw, 980px\" \/><\/a><\/p>\n<p>Como ves, he salido mucho del molde por los lados, para conseguir una forma m\u00e1s suave.<br \/>\nMis labios ten\u00edan un color bastante bonito incluso antes, pero en realidad cambiaba mucho de un d\u00eda a otro.<\/p>\n<p><em>\u00a0<\/em><\/p>\n<p>Como dije antes, he hecho todos mis tatuajes con Annika S\u00f6derlund en Creative Make Up en Uppsala. Realmente la recomiendo, y es importante sentirse seguro al hacer cosas como esta.<\/p>\n<p>Annika tambi\u00e9n tat\u00faa en Estocolmo, en \u00c5land y en algunos lugares m\u00e1s. La lista esta en<a href=\"http:\/\/www.creativemakeup.se\/har-finns-vi\/info_177.html\" target=\"_blank\"> su sitio web<\/a>!<\/p>","protected":false},"excerpt":{"rendered":"<p>Jag kom p\u00e5 att jag aldrig publicerade bilder p\u00e5 min l\u00e4pptatuering n\u00e4r den var heeelt klar. Allts\u00e5 b\u00e5de efter \u00e5terbes\u00f6k, och l\u00e4kning f\u00f6r andra g\u00e5ngen. Jag la ju \u00e4ven i lite highlighter mitt p\u00e5 l\u00e4ppen samt lite utanf\u00f6r, f\u00f6r att f\u00e5 dom att se lite mer fylliga ut :) &nbsp; N\u00e4r man tatuerar l\u00e4pparna s\u00e5 [&hellip;]<\/p>\n","protected":false},"author":30,"featured_media":0,"comment_status":"open","ping_status":"closed","sticky":false,"template":"","format":"standard","meta":{"footnotes":""},"categories":[17,65],"tags":[554,134,550,562,556,831,830],"class_list":["post-6546","post","type-post","status-publish","format-standard","hentry","category-lappar","category-permanent-make-up","tag-creative-make-up","tag-kosmetisk-tatuering","tag-lapptatuering","tag-permanent-makeup","tag-sminktatuering","tag-storre-lappar","tag-tatuera-lapparna"],"yoast_head":"<!-- This site is optimized with the Yoast SEO Premium plugin v14.9 - https:\/\/yoast.com\/wordpress\/plugins\/seo\/ -->\n<meta name=\"description\" content=\"L\u00e4pptatuering f\u00f6re och efter | Helena Amiley - H\u00e4r hittar du senaste infromation om sk\u00f6nhet, livsstil, entrepren\u00f6rskap, makeup &amp; tips.\" \/>\n<meta name=\"robots\" content=\"index, follow, max-snippet:-1, max-image-preview:large, max-video-preview:-1\" \/>\n<link rel=\"canonical\" href=\"https:\/\/www.imakeyousmile.se\/es\/lapptatuering-fore-och-efter\/\" \/>\n<meta property=\"og:locale\" content=\"es_ES\" \/>\n<meta property=\"og:type\" content=\"article\" \/>\n<meta property=\"og:title\" content=\"L\u00e4pptatuering f\u00f6re och efter | Imakeyousmile.se\" \/>\n<meta property=\"og:description\" content=\"L\u00e4pptatuering f\u00f6re och efter | Helena Amiley - H\u00e4r hittar du senaste infromation om sk\u00f6nhet, livsstil, entrepren\u00f6rskap, makeup &amp; tips.\" \/>\n<meta property=\"og:url\" content=\"https:\/\/www.imakeyousmile.se\/es\/lapptatuering-fore-och-efter\/\" \/>\n<meta property=\"og:site_name\" content=\"Imakeyousmile.se\" \/>\n<meta property=\"article:author\" content=\"https:\/\/www.facebook.com\/imakeyousmile.se\" \/>\n<meta property=\"article:published_time\" content=\"2013-07-02T11:32:56+00:00\" \/>\n<meta property=\"article:modified_time\" content=\"2013-07-02T09:50:02+00:00\" \/>\n<meta property=\"og:image\" content=\"http:\/\/www.imakeyousmile.se\/wp-content\/uploads\/2013\/07\/0-1024x681.jpg\" \/>\n<meta name=\"twitter:card\" content=\"summary_large_image\" \/>\n<script type=\"application\/ld+json\" class=\"yoast-schema-graph\">{\"@context\":\"https:\/\/schema.org\",\"@graph\":[{\"@type\":\"Organization\",\"@id\":\"https:\/\/www.imakeyousmile.se\/es\/#organization\",\"name\":\"Imakeyousmile\",\"url\":\"https:\/\/www.imakeyousmile.se\/es\/\",\"sameAs\":[],\"logo\":{\"@type\":\"ImageObject\",\"@id\":\"https:\/\/www.imakeyousmile.se\/es\/#logo\",\"inLanguage\":\"es\",\"url\":\"https:\/\/www.imakeyousmile.se\/wp-content\/uploads\/2020\/10\/HELENA-AMILEY_SVART-1-e1603367975324.png\",\"width\":280,\"height\":93,\"caption\":\"Imakeyousmile\"},\"image\":{\"@id\":\"https:\/\/www.imakeyousmile.se\/es\/#logo\"}},{\"@type\":\"WebSite\",\"@id\":\"https:\/\/www.imakeyousmile.se\/es\/#website\",\"url\":\"https:\/\/www.imakeyousmile.se\/es\/\",\"name\":\"Imakeyousmile.se\",\"description\":\"Helena Amiley - Beauty, Entrepreneur, Lifestyle\",\"publisher\":{\"@id\":\"https:\/\/www.imakeyousmile.se\/es\/#organization\"},\"potentialAction\":[{\"@type\":\"SearchAction\",\"target\":\"https:\/\/www.imakeyousmile.se\/es\/?s={search_term_string}\",\"query-input\":\"required name=search_term_string\"}],\"inLanguage\":\"es\"},{\"@type\":\"ImageObject\",\"@id\":\"https:\/\/www.imakeyousmile.se\/lapptatuering-fore-och-efter\/#primaryimage\",\"inLanguage\":\"es\",\"url\":\"http:\/\/www.imakeyousmile.se\/wp-content\/uploads\/2013\/07\/0-1024x681.jpg\"},{\"@type\":\"WebPage\",\"@id\":\"https:\/\/www.imakeyousmile.se\/lapptatuering-fore-och-efter\/#webpage\",\"url\":\"https:\/\/www.imakeyousmile.se\/lapptatuering-fore-och-efter\/\",\"name\":\"L\\u00e4pptatuering f\\u00f6re och efter | Imakeyousmile.se\",\"isPartOf\":{\"@id\":\"https:\/\/www.imakeyousmile.se\/es\/#website\"},\"primaryImageOfPage\":{\"@id\":\"https:\/\/www.imakeyousmile.se\/lapptatuering-fore-och-efter\/#primaryimage\"},\"datePublished\":\"2013-07-02T11:32:56+00:00\",\"dateModified\":\"2013-07-02T09:50:02+00:00\",\"description\":\"L\\u00e4pptatuering f\\u00f6re och efter | Helena Amiley - H\\u00e4r hittar du senaste infromation om sk\\u00f6nhet, livsstil, entrepren\\u00f6rskap, makeup & tips.\",\"inLanguage\":\"es\",\"potentialAction\":[{\"@type\":\"ReadAction\",\"target\":[\"https:\/\/www.imakeyousmile.se\/lapptatuering-fore-och-efter\/\"]}]},{\"@type\":\"Article\",\"@id\":\"https:\/\/www.imakeyousmile.se\/lapptatuering-fore-och-efter\/#article\",\"isPartOf\":{\"@id\":\"https:\/\/www.imakeyousmile.se\/lapptatuering-fore-och-efter\/#webpage\"},\"author\":{\"@id\":\"https:\/\/www.imakeyousmile.se\/es\/#\/schema\/person\/b0fd43b1c6bb1c60cfd68bff9b4a10fb\"},\"headline\":\"L\\u00e4pptatuering f\\u00f6re och efter\",\"datePublished\":\"2013-07-02T11:32:56+00:00\",\"dateModified\":\"2013-07-02T09:50:02+00:00\",\"mainEntityOfPage\":{\"@id\":\"https:\/\/www.imakeyousmile.se\/lapptatuering-fore-och-efter\/#webpage\"},\"commentCount\":0,\"publisher\":{\"@id\":\"https:\/\/www.imakeyousmile.se\/es\/#organization\"},\"image\":{\"@id\":\"https:\/\/www.imakeyousmile.se\/lapptatuering-fore-och-efter\/#primaryimage\"},\"keywords\":\"creative make up,Kosmetisk tatuering,l\\u00e4pptatuering,permanent makeup,sminktatuering,st\\u00f6rre l\\u00e4ppar,tatuera l\\u00e4pparna\",\"articleSection\":\"L\\u00e4ppar,Permanent makeup\",\"inLanguage\":\"es\",\"potentialAction\":[{\"@type\":\"CommentAction\",\"name\":\"Comment\",\"target\":[\"https:\/\/www.imakeyousmile.se\/lapptatuering-fore-och-efter\/#respond\"]}]},{\"@type\":\"Person\",\"@id\":\"https:\/\/www.imakeyousmile.se\/es\/#\/schema\/person\/b0fd43b1c6bb1c60cfd68bff9b4a10fb\",\"name\":\"Helena Amiley\",\"image\":{\"@type\":\"ImageObject\",\"@id\":\"https:\/\/www.imakeyousmile.se\/es\/#personlogo\",\"inLanguage\":\"es\",\"url\":\"https:\/\/secure.gravatar.com\/avatar\/5645558e1e355457a23368d7e1b4c904?s=96&d=mm&r=g\",\"caption\":\"Helena Amiley\"},\"description\":\"Jag skriver mest om sk\\u00f6nhet men bjuder \\u00e4ven p\\u00e5 glimtar fr\\u00e5n entrepren\\u00f6rlivet och bygget av v\\u00e5r egen camper van. Vanlife here we come!\",\"sameAs\":[\"https:\/\/www.facebook.com\/imakeyousmile.se\",\"https:\/\/www.instagram.com\/helenaamiley\",\"https:\/\/www.youtube.com\/channel\/UCR5iB6rvpV6Yr8ZjpQfr5mg?view_as=subscriber\"]}]}<\/script>\n<!-- \/ Yoast SEO Premium plugin. -->","_links":{"self":[{"href":"https:\/\/www.imakeyousmile.se\/es\/wp-json\/wp\/v2\/posts\/6546"}],"collection":[{"href":"https:\/\/www.imakeyousmile.se\/es\/wp-json\/wp\/v2\/posts"}],"about":[{"href":"https:\/\/www.imakeyousmile.se\/es\/wp-json\/wp\/v2\/types\/post"}],"author":[{"embeddable":true,"href":"https:\/\/www.imakeyousmile.se\/es\/wp-json\/wp\/v2\/users\/30"}],"replies":[{"embeddable":true,"href":"https:\/\/www.imakeyousmile.se\/es\/wp-json\/wp\/v2\/comments?post=6546"}],"version-history":[{"count":0,"href":"https:\/\/www.imakeyousmile.se\/es\/wp-json\/wp\/v2\/posts\/6546\/revisions"}],"wp:attachment":[{"href":"https:\/\/www.imakeyousmile.se\/es\/wp-json\/wp\/v2\/media?parent=6546"}],"wp:term":[{"taxonomy":"category","embeddable":true,"href":"https:\/\/www.imakeyousmile.se\/es\/wp-json\/wp\/v2\/categories?post=6546"},{"taxonomy":"post_tag","embeddable":true,"href":"https:\/\/www.imakeyousmile.se\/es\/wp-json\/wp\/v2\/tags?post=6546"}],"curies":[{"name":"wp","href":"https:\/\/api.w.org\/{rel}","templated":true}]}}