{"id":688,"date":"2012-10-16T12:00:00","date_gmt":"2012-10-16T10:00:00","guid":{"rendered":"http:\/\/www.imakeyousmile.se\/stylistutbildning-lektion-3\/"},"modified":"2012-10-16T12:00:00","modified_gmt":"2012-10-16T10:00:00","slug":"stylistutbildning-lektion-3","status":"publish","type":"post","link":"https:\/\/www.imakeyousmile.se\/es\/entrenamiento-estilista-leccion-3\/","title":{"rendered":"Entrenamiento de estilista - Lecci\u00f3n 3"},"content":{"rendered":"<p>\u00a1La tercera lecci\u00f3n estuvo repleta de datos \u00fatiles!<\/p>\n<p>\u00bfQu\u00e9 deber\u00eda haber empacado en su <span style=\"font-size: x-large;\">bolso de estilista<\/span> cuando ir a trabajar? Entre otras cosas, revisamos alrededor de 70.000 tipos diferentes de cintas.<\/p>\n<p>Tambi\u00e9n tenemos mucho<span style=\"font-size: large;\"> muestras de f\u00e1brica <\/span>que vamos a aprender. Si una persona pide una chaqueta en tejido de tweed, \u00a1debe saber exactamente para qu\u00e9 sirve el tweed! Aqu\u00ed tengo una peque\u00f1a ventaja que ha le\u00eddo antes en Textil, forma y dise\u00f1o. Entonces no tienes que estudiar tanto en esa \u00e1rea;)<\/p>\n<div style=\"clear: both; text-align: center;\"><a href=\"http:\/\/i1092.photobucket.com\/albums\/i412\/isoniemi\/IMG_1134.jpg\" style=\"margin-left: 1em; margin-right: 1em;\"><img loading=\"lazy\" decoding=\"async\" border=\"0\" height=\"640\" src=\"http:\/\/i1092.photobucket.com\/albums\/i412\/isoniemi\/IMG_1134.jpg\" width=\"410\" \/><\/a><\/div>\n<p>Adem\u00e1s, hay muchos conceptos, palabras de la industria y t\u00e9rminos de moda que debemos aprender para no sentir verg\u00fcenza cuando hablamos con los clientes.<\/p>\n<p>Tambi\u00e9n pasamos por diferentes rutinas: c\u00f3mo conseguir un trabajo de estilista, c\u00f3mo pedir prestada <span style=\"font-size: x-large;\">oficina de prensa<\/span> y las diferencias entre trabajar para ex. peri\u00f3dicos y TV.<\/p>\n<p>Si voy a hacer un reportaje de moda para una revista, hoy no puedo llevar ropa colgada en la tienda. Deben estar disponibles para su compra cuando la revista llegue a las tiendas. En la oficina de prensa, puede pedir prestadas prendas &quot;m\u00e1s nuevas&quot;, etc. antes, por ejemplo, de una sesi\u00f3n de fotos.<\/p>\n<p><\/p>\n<div style=\"clear: both; text-align: center;\"><a href=\"http:\/\/i1092.photobucket.com\/albums\/i412\/isoniemi\/IMG_1139.jpg\" style=\"margin-left: 1em; margin-right: 1em;\"><img loading=\"lazy\" decoding=\"async\" border=\"0\" height=\"288\" src=\"http:\/\/i1092.photobucket.com\/albums\/i412\/isoniemi\/IMG_1139.jpg\" width=\"400\" \/><\/a><\/div>\n<div style=\"clear: both; text-align: center;\">\u00a0<\/div>\n<div style=\"clear: both; text-align: center;\">\u00a0<\/div>\n<div style=\"clear: both; text-align: left;\">Dicho esto, \u00a1una lecci\u00f3n con una gran cantidad de hechos!<\/div>\n<div style=\"clear: both; text-align: left;\">\u00a0<\/div>\n<div style=\"clear: both; text-align: left;\">\u00a0<\/div>\n<div style=\"clear: both; text-align: center;\"><span style=\"font-size: large;\">\u00a1La pluma dio un giro completo en el cuaderno!<\/span><\/div>","protected":false},"excerpt":{"rendered":"<p>Den 3:e lektionen var fullsp\u00e4ckad med nyttig fakta! Vad b\u00f6r man\u00a0ha\u00a0packat i sin stylistv\u00e4ska n\u00e4r man ska ut p\u00e5 jobb? Vi gick bland annat igenom typ 70 000 olika sorters tejp! Vi fick \u00e4ven massa tygprover som vi ska l\u00e4ra oss. Om en person ber om en jacka i tweedtyg s\u00e5 m\u00e5ste man veta exakt [&hellip;]<\/p>\n","protected":false},"author":30,"featured_media":0,"comment_status":"open","ping_status":"open","sticky":false,"template":"","format":"standard","meta":{"footnotes":""},"categories":[3],"tags":[],"class_list":["post-688","post","type-post","status-publish","format-standard","hentry","category-allmant"],"yoast_head":"<!-- This site is optimized with the Yoast SEO Premium plugin v14.9 - https:\/\/yoast.com\/wordpress\/plugins\/seo\/ -->\n<meta name=\"description\" content=\"Stylistutbildning - Lektion 3 | Helena Amiley - H\u00e4r hittar du senaste infromation om sk\u00f6nhet, livsstil, entrepren\u00f6rskap, makeup &amp; tips.\" \/>\n<meta name=\"robots\" content=\"index, follow, max-snippet:-1, max-image-preview:large, max-video-preview:-1\" \/>\n<link rel=\"canonical\" href=\"https:\/\/www.imakeyousmile.se\/es\/stylistutbildning-lektion-3\/\" \/>\n<meta property=\"og:locale\" content=\"es_ES\" \/>\n<meta property=\"og:type\" content=\"article\" \/>\n<meta property=\"og:title\" content=\"Stylistutbildning - Lektion 3 | Imakeyousmile.se\" \/>\n<meta property=\"og:description\" content=\"Stylistutbildning - Lektion 3 | Helena Amiley - H\u00e4r hittar du senaste infromation om sk\u00f6nhet, livsstil, entrepren\u00f6rskap, makeup &amp; tips.\" \/>\n<meta property=\"og:url\" content=\"https:\/\/www.imakeyousmile.se\/es\/stylistutbildning-lektion-3\/\" \/>\n<meta property=\"og:site_name\" content=\"Imakeyousmile.se\" \/>\n<meta property=\"article:author\" content=\"https:\/\/www.facebook.com\/imakeyousmile.se\" \/>\n<meta property=\"article:published_time\" content=\"2012-10-16T10:00:00+00:00\" \/>\n<meta property=\"og:image\" content=\"http:\/\/i1092.photobucket.com\/albums\/i412\/isoniemi\/IMG_1134.jpg\" \/>\n<meta name=\"twitter:card\" content=\"summary_large_image\" \/>\n<script type=\"application\/ld+json\" class=\"yoast-schema-graph\">{\"@context\":\"https:\/\/schema.org\",\"@graph\":[{\"@type\":\"Organization\",\"@id\":\"https:\/\/www.imakeyousmile.se\/es\/#organization\",\"name\":\"Imakeyousmile\",\"url\":\"https:\/\/www.imakeyousmile.se\/es\/\",\"sameAs\":[],\"logo\":{\"@type\":\"ImageObject\",\"@id\":\"https:\/\/www.imakeyousmile.se\/es\/#logo\",\"inLanguage\":\"es\",\"url\":\"https:\/\/www.imakeyousmile.se\/wp-content\/uploads\/2020\/10\/HELENA-AMILEY_SVART-1-e1603367975324.png\",\"width\":280,\"height\":93,\"caption\":\"Imakeyousmile\"},\"image\":{\"@id\":\"https:\/\/www.imakeyousmile.se\/es\/#logo\"}},{\"@type\":\"WebSite\",\"@id\":\"https:\/\/www.imakeyousmile.se\/es\/#website\",\"url\":\"https:\/\/www.imakeyousmile.se\/es\/\",\"name\":\"Imakeyousmile.se\",\"description\":\"Helena Amiley - Beauty, Entrepreneur, Lifestyle\",\"publisher\":{\"@id\":\"https:\/\/www.imakeyousmile.se\/es\/#organization\"},\"potentialAction\":[{\"@type\":\"SearchAction\",\"target\":\"https:\/\/www.imakeyousmile.se\/es\/?s={search_term_string}\",\"query-input\":\"required name=search_term_string\"}],\"inLanguage\":\"es\"},{\"@type\":\"ImageObject\",\"@id\":\"https:\/\/www.imakeyousmile.se\/stylistutbildning-lektion-3\/#primaryimage\",\"inLanguage\":\"es\",\"url\":\"http:\/\/i1092.photobucket.com\/albums\/i412\/isoniemi\/IMG_1134.jpg\"},{\"@type\":\"WebPage\",\"@id\":\"https:\/\/www.imakeyousmile.se\/stylistutbildning-lektion-3\/#webpage\",\"url\":\"https:\/\/www.imakeyousmile.se\/stylistutbildning-lektion-3\/\",\"name\":\"Stylistutbildning - Lektion 3 | Imakeyousmile.se\",\"isPartOf\":{\"@id\":\"https:\/\/www.imakeyousmile.se\/es\/#website\"},\"primaryImageOfPage\":{\"@id\":\"https:\/\/www.imakeyousmile.se\/stylistutbildning-lektion-3\/#primaryimage\"},\"datePublished\":\"2012-10-16T10:00:00+00:00\",\"dateModified\":\"2012-10-16T10:00:00+00:00\",\"description\":\"Stylistutbildning - Lektion 3 | Helena Amiley - H\\u00e4r hittar du senaste infromation om sk\\u00f6nhet, livsstil, entrepren\\u00f6rskap, makeup & tips.\",\"inLanguage\":\"es\",\"potentialAction\":[{\"@type\":\"ReadAction\",\"target\":[\"https:\/\/www.imakeyousmile.se\/stylistutbildning-lektion-3\/\"]}]},{\"@type\":\"Article\",\"@id\":\"https:\/\/www.imakeyousmile.se\/stylistutbildning-lektion-3\/#article\",\"isPartOf\":{\"@id\":\"https:\/\/www.imakeyousmile.se\/stylistutbildning-lektion-3\/#webpage\"},\"author\":{\"@id\":\"https:\/\/www.imakeyousmile.se\/es\/#\/schema\/person\/b0fd43b1c6bb1c60cfd68bff9b4a10fb\"},\"headline\":\"Stylistutbildning &#8211; Lektion 3\",\"datePublished\":\"2012-10-16T10:00:00+00:00\",\"dateModified\":\"2012-10-16T10:00:00+00:00\",\"mainEntityOfPage\":{\"@id\":\"https:\/\/www.imakeyousmile.se\/stylistutbildning-lektion-3\/#webpage\"},\"commentCount\":0,\"publisher\":{\"@id\":\"https:\/\/www.imakeyousmile.se\/es\/#organization\"},\"image\":{\"@id\":\"https:\/\/www.imakeyousmile.se\/stylistutbildning-lektion-3\/#primaryimage\"},\"articleSection\":\"\\u00d6vrigt\",\"inLanguage\":\"es\",\"potentialAction\":[{\"@type\":\"CommentAction\",\"name\":\"Comment\",\"target\":[\"https:\/\/www.imakeyousmile.se\/stylistutbildning-lektion-3\/#respond\"]}]},{\"@type\":\"Person\",\"@id\":\"https:\/\/www.imakeyousmile.se\/es\/#\/schema\/person\/b0fd43b1c6bb1c60cfd68bff9b4a10fb\",\"name\":\"Helena Amiley\",\"image\":{\"@type\":\"ImageObject\",\"@id\":\"https:\/\/www.imakeyousmile.se\/es\/#personlogo\",\"inLanguage\":\"es\",\"url\":\"https:\/\/secure.gravatar.com\/avatar\/5645558e1e355457a23368d7e1b4c904?s=96&d=mm&r=g\",\"caption\":\"Helena Amiley\"},\"description\":\"Jag skriver mest om sk\\u00f6nhet men bjuder \\u00e4ven p\\u00e5 glimtar fr\\u00e5n entrepren\\u00f6rlivet och bygget av v\\u00e5r egen camper van. Vanlife here we come!\",\"sameAs\":[\"https:\/\/www.facebook.com\/imakeyousmile.se\",\"https:\/\/www.instagram.com\/helenaamiley\",\"https:\/\/www.youtube.com\/channel\/UCR5iB6rvpV6Yr8ZjpQfr5mg?view_as=subscriber\"]}]}<\/script>\n<!-- \/ Yoast SEO Premium plugin. -->","_links":{"self":[{"href":"https:\/\/www.imakeyousmile.se\/es\/wp-json\/wp\/v2\/posts\/688"}],"collection":[{"href":"https:\/\/www.imakeyousmile.se\/es\/wp-json\/wp\/v2\/posts"}],"about":[{"href":"https:\/\/www.imakeyousmile.se\/es\/wp-json\/wp\/v2\/types\/post"}],"author":[{"embeddable":true,"href":"https:\/\/www.imakeyousmile.se\/es\/wp-json\/wp\/v2\/users\/30"}],"replies":[{"embeddable":true,"href":"https:\/\/www.imakeyousmile.se\/es\/wp-json\/wp\/v2\/comments?post=688"}],"version-history":[{"count":0,"href":"https:\/\/www.imakeyousmile.se\/es\/wp-json\/wp\/v2\/posts\/688\/revisions"}],"wp:attachment":[{"href":"https:\/\/www.imakeyousmile.se\/es\/wp-json\/wp\/v2\/media?parent=688"}],"wp:term":[{"taxonomy":"category","embeddable":true,"href":"https:\/\/www.imakeyousmile.se\/es\/wp-json\/wp\/v2\/categories?post=688"},{"taxonomy":"post_tag","embeddable":true,"href":"https:\/\/www.imakeyousmile.se\/es\/wp-json\/wp\/v2\/tags?post=688"}],"curies":[{"name":"wp","href":"https:\/\/api.w.org\/{rel}","templated":true}]}}