{"id":7070,"date":"2013-08-04T08:12:14","date_gmt":"2013-08-04T06:12:14","guid":{"rendered":"http:\/\/www.imakeyousmile.se\/?p=7070"},"modified":"2013-08-03T15:26:29","modified_gmt":"2013-08-03T13:26:29","slug":"fore-efter-lumene-cc-cream","status":"publish","type":"post","link":"https:\/\/www.imakeyousmile.se\/es\/crema-antes-despues-lumene-cc\/","title":{"rendered":"Antes y despu\u00e9s - Lumene CC Cream"},"content":{"rendered":"<p>Porque recib\u00ed mucha respuesta a mi publicaci\u00f3n sobre <a href=\"https:\/\/ion.lyko.com\/t\/t?a=1117786221&#038;as=1548102449&#038;t=2&#038;tk=1&#038;epi=search-replace-ccream&#038;url=https:\/\/lyko.com\/sv\/smink\/ansikte\/bbccdd-cream?fromsearch=cc%20cream\" target=\"_blank\">Crema CC Lumenes<\/a>, as\u00ed que pens\u00e9 en ofrecer fotos de antes y despu\u00e9s.<\/p>\n<p>No tengo mucho que cubrir ahora en verano cuando mi piel se ha vuelto bastante buena. Pero siempre estoy enrojecido en general, muchas \u00e1reas rojas, \u00a1y cubre esto s\u00faper bien!<\/p>\n<p>Lo aplico con los dedos, y es bueno aplicar una capa extra en los lugares que necesitan m\u00e1s cobertura.<\/p>\n<p><a href=\"http:\/\/www.imakeyousmile.se\/es\/?attachment_id=7071\" rel=\"attachment wp-att-7071\"><img loading=\"lazy\" decoding=\"async\" class=\"alignnone size-large wp-image-7071\" title=\"Antes despu\u00e9s Lumene CC-Cream\" src=\"http:\/\/www.imakeyousmile.se\/wp-content\/uploads\/2013\/08\/F\u00f6re-efter-Lumene-CC-Cream-1024x707.jpg\" alt=\"\" width=\"980\" height=\"676\" srcset=\"https:\/\/www.imakeyousmile.se\/wp-content\/uploads\/2013\/08\/F\u00f6re-efter-Lumene-CC-Cream-1024x707.jpg 1024w, https:\/\/www.imakeyousmile.se\/wp-content\/uploads\/2013\/08\/F\u00f6re-efter-Lumene-CC-Cream-300x207.jpg 300w, https:\/\/www.imakeyousmile.se\/wp-content\/uploads\/2013\/08\/F\u00f6re-efter-Lumene-CC-Cream-940x649.jpg 940w, https:\/\/www.imakeyousmile.se\/wp-content\/uploads\/2013\/08\/F\u00f6re-efter-Lumene-CC-Cream-620x428.jpg 620w\" sizes=\"(max-width: 980px) 100vw, 980px\" \/><\/a><\/p>\n<p>Antes despu\u00e9s<br \/>\nAqu\u00ed he aplicado un polvo suelto transparente para un resultado mate.<\/p>\n<p><a href=\"http:\/\/www.imakeyousmile.se\/es\/?attachment_id=7072\" rel=\"attachment wp-att-7072\"><img loading=\"lazy\" decoding=\"async\" class=\"alignnone size-large wp-image-7072\" title=\"IMG_6538\" src=\"http:\/\/www.imakeyousmile.se\/wp-content\/uploads\/2013\/08\/IMG_6538-735x1024.jpg\" alt=\"\" width=\"735\" height=\"1024\" srcset=\"https:\/\/www.imakeyousmile.se\/wp-content\/uploads\/2013\/08\/IMG_6538-735x1024.jpg 735w, https:\/\/www.imakeyousmile.se\/wp-content\/uploads\/2013\/08\/IMG_6538-215x300.jpg 215w, https:\/\/www.imakeyousmile.se\/wp-content\/uploads\/2013\/08\/IMG_6538-940x1309.jpg 940w, https:\/\/www.imakeyousmile.se\/wp-content\/uploads\/2013\/08\/IMG_6538-620x863.jpg 620w, https:\/\/www.imakeyousmile.se\/wp-content\/uploads\/2013\/08\/IMG_6538.jpg 1838w\" sizes=\"(max-width: 735px) 100vw, 735px\" \/><\/a><\/p>\n<p><a href=\"http:\/\/www.imakeyousmile.se\/es\/?attachment_id=7073\" rel=\"attachment wp-att-7073\"><img loading=\"lazy\" decoding=\"async\" class=\"alignnone size-large wp-image-7073\" title=\"IMG_6551\" src=\"http:\/\/www.imakeyousmile.se\/wp-content\/uploads\/2013\/08\/IMG_6551-756x1024.jpg\" alt=\"\" width=\"756\" height=\"1024\" srcset=\"https:\/\/www.imakeyousmile.se\/wp-content\/uploads\/2013\/08\/IMG_6551-756x1024.jpg 756w, https:\/\/www.imakeyousmile.se\/wp-content\/uploads\/2013\/08\/IMG_6551-221x300.jpg 221w, https:\/\/www.imakeyousmile.se\/wp-content\/uploads\/2013\/08\/IMG_6551-940x1273.jpg 940w, https:\/\/www.imakeyousmile.se\/wp-content\/uploads\/2013\/08\/IMG_6551-620x839.jpg 620w, https:\/\/www.imakeyousmile.se\/wp-content\/uploads\/2013\/08\/IMG_6551.jpg 1890w\" sizes=\"(max-width: 756px) 100vw, 756px\" \/><\/a><\/p>\n<p>Tambi\u00e9n vi que CC-Creamen obtuvo excelentes cr\u00edticas en el sitio web de Kick, por lo que es recomendado por m\u00e1s que solo yo :)<\/p>\n<p><strong>Lo negativo<\/strong> es que solo hay 3 tonos diferentes para elegir. Casi me he vuelto demasiado marr\u00f3n para los m\u00e1s oscuros, mientras que en la primavera estaba casi demasiado p\u00e1lido para los m\u00e1s claros. \u00a1Espero que desarrollen el producto y agreguen m\u00e1s colores!<\/p>\n<p>&nbsp;<\/p>\n<p><strong>\u00a1Pulgares hacia arriba!<\/strong><\/p>","protected":false},"excerpt":{"rendered":"<p>Eftersom jag fick s\u00e5 mycket respons p\u00e5 mitt inl\u00e4gg om Lumenes CC-Cream, s\u00e5 t\u00e4nkte jag bjuda p\u00e5 f\u00f6re -och efterbilder! Jag har inte j\u00e4ttemycket att t\u00e4cka nu p\u00e5 sommaren d\u00e5 min hy blivit ganska bra. Men jag \u00e4r alltid allm\u00e4nt r\u00f6d i ansiktet, m\u00e5nga r\u00f6da omr\u00e5den, och det t\u00e4cker denna superbra! Jag applicerar med fingrarna, [&hellip;]<\/p>\n","protected":false},"author":30,"featured_media":0,"comment_status":"open","ping_status":"closed","sticky":false,"template":"","format":"standard","meta":{"footnotes":""},"categories":[24,59],"tags":[516,520,519,913],"class_list":["post-7070","post","type-post","status-publish","format-standard","hentry","category-grundsmink","category-recensioner-produkttips","tag-cc-cream","tag-color-correcting-cream","tag-lumene-cc-cream","tag-lumene-fore-och-efter"],"yoast_head":"<!-- This site is optimized with the Yoast SEO Premium plugin v14.9 - https:\/\/yoast.com\/wordpress\/plugins\/seo\/ -->\n<meta name=\"description\" content=\"F\u00f6re &amp; Efter - Lumene CC Cream | Helena Amiley - H\u00e4r hittar du senaste infromation om sk\u00f6nhet, livsstil, entrepren\u00f6rskap, makeup &amp; tips.\" \/>\n<meta name=\"robots\" content=\"index, follow, max-snippet:-1, max-image-preview:large, max-video-preview:-1\" \/>\n<link rel=\"canonical\" href=\"https:\/\/www.imakeyousmile.se\/es\/fore-efter-lumene-cc-cream\/\" \/>\n<meta property=\"og:locale\" content=\"es_ES\" \/>\n<meta property=\"og:type\" content=\"article\" \/>\n<meta property=\"og:title\" content=\"F\u00f6re &amp; Efter - Lumene CC Cream | Imakeyousmile.se\" \/>\n<meta property=\"og:description\" content=\"F\u00f6re &amp; Efter - Lumene CC Cream | Helena Amiley - H\u00e4r hittar du senaste infromation om sk\u00f6nhet, livsstil, entrepren\u00f6rskap, makeup &amp; tips.\" \/>\n<meta property=\"og:url\" content=\"https:\/\/www.imakeyousmile.se\/es\/fore-efter-lumene-cc-cream\/\" \/>\n<meta property=\"og:site_name\" content=\"Imakeyousmile.se\" \/>\n<meta property=\"article:author\" content=\"https:\/\/www.facebook.com\/imakeyousmile.se\" \/>\n<meta property=\"article:published_time\" content=\"2013-08-04T06:12:14+00:00\" \/>\n<meta property=\"article:modified_time\" content=\"2013-08-03T13:26:29+00:00\" \/>\n<meta property=\"og:image\" content=\"http:\/\/www.imakeyousmile.se\/wp-content\/uploads\/2013\/08\/F\u00f6re-efter-Lumene-CC-Cream-1024x707.jpg\" \/>\n<meta name=\"twitter:card\" content=\"summary_large_image\" \/>\n<script type=\"application\/ld+json\" class=\"yoast-schema-graph\">{\"@context\":\"https:\/\/schema.org\",\"@graph\":[{\"@type\":\"Organization\",\"@id\":\"https:\/\/www.imakeyousmile.se\/es\/#organization\",\"name\":\"Imakeyousmile\",\"url\":\"https:\/\/www.imakeyousmile.se\/es\/\",\"sameAs\":[],\"logo\":{\"@type\":\"ImageObject\",\"@id\":\"https:\/\/www.imakeyousmile.se\/es\/#logo\",\"inLanguage\":\"es\",\"url\":\"https:\/\/www.imakeyousmile.se\/wp-content\/uploads\/2020\/10\/HELENA-AMILEY_SVART-1-e1603367975324.png\",\"width\":280,\"height\":93,\"caption\":\"Imakeyousmile\"},\"image\":{\"@id\":\"https:\/\/www.imakeyousmile.se\/es\/#logo\"}},{\"@type\":\"WebSite\",\"@id\":\"https:\/\/www.imakeyousmile.se\/es\/#website\",\"url\":\"https:\/\/www.imakeyousmile.se\/es\/\",\"name\":\"Imakeyousmile.se\",\"description\":\"Helena Amiley - Beauty, Entrepreneur, Lifestyle\",\"publisher\":{\"@id\":\"https:\/\/www.imakeyousmile.se\/es\/#organization\"},\"potentialAction\":[{\"@type\":\"SearchAction\",\"target\":\"https:\/\/www.imakeyousmile.se\/es\/?s={search_term_string}\",\"query-input\":\"required name=search_term_string\"}],\"inLanguage\":\"es\"},{\"@type\":\"ImageObject\",\"@id\":\"https:\/\/www.imakeyousmile.se\/fore-efter-lumene-cc-cream\/#primaryimage\",\"inLanguage\":\"es\",\"url\":\"http:\/\/www.imakeyousmile.se\/wp-content\/uploads\/2013\/08\/F\\u00f6re-efter-Lumene-CC-Cream-1024x707.jpg\"},{\"@type\":\"WebPage\",\"@id\":\"https:\/\/www.imakeyousmile.se\/fore-efter-lumene-cc-cream\/#webpage\",\"url\":\"https:\/\/www.imakeyousmile.se\/fore-efter-lumene-cc-cream\/\",\"name\":\"F\\u00f6re & Efter - Lumene CC Cream | Imakeyousmile.se\",\"isPartOf\":{\"@id\":\"https:\/\/www.imakeyousmile.se\/es\/#website\"},\"primaryImageOfPage\":{\"@id\":\"https:\/\/www.imakeyousmile.se\/fore-efter-lumene-cc-cream\/#primaryimage\"},\"datePublished\":\"2013-08-04T06:12:14+00:00\",\"dateModified\":\"2013-08-03T13:26:29+00:00\",\"description\":\"F\\u00f6re & Efter - Lumene CC Cream | Helena Amiley - H\\u00e4r hittar du senaste infromation om sk\\u00f6nhet, livsstil, entrepren\\u00f6rskap, makeup & tips.\",\"inLanguage\":\"es\",\"potentialAction\":[{\"@type\":\"ReadAction\",\"target\":[\"https:\/\/www.imakeyousmile.se\/fore-efter-lumene-cc-cream\/\"]}]},{\"@type\":\"Article\",\"@id\":\"https:\/\/www.imakeyousmile.se\/fore-efter-lumene-cc-cream\/#article\",\"isPartOf\":{\"@id\":\"https:\/\/www.imakeyousmile.se\/fore-efter-lumene-cc-cream\/#webpage\"},\"author\":{\"@id\":\"https:\/\/www.imakeyousmile.se\/es\/#\/schema\/person\/b0fd43b1c6bb1c60cfd68bff9b4a10fb\"},\"headline\":\"F\\u00f6re &#038; Efter &#8211; Lumene CC Cream\",\"datePublished\":\"2013-08-04T06:12:14+00:00\",\"dateModified\":\"2013-08-03T13:26:29+00:00\",\"mainEntityOfPage\":{\"@id\":\"https:\/\/www.imakeyousmile.se\/fore-efter-lumene-cc-cream\/#webpage\"},\"commentCount\":0,\"publisher\":{\"@id\":\"https:\/\/www.imakeyousmile.se\/es\/#organization\"},\"image\":{\"@id\":\"https:\/\/www.imakeyousmile.se\/fore-efter-lumene-cc-cream\/#primaryimage\"},\"keywords\":\"cc cream,color correcting cream,lumene cc cream,lumene f\\u00f6re och efter\",\"articleSection\":\"Bassmink,Recensioner &amp; Produkttips\",\"inLanguage\":\"es\",\"potentialAction\":[{\"@type\":\"CommentAction\",\"name\":\"Comment\",\"target\":[\"https:\/\/www.imakeyousmile.se\/fore-efter-lumene-cc-cream\/#respond\"]}]},{\"@type\":\"Person\",\"@id\":\"https:\/\/www.imakeyousmile.se\/es\/#\/schema\/person\/b0fd43b1c6bb1c60cfd68bff9b4a10fb\",\"name\":\"Helena Amiley\",\"image\":{\"@type\":\"ImageObject\",\"@id\":\"https:\/\/www.imakeyousmile.se\/es\/#personlogo\",\"inLanguage\":\"es\",\"url\":\"https:\/\/secure.gravatar.com\/avatar\/5645558e1e355457a23368d7e1b4c904?s=96&d=mm&r=g\",\"caption\":\"Helena Amiley\"},\"description\":\"Jag skriver mest om sk\\u00f6nhet men bjuder \\u00e4ven p\\u00e5 glimtar fr\\u00e5n entrepren\\u00f6rlivet och bygget av v\\u00e5r egen camper van. Vanlife here we come!\",\"sameAs\":[\"https:\/\/www.facebook.com\/imakeyousmile.se\",\"https:\/\/www.instagram.com\/helenaamiley\",\"https:\/\/www.youtube.com\/channel\/UCR5iB6rvpV6Yr8ZjpQfr5mg?view_as=subscriber\"]}]}<\/script>\n<!-- \/ Yoast SEO Premium plugin. -->","_links":{"self":[{"href":"https:\/\/www.imakeyousmile.se\/es\/wp-json\/wp\/v2\/posts\/7070"}],"collection":[{"href":"https:\/\/www.imakeyousmile.se\/es\/wp-json\/wp\/v2\/posts"}],"about":[{"href":"https:\/\/www.imakeyousmile.se\/es\/wp-json\/wp\/v2\/types\/post"}],"author":[{"embeddable":true,"href":"https:\/\/www.imakeyousmile.se\/es\/wp-json\/wp\/v2\/users\/30"}],"replies":[{"embeddable":true,"href":"https:\/\/www.imakeyousmile.se\/es\/wp-json\/wp\/v2\/comments?post=7070"}],"version-history":[{"count":0,"href":"https:\/\/www.imakeyousmile.se\/es\/wp-json\/wp\/v2\/posts\/7070\/revisions"}],"wp:attachment":[{"href":"https:\/\/www.imakeyousmile.se\/es\/wp-json\/wp\/v2\/media?parent=7070"}],"wp:term":[{"taxonomy":"category","embeddable":true,"href":"https:\/\/www.imakeyousmile.se\/es\/wp-json\/wp\/v2\/categories?post=7070"},{"taxonomy":"post_tag","embeddable":true,"href":"https:\/\/www.imakeyousmile.se\/es\/wp-json\/wp\/v2\/tags?post=7070"}],"curies":[{"name":"wp","href":"https:\/\/api.w.org\/{rel}","templated":true}]}}