{"id":7077,"date":"2013-08-05T08:04:47","date_gmt":"2013-08-05T06:04:47","guid":{"rendered":"http:\/\/www.imakeyousmile.se\/?p=7077"},"modified":"2014-08-16T10:54:00","modified_gmt":"2014-08-16T08:54:00","slug":"lady-in-pink","status":"publish","type":"post","link":"https:\/\/www.imakeyousmile.se\/es\/dama-de-rosa\/","title":{"rendered":"Dama de rosa"},"content":{"rendered":"<p>Me he convertido en un gran admirador del rosa cuando se trata de maquillaje, \u00a1creo que es tan divino!<\/p>\n<p><a href=\"http:\/\/www.imakeyousmile.se\/es\/lady-in-pink\/img_5352-kopia\/\" rel=\"attachment wp-att-7078\"><img loading=\"lazy\" decoding=\"async\" class=\"alignnone size-large wp-image-7078\" title=\"IMG_5352 - copiar\" src=\"http:\/\/www.imakeyousmile.se\/wp-content\/uploads\/2013\/08\/IMG_5352-kopia-1024x647.jpg\" alt=\"\" width=\"980\" height=\"619\" srcset=\"https:\/\/www.imakeyousmile.se\/wp-content\/uploads\/2013\/08\/IMG_5352-kopia-1024x647.jpg 1024w, https:\/\/www.imakeyousmile.se\/wp-content\/uploads\/2013\/08\/IMG_5352-kopia-300x189.jpg 300w, https:\/\/www.imakeyousmile.se\/wp-content\/uploads\/2013\/08\/IMG_5352-kopia-940x594.jpg 940w, https:\/\/www.imakeyousmile.se\/wp-content\/uploads\/2013\/08\/IMG_5352-kopia-620x391.jpg 620w\" sizes=\"(max-width: 980px) 100vw, 980px\" \/><\/a><\/p>\n<p>Maquillaje de fiesta rosa<\/p>\n<p><a href=\"http:\/\/www.imakeyousmile.se\/es\/lady-in-pink\/img_5352\/\" rel=\"attachment wp-att-7079\"><img loading=\"lazy\" decoding=\"async\" class=\"alignnone size-large wp-image-7079\" title=\"IMG_5352\" src=\"http:\/\/www.imakeyousmile.se\/wp-content\/uploads\/2013\/08\/IMG_5352-953x1024.jpg\" alt=\"\" width=\"953\" height=\"1024\" srcset=\"https:\/\/www.imakeyousmile.se\/wp-content\/uploads\/2013\/08\/IMG_5352-953x1024.jpg 953w, https:\/\/www.imakeyousmile.se\/wp-content\/uploads\/2013\/08\/IMG_5352-279x300.jpg 279w, https:\/\/www.imakeyousmile.se\/wp-content\/uploads\/2013\/08\/IMG_5352-940x1009.jpg 940w, https:\/\/www.imakeyousmile.se\/wp-content\/uploads\/2013\/08\/IMG_5352-620x665.jpg 620w, https:\/\/www.imakeyousmile.se\/wp-content\/uploads\/2013\/08\/IMG_5352.jpg 1716w\" sizes=\"(max-width: 953px) 100vw, 953px\" \/><\/a><\/p>\n<p>Todas las sombras de ojos son de<a href=\"https:\/\/ion.lyko.com\/t\/t?a=1117786221&#038;as=1548102449&#038;t=2&#038;tk=1&#038;epi=search-replace-paletter&#038;url=https:\/\/lyko.com\/sv\/smink\/paletter\" target=\"_blank\"> Paleta iMys 40<\/a>.<\/p>\n<p><strong><span style=\"color: #ff99cc;\">Sombra de ojos rosa claro<\/span><\/strong> m\u00e1s profundo en el p\u00e1rpado.<br \/>\n<strong><span style=\"color: #ffcc99;\">Sombra de ojos clara<\/span><\/strong> En el rabillo del ojo.<br \/>\n<strong><span style=\"color: #ff00ff;\">Sombra de ojos rosa<\/span><\/strong> en el resto del p\u00e1rpado.<br \/>\n<strong><span style=\"color: #000000;\">Sombra de ojos negra<\/span><\/strong> a lo largo de la l\u00ednea del globo y al final de la l\u00ednea de las pesta\u00f1as inferiores.<\/p>\n<p><strong><span style=\"color: #000000;\">Delineador de ojos negro<\/span><\/strong> a lo largo de la l\u00ednea de flotaci\u00f3n y la l\u00ednea de las pesta\u00f1as superiores, <em>L\u00e1piz de ojos de precisi\u00f3n gloMinerals.<\/em><br \/>\n<strong><span style=\"color: #999999;\">Delineador de ojos plateado brillante<\/span><\/strong> a lo largo de la l\u00ednea de las pesta\u00f1as inferiores,<em> Delineador de ojos con purpurina Peggy Sage (plateado)<\/em><br \/>\n<strong><span style=\"color: #000000;\">R\u00edmel negro<\/span> <\/strong>en todas las pesta\u00f1as, <em>M\u00e1scara de pesta\u00f1as Peggy Sage Dreamy Cils.\u00a0<\/em><\/p>\n<p><a href=\"http:\/\/www.imakeyousmile.se\/es\/lady-in-pink\/img_5364\/\" rel=\"attachment wp-att-7080\"><img loading=\"lazy\" decoding=\"async\" class=\"alignnone size-large wp-image-7080\" title=\"IMG_5364\" src=\"http:\/\/www.imakeyousmile.se\/wp-content\/uploads\/2013\/08\/IMG_5364-748x1024.jpg\" alt=\"\" width=\"748\" height=\"1024\" srcset=\"https:\/\/www.imakeyousmile.se\/wp-content\/uploads\/2013\/08\/IMG_5364-748x1024.jpg 748w, https:\/\/www.imakeyousmile.se\/wp-content\/uploads\/2013\/08\/IMG_5364-219x300.jpg 219w, https:\/\/www.imakeyousmile.se\/wp-content\/uploads\/2013\/08\/IMG_5364-940x1286.jpg 940w, https:\/\/www.imakeyousmile.se\/wp-content\/uploads\/2013\/08\/IMG_5364-620x848.jpg 620w, https:\/\/www.imakeyousmile.se\/wp-content\/uploads\/2013\/08\/IMG_5364.jpg 1870w\" sizes=\"(max-width: 748px) 100vw, 748px\" \/><\/a><\/p>\n<p><strong>\u00a1Beso abrazo!<\/strong><\/p>","protected":false},"excerpt":{"rendered":"<p>Jag har blivit ett stort fan av rosa n\u00e4r det kommer till smink, tycker att det \u00e4r s\u00e5 himla fint! Rosa partysminkning Alla \u00f6gonskuggor \u00e4r fr\u00e5n iMys 40 Palett. Ljusrosa \u00f6gonskugga innerst p\u00e5 \u00f6gonlocket. Ljus \u00f6gonvskugga i \u00f6gonvr\u00e5n. Rosa \u00f6gonskugga p\u00e5 resten av \u00f6gonlocket. Svart \u00f6gonskugga l\u00e4ngs globlinjen och ytterst p\u00e5 undre fransraden. Svart kajalpenna [&hellip;]<\/p>\n","protected":false},"author":30,"featured_media":7078,"comment_status":"open","ping_status":"closed","sticky":false,"template":"","format":"standard","meta":{"footnotes":""},"categories":[9],"tags":[532,881,531],"class_list":["post-7077","post","type-post","status-publish","format-standard","has-post-thumbnail","hentry","category-partysminkningar","tag-rosa-ogonskugga","tag-rosa-partysminkning","tag-rosa-sminkning"],"yoast_head":"<!-- This site is optimized with the Yoast SEO Premium plugin v14.9 - https:\/\/yoast.com\/wordpress\/plugins\/seo\/ -->\n<meta name=\"description\" content=\"Lady in Pink | Helena Amiley - H\u00e4r hittar du senaste infromation om sk\u00f6nhet, livsstil, entrepren\u00f6rskap, makeup &amp; tips.\" \/>\n<meta name=\"robots\" content=\"index, follow, max-snippet:-1, max-image-preview:large, max-video-preview:-1\" \/>\n<link rel=\"canonical\" href=\"https:\/\/www.imakeyousmile.se\/es\/lady-in-pink\/\" \/>\n<meta property=\"og:locale\" content=\"es_ES\" \/>\n<meta property=\"og:type\" content=\"article\" \/>\n<meta property=\"og:title\" content=\"Lady in Pink | Imakeyousmile.se\" \/>\n<meta property=\"og:description\" content=\"Lady in Pink | Helena Amiley - H\u00e4r hittar du senaste infromation om sk\u00f6nhet, livsstil, entrepren\u00f6rskap, makeup &amp; tips.\" \/>\n<meta property=\"og:url\" content=\"https:\/\/www.imakeyousmile.se\/es\/lady-in-pink\/\" \/>\n<meta property=\"og:site_name\" content=\"Imakeyousmile.se\" \/>\n<meta property=\"article:author\" content=\"https:\/\/www.facebook.com\/imakeyousmile.se\" \/>\n<meta property=\"article:published_time\" content=\"2013-08-05T06:04:47+00:00\" \/>\n<meta property=\"article:modified_time\" content=\"2014-08-16T08:54:00+00:00\" \/>\n<meta property=\"og:image\" content=\"https:\/\/www.imakeyousmile.se\/wp-content\/uploads\/2013\/08\/IMG_5352-kopia.jpg\" \/>\n\t<meta property=\"og:image:width\" content=\"2560\" \/>\n\t<meta property=\"og:image:height\" content=\"1618\" \/>\n<meta name=\"twitter:card\" content=\"summary_large_image\" \/>\n<script type=\"application\/ld+json\" class=\"yoast-schema-graph\">{\"@context\":\"https:\/\/schema.org\",\"@graph\":[{\"@type\":\"Organization\",\"@id\":\"https:\/\/www.imakeyousmile.se\/es\/#organization\",\"name\":\"Imakeyousmile\",\"url\":\"https:\/\/www.imakeyousmile.se\/es\/\",\"sameAs\":[],\"logo\":{\"@type\":\"ImageObject\",\"@id\":\"https:\/\/www.imakeyousmile.se\/es\/#logo\",\"inLanguage\":\"es\",\"url\":\"https:\/\/www.imakeyousmile.se\/wp-content\/uploads\/2020\/10\/HELENA-AMILEY_SVART-1-e1603367975324.png\",\"width\":280,\"height\":93,\"caption\":\"Imakeyousmile\"},\"image\":{\"@id\":\"https:\/\/www.imakeyousmile.se\/es\/#logo\"}},{\"@type\":\"WebSite\",\"@id\":\"https:\/\/www.imakeyousmile.se\/es\/#website\",\"url\":\"https:\/\/www.imakeyousmile.se\/es\/\",\"name\":\"Imakeyousmile.se\",\"description\":\"Helena Amiley - Beauty, Entrepreneur, Lifestyle\",\"publisher\":{\"@id\":\"https:\/\/www.imakeyousmile.se\/es\/#organization\"},\"potentialAction\":[{\"@type\":\"SearchAction\",\"target\":\"https:\/\/www.imakeyousmile.se\/es\/?s={search_term_string}\",\"query-input\":\"required name=search_term_string\"}],\"inLanguage\":\"es\"},{\"@type\":\"ImageObject\",\"@id\":\"https:\/\/www.imakeyousmile.se\/lady-in-pink\/#primaryimage\",\"inLanguage\":\"es\",\"url\":\"https:\/\/www.imakeyousmile.se\/wp-content\/uploads\/2013\/08\/IMG_5352-kopia.jpg\",\"width\":2560,\"height\":1618},{\"@type\":\"WebPage\",\"@id\":\"https:\/\/www.imakeyousmile.se\/lady-in-pink\/#webpage\",\"url\":\"https:\/\/www.imakeyousmile.se\/lady-in-pink\/\",\"name\":\"Lady in Pink | Imakeyousmile.se\",\"isPartOf\":{\"@id\":\"https:\/\/www.imakeyousmile.se\/es\/#website\"},\"primaryImageOfPage\":{\"@id\":\"https:\/\/www.imakeyousmile.se\/lady-in-pink\/#primaryimage\"},\"datePublished\":\"2013-08-05T06:04:47+00:00\",\"dateModified\":\"2014-08-16T08:54:00+00:00\",\"description\":\"Lady in Pink | Helena Amiley - H\\u00e4r hittar du senaste infromation om sk\\u00f6nhet, livsstil, entrepren\\u00f6rskap, makeup & tips.\",\"inLanguage\":\"es\",\"potentialAction\":[{\"@type\":\"ReadAction\",\"target\":[\"https:\/\/www.imakeyousmile.se\/lady-in-pink\/\"]}]},{\"@type\":\"Article\",\"@id\":\"https:\/\/www.imakeyousmile.se\/lady-in-pink\/#article\",\"isPartOf\":{\"@id\":\"https:\/\/www.imakeyousmile.se\/lady-in-pink\/#webpage\"},\"author\":{\"@id\":\"https:\/\/www.imakeyousmile.se\/es\/#\/schema\/person\/b0fd43b1c6bb1c60cfd68bff9b4a10fb\"},\"headline\":\"Lady in Pink\",\"datePublished\":\"2013-08-05T06:04:47+00:00\",\"dateModified\":\"2014-08-16T08:54:00+00:00\",\"mainEntityOfPage\":{\"@id\":\"https:\/\/www.imakeyousmile.se\/lady-in-pink\/#webpage\"},\"commentCount\":0,\"publisher\":{\"@id\":\"https:\/\/www.imakeyousmile.se\/es\/#organization\"},\"image\":{\"@id\":\"https:\/\/www.imakeyousmile.se\/lady-in-pink\/#primaryimage\"},\"keywords\":\"rosa \\u00f6gonskugga,rosa partysminkning,rosa sminkning\",\"articleSection\":\"M\\u00f6rka \/ festliga sminkningar\",\"inLanguage\":\"es\",\"potentialAction\":[{\"@type\":\"CommentAction\",\"name\":\"Comment\",\"target\":[\"https:\/\/www.imakeyousmile.se\/lady-in-pink\/#respond\"]}]},{\"@type\":\"Person\",\"@id\":\"https:\/\/www.imakeyousmile.se\/es\/#\/schema\/person\/b0fd43b1c6bb1c60cfd68bff9b4a10fb\",\"name\":\"Helena Amiley\",\"image\":{\"@type\":\"ImageObject\",\"@id\":\"https:\/\/www.imakeyousmile.se\/es\/#personlogo\",\"inLanguage\":\"es\",\"url\":\"https:\/\/secure.gravatar.com\/avatar\/5645558e1e355457a23368d7e1b4c904?s=96&d=mm&r=g\",\"caption\":\"Helena Amiley\"},\"description\":\"Jag skriver mest om sk\\u00f6nhet men bjuder \\u00e4ven p\\u00e5 glimtar fr\\u00e5n entrepren\\u00f6rlivet och bygget av v\\u00e5r egen camper van. Vanlife here we come!\",\"sameAs\":[\"https:\/\/www.facebook.com\/imakeyousmile.se\",\"https:\/\/www.instagram.com\/helenaamiley\",\"https:\/\/www.youtube.com\/channel\/UCR5iB6rvpV6Yr8ZjpQfr5mg?view_as=subscriber\"]}]}<\/script>\n<!-- \/ Yoast SEO Premium plugin. -->","_links":{"self":[{"href":"https:\/\/www.imakeyousmile.se\/es\/wp-json\/wp\/v2\/posts\/7077"}],"collection":[{"href":"https:\/\/www.imakeyousmile.se\/es\/wp-json\/wp\/v2\/posts"}],"about":[{"href":"https:\/\/www.imakeyousmile.se\/es\/wp-json\/wp\/v2\/types\/post"}],"author":[{"embeddable":true,"href":"https:\/\/www.imakeyousmile.se\/es\/wp-json\/wp\/v2\/users\/30"}],"replies":[{"embeddable":true,"href":"https:\/\/www.imakeyousmile.se\/es\/wp-json\/wp\/v2\/comments?post=7077"}],"version-history":[{"count":0,"href":"https:\/\/www.imakeyousmile.se\/es\/wp-json\/wp\/v2\/posts\/7077\/revisions"}],"wp:featuredmedia":[{"embeddable":true,"href":"https:\/\/www.imakeyousmile.se\/es\/wp-json\/wp\/v2\/media\/7078"}],"wp:attachment":[{"href":"https:\/\/www.imakeyousmile.se\/es\/wp-json\/wp\/v2\/media?parent=7077"}],"wp:term":[{"taxonomy":"category","embeddable":true,"href":"https:\/\/www.imakeyousmile.se\/es\/wp-json\/wp\/v2\/categories?post=7077"},{"taxonomy":"post_tag","embeddable":true,"href":"https:\/\/www.imakeyousmile.se\/es\/wp-json\/wp\/v2\/tags?post=7077"}],"curies":[{"name":"wp","href":"https:\/\/api.w.org\/{rel}","templated":true}]}}