{"id":737,"date":"2012-09-27T07:00:00","date_gmt":"2012-09-27T05:00:00","guid":{"rendered":"http:\/\/www.imakeyousmile.se\/kajalpenna-till-inre-fransraden\/"},"modified":"2012-09-27T07:00:00","modified_gmt":"2012-09-27T05:00:00","slug":"kajalpenna-till-inre-fransraden","status":"publish","type":"post","link":"https:\/\/www.imakeyousmile.se\/es\/delineador-de-ojos-al-interior-de-las-pestanas\/","title":{"rendered":"Bol\u00edgrafo Kajal para la l\u00ednea interior de las pesta\u00f1as"},"content":{"rendered":"<p><span dir=\"ltr\">Jossan<\/span>  sa\u2026<br \/><em>&quot;\u00a1Hola!<br \/>Me acabo de encontrar aqu\u00ed y me gusta mucho tu sitio. Qu\u00e9 bonito maquillaje haces y cu\u00e1ntos consejos recibo :)<br \/>Si quieres un delineador de ojos azul en la l\u00ednea interior de las pesta\u00f1as inferiores, \u00bftienes alg\u00fan consejo sobre lo que puedes usar?<\/p>\n<p>Seguir\u00e9 mir\u00e1ndote contigo :) &quot;<\/em><\/p>\n<p><strong>Respuesta: \u00a1\u00a1Qu\u00e9 divertido escuchar !! :) Para la l\u00ednea interior de las pesta\u00f1as, recomiendo un delineador de ojos resistente al agua para que se asiente el mayor tiempo posible. Mi favorito es <em>Delineador de ojos resistente al agua de Yves Rocher<\/em>! Tengo el color turquesa, pero tambi\u00e9n est\u00e1 disponible en azul.<\/strong><\/p>\n<div style=\"clear: both; text-align: center;\"><a href=\"http:\/\/i1092.photobucket.com\/albums\/i412\/isoniemi\/36310.jpg\" style=\"margin-left: 1em; margin-right: 1em;\"><img loading=\"lazy\" decoding=\"async\" border=\"0\" height=\"400\" src=\"http:\/\/i1092.photobucket.com\/albums\/i412\/isoniemi\/36310.jpg\" width=\"377\" \/><\/a><\/div>\n<div style=\"clear: both; text-align: center;\">\u00a0<\/div>\n<div style=\"clear: both; text-align: center;\"><em><strong>\u00a1Solo cuesta SEK 89! Disponible para compra <\/strong><a href=\"https:\/\/dot.yves-rocher.se\/t\/t?a=138068268&#038;as=1548102449&#038;t=2&#038;tk=1&#038;epi=search-replace-yveskajal&#038;url=https:\/\/www.yves-rocher.se\/smink\/ogon\/ogonpenna-och-eyeliner\/c\/23200\"><strong><span style=\"font-size: large;\">aqu\u00ed<\/span><span style=\"font-size: small;\">.<\/span><\/strong><\/a><\/em><\/div>\n<div style=\"clear: both; text-align: center;\">\u00a0<\/div>","protected":false},"excerpt":{"rendered":"<p>Jossan sa&#8230;&#8221;Hej!Jag har precis hittat hit och gillar verkligen din sida.. Vad mycket snygga sminkningar du g\u00f6r och vad mycket tips jag f\u00e5r :)Om man vill ha en bl\u00e5 kajal p\u00e5 inre nedre fransraden har du ngt tips p\u00e5 vad man kan anv\u00e4nda? Jag kommer forts\u00e4tta kika in hos dig :)&#8221; Svar: Vad roligt att [&hellip;]<\/p>\n","protected":false},"author":30,"featured_media":0,"comment_status":"open","ping_status":"open","sticky":false,"template":"","format":"standard","meta":{"footnotes":""},"categories":[59],"tags":[],"class_list":["post-737","post","type-post","status-publish","format-standard","hentry","category-recensioner-produkttips"],"yoast_head":"<!-- This site is optimized with the Yoast SEO Premium plugin v14.9 - https:\/\/yoast.com\/wordpress\/plugins\/seo\/ -->\n<meta name=\"description\" content=\"Kajalpenna till inre fransraden | Helena Amiley - H\u00e4r hittar du senaste infromation om sk\u00f6nhet, livsstil, entrepren\u00f6rskap, makeup &amp; tips.\" \/>\n<meta name=\"robots\" content=\"index, follow, max-snippet:-1, max-image-preview:large, max-video-preview:-1\" \/>\n<link rel=\"canonical\" href=\"https:\/\/www.imakeyousmile.se\/es\/kajalpenna-till-inre-fransraden\/\" \/>\n<meta property=\"og:locale\" content=\"es_ES\" \/>\n<meta property=\"og:type\" content=\"article\" \/>\n<meta property=\"og:title\" content=\"Kajalpenna till inre fransraden | Imakeyousmile.se\" \/>\n<meta property=\"og:description\" content=\"Kajalpenna till inre fransraden | Helena Amiley - H\u00e4r hittar du senaste infromation om sk\u00f6nhet, livsstil, entrepren\u00f6rskap, makeup &amp; tips.\" \/>\n<meta property=\"og:url\" content=\"https:\/\/www.imakeyousmile.se\/es\/kajalpenna-till-inre-fransraden\/\" \/>\n<meta property=\"og:site_name\" content=\"Imakeyousmile.se\" \/>\n<meta property=\"article:author\" content=\"https:\/\/www.facebook.com\/imakeyousmile.se\" \/>\n<meta property=\"article:published_time\" content=\"2012-09-27T05:00:00+00:00\" \/>\n<meta property=\"og:image\" content=\"http:\/\/i1092.photobucket.com\/albums\/i412\/isoniemi\/36310.jpg\" \/>\n<meta name=\"twitter:card\" content=\"summary_large_image\" \/>\n<script type=\"application\/ld+json\" class=\"yoast-schema-graph\">{\"@context\":\"https:\/\/schema.org\",\"@graph\":[{\"@type\":\"Organization\",\"@id\":\"https:\/\/www.imakeyousmile.se\/es\/#organization\",\"name\":\"Imakeyousmile\",\"url\":\"https:\/\/www.imakeyousmile.se\/es\/\",\"sameAs\":[],\"logo\":{\"@type\":\"ImageObject\",\"@id\":\"https:\/\/www.imakeyousmile.se\/es\/#logo\",\"inLanguage\":\"es\",\"url\":\"https:\/\/www.imakeyousmile.se\/wp-content\/uploads\/2020\/10\/HELENA-AMILEY_SVART-1-e1603367975324.png\",\"width\":280,\"height\":93,\"caption\":\"Imakeyousmile\"},\"image\":{\"@id\":\"https:\/\/www.imakeyousmile.se\/es\/#logo\"}},{\"@type\":\"WebSite\",\"@id\":\"https:\/\/www.imakeyousmile.se\/es\/#website\",\"url\":\"https:\/\/www.imakeyousmile.se\/es\/\",\"name\":\"Imakeyousmile.se\",\"description\":\"Helena Amiley - Beauty, Entrepreneur, Lifestyle\",\"publisher\":{\"@id\":\"https:\/\/www.imakeyousmile.se\/es\/#organization\"},\"potentialAction\":[{\"@type\":\"SearchAction\",\"target\":\"https:\/\/www.imakeyousmile.se\/es\/?s={search_term_string}\",\"query-input\":\"required name=search_term_string\"}],\"inLanguage\":\"es\"},{\"@type\":\"ImageObject\",\"@id\":\"https:\/\/www.imakeyousmile.se\/kajalpenna-till-inre-fransraden\/#primaryimage\",\"inLanguage\":\"es\",\"url\":\"http:\/\/i1092.photobucket.com\/albums\/i412\/isoniemi\/36310.jpg\"},{\"@type\":\"WebPage\",\"@id\":\"https:\/\/www.imakeyousmile.se\/kajalpenna-till-inre-fransraden\/#webpage\",\"url\":\"https:\/\/www.imakeyousmile.se\/kajalpenna-till-inre-fransraden\/\",\"name\":\"Kajalpenna till inre fransraden | Imakeyousmile.se\",\"isPartOf\":{\"@id\":\"https:\/\/www.imakeyousmile.se\/es\/#website\"},\"primaryImageOfPage\":{\"@id\":\"https:\/\/www.imakeyousmile.se\/kajalpenna-till-inre-fransraden\/#primaryimage\"},\"datePublished\":\"2012-09-27T05:00:00+00:00\",\"dateModified\":\"2012-09-27T05:00:00+00:00\",\"description\":\"Kajalpenna till inre fransraden | Helena Amiley - H\\u00e4r hittar du senaste infromation om sk\\u00f6nhet, livsstil, entrepren\\u00f6rskap, makeup & tips.\",\"inLanguage\":\"es\",\"potentialAction\":[{\"@type\":\"ReadAction\",\"target\":[\"https:\/\/www.imakeyousmile.se\/kajalpenna-till-inre-fransraden\/\"]}]},{\"@type\":\"Article\",\"@id\":\"https:\/\/www.imakeyousmile.se\/kajalpenna-till-inre-fransraden\/#article\",\"isPartOf\":{\"@id\":\"https:\/\/www.imakeyousmile.se\/kajalpenna-till-inre-fransraden\/#webpage\"},\"author\":{\"@id\":\"https:\/\/www.imakeyousmile.se\/es\/#\/schema\/person\/b0fd43b1c6bb1c60cfd68bff9b4a10fb\"},\"headline\":\"Kajalpenna till inre fransraden\",\"datePublished\":\"2012-09-27T05:00:00+00:00\",\"dateModified\":\"2012-09-27T05:00:00+00:00\",\"mainEntityOfPage\":{\"@id\":\"https:\/\/www.imakeyousmile.se\/kajalpenna-till-inre-fransraden\/#webpage\"},\"commentCount\":0,\"publisher\":{\"@id\":\"https:\/\/www.imakeyousmile.se\/es\/#organization\"},\"image\":{\"@id\":\"https:\/\/www.imakeyousmile.se\/kajalpenna-till-inre-fransraden\/#primaryimage\"},\"articleSection\":\"Recensioner &amp; Produkttips\",\"inLanguage\":\"es\",\"potentialAction\":[{\"@type\":\"CommentAction\",\"name\":\"Comment\",\"target\":[\"https:\/\/www.imakeyousmile.se\/kajalpenna-till-inre-fransraden\/#respond\"]}]},{\"@type\":\"Person\",\"@id\":\"https:\/\/www.imakeyousmile.se\/es\/#\/schema\/person\/b0fd43b1c6bb1c60cfd68bff9b4a10fb\",\"name\":\"Helena Amiley\",\"image\":{\"@type\":\"ImageObject\",\"@id\":\"https:\/\/www.imakeyousmile.se\/es\/#personlogo\",\"inLanguage\":\"es\",\"url\":\"https:\/\/secure.gravatar.com\/avatar\/5645558e1e355457a23368d7e1b4c904?s=96&d=mm&r=g\",\"caption\":\"Helena Amiley\"},\"description\":\"Jag skriver mest om sk\\u00f6nhet men bjuder \\u00e4ven p\\u00e5 glimtar fr\\u00e5n entrepren\\u00f6rlivet och bygget av v\\u00e5r egen camper van. Vanlife here we come!\",\"sameAs\":[\"https:\/\/www.facebook.com\/imakeyousmile.se\",\"https:\/\/www.instagram.com\/helenaamiley\",\"https:\/\/www.youtube.com\/channel\/UCR5iB6rvpV6Yr8ZjpQfr5mg?view_as=subscriber\"]}]}<\/script>\n<!-- \/ Yoast SEO Premium plugin. -->","_links":{"self":[{"href":"https:\/\/www.imakeyousmile.se\/es\/wp-json\/wp\/v2\/posts\/737"}],"collection":[{"href":"https:\/\/www.imakeyousmile.se\/es\/wp-json\/wp\/v2\/posts"}],"about":[{"href":"https:\/\/www.imakeyousmile.se\/es\/wp-json\/wp\/v2\/types\/post"}],"author":[{"embeddable":true,"href":"https:\/\/www.imakeyousmile.se\/es\/wp-json\/wp\/v2\/users\/30"}],"replies":[{"embeddable":true,"href":"https:\/\/www.imakeyousmile.se\/es\/wp-json\/wp\/v2\/comments?post=737"}],"version-history":[{"count":0,"href":"https:\/\/www.imakeyousmile.se\/es\/wp-json\/wp\/v2\/posts\/737\/revisions"}],"wp:attachment":[{"href":"https:\/\/www.imakeyousmile.se\/es\/wp-json\/wp\/v2\/media?parent=737"}],"wp:term":[{"taxonomy":"category","embeddable":true,"href":"https:\/\/www.imakeyousmile.se\/es\/wp-json\/wp\/v2\/categories?post=737"},{"taxonomy":"post_tag","embeddable":true,"href":"https:\/\/www.imakeyousmile.se\/es\/wp-json\/wp\/v2\/tags?post=737"}],"curies":[{"name":"wp","href":"https:\/\/api.w.org\/{rel}","templated":true}]}}