{"id":740,"date":"2012-09-26T10:05:00","date_gmt":"2012-09-26T08:05:00","guid":{"rendered":"http:\/\/www.imakeyousmile.se\/sminkjobb-for-hermes-events\/"},"modified":"2012-09-26T10:05:00","modified_gmt":"2012-09-26T08:05:00","slug":"sminkjobb-for-hermes-events","status":"publish","type":"post","link":"https:\/\/www.imakeyousmile.se\/es\/maquillaje-trabajo-para-eventos-hermes\/","title":{"rendered":"Trabajo de maquillaje para eventos Hermes"},"content":{"rendered":"<div style=\"clear: both; text-align: left;\">Ayer son\u00f3 el timbre a las 05.15 horas - Salida a Estocolmo y maquilladoras de azafatas y jefes de proyecto para la Gala del Emprendimiento en Berns. \u00a1Un total de 11 buenas chicas!<\/div>\n<div style=\"clear: both; text-align: left;\">\u00a0<\/div>\n<div style=\"clear: both; text-align: left;\">Vest\u00edan ropa negra y la arreglaban<span style=\"color: #741b47;\"> <\/span><strong><span style=\"color: #741b47; font-size: large;\">maquillaje morado ciruela<\/span><\/strong>. <em>\u00a1Agradable!<\/em><\/div>\n<div style=\"clear: both; text-align: left;\">\u00a0<\/div>\n<p>Fue tan estresante que en un segundo no tuve a nadie con quien maquillarme porque todos estaban ocupados y los otros dos estaban listos para empezar. <span style=\"font-size: large;\">preferiblemente recientemente<\/span>!<\/p>\n<p>As\u00ed es como funciona en esta industria;)<\/p>\n<div style=\"clear: both; text-align: center;\">\u00a0<\/div>\n<div style=\"clear: both; text-align: center;\"><a href=\"http:\/\/i1092.photobucket.com\/albums\/i412\/isoniemi\/IMG_9015-1.jpg\" style=\"margin-left: 1em; margin-right: 1em;\"><img loading=\"lazy\" decoding=\"async\" border=\"0\" height=\"640\" src=\"http:\/\/i1092.photobucket.com\/albums\/i412\/isoniemi\/IMG_9015-1.jpg\" width=\"404\" \/><\/a><\/div>\n<div style=\"clear: both; text-align: center;\"><em>Julia me captur\u00f3 en la imagen mientras estoy trabajando;)<\/em><\/div>\n<div style=\"clear: both; text-align: center;\">\u00a0<\/div>\n<p>Cuando aterric\u00e9 en Uppsala nuevamente, me encontr\u00e9 con la hermana Linda y Miska, sucedi\u00f3 <span style=\"font-size: large;\">Cena griega<\/span> y una copa de vino en &quot;<em><strong><a href=\"http:\/\/www.restalexander.se\/\">Alejandro<\/a><\/strong><\/em>Antes de irnos a casa. Super acogedor !!<\/p>\n<p><em>Cito a Ted G\u00e4rdestad:<\/em><\/p>\n<p><\/p>\n<div style=\"text-align: center;\"><span style=\"font-size: x-large;\">\u00a1Que hermoso d\u00eda!<\/span><\/div>","protected":false},"excerpt":{"rendered":"<p>Klockan ringde\u00a005.15 ig\u00e5r &#8211; Iv\u00e4g till Stockholm och sminka v\u00e4rdinnor och projektledare inf\u00f6r Entrepren\u00f6rsgalan p\u00e5 Berns. Totalt 11st fina tjejer! \u00a0 De hade svarta kl\u00e4der, och piffade det med plommonlila sminkningar. Snyggt! \u00a0 Det var s\u00e5 stressigt att jag ena sekunden inte hade n\u00e5gon att sminka f\u00f6r att\u00a0alla var upptagna, och andra s\u00e5 var det [&hellip;]<\/p>\n","protected":false},"author":30,"featured_media":0,"comment_status":"open","ping_status":"open","sticky":false,"template":"","format":"standard","meta":{"footnotes":""},"categories":[3],"tags":[],"class_list":["post-740","post","type-post","status-publish","format-standard","hentry","category-allmant"],"yoast_head":"<!-- This site is optimized with the Yoast SEO Premium plugin v14.9 - https:\/\/yoast.com\/wordpress\/plugins\/seo\/ -->\n<meta name=\"description\" content=\"Sminkjobb f\u00f6r Hermes Events | Helena Amiley - H\u00e4r hittar du senaste infromation om sk\u00f6nhet, livsstil, entrepren\u00f6rskap, makeup &amp; tips.\" \/>\n<meta name=\"robots\" content=\"index, follow, max-snippet:-1, max-image-preview:large, max-video-preview:-1\" \/>\n<link rel=\"canonical\" href=\"https:\/\/www.imakeyousmile.se\/es\/sminkjobb-for-hermes-events\/\" \/>\n<meta property=\"og:locale\" content=\"es_ES\" \/>\n<meta property=\"og:type\" content=\"article\" \/>\n<meta property=\"og:title\" content=\"Sminkjobb f\u00f6r Hermes Events | Imakeyousmile.se\" \/>\n<meta property=\"og:description\" content=\"Sminkjobb f\u00f6r Hermes Events | Helena Amiley - H\u00e4r hittar du senaste infromation om sk\u00f6nhet, livsstil, entrepren\u00f6rskap, makeup &amp; tips.\" \/>\n<meta property=\"og:url\" content=\"https:\/\/www.imakeyousmile.se\/es\/sminkjobb-for-hermes-events\/\" \/>\n<meta property=\"og:site_name\" content=\"Imakeyousmile.se\" \/>\n<meta property=\"article:author\" content=\"https:\/\/www.facebook.com\/imakeyousmile.se\" \/>\n<meta property=\"article:published_time\" content=\"2012-09-26T08:05:00+00:00\" \/>\n<meta property=\"og:image\" content=\"http:\/\/i1092.photobucket.com\/albums\/i412\/isoniemi\/IMG_9015-1.jpg\" \/>\n<meta name=\"twitter:card\" content=\"summary_large_image\" \/>\n<script type=\"application\/ld+json\" class=\"yoast-schema-graph\">{\"@context\":\"https:\/\/schema.org\",\"@graph\":[{\"@type\":\"Organization\",\"@id\":\"https:\/\/www.imakeyousmile.se\/es\/#organization\",\"name\":\"Imakeyousmile\",\"url\":\"https:\/\/www.imakeyousmile.se\/es\/\",\"sameAs\":[],\"logo\":{\"@type\":\"ImageObject\",\"@id\":\"https:\/\/www.imakeyousmile.se\/es\/#logo\",\"inLanguage\":\"es\",\"url\":\"https:\/\/www.imakeyousmile.se\/wp-content\/uploads\/2020\/10\/HELENA-AMILEY_SVART-1-e1603367975324.png\",\"width\":280,\"height\":93,\"caption\":\"Imakeyousmile\"},\"image\":{\"@id\":\"https:\/\/www.imakeyousmile.se\/es\/#logo\"}},{\"@type\":\"WebSite\",\"@id\":\"https:\/\/www.imakeyousmile.se\/es\/#website\",\"url\":\"https:\/\/www.imakeyousmile.se\/es\/\",\"name\":\"Imakeyousmile.se\",\"description\":\"Helena Amiley - Beauty, Entrepreneur, Lifestyle\",\"publisher\":{\"@id\":\"https:\/\/www.imakeyousmile.se\/es\/#organization\"},\"potentialAction\":[{\"@type\":\"SearchAction\",\"target\":\"https:\/\/www.imakeyousmile.se\/es\/?s={search_term_string}\",\"query-input\":\"required name=search_term_string\"}],\"inLanguage\":\"es\"},{\"@type\":\"ImageObject\",\"@id\":\"https:\/\/www.imakeyousmile.se\/sminkjobb-for-hermes-events\/#primaryimage\",\"inLanguage\":\"es\",\"url\":\"http:\/\/i1092.photobucket.com\/albums\/i412\/isoniemi\/IMG_9015-1.jpg\"},{\"@type\":\"WebPage\",\"@id\":\"https:\/\/www.imakeyousmile.se\/sminkjobb-for-hermes-events\/#webpage\",\"url\":\"https:\/\/www.imakeyousmile.se\/sminkjobb-for-hermes-events\/\",\"name\":\"Sminkjobb f\\u00f6r Hermes Events | Imakeyousmile.se\",\"isPartOf\":{\"@id\":\"https:\/\/www.imakeyousmile.se\/es\/#website\"},\"primaryImageOfPage\":{\"@id\":\"https:\/\/www.imakeyousmile.se\/sminkjobb-for-hermes-events\/#primaryimage\"},\"datePublished\":\"2012-09-26T08:05:00+00:00\",\"dateModified\":\"2012-09-26T08:05:00+00:00\",\"description\":\"Sminkjobb f\\u00f6r Hermes Events | Helena Amiley - H\\u00e4r hittar du senaste infromation om sk\\u00f6nhet, livsstil, entrepren\\u00f6rskap, makeup & tips.\",\"inLanguage\":\"es\",\"potentialAction\":[{\"@type\":\"ReadAction\",\"target\":[\"https:\/\/www.imakeyousmile.se\/sminkjobb-for-hermes-events\/\"]}]},{\"@type\":\"Article\",\"@id\":\"https:\/\/www.imakeyousmile.se\/sminkjobb-for-hermes-events\/#article\",\"isPartOf\":{\"@id\":\"https:\/\/www.imakeyousmile.se\/sminkjobb-for-hermes-events\/#webpage\"},\"author\":{\"@id\":\"https:\/\/www.imakeyousmile.se\/es\/#\/schema\/person\/b0fd43b1c6bb1c60cfd68bff9b4a10fb\"},\"headline\":\"Sminkjobb f\\u00f6r Hermes Events\",\"datePublished\":\"2012-09-26T08:05:00+00:00\",\"dateModified\":\"2012-09-26T08:05:00+00:00\",\"mainEntityOfPage\":{\"@id\":\"https:\/\/www.imakeyousmile.se\/sminkjobb-for-hermes-events\/#webpage\"},\"commentCount\":0,\"publisher\":{\"@id\":\"https:\/\/www.imakeyousmile.se\/es\/#organization\"},\"image\":{\"@id\":\"https:\/\/www.imakeyousmile.se\/sminkjobb-for-hermes-events\/#primaryimage\"},\"articleSection\":\"\\u00d6vrigt\",\"inLanguage\":\"es\",\"potentialAction\":[{\"@type\":\"CommentAction\",\"name\":\"Comment\",\"target\":[\"https:\/\/www.imakeyousmile.se\/sminkjobb-for-hermes-events\/#respond\"]}]},{\"@type\":\"Person\",\"@id\":\"https:\/\/www.imakeyousmile.se\/es\/#\/schema\/person\/b0fd43b1c6bb1c60cfd68bff9b4a10fb\",\"name\":\"Helena Amiley\",\"image\":{\"@type\":\"ImageObject\",\"@id\":\"https:\/\/www.imakeyousmile.se\/es\/#personlogo\",\"inLanguage\":\"es\",\"url\":\"https:\/\/secure.gravatar.com\/avatar\/5645558e1e355457a23368d7e1b4c904?s=96&d=mm&r=g\",\"caption\":\"Helena Amiley\"},\"description\":\"Jag skriver mest om sk\\u00f6nhet men bjuder \\u00e4ven p\\u00e5 glimtar fr\\u00e5n entrepren\\u00f6rlivet och bygget av v\\u00e5r egen camper van. Vanlife here we come!\",\"sameAs\":[\"https:\/\/www.facebook.com\/imakeyousmile.se\",\"https:\/\/www.instagram.com\/helenaamiley\",\"https:\/\/www.youtube.com\/channel\/UCR5iB6rvpV6Yr8ZjpQfr5mg?view_as=subscriber\"]}]}<\/script>\n<!-- \/ Yoast SEO Premium plugin. -->","_links":{"self":[{"href":"https:\/\/www.imakeyousmile.se\/es\/wp-json\/wp\/v2\/posts\/740"}],"collection":[{"href":"https:\/\/www.imakeyousmile.se\/es\/wp-json\/wp\/v2\/posts"}],"about":[{"href":"https:\/\/www.imakeyousmile.se\/es\/wp-json\/wp\/v2\/types\/post"}],"author":[{"embeddable":true,"href":"https:\/\/www.imakeyousmile.se\/es\/wp-json\/wp\/v2\/users\/30"}],"replies":[{"embeddable":true,"href":"https:\/\/www.imakeyousmile.se\/es\/wp-json\/wp\/v2\/comments?post=740"}],"version-history":[{"count":0,"href":"https:\/\/www.imakeyousmile.se\/es\/wp-json\/wp\/v2\/posts\/740\/revisions"}],"wp:attachment":[{"href":"https:\/\/www.imakeyousmile.se\/es\/wp-json\/wp\/v2\/media?parent=740"}],"wp:term":[{"taxonomy":"category","embeddable":true,"href":"https:\/\/www.imakeyousmile.se\/es\/wp-json\/wp\/v2\/categories?post=740"},{"taxonomy":"post_tag","embeddable":true,"href":"https:\/\/www.imakeyousmile.se\/es\/wp-json\/wp\/v2\/tags?post=740"}],"curies":[{"name":"wp","href":"https:\/\/api.w.org\/{rel}","templated":true}]}}