{"id":7734,"date":"2013-09-08T14:35:24","date_gmt":"2013-09-08T12:35:24","guid":{"rendered":"http:\/\/www.imakeyousmile.se\/?p=7734"},"modified":"2015-04-19T10:21:12","modified_gmt":"2015-04-19T08:21:12","slug":"enkel-eyeliner-med-vinge","status":"publish","type":"post","link":"https:\/\/www.imakeyousmile.se\/es\/delineador-de-ojos-sencillo-con-ala\/","title":{"rendered":"Delineador de ojos simple con ala"},"content":{"rendered":"<p>Trabajar con un delineador de ojos l\u00edquido cuando no est\u00e1s acostumbrado puede ser complicado, un peque\u00f1o desliz puede arruinarlo todo. \u00a1Y un delineador de ojos atractivo tampoco es lo m\u00e1s f\u00e1cil de hacer las primeras veces!<\/p>\n<p>Aqu\u00ed hay un consejo sobre c\u00f3mo puede obtener r\u00e1pidamente un buen delineador de ojos con un ala &quot;resolvi\u00e9ndolo&quot;.<\/p>\n<p><strong>1. Pinte con un delineador de ojos a lo largo de la l\u00ednea de las pesta\u00f1as superiores y al final de la l\u00ednea de las pesta\u00f1as inferiores (y \u00e1telos en la esquina exterior del ojo)<\/strong><br \/>\n<strong>2. Utilice un cepillo peque\u00f1o, plano y compacto para &quot;tirar&quot; del delineador de ojos en la esquina exterior del ojo. Sea ligero en la mano.<\/strong><\/p>\n<p>\u00a1Entonces puede tomar un poco a la vez y tener una mejor idea de c\u00f3mo dar forma al ala!<\/p>\n<p>Sin embargo, si usa un delineador de ojos a prueba de agua, debe ser bastante r\u00e1pido, ya que se seca m\u00e1s r\u00e1pido que uno no impermeable.<\/p>\n<p><a href=\"http:\/\/www.imakeyousmile.se\/es\/enkel-eyeliner-med-vinge\/img_9862\/\" rel=\"attachment wp-att-7735\"><img loading=\"lazy\" decoding=\"async\" class=\"alignnone size-large wp-image-7735\" title=\"IMG_9862\" src=\"http:\/\/www.imakeyousmile.se\/wp-content\/uploads\/2013\/09\/IMG_9862-1024x944.jpg\" alt=\"\" width=\"980\" height=\"903\" srcset=\"https:\/\/www.imakeyousmile.se\/wp-content\/uploads\/2013\/09\/IMG_9862-1024x944.jpg 1024w, https:\/\/www.imakeyousmile.se\/wp-content\/uploads\/2013\/09\/IMG_9862-300x276.jpg 300w, https:\/\/www.imakeyousmile.se\/wp-content\/uploads\/2013\/09\/IMG_9862-940x866.jpg 940w, https:\/\/www.imakeyousmile.se\/wp-content\/uploads\/2013\/09\/IMG_9862-620x571.jpg 620w, https:\/\/www.imakeyousmile.se\/wp-content\/uploads\/2013\/09\/IMG_9862.jpg 1722w\" sizes=\"(max-width: 980px) 100vw, 980px\" \/><\/a><\/p>\n<p>Us\u00e9 un l\u00e1piz delineador de ojos a prueba de agua de<a href=\"https:\/\/ion.lyko.com\/t\/t?a=1117786221&#038;as=1548102449&#038;t=2&#038;tk=1&#038;epi=search-replace-kajaleyeliner&#038;url=https:\/\/lyko.com\/sv\/sok?q=kajal+eyeliner\" target=\"_blank\"> Peggy Sage<\/a>.<br \/>\nPara una apariencia m\u00e1s abierta, tambi\u00e9n he usado delineador de ojos blanco a lo largo de la l\u00ednea de flotaci\u00f3n, <a href=\"https:\/\/ion.lyko.com\/t\/t?a=1117786221&#038;as=1548102449&#038;t=2&#038;tk=1&#038;epi=search-replace-isadorainliner&#038;url=https:\/\/lyko.com\/sv\/isadora\/isadora-inliner-kajal-56-blonde\" target=\"_blank\">IsaDora Inliner Kajal (50 blanco satinado)\u00a0<\/a><\/p>\n<p><a href=\"http:\/\/www.imakeyousmile.se\/es\/enkel-eyeliner-med-vinge\/img_9887-2\/\" rel=\"attachment wp-att-7738\"><img loading=\"lazy\" decoding=\"async\" class=\"alignnone size-large wp-image-7738\" title=\"IMG_9887\" src=\"http:\/\/www.imakeyousmile.se\/wp-content\/uploads\/2013\/09\/IMG_9887-748x1024.jpg\" alt=\"\" width=\"748\" height=\"1024\" srcset=\"https:\/\/www.imakeyousmile.se\/wp-content\/uploads\/2013\/09\/IMG_9887-748x1024.jpg 748w, https:\/\/www.imakeyousmile.se\/wp-content\/uploads\/2013\/09\/IMG_9887-219x300.jpg 219w, https:\/\/www.imakeyousmile.se\/wp-content\/uploads\/2013\/09\/IMG_9887-940x1286.jpg 940w, https:\/\/www.imakeyousmile.se\/wp-content\/uploads\/2013\/09\/IMG_9887-620x848.jpg 620w, https:\/\/www.imakeyousmile.se\/wp-content\/uploads\/2013\/09\/IMG_9887.jpg 1871w\" sizes=\"(max-width: 748px) 100vw, 748px\" \/><\/a><\/p>\n<p>Obtienes una sensaci\u00f3n m\u00e1s festiva r\u00e1pidamente con labios coloridos, mientras que un brillo brillante le da un aspecto m\u00e1s cotidiano.<\/p>\n<p>he utilizado <a href=\"https:\/\/ion.lyko.com\/t\/t?a=1117786221&#038;as=1548102449&#038;t=2&#038;tk=1&#038;epi=search-replace-isadoralipgloss&#038;url=https:\/\/lyko.com\/sv\/sok?q=isadora+l%C3%A4ppglans\" target=\"_blank\">Brillo de labios hidratante IsaDora (21 alfombra roja)<\/a><\/p>\n<p><a href=\"http:\/\/www.imakeyousmile.se\/es\/enkel-eyeliner-med-vinge\/img_9874-2\/\" rel=\"attachment wp-att-7737\"><img loading=\"lazy\" decoding=\"async\" class=\"alignnone size-large wp-image-7737\" title=\"IMG_9874\" src=\"http:\/\/www.imakeyousmile.se\/wp-content\/uploads\/2013\/09\/IMG_9874-1024x586.jpg\" alt=\"\" width=\"980\" height=\"560\" srcset=\"https:\/\/www.imakeyousmile.se\/wp-content\/uploads\/2013\/09\/IMG_9874-1024x586.jpg 1024w, https:\/\/www.imakeyousmile.se\/wp-content\/uploads\/2013\/09\/IMG_9874-300x171.jpg 300w, https:\/\/www.imakeyousmile.se\/wp-content\/uploads\/2013\/09\/IMG_9874-940x538.jpg 940w, https:\/\/www.imakeyousmile.se\/wp-content\/uploads\/2013\/09\/IMG_9874-620x355.jpg 620w\" sizes=\"(max-width: 980px) 100vw, 980px\" \/><\/a><\/p>\n<p><a href=\"http:\/\/www.imakeyousmile.se\/es\/enkel-eyeliner-med-vinge\/img_9871\/\" rel=\"attachment wp-att-7736\"><img loading=\"lazy\" decoding=\"async\" class=\"alignnone size-large wp-image-7736\" title=\"IMG_9871\" src=\"http:\/\/www.imakeyousmile.se\/wp-content\/uploads\/2013\/09\/IMG_9871-1024x951.jpg\" alt=\"\" width=\"980\" height=\"910\" srcset=\"https:\/\/www.imakeyousmile.se\/wp-content\/uploads\/2013\/09\/IMG_9871-1024x951.jpg 1024w, https:\/\/www.imakeyousmile.se\/wp-content\/uploads\/2013\/09\/IMG_9871-300x278.jpg 300w, https:\/\/www.imakeyousmile.se\/wp-content\/uploads\/2013\/09\/IMG_9871-940x873.jpg 940w, https:\/\/www.imakeyousmile.se\/wp-content\/uploads\/2013\/09\/IMG_9871-620x575.jpg 620w, https:\/\/www.imakeyousmile.se\/wp-content\/uploads\/2013\/09\/IMG_9871.jpg 1576w\" sizes=\"(max-width: 980px) 100vw, 980px\" \/><\/a><\/p>\n<p><a href=\"http:\/\/www.imakeyousmile.se\/es\/enkel-eyeliner-med-vinge\/img_9895\/\" rel=\"attachment wp-att-7739\"><img loading=\"lazy\" decoding=\"async\" class=\"alignnone size-large wp-image-7739\" title=\"IMG_9895\" src=\"http:\/\/www.imakeyousmile.se\/wp-content\/uploads\/2013\/09\/IMG_9895-742x1024.jpg\" alt=\"\" width=\"742\" height=\"1024\" srcset=\"https:\/\/www.imakeyousmile.se\/wp-content\/uploads\/2013\/09\/IMG_9895-742x1024.jpg 742w, https:\/\/www.imakeyousmile.se\/wp-content\/uploads\/2013\/09\/IMG_9895-217x300.jpg 217w, https:\/\/www.imakeyousmile.se\/wp-content\/uploads\/2013\/09\/IMG_9895.jpg 1857w\" sizes=\"(max-width: 742px) 100vw, 742px\" \/><\/a><\/p>\n<p><a href=\"http:\/\/www.imakeyousmile.se\/es\/enkel-eyeliner-med-vinge\/img_9902\/\" rel=\"attachment wp-att-7740\"><img loading=\"lazy\" decoding=\"async\" class=\"alignnone size-large wp-image-7740\" title=\"IMG_9902\" src=\"http:\/\/www.imakeyousmile.se\/wp-content\/uploads\/2013\/09\/IMG_9902-760x1024.jpg\" alt=\"\" width=\"760\" height=\"1024\" srcset=\"https:\/\/www.imakeyousmile.se\/wp-content\/uploads\/2013\/09\/IMG_9902-760x1024.jpg 760w, https:\/\/www.imakeyousmile.se\/wp-content\/uploads\/2013\/09\/IMG_9902-222x300.jpg 222w, https:\/\/www.imakeyousmile.se\/wp-content\/uploads\/2013\/09\/IMG_9902-940x1265.jpg 940w, https:\/\/www.imakeyousmile.se\/wp-content\/uploads\/2013\/09\/IMG_9902-620x834.jpg 620w, https:\/\/www.imakeyousmile.se\/wp-content\/uploads\/2013\/09\/IMG_9902.jpg 1902w\" sizes=\"(max-width: 760px) 100vw, 760px\" \/><\/a><\/p>\n<p>\u00a1Los que compitieron en mi concurso de blogs tendr\u00e1n que mantener los ojos abiertos pronto, porque esta noche les presentar\u00e9 al ganador! :)<\/p>\n<p><strong>\u00a1Los abrazos son!<\/strong><\/p>","protected":false},"excerpt":{"rendered":"<p>Att jobba med en flytande eyeliner n\u00e4r man inte \u00e4r van kan vara sv\u00e5rt, ett litet snedsteg kan f\u00f6rst\u00f6ra allt. Och en snygg eyelinervinge \u00e4r inte heller det l\u00e4ttaste f\u00f6rsta g\u00e5ngerna! H\u00e4r kommer ett tips p\u00e5 hur du snabbt kan f\u00e5 till en snygg eyeliner med vinge genom att &#8221;jobba fram&#8221; den. 1. M\u00e5la med [&hellip;]<\/p>\n","protected":false},"author":30,"featured_media":7737,"comment_status":"open","ping_status":"closed","sticky":false,"template":"","format":"standard","meta":{"footnotes":""},"categories":[2827],"tags":[1045,1044,1047,1046],"class_list":["post-7734","post","type-post","status-publish","format-standard","has-post-thumbnail","hentry","category-vardagssminkningar","tag-enkel-eyeliner-med-vinge","tag-eyeliner-mer-vinge","tag-eyelinervinge-med-kajalpenna","tag-forma-eyelinervinge"],"yoast_head":"<!-- This site is optimized with the Yoast SEO Premium plugin v14.9 - https:\/\/yoast.com\/wordpress\/plugins\/seo\/ -->\n<meta name=\"description\" content=\"Enkel eyeliner med vinge | Helena Amiley - H\u00e4r hittar du senaste infromation om sk\u00f6nhet, livsstil, entrepren\u00f6rskap, makeup &amp; tips.\" \/>\n<meta name=\"robots\" content=\"index, follow, max-snippet:-1, max-image-preview:large, max-video-preview:-1\" \/>\n<link rel=\"canonical\" href=\"https:\/\/www.imakeyousmile.se\/es\/enkel-eyeliner-med-vinge\/\" \/>\n<meta property=\"og:locale\" content=\"es_ES\" \/>\n<meta property=\"og:type\" content=\"article\" \/>\n<meta property=\"og:title\" content=\"Enkel eyeliner med vinge | Imakeyousmile.se\" \/>\n<meta property=\"og:description\" content=\"Enkel eyeliner med vinge | Helena Amiley - H\u00e4r hittar du senaste infromation om sk\u00f6nhet, livsstil, entrepren\u00f6rskap, makeup &amp; tips.\" \/>\n<meta property=\"og:url\" content=\"https:\/\/www.imakeyousmile.se\/es\/enkel-eyeliner-med-vinge\/\" \/>\n<meta property=\"og:site_name\" content=\"Imakeyousmile.se\" \/>\n<meta property=\"article:author\" content=\"https:\/\/www.facebook.com\/imakeyousmile.se\" \/>\n<meta property=\"article:published_time\" content=\"2013-09-08T12:35:24+00:00\" \/>\n<meta property=\"article:modified_time\" content=\"2015-04-19T08:21:12+00:00\" \/>\n<meta property=\"og:image\" content=\"https:\/\/www.imakeyousmile.se\/wp-content\/uploads\/2013\/09\/IMG_9874.jpg\" \/>\n\t<meta property=\"og:image:width\" content=\"2560\" \/>\n\t<meta property=\"og:image:height\" content=\"1467\" \/>\n<meta name=\"twitter:card\" content=\"summary_large_image\" \/>\n<script type=\"application\/ld+json\" class=\"yoast-schema-graph\">{\"@context\":\"https:\/\/schema.org\",\"@graph\":[{\"@type\":\"Organization\",\"@id\":\"https:\/\/www.imakeyousmile.se\/es\/#organization\",\"name\":\"Imakeyousmile\",\"url\":\"https:\/\/www.imakeyousmile.se\/es\/\",\"sameAs\":[],\"logo\":{\"@type\":\"ImageObject\",\"@id\":\"https:\/\/www.imakeyousmile.se\/es\/#logo\",\"inLanguage\":\"es\",\"url\":\"https:\/\/www.imakeyousmile.se\/wp-content\/uploads\/2020\/10\/HELENA-AMILEY_SVART-1-e1603367975324.png\",\"width\":280,\"height\":93,\"caption\":\"Imakeyousmile\"},\"image\":{\"@id\":\"https:\/\/www.imakeyousmile.se\/es\/#logo\"}},{\"@type\":\"WebSite\",\"@id\":\"https:\/\/www.imakeyousmile.se\/es\/#website\",\"url\":\"https:\/\/www.imakeyousmile.se\/es\/\",\"name\":\"Imakeyousmile.se\",\"description\":\"Helena Amiley - Beauty, Entrepreneur, Lifestyle\",\"publisher\":{\"@id\":\"https:\/\/www.imakeyousmile.se\/es\/#organization\"},\"potentialAction\":[{\"@type\":\"SearchAction\",\"target\":\"https:\/\/www.imakeyousmile.se\/es\/?s={search_term_string}\",\"query-input\":\"required name=search_term_string\"}],\"inLanguage\":\"es\"},{\"@type\":\"ImageObject\",\"@id\":\"https:\/\/www.imakeyousmile.se\/enkel-eyeliner-med-vinge\/#primaryimage\",\"inLanguage\":\"es\",\"url\":\"https:\/\/www.imakeyousmile.se\/wp-content\/uploads\/2013\/09\/IMG_9874.jpg\",\"width\":2560,\"height\":1467},{\"@type\":\"WebPage\",\"@id\":\"https:\/\/www.imakeyousmile.se\/enkel-eyeliner-med-vinge\/#webpage\",\"url\":\"https:\/\/www.imakeyousmile.se\/enkel-eyeliner-med-vinge\/\",\"name\":\"Enkel eyeliner med vinge | Imakeyousmile.se\",\"isPartOf\":{\"@id\":\"https:\/\/www.imakeyousmile.se\/es\/#website\"},\"primaryImageOfPage\":{\"@id\":\"https:\/\/www.imakeyousmile.se\/enkel-eyeliner-med-vinge\/#primaryimage\"},\"datePublished\":\"2013-09-08T12:35:24+00:00\",\"dateModified\":\"2015-04-19T08:21:12+00:00\",\"description\":\"Enkel eyeliner med vinge | Helena Amiley - H\\u00e4r hittar du senaste infromation om sk\\u00f6nhet, livsstil, entrepren\\u00f6rskap, makeup & tips.\",\"inLanguage\":\"es\",\"potentialAction\":[{\"@type\":\"ReadAction\",\"target\":[\"https:\/\/www.imakeyousmile.se\/enkel-eyeliner-med-vinge\/\"]}]},{\"@type\":\"Article\",\"@id\":\"https:\/\/www.imakeyousmile.se\/enkel-eyeliner-med-vinge\/#article\",\"isPartOf\":{\"@id\":\"https:\/\/www.imakeyousmile.se\/enkel-eyeliner-med-vinge\/#webpage\"},\"author\":{\"@id\":\"https:\/\/www.imakeyousmile.se\/es\/#\/schema\/person\/b0fd43b1c6bb1c60cfd68bff9b4a10fb\"},\"headline\":\"Enkel eyeliner med vinge\",\"datePublished\":\"2013-09-08T12:35:24+00:00\",\"dateModified\":\"2015-04-19T08:21:12+00:00\",\"mainEntityOfPage\":{\"@id\":\"https:\/\/www.imakeyousmile.se\/enkel-eyeliner-med-vinge\/#webpage\"},\"commentCount\":0,\"publisher\":{\"@id\":\"https:\/\/www.imakeyousmile.se\/es\/#organization\"},\"image\":{\"@id\":\"https:\/\/www.imakeyousmile.se\/enkel-eyeliner-med-vinge\/#primaryimage\"},\"keywords\":\"enkel eyeliner med vinge,eyeliner mer vinge,eyelinervinge med kajalpenna,forma eyelinervinge\",\"articleSection\":\"Neutrala \/ milda sminkningar\",\"inLanguage\":\"es\",\"potentialAction\":[{\"@type\":\"CommentAction\",\"name\":\"Comment\",\"target\":[\"https:\/\/www.imakeyousmile.se\/enkel-eyeliner-med-vinge\/#respond\"]}]},{\"@type\":\"Person\",\"@id\":\"https:\/\/www.imakeyousmile.se\/es\/#\/schema\/person\/b0fd43b1c6bb1c60cfd68bff9b4a10fb\",\"name\":\"Helena Amiley\",\"image\":{\"@type\":\"ImageObject\",\"@id\":\"https:\/\/www.imakeyousmile.se\/es\/#personlogo\",\"inLanguage\":\"es\",\"url\":\"https:\/\/secure.gravatar.com\/avatar\/5645558e1e355457a23368d7e1b4c904?s=96&d=mm&r=g\",\"caption\":\"Helena Amiley\"},\"description\":\"Jag skriver mest om sk\\u00f6nhet men bjuder \\u00e4ven p\\u00e5 glimtar fr\\u00e5n entrepren\\u00f6rlivet och bygget av v\\u00e5r egen camper van. Vanlife here we come!\",\"sameAs\":[\"https:\/\/www.facebook.com\/imakeyousmile.se\",\"https:\/\/www.instagram.com\/helenaamiley\",\"https:\/\/www.youtube.com\/channel\/UCR5iB6rvpV6Yr8ZjpQfr5mg?view_as=subscriber\"]}]}<\/script>\n<!-- \/ Yoast SEO Premium plugin. -->","_links":{"self":[{"href":"https:\/\/www.imakeyousmile.se\/es\/wp-json\/wp\/v2\/posts\/7734"}],"collection":[{"href":"https:\/\/www.imakeyousmile.se\/es\/wp-json\/wp\/v2\/posts"}],"about":[{"href":"https:\/\/www.imakeyousmile.se\/es\/wp-json\/wp\/v2\/types\/post"}],"author":[{"embeddable":true,"href":"https:\/\/www.imakeyousmile.se\/es\/wp-json\/wp\/v2\/users\/30"}],"replies":[{"embeddable":true,"href":"https:\/\/www.imakeyousmile.se\/es\/wp-json\/wp\/v2\/comments?post=7734"}],"version-history":[{"count":1,"href":"https:\/\/www.imakeyousmile.se\/es\/wp-json\/wp\/v2\/posts\/7734\/revisions"}],"predecessor-version":[{"id":19161,"href":"https:\/\/www.imakeyousmile.se\/es\/wp-json\/wp\/v2\/posts\/7734\/revisions\/19161"}],"wp:featuredmedia":[{"embeddable":true,"href":"https:\/\/www.imakeyousmile.se\/es\/wp-json\/wp\/v2\/media\/7737"}],"wp:attachment":[{"href":"https:\/\/www.imakeyousmile.se\/es\/wp-json\/wp\/v2\/media?parent=7734"}],"wp:term":[{"taxonomy":"category","embeddable":true,"href":"https:\/\/www.imakeyousmile.se\/es\/wp-json\/wp\/v2\/categories?post=7734"},{"taxonomy":"post_tag","embeddable":true,"href":"https:\/\/www.imakeyousmile.se\/es\/wp-json\/wp\/v2\/tags?post=7734"}],"curies":[{"name":"wp","href":"https:\/\/api.w.org\/{rel}","templated":true}]}}