{"id":7751,"date":"2013-09-09T12:12:40","date_gmt":"2013-09-09T10:12:40","guid":{"rendered":"http:\/\/www.imakeyousmile.se\/?p=7751"},"modified":"2014-08-16T13:20:56","modified_gmt":"2014-08-16T11:20:56","slug":"gold-purple","status":"publish","type":"post","link":"https:\/\/www.imakeyousmile.se\/es\/oro-violeta\/","title":{"rendered":"Dorado y morado"},"content":{"rendered":"<p>Hola queridos!<\/p>\n<p>Ahora es lunes de nuevo, nueva semana por un tiempo :)<\/p>\n<p>\u00a1Iba a ofrecer un maquillaje morado y dorado que hace que los ojos se destaquen correctamente!<\/p>\n<p><a href=\"http:\/\/www.imakeyousmile.se\/es\/gold-purple\/img_0065\/\" rel=\"attachment wp-att-7753\"><img loading=\"lazy\" decoding=\"async\" title=\"IMG_0065\" src=\"http:\/\/www.imakeyousmile.se\/wp-content\/uploads\/2013\/09\/IMG_0065-1024x611.jpg\" alt=\"\" width=\"980\" height=\"584\" \/><\/a><\/p>\n<p>Todas las sombras de ojos provienen de<a href=\"https:\/\/ion.lyko.com\/t\/t?a=1117786221&#038;as=1548102449&#038;t=2&#038;tk=1&#038;epi=search-replace-paletter&#038;url=https:\/\/lyko.com\/sv\/smink\/paletter\" target=\"_blank\"> Paleta iMys 40<\/a>.<br \/>\n<a href=\"http:\/\/www.imakeyousmile.se\/es\/gold-purple\/img_0065-kopia\/\" rel=\"attachment wp-att-7752\"><img loading=\"lazy\" decoding=\"async\" class=\"alignnone size-large wp-image-7752\" title=\"IMG_0065 - copiar\" src=\"http:\/\/www.imakeyousmile.se\/wp-content\/uploads\/2013\/09\/IMG_0065-kopia-971x1024.jpg\" alt=\"\" width=\"971\" height=\"1024\" srcset=\"https:\/\/www.imakeyousmile.se\/wp-content\/uploads\/2013\/09\/IMG_0065-kopia-971x1024.jpg 971w, https:\/\/www.imakeyousmile.se\/wp-content\/uploads\/2013\/09\/IMG_0065-kopia-284x300.jpg 284w, https:\/\/www.imakeyousmile.se\/wp-content\/uploads\/2013\/09\/IMG_0065-kopia-940x991.jpg 940w, https:\/\/www.imakeyousmile.se\/wp-content\/uploads\/2013\/09\/IMG_0065-kopia-620x653.jpg 620w, https:\/\/www.imakeyousmile.se\/wp-content\/uploads\/2013\/09\/IMG_0065-kopia.jpg 1824w\" sizes=\"(max-width: 971px) 100vw, 971px\" \/><\/a><\/p>\n<p><strong><span style=\"color: #800080;\">Sombra de ojos morada<\/span><\/strong> m\u00e1s interno y m\u00e1s externo en el p\u00e1rpado.<br \/>\n<strong><span style=\"color: #ff99cc;\">Sombra de ojos rosa claro<\/span> <\/strong>en medio del p\u00e1rpado.<br \/>\n<strong><span style=\"color: #ff00ff;\">Sombra de ojos rosa brillante<\/span><\/strong> al final de la l\u00ednea del globo.<br \/>\n<strong><span style=\"color: #000000;\">Sombra de ojos negra<\/span><\/strong><em> ligeramente<\/em> al final del p\u00e1rpado (para oscurecer un poco el morado)<br \/>\n<strong><span style=\"color: #ff9900;\">Sombra de ojos dorada<\/span> <\/strong>a lo largo de la l\u00ednea de las pesta\u00f1as inferiores.<br \/>\n<strong><span style=\"color: #000000;\">Delineador de ojos negro<\/span> <\/strong>a lo largo de la l\u00ednea de las pesta\u00f1as superiores y la l\u00ednea de flotaci\u00f3n, <a href=\"https:\/\/ion.lyko.com\/t\/t?a=1117786221&#038;as=1548102449&#038;t=2&#038;tk=1&#038;epi=search-replace-kajaleyeliner&#038;url=https:\/\/lyko.com\/sv\/sok?q=kajal+eyeliner\" target=\"_blank\">Peggy Sage Impermeable Kajal (Noir)<\/a><br \/>\nTermina con pesta\u00f1as postizas<\/p>\n<p><a href=\"http:\/\/www.imakeyousmile.se\/es\/gold-purple\/img_0069\/\" rel=\"attachment wp-att-7754\"><img loading=\"lazy\" decoding=\"async\" class=\"alignnone size-large wp-image-7754\" title=\"IMG_0069\" src=\"http:\/\/www.imakeyousmile.se\/wp-content\/uploads\/2013\/09\/IMG_0069-776x1024.jpg\" alt=\"\" width=\"776\" height=\"1024\" srcset=\"https:\/\/www.imakeyousmile.se\/wp-content\/uploads\/2013\/09\/IMG_0069-776x1024.jpg 776w, https:\/\/www.imakeyousmile.se\/wp-content\/uploads\/2013\/09\/IMG_0069-227x300.jpg 227w, https:\/\/www.imakeyousmile.se\/wp-content\/uploads\/2013\/09\/IMG_0069-620x817.jpg 620w, https:\/\/www.imakeyousmile.se\/wp-content\/uploads\/2013\/09\/IMG_0069.jpg 1942w\" sizes=\"(max-width: 776px) 100vw, 776px\" \/><\/a><\/p>\n<p><a href=\"http:\/\/www.imakeyousmile.se\/es\/gold-purple\/img_0078\/\" rel=\"attachment wp-att-7755\"><img loading=\"lazy\" decoding=\"async\" class=\"alignnone size-large wp-image-7755\" title=\"IMG_0078\" src=\"http:\/\/www.imakeyousmile.se\/wp-content\/uploads\/2013\/09\/IMG_0078-747x1024.jpg\" alt=\"\" width=\"747\" height=\"1024\" srcset=\"https:\/\/www.imakeyousmile.se\/wp-content\/uploads\/2013\/09\/IMG_0078-747x1024.jpg 747w, https:\/\/www.imakeyousmile.se\/wp-content\/uploads\/2013\/09\/IMG_0078-219x300.jpg 219w, https:\/\/www.imakeyousmile.se\/wp-content\/uploads\/2013\/09\/IMG_0078.jpg 1870w\" sizes=\"(max-width: 747px) 100vw, 747px\" \/><\/a><\/p>\n<p>\u00a1Espero que est\u00e9s inspirado!<\/p>","protected":false},"excerpt":{"rendered":"<p>Hej darlings! Nu \u00e4r det m\u00e5ndag igen, ny vecka nya tag :) Jag t\u00e4nkte bjuda p\u00e5 en lila och guldig sminkning som f\u00e5r \u00f6gonen att synas ordentligt! Alla \u00f6gonskuggor kommer fr\u00e5n iMys 40 Palett. Lila \u00f6gonskugga innerst och ytterst p\u00e5 \u00f6gonlocket. Ljusrosa \u00f6gonskugga i mitten av \u00f6gonlocket. Knallrosa \u00f6gonskugga ytterst av globlinjen. Svart \u00f6gonskugga litegrann [&hellip;]<\/p>\n","protected":false},"author":30,"featured_media":7753,"comment_status":"open","ping_status":"closed","sticky":false,"template":"","format":"standard","meta":{"footnotes":""},"categories":[9],"tags":[1048,202,531],"class_list":["post-7751","post","type-post","status-publish","format-standard","has-post-thumbnail","hentry","category-partysminkningar","tag-lila-och-guld","tag-lila-sminkning","tag-rosa-sminkning"],"yoast_head":"<!-- This site is optimized with the Yoast SEO Premium plugin v14.9 - https:\/\/yoast.com\/wordpress\/plugins\/seo\/ -->\n<meta name=\"description\" content=\"Gold &amp; Purple | Helena Amiley - H\u00e4r hittar du senaste infromation om sk\u00f6nhet, livsstil, entrepren\u00f6rskap, makeup &amp; tips.\" \/>\n<meta name=\"robots\" content=\"index, follow, max-snippet:-1, max-image-preview:large, max-video-preview:-1\" \/>\n<link rel=\"canonical\" href=\"https:\/\/www.imakeyousmile.se\/es\/gold-purple\/\" \/>\n<meta property=\"og:locale\" content=\"es_ES\" \/>\n<meta property=\"og:type\" content=\"article\" \/>\n<meta property=\"og:title\" content=\"Gold &amp; Purple | Imakeyousmile.se\" \/>\n<meta property=\"og:description\" content=\"Gold &amp; Purple | Helena Amiley - H\u00e4r hittar du senaste infromation om sk\u00f6nhet, livsstil, entrepren\u00f6rskap, makeup &amp; tips.\" \/>\n<meta property=\"og:url\" content=\"https:\/\/www.imakeyousmile.se\/es\/gold-purple\/\" \/>\n<meta property=\"og:site_name\" content=\"Imakeyousmile.se\" \/>\n<meta property=\"article:author\" content=\"https:\/\/www.facebook.com\/imakeyousmile.se\" \/>\n<meta property=\"article:published_time\" content=\"2013-09-09T10:12:40+00:00\" \/>\n<meta property=\"article:modified_time\" content=\"2014-08-16T11:20:56+00:00\" \/>\n<meta property=\"og:image\" content=\"https:\/\/www.imakeyousmile.se\/wp-content\/uploads\/2013\/09\/IMG_0065.jpg\" \/>\n\t<meta property=\"og:image:width\" content=\"2560\" \/>\n\t<meta property=\"og:image:height\" content=\"1528\" \/>\n<meta name=\"twitter:card\" content=\"summary_large_image\" \/>\n<script type=\"application\/ld+json\" class=\"yoast-schema-graph\">{\"@context\":\"https:\/\/schema.org\",\"@graph\":[{\"@type\":\"Organization\",\"@id\":\"https:\/\/www.imakeyousmile.se\/es\/#organization\",\"name\":\"Imakeyousmile\",\"url\":\"https:\/\/www.imakeyousmile.se\/es\/\",\"sameAs\":[],\"logo\":{\"@type\":\"ImageObject\",\"@id\":\"https:\/\/www.imakeyousmile.se\/es\/#logo\",\"inLanguage\":\"es\",\"url\":\"https:\/\/www.imakeyousmile.se\/wp-content\/uploads\/2020\/10\/HELENA-AMILEY_SVART-1-e1603367975324.png\",\"width\":280,\"height\":93,\"caption\":\"Imakeyousmile\"},\"image\":{\"@id\":\"https:\/\/www.imakeyousmile.se\/es\/#logo\"}},{\"@type\":\"WebSite\",\"@id\":\"https:\/\/www.imakeyousmile.se\/es\/#website\",\"url\":\"https:\/\/www.imakeyousmile.se\/es\/\",\"name\":\"Imakeyousmile.se\",\"description\":\"Helena Amiley - Beauty, Entrepreneur, Lifestyle\",\"publisher\":{\"@id\":\"https:\/\/www.imakeyousmile.se\/es\/#organization\"},\"potentialAction\":[{\"@type\":\"SearchAction\",\"target\":\"https:\/\/www.imakeyousmile.se\/es\/?s={search_term_string}\",\"query-input\":\"required name=search_term_string\"}],\"inLanguage\":\"es\"},{\"@type\":\"ImageObject\",\"@id\":\"https:\/\/www.imakeyousmile.se\/gold-purple\/#primaryimage\",\"inLanguage\":\"es\",\"url\":\"https:\/\/www.imakeyousmile.se\/wp-content\/uploads\/2013\/09\/IMG_0065.jpg\",\"width\":2560,\"height\":1528},{\"@type\":\"WebPage\",\"@id\":\"https:\/\/www.imakeyousmile.se\/gold-purple\/#webpage\",\"url\":\"https:\/\/www.imakeyousmile.se\/gold-purple\/\",\"name\":\"Gold & Purple | Imakeyousmile.se\",\"isPartOf\":{\"@id\":\"https:\/\/www.imakeyousmile.se\/es\/#website\"},\"primaryImageOfPage\":{\"@id\":\"https:\/\/www.imakeyousmile.se\/gold-purple\/#primaryimage\"},\"datePublished\":\"2013-09-09T10:12:40+00:00\",\"dateModified\":\"2014-08-16T11:20:56+00:00\",\"description\":\"Gold & Purple | Helena Amiley - H\\u00e4r hittar du senaste infromation om sk\\u00f6nhet, livsstil, entrepren\\u00f6rskap, makeup & tips.\",\"inLanguage\":\"es\",\"potentialAction\":[{\"@type\":\"ReadAction\",\"target\":[\"https:\/\/www.imakeyousmile.se\/gold-purple\/\"]}]},{\"@type\":\"Article\",\"@id\":\"https:\/\/www.imakeyousmile.se\/gold-purple\/#article\",\"isPartOf\":{\"@id\":\"https:\/\/www.imakeyousmile.se\/gold-purple\/#webpage\"},\"author\":{\"@id\":\"https:\/\/www.imakeyousmile.se\/es\/#\/schema\/person\/b0fd43b1c6bb1c60cfd68bff9b4a10fb\"},\"headline\":\"Gold &#038; Purple\",\"datePublished\":\"2013-09-09T10:12:40+00:00\",\"dateModified\":\"2014-08-16T11:20:56+00:00\",\"mainEntityOfPage\":{\"@id\":\"https:\/\/www.imakeyousmile.se\/gold-purple\/#webpage\"},\"commentCount\":0,\"publisher\":{\"@id\":\"https:\/\/www.imakeyousmile.se\/es\/#organization\"},\"image\":{\"@id\":\"https:\/\/www.imakeyousmile.se\/gold-purple\/#primaryimage\"},\"keywords\":\"lila och guld,Lila sminkning,rosa sminkning\",\"articleSection\":\"M\\u00f6rka \/ festliga sminkningar\",\"inLanguage\":\"es\",\"potentialAction\":[{\"@type\":\"CommentAction\",\"name\":\"Comment\",\"target\":[\"https:\/\/www.imakeyousmile.se\/gold-purple\/#respond\"]}]},{\"@type\":\"Person\",\"@id\":\"https:\/\/www.imakeyousmile.se\/es\/#\/schema\/person\/b0fd43b1c6bb1c60cfd68bff9b4a10fb\",\"name\":\"Helena Amiley\",\"image\":{\"@type\":\"ImageObject\",\"@id\":\"https:\/\/www.imakeyousmile.se\/es\/#personlogo\",\"inLanguage\":\"es\",\"url\":\"https:\/\/secure.gravatar.com\/avatar\/5645558e1e355457a23368d7e1b4c904?s=96&d=mm&r=g\",\"caption\":\"Helena Amiley\"},\"description\":\"Jag skriver mest om sk\\u00f6nhet men bjuder \\u00e4ven p\\u00e5 glimtar fr\\u00e5n entrepren\\u00f6rlivet och bygget av v\\u00e5r egen camper van. Vanlife here we come!\",\"sameAs\":[\"https:\/\/www.facebook.com\/imakeyousmile.se\",\"https:\/\/www.instagram.com\/helenaamiley\",\"https:\/\/www.youtube.com\/channel\/UCR5iB6rvpV6Yr8ZjpQfr5mg?view_as=subscriber\"]}]}<\/script>\n<!-- \/ Yoast SEO Premium plugin. -->","_links":{"self":[{"href":"https:\/\/www.imakeyousmile.se\/es\/wp-json\/wp\/v2\/posts\/7751"}],"collection":[{"href":"https:\/\/www.imakeyousmile.se\/es\/wp-json\/wp\/v2\/posts"}],"about":[{"href":"https:\/\/www.imakeyousmile.se\/es\/wp-json\/wp\/v2\/types\/post"}],"author":[{"embeddable":true,"href":"https:\/\/www.imakeyousmile.se\/es\/wp-json\/wp\/v2\/users\/30"}],"replies":[{"embeddable":true,"href":"https:\/\/www.imakeyousmile.se\/es\/wp-json\/wp\/v2\/comments?post=7751"}],"version-history":[{"count":0,"href":"https:\/\/www.imakeyousmile.se\/es\/wp-json\/wp\/v2\/posts\/7751\/revisions"}],"wp:featuredmedia":[{"embeddable":true,"href":"https:\/\/www.imakeyousmile.se\/es\/wp-json\/wp\/v2\/media\/7753"}],"wp:attachment":[{"href":"https:\/\/www.imakeyousmile.se\/es\/wp-json\/wp\/v2\/media?parent=7751"}],"wp:term":[{"taxonomy":"category","embeddable":true,"href":"https:\/\/www.imakeyousmile.se\/es\/wp-json\/wp\/v2\/categories?post=7751"},{"taxonomy":"post_tag","embeddable":true,"href":"https:\/\/www.imakeyousmile.se\/es\/wp-json\/wp\/v2\/tags?post=7751"}],"curies":[{"name":"wp","href":"https:\/\/api.w.org\/{rel}","templated":true}]}}