{"id":7993,"date":"2013-09-18T11:30:16","date_gmt":"2013-09-18T09:30:16","guid":{"rendered":"http:\/\/www.imakeyousmile.se\/?p=7993"},"modified":"2014-08-16T10:01:53","modified_gmt":"2014-08-16T08:01:53","slug":"lavendel","status":"publish","type":"post","link":"https:\/\/www.imakeyousmile.se\/es\/lavanda\/","title":{"rendered":"Lavanda"},"content":{"rendered":"<p>Llega el oto\u00f1o y los colores como el burdeos, el morado, la ciruela y la berenjena empiezan a estar cada vez m\u00e1s de moda.<\/p>\n<p>Por lo tanto, \u00a1el look de hoy es un maquillaje oscuro pero colorido en oto\u00f1o real!<\/p>\n<p><a href=\"http:\/\/www.imakeyousmile.se\/es\/lavendel\/img_1225\/\" rel=\"attachment wp-att-7997\"><img loading=\"lazy\" decoding=\"async\" class=\"alignnone size-large wp-image-7997\" title=\"IMG_1225\" src=\"http:\/\/www.imakeyousmile.se\/wp-content\/uploads\/2013\/09\/IMG_1225-1024x542.jpg\" alt=\"\" width=\"980\" height=\"518\" srcset=\"https:\/\/www.imakeyousmile.se\/wp-content\/uploads\/2013\/09\/IMG_1225-1024x542.jpg 1024w, https:\/\/www.imakeyousmile.se\/wp-content\/uploads\/2013\/09\/IMG_1225-300x158.jpg 300w, https:\/\/www.imakeyousmile.se\/wp-content\/uploads\/2013\/09\/IMG_1225-940x497.jpg 940w, https:\/\/www.imakeyousmile.se\/wp-content\/uploads\/2013\/09\/IMG_1225-620x328.jpg 620w\" sizes=\"(max-width: 980px) 100vw, 980px\" \/><\/a><\/p>\n<p>Sin flash<\/p>\n<p><a href=\"http:\/\/www.imakeyousmile.se\/es\/lavendel\/img_1200\/\" rel=\"attachment wp-att-7995\"><img loading=\"lazy\" decoding=\"async\" class=\"alignnone size-large wp-image-7995\" title=\"IMG_1200\" src=\"http:\/\/www.imakeyousmile.se\/wp-content\/uploads\/2013\/09\/IMG_1200-1024x555.jpg\" alt=\"\" width=\"980\" height=\"531\" srcset=\"https:\/\/www.imakeyousmile.se\/wp-content\/uploads\/2013\/09\/IMG_1200-1024x555.jpg 1024w, https:\/\/www.imakeyousmile.se\/wp-content\/uploads\/2013\/09\/IMG_1200-300x162.jpg 300w, https:\/\/www.imakeyousmile.se\/wp-content\/uploads\/2013\/09\/IMG_1200-940x510.jpg 940w, https:\/\/www.imakeyousmile.se\/wp-content\/uploads\/2013\/09\/IMG_1200-620x336.jpg 620w\" sizes=\"(max-width: 980px) 100vw, 980px\" \/><\/a><\/p>\n<p>Con flash<\/p>\n<p><a href=\"http:\/\/www.imakeyousmile.se\/es\/lavendel\/img_1200-kopia\/\" rel=\"attachment wp-att-7994\"><img loading=\"lazy\" decoding=\"async\" class=\"alignnone size-large wp-image-7994\" title=\"IMG_1200 - copiar\" src=\"http:\/\/www.imakeyousmile.se\/wp-content\/uploads\/2013\/09\/IMG_1200-kopia-1024x1013.jpg\" alt=\"\" width=\"980\" height=\"969\" srcset=\"https:\/\/www.imakeyousmile.se\/wp-content\/uploads\/2013\/09\/IMG_1200-kopia-1024x1013.jpg 1024w, https:\/\/www.imakeyousmile.se\/wp-content\/uploads\/2013\/09\/IMG_1200-kopia-300x296.jpg 300w, https:\/\/www.imakeyousmile.se\/wp-content\/uploads\/2013\/09\/IMG_1200-kopia-940x930.jpg 940w, https:\/\/www.imakeyousmile.se\/wp-content\/uploads\/2013\/09\/IMG_1200-kopia-620x613.jpg 620w, https:\/\/www.imakeyousmile.se\/wp-content\/uploads\/2013\/09\/IMG_1200-kopia.jpg 1388w\" sizes=\"(max-width: 980px) 100vw, 980px\" \/><\/a><\/p>\n<p>Todas las sombras vienen de<a href=\"https:\/\/go.eleven.se\/t\/t?a=1301482047&#038;as=1548102449&#038;t=2&#038;tk=1&#038;epi=search-replace-elevenpaletter&#038;url=https:\/\/eleven.se\/smink\/makeup-set\/set---paletter\" target=\"_blank\">\u00a0Paleta Once 180<\/a>\u00a0a menos que se indique lo contrario.<\/p>\n<p><strong><span style=\"color: #836ab2;\">Sombra de ojos violeta lavanda<\/span>\u00a0<\/strong>en todo el p\u00e1rpado.<br \/>\n<strong><span style=\"color: #ffcc99;\">Sombra de ojos clara\u00a0<\/span><\/strong>en el rabillo del ojo y debajo de la ceja.<br \/>\n<span style=\"color: #8b3e60;\"><strong>Sombra de ojos morada ciruela<\/strong><\/span>\u00a0en la parte inferior de la l\u00ednea de las pesta\u00f1as inferiores.<br \/>\n<span style=\"color: #c96465;\"><strong>Sombra de ojos granate<\/strong> <\/span>en la parte inferior de la l\u00ednea de las pesta\u00f1as inferiores.<br \/>\n<span style=\"color: #ffb951;\"><strong>Sombra de ojos dorada y brillante<\/strong><\/span>\u00a0en la esquina del ojo y hacia arriba en el p\u00e1rpado.<br \/>\n<span style=\"color: #000000;\"><strong>Sombra de ojos negra<\/strong><\/span> al final de la l\u00ednea de las pesta\u00f1as inferiores y el p\u00e1rpado, y a lo largo de la l\u00ednea del globo, <a href=\"https:\/\/ion.lyko.com\/t\/t?a=1117786221&#038;as=1548102449&#038;t=2&#038;tk=1&#038;url=https:\/\/lyko.com\/sv\/maria-akerberg\/maria-akerberg-eyeshadow-raven\/\" target=\"_blank\">gloMinerales (Sable)<\/a><br \/>\n<strong><span style=\"color: #999999;\">Delineador de ojos blanco<\/span>\u00a0<\/strong>a lo largo de la l\u00ednea de flotaci\u00f3n,<a href=\"https:\/\/ion.lyko.com\/t\/t?a=1117786221&#038;as=1548102449&#038;t=2&#038;tk=1&#038;epi=search-replace-isadorainliner&#038;url=https:\/\/lyko.com\/sv\/isadora\/isadora-inliner-kajal-56-blonde\" target=\"_blank\">\u00a0IsaDora Inliner Kajal (50 blanco satinado)<\/a><br \/>\n<span style=\"color: #000000;\"><strong>Delineador de ojos negro<\/strong><\/span>\u00a0estrecho a lo largo de la l\u00ednea de las pesta\u00f1as superior e inferior, Peggy Sage Waterproof Pen (Noir)<br \/>\nTerminar con\u00a0<strong><span style=\"color: #000000;\">rimel impermeable<\/span>\u00a0<\/strong>en todas las pesta\u00f1as,\u00a0<a href=\"http:\/\/www.imys.se\/produkt\/fiberwig-lx-mascara\/\" target=\"_blank\">Fiberwig LX Masxara.<\/a><\/p>\n<p><a href=\"http:\/\/www.imakeyousmile.se\/es\/lavendel\/img_1218\/\" rel=\"attachment wp-att-7996\"><img loading=\"lazy\" decoding=\"async\" class=\"alignnone size-large wp-image-7996\" title=\"IMG_1218\" src=\"http:\/\/www.imakeyousmile.se\/wp-content\/uploads\/2013\/09\/IMG_1218-743x1024.jpg\" alt=\"\" width=\"743\" height=\"1024\" srcset=\"https:\/\/www.imakeyousmile.se\/wp-content\/uploads\/2013\/09\/IMG_1218-743x1024.jpg 743w, https:\/\/www.imakeyousmile.se\/wp-content\/uploads\/2013\/09\/IMG_1218-217x300.jpg 217w, https:\/\/www.imakeyousmile.se\/wp-content\/uploads\/2013\/09\/IMG_1218-940x1295.jpg 940w, https:\/\/www.imakeyousmile.se\/wp-content\/uploads\/2013\/09\/IMG_1218-620x854.jpg 620w\" sizes=\"(max-width: 743px) 100vw, 743px\" \/><\/a><\/p>\n<p>Brillo de labios, <a href=\"http:\/\/www.imys.se\/produkt\/glominerals-lappglans-beloved\/\" target=\"_blank\">Labios l\u00edquidos gloMinerals (amado)<\/a><\/p>\n<p><span style=\"font-size: medium; line-height: 19px;\">\u00a1Espero que te guste el maquillaje!<\/span><\/p>\n<p>&nbsp;<\/p>\n<p><strong>\u00a1Durante el d\u00eda agregar\u00e9 una nueva marca a la tienda web!<\/strong> Una gran marca de maquillaje totalmente sueca y cari\u00f1osa que me gusta mucho. \u00a1Cuidado! :)<\/p>","protected":false},"excerpt":{"rendered":"<p>Nu \u00e4r h\u00f6sten h\u00e4r, och f\u00e4rger som vinr\u00f6tt, lila, plommon och aubergine b\u00f6rjar synas allt mer i modet. D\u00e4rf\u00f6r \u00e4r dagens look en m\u00f6rk men f\u00e4rgglad sminkning i riktig h\u00f6standa! Utan blixt Med blixt Alla skuggor kommer fr\u00e5n\u00a0Eleven 180 Palett\u00a0om inget annat skrivs. Lavendellila \u00f6gonskugga\u00a0p\u00e5 hela \u00f6gonlocket. Ljus \u00f6gonskugga\u00a0i \u00f6gonvr\u00e5n och under brynet. Plommonlila \u00f6gonskugga\u00a0ytterst [&hellip;]<\/p>\n","protected":false},"author":30,"featured_media":7997,"comment_status":"open","ping_status":"closed","sticky":false,"template":"","format":"standard","meta":{"footnotes":""},"categories":[9],"tags":[991,1081,202],"class_list":["post-7993","post","type-post","status-publish","format-standard","has-post-thumbnail","hentry","category-partysminkningar","tag-hostsminkning","tag-lila-hostsminkning","tag-lila-sminkning"],"yoast_head":"<!-- This site is optimized with the Yoast SEO Premium plugin v14.9 - https:\/\/yoast.com\/wordpress\/plugins\/seo\/ -->\n<meta name=\"description\" content=\"Lavendel | Helena Amiley - H\u00e4r hittar du senaste infromation om sk\u00f6nhet, livsstil, entrepren\u00f6rskap, makeup &amp; tips.\" \/>\n<meta name=\"robots\" content=\"index, follow, max-snippet:-1, max-image-preview:large, max-video-preview:-1\" \/>\n<link rel=\"canonical\" href=\"https:\/\/www.imakeyousmile.se\/es\/lavendel\/\" \/>\n<meta property=\"og:locale\" content=\"es_ES\" \/>\n<meta property=\"og:type\" content=\"article\" \/>\n<meta property=\"og:title\" content=\"Lavendel | Imakeyousmile.se\" \/>\n<meta property=\"og:description\" content=\"Lavendel | Helena Amiley - H\u00e4r hittar du senaste infromation om sk\u00f6nhet, livsstil, entrepren\u00f6rskap, makeup &amp; tips.\" \/>\n<meta property=\"og:url\" content=\"https:\/\/www.imakeyousmile.se\/es\/lavendel\/\" \/>\n<meta property=\"og:site_name\" content=\"Imakeyousmile.se\" \/>\n<meta property=\"article:author\" content=\"https:\/\/www.facebook.com\/imakeyousmile.se\" \/>\n<meta property=\"article:published_time\" content=\"2013-09-18T09:30:16+00:00\" \/>\n<meta property=\"article:modified_time\" content=\"2014-08-16T08:01:53+00:00\" \/>\n<meta property=\"og:image\" content=\"https:\/\/www.imakeyousmile.se\/wp-content\/uploads\/2013\/09\/IMG_1225.jpg\" \/>\n\t<meta property=\"og:image:width\" content=\"3366\" \/>\n\t<meta property=\"og:image:height\" content=\"1782\" \/>\n<meta name=\"twitter:card\" content=\"summary_large_image\" \/>\n<script type=\"application\/ld+json\" class=\"yoast-schema-graph\">{\"@context\":\"https:\/\/schema.org\",\"@graph\":[{\"@type\":\"Organization\",\"@id\":\"https:\/\/www.imakeyousmile.se\/es\/#organization\",\"name\":\"Imakeyousmile\",\"url\":\"https:\/\/www.imakeyousmile.se\/es\/\",\"sameAs\":[],\"logo\":{\"@type\":\"ImageObject\",\"@id\":\"https:\/\/www.imakeyousmile.se\/es\/#logo\",\"inLanguage\":\"es\",\"url\":\"https:\/\/www.imakeyousmile.se\/wp-content\/uploads\/2020\/10\/HELENA-AMILEY_SVART-1-e1603367975324.png\",\"width\":280,\"height\":93,\"caption\":\"Imakeyousmile\"},\"image\":{\"@id\":\"https:\/\/www.imakeyousmile.se\/es\/#logo\"}},{\"@type\":\"WebSite\",\"@id\":\"https:\/\/www.imakeyousmile.se\/es\/#website\",\"url\":\"https:\/\/www.imakeyousmile.se\/es\/\",\"name\":\"Imakeyousmile.se\",\"description\":\"Helena Amiley - Beauty, Entrepreneur, Lifestyle\",\"publisher\":{\"@id\":\"https:\/\/www.imakeyousmile.se\/es\/#organization\"},\"potentialAction\":[{\"@type\":\"SearchAction\",\"target\":\"https:\/\/www.imakeyousmile.se\/es\/?s={search_term_string}\",\"query-input\":\"required name=search_term_string\"}],\"inLanguage\":\"es\"},{\"@type\":\"ImageObject\",\"@id\":\"https:\/\/www.imakeyousmile.se\/lavendel\/#primaryimage\",\"inLanguage\":\"es\",\"url\":\"https:\/\/www.imakeyousmile.se\/wp-content\/uploads\/2013\/09\/IMG_1225.jpg\",\"width\":\"3366\",\"height\":\"1782\"},{\"@type\":\"WebPage\",\"@id\":\"https:\/\/www.imakeyousmile.se\/lavendel\/#webpage\",\"url\":\"https:\/\/www.imakeyousmile.se\/lavendel\/\",\"name\":\"Lavendel | Imakeyousmile.se\",\"isPartOf\":{\"@id\":\"https:\/\/www.imakeyousmile.se\/es\/#website\"},\"primaryImageOfPage\":{\"@id\":\"https:\/\/www.imakeyousmile.se\/lavendel\/#primaryimage\"},\"datePublished\":\"2013-09-18T09:30:16+00:00\",\"dateModified\":\"2014-08-16T08:01:53+00:00\",\"description\":\"Lavendel | Helena Amiley - H\\u00e4r hittar du senaste infromation om sk\\u00f6nhet, livsstil, entrepren\\u00f6rskap, makeup & tips.\",\"inLanguage\":\"es\",\"potentialAction\":[{\"@type\":\"ReadAction\",\"target\":[\"https:\/\/www.imakeyousmile.se\/lavendel\/\"]}]},{\"@type\":\"Article\",\"@id\":\"https:\/\/www.imakeyousmile.se\/lavendel\/#article\",\"isPartOf\":{\"@id\":\"https:\/\/www.imakeyousmile.se\/lavendel\/#webpage\"},\"author\":{\"@id\":\"https:\/\/www.imakeyousmile.se\/es\/#\/schema\/person\/b0fd43b1c6bb1c60cfd68bff9b4a10fb\"},\"headline\":\"Lavendel\",\"datePublished\":\"2013-09-18T09:30:16+00:00\",\"dateModified\":\"2014-08-16T08:01:53+00:00\",\"mainEntityOfPage\":{\"@id\":\"https:\/\/www.imakeyousmile.se\/lavendel\/#webpage\"},\"commentCount\":0,\"publisher\":{\"@id\":\"https:\/\/www.imakeyousmile.se\/es\/#organization\"},\"image\":{\"@id\":\"https:\/\/www.imakeyousmile.se\/lavendel\/#primaryimage\"},\"keywords\":\"h\\u00f6stsminkning,lila h\\u00f6stsminkning,Lila sminkning\",\"articleSection\":\"M\\u00f6rka \/ festliga sminkningar\",\"inLanguage\":\"es\",\"potentialAction\":[{\"@type\":\"CommentAction\",\"name\":\"Comment\",\"target\":[\"https:\/\/www.imakeyousmile.se\/lavendel\/#respond\"]}]},{\"@type\":\"Person\",\"@id\":\"https:\/\/www.imakeyousmile.se\/es\/#\/schema\/person\/b0fd43b1c6bb1c60cfd68bff9b4a10fb\",\"name\":\"Helena Amiley\",\"image\":{\"@type\":\"ImageObject\",\"@id\":\"https:\/\/www.imakeyousmile.se\/es\/#personlogo\",\"inLanguage\":\"es\",\"url\":\"https:\/\/secure.gravatar.com\/avatar\/5645558e1e355457a23368d7e1b4c904?s=96&d=mm&r=g\",\"caption\":\"Helena Amiley\"},\"description\":\"Jag skriver mest om sk\\u00f6nhet men bjuder \\u00e4ven p\\u00e5 glimtar fr\\u00e5n entrepren\\u00f6rlivet och bygget av v\\u00e5r egen camper van. Vanlife here we come!\",\"sameAs\":[\"https:\/\/www.facebook.com\/imakeyousmile.se\",\"https:\/\/www.instagram.com\/helenaamiley\",\"https:\/\/www.youtube.com\/channel\/UCR5iB6rvpV6Yr8ZjpQfr5mg?view_as=subscriber\"]}]}<\/script>\n<!-- \/ Yoast SEO Premium plugin. -->","_links":{"self":[{"href":"https:\/\/www.imakeyousmile.se\/es\/wp-json\/wp\/v2\/posts\/7993"}],"collection":[{"href":"https:\/\/www.imakeyousmile.se\/es\/wp-json\/wp\/v2\/posts"}],"about":[{"href":"https:\/\/www.imakeyousmile.se\/es\/wp-json\/wp\/v2\/types\/post"}],"author":[{"embeddable":true,"href":"https:\/\/www.imakeyousmile.se\/es\/wp-json\/wp\/v2\/users\/30"}],"replies":[{"embeddable":true,"href":"https:\/\/www.imakeyousmile.se\/es\/wp-json\/wp\/v2\/comments?post=7993"}],"version-history":[{"count":0,"href":"https:\/\/www.imakeyousmile.se\/es\/wp-json\/wp\/v2\/posts\/7993\/revisions"}],"wp:featuredmedia":[{"embeddable":true,"href":"https:\/\/www.imakeyousmile.se\/es\/wp-json\/wp\/v2\/media\/7997"}],"wp:attachment":[{"href":"https:\/\/www.imakeyousmile.se\/es\/wp-json\/wp\/v2\/media?parent=7993"}],"wp:term":[{"taxonomy":"category","embeddable":true,"href":"https:\/\/www.imakeyousmile.se\/es\/wp-json\/wp\/v2\/categories?post=7993"},{"taxonomy":"post_tag","embeddable":true,"href":"https:\/\/www.imakeyousmile.se\/es\/wp-json\/wp\/v2\/tags?post=7993"}],"curies":[{"name":"wp","href":"https:\/\/api.w.org\/{rel}","templated":true}]}}