{"id":813,"date":"2012-08-25T06:00:00","date_gmt":"2012-08-25T04:00:00","guid":{"rendered":"http:\/\/www.imakeyousmile.se\/sunset\/"},"modified":"2012-08-25T06:00:00","modified_gmt":"2012-08-25T04:00:00","slug":"sunset","status":"publish","type":"post","link":"https:\/\/www.imakeyousmile.se\/es\/puesta-de-sol\/","title":{"rendered":"Puesta de sol"},"content":{"rendered":"<div style=\"clear: both; text-align: left;\">La temporada navide\u00f1a ha terminado y ya no puedo llamarme &quot;libre&quot;, sino que tengo que empezar a decir la verdad: desempleado.<\/div>\n<div style=\"clear: both; text-align: left;\"><\/div>\n<p><\/p>\n<div style=\"clear: both; text-align: left;\">Sin embargo, me gustar\u00eda decir que<span style=\"font-size: large;\"> <\/span><span style=\"font-size: x-large;\">el verano<\/span> \u00a1a\u00fan no ha terminado! Entonces, aqu\u00ed viene un maquillaje que para m\u00ed es perfecto ahora que a\u00fan es agosto :)<\/div>\n<div style=\"clear: both; text-align: center;\">\u00a0<\/div>\n<div style=\"clear: both; text-align: center;\"><a href=\"http:\/\/i1092.photobucket.com\/albums\/i412\/isoniemi\/IMG_6846.jpg\" style=\"margin-left: 1em; margin-right: 1em;\"><img loading=\"lazy\" decoding=\"async\" border=\"0\" height=\"217\" src=\"http:\/\/i1092.photobucket.com\/albums\/i412\/isoniemi\/IMG_6846.jpg\" width=\"400\" \/><\/a><\/div>\n<div style=\"clear: both; text-align: center;\">Imagina una puesta de sol en la playa junto al mar\u2026.<\/div>\n<div style=\"clear: both; text-align: center;\">\u00a0<\/div>\n<div style=\"clear: both; text-align: center;\"><em>Po\u00e9ticamente, \u00bfeh? ;)<\/em><\/div>\n<div style=\"clear: both; text-align: center;\">\u00a0<\/div>\n<div style=\"clear: both; text-align: center;\"><a href=\"http:\/\/i1092.photobucket.com\/albums\/i412\/isoniemi\/IMG_6831.jpg\" style=\"margin-left: 1em; margin-right: 1em;\"><img loading=\"lazy\" decoding=\"async\" border=\"0\" height=\"320\" src=\"http:\/\/i1092.photobucket.com\/albums\/i412\/isoniemi\/IMG_6831.jpg\" width=\"304\" \/><\/a><\/div>\n<div style=\"clear: both; text-align: center;\"><em>Todas las sombras de ojos son de Eleven 180 Palette.<\/em><\/div>\n<div style=\"clear: both; text-align: center;\">\u00a0<\/div>\n<div style=\"clear: both; text-align: center;\"><span style=\"color: #ffd966; font-size: large;\"><strong>Amarillo claro<\/strong><\/span> sombra de ojos en el interior del p\u00e1rpado.<\/div>\n<div style=\"clear: both; text-align: center;\"><span style=\"color: #f1c232; font-size: large;\"><strong>Amarillo<\/strong><\/span> sombra de ojos al final del p\u00e1rpado.<\/div>\n<div style=\"clear: both; text-align: center;\"><span style=\"color: red; font-size: large;\"><strong>ROJO<\/strong><\/span> sombra de ojos en el otro extremo de la l\u00ednea del globo.<\/div>\n<div style=\"clear: both; text-align: center;\"><span style=\"color: #e69138; font-size: large;\"><strong>naranja<\/strong><\/span> sombra de ojos en la parte inferior de la l\u00ednea del globo terr\u00e1queo y sobre la sombra de ojos roja.<\/div>\n<div style=\"clear: both; text-align: center;\"><span style=\"color: #6fa8dc; font-size: large;\"><strong>Azul claro<\/strong><\/span> sombra de ojos en la parte inferior de la l\u00ednea de las pesta\u00f1as inferiores.<\/div>\n<div style=\"clear: both; text-align: center;\"><span style=\"color: #0b5394; font-size: large;\"><strong>Azul<\/strong><\/span> sombra de ojos al final de la l\u00ednea de las pesta\u00f1as inferiores.<\/div>\n<div style=\"clear: both; text-align: center;\"><span style=\"color: #f9cb9c; font-size: large;\"><strong>Amarillo claro-blanco<\/strong><\/span> sombra de ojos en el rabillo del ojo y debajo de la ceja, <em><strong><a href=\"https:\/\/ion.lyko.com\/t\/t?a=1117786221&#038;as=1548102449&#038;t=2&#038;tk=1&#038;epi=search-replace-eyeshadow&#038;url=https:\/\/lyko.com\/sv\/sok?q=singelskugga\">Kryolan Eyedust (la sombra favorita de Annika n\u00famero 1)<\/a><\/strong><\/em><\/div>\n<div style=\"clear: both; text-align: center;\">\u00a0<\/div>\n<div style=\"clear: both; text-align: center;\"><span style=\"color: blue; font-size: large;\"><strong>Delineador de ojos azul<\/strong><\/span> al final de la l\u00ednea interior de las pesta\u00f1as, <em>Rotulador de ojos met\u00e1lico giratorio IsaDora (49 blue hawaii)<\/em><\/div>\n<div style=\"clear: both; text-align: center;\"><span style=\"color: #999999; font-size: large;\">Delineador de ojos blanco<\/span> m\u00e1s interior en la l\u00ednea interior de las pesta\u00f1as, <em>H&amp;M<\/em>.<\/div>\n<div style=\"clear: both; text-align: center;\">\u00a0<\/div>\n<div style=\"clear: both; text-align: center;\"><span style=\"color: #0b5394; font-size: large;\"><strong>R\u00edmel azul<\/strong><\/span> en las pesta\u00f1as inferiores, <em>Maxfactor False Lash Effect (azul profundo)<\/em><\/div>\n<div style=\"clear: both; text-align: center;\"><strong><span style=\"font-size: large;\">R\u00edmel negro<\/span><\/strong> en las pesta\u00f1as superiores, <em><strong><a href=\"https:\/\/ion.lyko.com\/t\/t?a=1117786221&#038;as=1548102449&#038;t=2&#038;tk=1&#038;epi=search-replace-fiberwig&#038;url=https:\/\/lyko.com\/sv\/sok?q=fiberwig+mascara\">M\u00e1scara Fiberwig LX<\/a><\/strong><\/em>.<\/div>\n<div style=\"clear: both; text-align: center;\">\u00a0<\/div>\n<div style=\"clear: both; text-align: center;\"><a href=\"http:\/\/i1092.photobucket.com\/albums\/i412\/isoniemi\/IMG_6867.jpg\" style=\"margin-left: 1em; margin-right: 1em;\"><img loading=\"lazy\" decoding=\"async\" border=\"0\" height=\"640\" src=\"http:\/\/i1092.photobucket.com\/albums\/i412\/isoniemi\/IMG_6867.jpg\" width=\"376\" \/><\/a><\/div>\n<div style=\"clear: both; text-align: center;\">\u00a0<\/div>\n<div style=\"clear: both; text-align: center;\"><a href=\"http:\/\/i1092.photobucket.com\/albums\/i412\/isoniemi\/IMG_6856.jpg\" style=\"margin-left: 1em; margin-right: 1em;\"><img loading=\"lazy\" decoding=\"async\" border=\"0\" height=\"640\" src=\"http:\/\/i1092.photobucket.com\/albums\/i412\/isoniemi\/IMG_6856.jpg\" width=\"388\" \/><\/a><\/div>\n<p>Miska est\u00e1 en \u00c5land y se divierte todo el fin de semana, y aunque estoy acostumbrado a estar en la escuela durante semanas, es muy dif\u00edcil <span style=\"font-size: large;\">Dormir solo<\/span>!<\/p>\n<p>Hace una diferencia si soy yo quien est\u00e1 en el fan;)<\/p>\n<p><\/p>\n<div style=\"text-align: center;\"><span style=\"font-size: x-large;\">\u00a1Va a ser una siesta tard\u00eda!<\/span><\/div>","protected":false},"excerpt":{"rendered":"<p>Semestertiderna \u00e4r slut, och jag inte kan kalla mig &#8221;ledig&#8221; l\u00e4ngre utan m\u00e5ste b\u00f6rja s\u00e4ga sanningen &#8211; arbetsl\u00f6s. Trots det vill jag \u00e4nd\u00e5 p\u00e5st\u00e5 att sommaren inte riktigt \u00e4r \u00f6ver \u00e4n! S\u00e5, h\u00e4r kommer en sminkning som f\u00f6r mig \u00e4r perfekt nu medan det fortfarande \u00e4r augusti :) \u00a0 T\u00e4nk er en solnedg\u00e5ng p\u00e5 stranden [&hellip;]<\/p>\n","protected":false},"author":30,"featured_media":0,"comment_status":"open","ping_status":"open","sticky":false,"template":"","format":"standard","meta":{"footnotes":""},"categories":[3],"tags":[],"class_list":["post-813","post","type-post","status-publish","format-standard","hentry","category-allmant"],"yoast_head":"<!-- This site is optimized with the Yoast SEO Premium plugin v14.9 - https:\/\/yoast.com\/wordpress\/plugins\/seo\/ -->\n<meta name=\"description\" content=\"Sunset | Helena Amiley - H\u00e4r hittar du senaste infromation om sk\u00f6nhet, livsstil, entrepren\u00f6rskap, makeup &amp; tips.\" \/>\n<meta name=\"robots\" content=\"index, follow, max-snippet:-1, max-image-preview:large, max-video-preview:-1\" \/>\n<link rel=\"canonical\" href=\"https:\/\/www.imakeyousmile.se\/es\/sunset\/\" \/>\n<meta property=\"og:locale\" content=\"es_ES\" \/>\n<meta property=\"og:type\" content=\"article\" \/>\n<meta property=\"og:title\" content=\"Sunset | Imakeyousmile.se\" \/>\n<meta property=\"og:description\" content=\"Sunset | Helena Amiley - H\u00e4r hittar du senaste infromation om sk\u00f6nhet, livsstil, entrepren\u00f6rskap, makeup &amp; tips.\" \/>\n<meta property=\"og:url\" content=\"https:\/\/www.imakeyousmile.se\/es\/sunset\/\" \/>\n<meta property=\"og:site_name\" content=\"Imakeyousmile.se\" \/>\n<meta property=\"article:author\" content=\"https:\/\/www.facebook.com\/imakeyousmile.se\" \/>\n<meta property=\"article:published_time\" content=\"2012-08-25T04:00:00+00:00\" \/>\n<meta property=\"og:image\" content=\"http:\/\/i1092.photobucket.com\/albums\/i412\/isoniemi\/IMG_6846.jpg\" \/>\n<meta name=\"twitter:card\" content=\"summary_large_image\" \/>\n<script type=\"application\/ld+json\" class=\"yoast-schema-graph\">{\"@context\":\"https:\/\/schema.org\",\"@graph\":[{\"@type\":\"Organization\",\"@id\":\"https:\/\/www.imakeyousmile.se\/es\/#organization\",\"name\":\"Imakeyousmile\",\"url\":\"https:\/\/www.imakeyousmile.se\/es\/\",\"sameAs\":[],\"logo\":{\"@type\":\"ImageObject\",\"@id\":\"https:\/\/www.imakeyousmile.se\/es\/#logo\",\"inLanguage\":\"es\",\"url\":\"https:\/\/www.imakeyousmile.se\/wp-content\/uploads\/2020\/10\/HELENA-AMILEY_SVART-1-e1603367975324.png\",\"width\":280,\"height\":93,\"caption\":\"Imakeyousmile\"},\"image\":{\"@id\":\"https:\/\/www.imakeyousmile.se\/es\/#logo\"}},{\"@type\":\"WebSite\",\"@id\":\"https:\/\/www.imakeyousmile.se\/es\/#website\",\"url\":\"https:\/\/www.imakeyousmile.se\/es\/\",\"name\":\"Imakeyousmile.se\",\"description\":\"Helena Amiley - Beauty, Entrepreneur, Lifestyle\",\"publisher\":{\"@id\":\"https:\/\/www.imakeyousmile.se\/es\/#organization\"},\"potentialAction\":[{\"@type\":\"SearchAction\",\"target\":\"https:\/\/www.imakeyousmile.se\/es\/?s={search_term_string}\",\"query-input\":\"required name=search_term_string\"}],\"inLanguage\":\"es\"},{\"@type\":\"ImageObject\",\"@id\":\"https:\/\/www.imakeyousmile.se\/sunset\/#primaryimage\",\"inLanguage\":\"es\",\"url\":\"http:\/\/i1092.photobucket.com\/albums\/i412\/isoniemi\/IMG_6846.jpg\"},{\"@type\":\"WebPage\",\"@id\":\"https:\/\/www.imakeyousmile.se\/sunset\/#webpage\",\"url\":\"https:\/\/www.imakeyousmile.se\/sunset\/\",\"name\":\"Sunset | Imakeyousmile.se\",\"isPartOf\":{\"@id\":\"https:\/\/www.imakeyousmile.se\/es\/#website\"},\"primaryImageOfPage\":{\"@id\":\"https:\/\/www.imakeyousmile.se\/sunset\/#primaryimage\"},\"datePublished\":\"2012-08-25T04:00:00+00:00\",\"dateModified\":\"2012-08-25T04:00:00+00:00\",\"description\":\"Sunset | Helena Amiley - H\\u00e4r hittar du senaste infromation om sk\\u00f6nhet, livsstil, entrepren\\u00f6rskap, makeup & tips.\",\"inLanguage\":\"es\",\"potentialAction\":[{\"@type\":\"ReadAction\",\"target\":[\"https:\/\/www.imakeyousmile.se\/sunset\/\"]}]},{\"@type\":\"Article\",\"@id\":\"https:\/\/www.imakeyousmile.se\/sunset\/#article\",\"isPartOf\":{\"@id\":\"https:\/\/www.imakeyousmile.se\/sunset\/#webpage\"},\"author\":{\"@id\":\"https:\/\/www.imakeyousmile.se\/es\/#\/schema\/person\/b0fd43b1c6bb1c60cfd68bff9b4a10fb\"},\"headline\":\"Sunset\",\"datePublished\":\"2012-08-25T04:00:00+00:00\",\"dateModified\":\"2012-08-25T04:00:00+00:00\",\"mainEntityOfPage\":{\"@id\":\"https:\/\/www.imakeyousmile.se\/sunset\/#webpage\"},\"commentCount\":0,\"publisher\":{\"@id\":\"https:\/\/www.imakeyousmile.se\/es\/#organization\"},\"image\":{\"@id\":\"https:\/\/www.imakeyousmile.se\/sunset\/#primaryimage\"},\"articleSection\":\"\\u00d6vrigt\",\"inLanguage\":\"es\",\"potentialAction\":[{\"@type\":\"CommentAction\",\"name\":\"Comment\",\"target\":[\"https:\/\/www.imakeyousmile.se\/sunset\/#respond\"]}]},{\"@type\":\"Person\",\"@id\":\"https:\/\/www.imakeyousmile.se\/es\/#\/schema\/person\/b0fd43b1c6bb1c60cfd68bff9b4a10fb\",\"name\":\"Helena Amiley\",\"image\":{\"@type\":\"ImageObject\",\"@id\":\"https:\/\/www.imakeyousmile.se\/es\/#personlogo\",\"inLanguage\":\"es\",\"url\":\"https:\/\/secure.gravatar.com\/avatar\/5645558e1e355457a23368d7e1b4c904?s=96&d=mm&r=g\",\"caption\":\"Helena Amiley\"},\"description\":\"Jag skriver mest om sk\\u00f6nhet men bjuder \\u00e4ven p\\u00e5 glimtar fr\\u00e5n entrepren\\u00f6rlivet och bygget av v\\u00e5r egen camper van. Vanlife here we come!\",\"sameAs\":[\"https:\/\/www.facebook.com\/imakeyousmile.se\",\"https:\/\/www.instagram.com\/helenaamiley\",\"https:\/\/www.youtube.com\/channel\/UCR5iB6rvpV6Yr8ZjpQfr5mg?view_as=subscriber\"]}]}<\/script>\n<!-- \/ Yoast SEO Premium plugin. -->","_links":{"self":[{"href":"https:\/\/www.imakeyousmile.se\/es\/wp-json\/wp\/v2\/posts\/813"}],"collection":[{"href":"https:\/\/www.imakeyousmile.se\/es\/wp-json\/wp\/v2\/posts"}],"about":[{"href":"https:\/\/www.imakeyousmile.se\/es\/wp-json\/wp\/v2\/types\/post"}],"author":[{"embeddable":true,"href":"https:\/\/www.imakeyousmile.se\/es\/wp-json\/wp\/v2\/users\/30"}],"replies":[{"embeddable":true,"href":"https:\/\/www.imakeyousmile.se\/es\/wp-json\/wp\/v2\/comments?post=813"}],"version-history":[{"count":0,"href":"https:\/\/www.imakeyousmile.se\/es\/wp-json\/wp\/v2\/posts\/813\/revisions"}],"wp:attachment":[{"href":"https:\/\/www.imakeyousmile.se\/es\/wp-json\/wp\/v2\/media?parent=813"}],"wp:term":[{"taxonomy":"category","embeddable":true,"href":"https:\/\/www.imakeyousmile.se\/es\/wp-json\/wp\/v2\/categories?post=813"},{"taxonomy":"post_tag","embeddable":true,"href":"https:\/\/www.imakeyousmile.se\/es\/wp-json\/wp\/v2\/tags?post=813"}],"curies":[{"name":"wp","href":"https:\/\/api.w.org\/{rel}","templated":true}]}}