{"id":816,"date":"2012-08-24T09:42:00","date_gmt":"2012-08-24T07:42:00","guid":{"rendered":"http:\/\/www.imakeyousmile.se\/proffsigare-sminkning\/"},"modified":"2012-08-24T09:42:00","modified_gmt":"2012-08-24T07:42:00","slug":"proffsigare-sminkning","status":"publish","type":"post","link":"https:\/\/www.imakeyousmile.se\/es\/maquillaje-mas-profesional\/","title":{"rendered":"Maquillaje m\u00e1s profesional"},"content":{"rendered":"<div align=\"left\" style=\"clear: both; text-align: center;\">Y<\/div>\n<div style=\"clear: both; text-align: left;\">Cuando empec\u00e9 a ponerme un poco m\u00e1s de maquillaje de lo &quot;habitual&quot;, fue base, rubor, 2 sombras de ojos diferentes y r\u00edmel.<\/div>\n<div style=\"clear: both; text-align: left;\">\u00a0<\/div>\n<div style=\"clear: both; text-align: left;\">\u00a1Pero nunca pens\u00e9 que lograr\u00eda que pareciera tan profesional como lo vieron en los peri\u00f3dicos!<\/div>\n<div style=\"clear: both; text-align: left;\">\u00a0<\/div>\n<div style=\"clear: both; text-align: left;\">\u00a0<\/div>\n<div style=\"clear: both; text-align: left;\">Por lo tanto, ahora pens\u00e9 en pasar por un poco <span style=\"font-size: x-large;\">detalles <\/span>uno puede hacer para que un look parezca m\u00e1s profesional.<\/div>\n<div style=\"clear: both; text-align: center;\"><\/div>\n<p><\/p>\n<div style=\"text-align: center;\"><a href=\"http:\/\/i1092.photobucket.com\/albums\/i412\/isoniemi\/IMG_6789.jpg\" style=\"margin-left: 1em; margin-right: 1em;\"><img loading=\"lazy\" decoding=\"async\" border=\"0\" height=\"172\" src=\"http:\/\/i1092.photobucket.com\/albums\/i412\/isoniemi\/IMG_6789.jpg\" width=\"400\" \/><\/a><\/div>\n<p><a href=\"http:\/\/i1092.photobucket.com\/albums\/i412\/isoniemi\/IMG_6789.jpg\" style=\"margin-left: 1em; margin-right: 1em;\"><\/p>\n<div style=\"text-align: left;\">\u00a0<\/div>\n<p><\/a><\/p>\n<div style=\"clear: both; text-align: center;\">\u00a0<\/div>\n<div style=\"text-align: center;\">Ha realizado un maquillaje de 3 sombras de ojos bastante cl\u00e1sico en ambos ojos.<\/div>\n<div style=\"clear: both; text-align: center;\">Pero en <span style=\"font-size: large;\">lado derecho<\/span> (en las fotos) He agregado detalles que no son realmente dif\u00edciles de hacer, \u00a1pero le dan al look un toque m\u00e1s profesional!<a href=\"http:\/\/i1092.photobucket.com\/albums\/i412\/isoniemi\/IMG_6789.jpg\" style=\"margin-left: 1em; margin-right: 1em;\"><\/a><\/div>\n<div style=\"clear: both; text-align: center;\">\u00a0<\/div>\n<div style=\"clear: both; text-align: center;\"><a href=\"http:\/\/i1092.photobucket.com\/albums\/i412\/isoniemi\/IMG_6785.jpg\" style=\"margin-left: 1em; margin-right: 1em;\"><img loading=\"lazy\" decoding=\"async\" border=\"0\" height=\"320\" src=\"http:\/\/i1092.photobucket.com\/albums\/i412\/isoniemi\/IMG_6785.jpg\" width=\"288\" \/><\/a><\/div>\n<div style=\"clear: both; text-align: center;\">\u00a0<\/div>\n<div style=\"clear: both; text-align: center;\"><strong>Ojo izquierdo<\/strong> - Tres sombras de ojos y r\u00edmel.<\/div>\n<div style=\"clear: both; text-align: center;\">\u00a0<\/div>\n<div style=\"clear: both; text-align: center;\"><a href=\"http:\/\/i1092.photobucket.com\/albums\/i412\/isoniemi\/IMG_6775-Copy.jpg\" style=\"margin-left: 1em; margin-right: 1em;\"><img loading=\"lazy\" decoding=\"async\" border=\"0\" height=\"320\" src=\"http:\/\/i1092.photobucket.com\/albums\/i412\/isoniemi\/IMG_6775-Copy.jpg\" width=\"286\" \/><\/a><\/div>\n<div style=\"clear: both; text-align: center;\"><strong>\u00a0Ojo derecho.<\/strong><\/div>\n<ol>\n<li>\n<div style=\"clear: both; text-align: left;\"><strong>Cejas llenas<\/strong> \u00a1Puede hacer mucho por el maquillaje en su conjunto! Muchas personas tienen bonitas cejas sin rellenarlas, pero si las rellenas un poco, a\u00fan puede marcar una gran diferencia. \u00a1Todo un h\u00e1bito!<\/div>\n<\/li>\n<div style=\"clear: both; text-align: left;\">\u00a0<\/div>\n<li>\n<div style=\"clear: both; text-align: left;\"><strong>Resaltador<\/strong> en el rabillo del ojo y debajo de la ceja. He agregado mucho tono claro en la imagen, si tomas menos obtienes un resultado m\u00e1s natural.<\/div>\n<\/li>\n<div style=\"clear: both; text-align: left;\">\u00a0<\/div>\n<li>\n<div style=\"clear: both; text-align: left;\"><strong>L\u00e1piz Kajal en la l\u00ednea interior de las pesta\u00f1as<\/strong> (<em>Blanco<\/em> <em>o negro<\/em>) Hace que el maquillaje parezca m\u00e1s acabado y bien trabajado.<\/div>\n<\/li>\n<div style=\"clear: both; text-align: left;\">\u00a0<\/div>\n<li>\n<div style=\"clear: both; text-align: left;\"><strong>Delineador de ojos l\u00edquido negro<\/strong> a lo largo de la l\u00ednea de las pesta\u00f1as superiores. Kajalpenna funciona igual de bien, especialmente si tiene dificultades para aplicar el delineador de ojos l\u00edquido. Mejor un caballo pobre que ning\u00fan caballo.<\/div>\n<\/li>\n<div style=\"clear: both; text-align: left;\">\u00a0<\/div>\n<li>\n<div style=\"clear: both; text-align: left;\"><strong>Sombra de ojos negra<\/strong> ligeramente holl\u00edn a lo largo de la l\u00ednea del globo (<em>no para que sea visible, solo debe reforzar lo que ya est\u00e1 all\u00ed<\/em>)<\/div>\n<\/li>\n<div style=\"clear: both; text-align: left;\">\u00a0<\/div>\n<li>\n<div style=\"clear: both; text-align: left;\"><strong>&quot;Saca&quot; la sombra de ojos en l\u00ednea recta<\/strong>\u00a0unos mm por debajo de la l\u00ednea de las pesta\u00f1as inferiores. Sombra clara \/ delineador de ojos blanco. Este es un detalle que no es muy com\u00fan, \u00a1y adem\u00e1s los ojos se ven mucho m\u00e1s grandes!<\/div>\n<\/li>\n<\/ol>\n<div style=\"clear: both; text-align: center;\">\u00a0<\/div>\n<div style=\"clear: both; text-align: center;\"><a href=\"http:\/\/i1092.photobucket.com\/albums\/i412\/isoniemi\/IMG_6796.jpg\" style=\"margin-left: 1em; margin-right: 1em;\"><img loading=\"lazy\" decoding=\"async\" border=\"0\" height=\"640\" src=\"http:\/\/i1092.photobucket.com\/albums\/i412\/isoniemi\/IMG_6796.jpg\" width=\"376\" \/><\/a><\/div>\n<div style=\"clear: both; text-align: center;\"><strong>La cara<\/strong>.<\/div>\n<div style=\"clear: both; text-align: center;\">\u00a0<\/div>\n<div style=\"clear: both; text-align: left;\">7. <strong>Sombreado <\/strong>(p. ej., polvo solar) en las sienes, debajo de la mand\u00edbula y en el costado del ment\u00f3n. \u00a1Adem\u00e1s de rubor por supuesto!<\/div>\n<div style=\"clear: both; text-align: left;\">\u00a0<\/div>\n<div style=\"clear: both; text-align: left;\">8. <strong>Brillo \/ l\u00e1piz \/ bol\u00edgrafo en los labios<\/strong>\u00a0\u00a1Es la guinda del pastel para que el maquillaje luzca perfecto!<\/div>\n<p><\/p>\n<div style=\"text-align: center;\"><span style=\"font-size: x-large;\">\u00a1Feliz Viernes a todos!<\/span><\/div>","protected":false},"excerpt":{"rendered":"<p>\ufeff N\u00e4r jag b\u00f6rjade sminka mig lite mer \u00e4n &#8221;vanligt&#8221; s\u00e5 blev det foundation, rouge, 2 olika\u00a0\u00f6gonskuggor och mascara. \u00a0 Men jag tyckte aldrig att jag lyckades f\u00e5 det att se s\u00e5d\u00e4r professionellt ut som man s\u00e5g i tidningar! \u00a0 \u00a0 D\u00e4rf\u00f6r t\u00e4nkte jag nu g\u00e5 igenom lite detaljer man kan g\u00f6ra f\u00f6r att f\u00e5 [&hellip;]<\/p>\n","protected":false},"author":30,"featured_media":0,"comment_status":"open","ping_status":"open","sticky":false,"template":"","format":"standard","meta":{"footnotes":""},"categories":[59],"tags":[],"class_list":["post-816","post","type-post","status-publish","format-standard","hentry","category-recensioner-produkttips"],"yoast_head":"<!-- This site is optimized with the Yoast SEO Premium plugin v14.9 - https:\/\/yoast.com\/wordpress\/plugins\/seo\/ -->\n<meta name=\"description\" content=\"Proffsigare sminkning | Helena Amiley - H\u00e4r hittar du senaste infromation om sk\u00f6nhet, livsstil, entrepren\u00f6rskap, makeup &amp; tips.\" \/>\n<meta name=\"robots\" content=\"index, follow, max-snippet:-1, max-image-preview:large, max-video-preview:-1\" \/>\n<link rel=\"canonical\" href=\"https:\/\/www.imakeyousmile.se\/es\/proffsigare-sminkning\/\" \/>\n<meta property=\"og:locale\" content=\"es_ES\" \/>\n<meta property=\"og:type\" content=\"article\" \/>\n<meta property=\"og:title\" content=\"Proffsigare sminkning | Imakeyousmile.se\" \/>\n<meta property=\"og:description\" content=\"Proffsigare sminkning | Helena Amiley - H\u00e4r hittar du senaste infromation om sk\u00f6nhet, livsstil, entrepren\u00f6rskap, makeup &amp; tips.\" \/>\n<meta property=\"og:url\" content=\"https:\/\/www.imakeyousmile.se\/es\/proffsigare-sminkning\/\" \/>\n<meta property=\"og:site_name\" content=\"Imakeyousmile.se\" \/>\n<meta property=\"article:author\" content=\"https:\/\/www.facebook.com\/imakeyousmile.se\" \/>\n<meta property=\"article:published_time\" content=\"2012-08-24T07:42:00+00:00\" \/>\n<meta property=\"og:image\" content=\"http:\/\/i1092.photobucket.com\/albums\/i412\/isoniemi\/IMG_6789.jpg\" \/>\n<meta name=\"twitter:card\" content=\"summary_large_image\" \/>\n<script type=\"application\/ld+json\" class=\"yoast-schema-graph\">{\"@context\":\"https:\/\/schema.org\",\"@graph\":[{\"@type\":\"Organization\",\"@id\":\"https:\/\/www.imakeyousmile.se\/es\/#organization\",\"name\":\"Imakeyousmile\",\"url\":\"https:\/\/www.imakeyousmile.se\/es\/\",\"sameAs\":[],\"logo\":{\"@type\":\"ImageObject\",\"@id\":\"https:\/\/www.imakeyousmile.se\/es\/#logo\",\"inLanguage\":\"es\",\"url\":\"https:\/\/www.imakeyousmile.se\/wp-content\/uploads\/2020\/10\/HELENA-AMILEY_SVART-1-e1603367975324.png\",\"width\":280,\"height\":93,\"caption\":\"Imakeyousmile\"},\"image\":{\"@id\":\"https:\/\/www.imakeyousmile.se\/es\/#logo\"}},{\"@type\":\"WebSite\",\"@id\":\"https:\/\/www.imakeyousmile.se\/es\/#website\",\"url\":\"https:\/\/www.imakeyousmile.se\/es\/\",\"name\":\"Imakeyousmile.se\",\"description\":\"Helena Amiley - Beauty, Entrepreneur, Lifestyle\",\"publisher\":{\"@id\":\"https:\/\/www.imakeyousmile.se\/es\/#organization\"},\"potentialAction\":[{\"@type\":\"SearchAction\",\"target\":\"https:\/\/www.imakeyousmile.se\/es\/?s={search_term_string}\",\"query-input\":\"required name=search_term_string\"}],\"inLanguage\":\"es\"},{\"@type\":\"ImageObject\",\"@id\":\"https:\/\/www.imakeyousmile.se\/proffsigare-sminkning\/#primaryimage\",\"inLanguage\":\"es\",\"url\":\"http:\/\/i1092.photobucket.com\/albums\/i412\/isoniemi\/IMG_6789.jpg\"},{\"@type\":\"WebPage\",\"@id\":\"https:\/\/www.imakeyousmile.se\/proffsigare-sminkning\/#webpage\",\"url\":\"https:\/\/www.imakeyousmile.se\/proffsigare-sminkning\/\",\"name\":\"Proffsigare sminkning | Imakeyousmile.se\",\"isPartOf\":{\"@id\":\"https:\/\/www.imakeyousmile.se\/es\/#website\"},\"primaryImageOfPage\":{\"@id\":\"https:\/\/www.imakeyousmile.se\/proffsigare-sminkning\/#primaryimage\"},\"datePublished\":\"2012-08-24T07:42:00+00:00\",\"dateModified\":\"2012-08-24T07:42:00+00:00\",\"description\":\"Proffsigare sminkning | Helena Amiley - H\\u00e4r hittar du senaste infromation om sk\\u00f6nhet, livsstil, entrepren\\u00f6rskap, makeup & tips.\",\"inLanguage\":\"es\",\"potentialAction\":[{\"@type\":\"ReadAction\",\"target\":[\"https:\/\/www.imakeyousmile.se\/proffsigare-sminkning\/\"]}]},{\"@type\":\"Article\",\"@id\":\"https:\/\/www.imakeyousmile.se\/proffsigare-sminkning\/#article\",\"isPartOf\":{\"@id\":\"https:\/\/www.imakeyousmile.se\/proffsigare-sminkning\/#webpage\"},\"author\":{\"@id\":\"https:\/\/www.imakeyousmile.se\/es\/#\/schema\/person\/b0fd43b1c6bb1c60cfd68bff9b4a10fb\"},\"headline\":\"Proffsigare sminkning\",\"datePublished\":\"2012-08-24T07:42:00+00:00\",\"dateModified\":\"2012-08-24T07:42:00+00:00\",\"mainEntityOfPage\":{\"@id\":\"https:\/\/www.imakeyousmile.se\/proffsigare-sminkning\/#webpage\"},\"commentCount\":0,\"publisher\":{\"@id\":\"https:\/\/www.imakeyousmile.se\/es\/#organization\"},\"image\":{\"@id\":\"https:\/\/www.imakeyousmile.se\/proffsigare-sminkning\/#primaryimage\"},\"articleSection\":\"Recensioner &amp; Produkttips\",\"inLanguage\":\"es\",\"potentialAction\":[{\"@type\":\"CommentAction\",\"name\":\"Comment\",\"target\":[\"https:\/\/www.imakeyousmile.se\/proffsigare-sminkning\/#respond\"]}]},{\"@type\":\"Person\",\"@id\":\"https:\/\/www.imakeyousmile.se\/es\/#\/schema\/person\/b0fd43b1c6bb1c60cfd68bff9b4a10fb\",\"name\":\"Helena Amiley\",\"image\":{\"@type\":\"ImageObject\",\"@id\":\"https:\/\/www.imakeyousmile.se\/es\/#personlogo\",\"inLanguage\":\"es\",\"url\":\"https:\/\/secure.gravatar.com\/avatar\/5645558e1e355457a23368d7e1b4c904?s=96&d=mm&r=g\",\"caption\":\"Helena Amiley\"},\"description\":\"Jag skriver mest om sk\\u00f6nhet men bjuder \\u00e4ven p\\u00e5 glimtar fr\\u00e5n entrepren\\u00f6rlivet och bygget av v\\u00e5r egen camper van. Vanlife here we come!\",\"sameAs\":[\"https:\/\/www.facebook.com\/imakeyousmile.se\",\"https:\/\/www.instagram.com\/helenaamiley\",\"https:\/\/www.youtube.com\/channel\/UCR5iB6rvpV6Yr8ZjpQfr5mg?view_as=subscriber\"]}]}<\/script>\n<!-- \/ Yoast SEO Premium plugin. -->","_links":{"self":[{"href":"https:\/\/www.imakeyousmile.se\/es\/wp-json\/wp\/v2\/posts\/816"}],"collection":[{"href":"https:\/\/www.imakeyousmile.se\/es\/wp-json\/wp\/v2\/posts"}],"about":[{"href":"https:\/\/www.imakeyousmile.se\/es\/wp-json\/wp\/v2\/types\/post"}],"author":[{"embeddable":true,"href":"https:\/\/www.imakeyousmile.se\/es\/wp-json\/wp\/v2\/users\/30"}],"replies":[{"embeddable":true,"href":"https:\/\/www.imakeyousmile.se\/es\/wp-json\/wp\/v2\/comments?post=816"}],"version-history":[{"count":0,"href":"https:\/\/www.imakeyousmile.se\/es\/wp-json\/wp\/v2\/posts\/816\/revisions"}],"wp:attachment":[{"href":"https:\/\/www.imakeyousmile.se\/es\/wp-json\/wp\/v2\/media?parent=816"}],"wp:term":[{"taxonomy":"category","embeddable":true,"href":"https:\/\/www.imakeyousmile.se\/es\/wp-json\/wp\/v2\/categories?post=816"},{"taxonomy":"post_tag","embeddable":true,"href":"https:\/\/www.imakeyousmile.se\/es\/wp-json\/wp\/v2\/tags?post=816"}],"curies":[{"name":"wp","href":"https:\/\/api.w.org\/{rel}","templated":true}]}}