{"id":842,"date":"2012-08-12T22:16:00","date_gmt":"2012-08-12T20:16:00","guid":{"rendered":"http:\/\/www.imakeyousmile.se\/for-fixad-vs-ofixad\/"},"modified":"2012-08-12T22:16:00","modified_gmt":"2012-08-12T20:16:00","slug":"for-fixad-vs-ofixad","status":"publish","type":"post","link":"https:\/\/www.imakeyousmile.se\/es\/para-fixad-vs-ofixad\/","title":{"rendered":"Para fijo vs. ofixad"},"content":{"rendered":"<div style=\"clear: both; text-align: left;\">Ayer, antes del disco de la langosta, termin\u00e9 en una &quot;situaci\u00f3n de ropa&quot; que siempre es igual de dif\u00edcil, pero creo que todos han pasado por eso en alg\u00fan momento. \u00a1No dude en escribir en tales casos! :)<\/div>\n<div style=\"clear: both; text-align: left;\"><\/div>\n<div style=\"clear: both; text-align: left;\">Tienes que irte y no tienes idea de si vas a ser<span style=\"font-size: large;\"> afinado, arreglado para la fiesta o todos los d\u00edas?<\/span><\/div>\n<div style=\"clear: both; text-align: left;\"><\/div>\n<p><\/p>\n<div style=\"clear: both; text-align: left;\">Entonces es solo eso<span style=\"font-size: x-large;\"> considerar<\/span>- Prefiero ser<em>\u00a0para<\/em> arreglado en comparaci\u00f3n con todos los dem\u00e1s, o por el contrario ponerse jeans y una camiseta cuando el resto parece estrellas de cine?<\/div>\n<div style=\"clear: both; text-align: left;\"><\/div>\n<div style=\"clear: both; text-align: left;\"><\/div>\n<div style=\"clear: both; text-align: left;\">Tir\u00e9 del remache ... Manej\u00e9 con un vestido largo, maquillaje de fiesta brillante, tacones altos y mi lujosa &quot;chaqueta de invierno de gorra roja&quot; por la noche. Cuando llegu\u00e9, todas las dem\u00e1s chicas estaban tejiendo su\u00e9teres y zapatos planos.<\/div>\n<div style=\"clear: both; text-align: left;\"><\/div>\n<div style=\"clear: both; text-align: left;\">No mejoro porque no puedo <span style=\"font-size: x-large;\">escala<\/span> <span style=\"font-size: x-large;\">cangrejo de r\u00edo <\/span>yo mismo, me disgusta tanto que no quiero comer m\u00e1s tarde (todos me miran cuando finalmente lo intento). Entonces Miska tuvo que escalarlos todos por m\u00ed (<em>Gulle han <\/em><span style=\"color: red;\">\u2665<\/span>) y me sent\u00ed como el peor div\u00e1n! Jajaja<\/div>\n<div style=\"clear: both; text-align: center;\"><\/div>\n<div style=\"clear: both; text-align: center;\"><a href=\"http:\/\/i1092.photobucket.com\/albums\/i412\/isoniemi\/IMG_5745.jpg\" style=\"margin-left: 1em; margin-right: 1em;\"><img loading=\"lazy\" decoding=\"async\" border=\"0\" height=\"640\" src=\"http:\/\/i1092.photobucket.com\/albums\/i412\/isoniemi\/IMG_5745.jpg\" width=\"340\" \/><\/a><\/div>\n<div style=\"clear: both; text-align: center;\"><\/div>\n<div style=\"clear: both; text-align: center;\"><span style=\"font-size: x-large;\">Pero yo era guapo de todos modos <\/span><span style=\"font-size: large;\">;)<\/span><\/div>","protected":false},"excerpt":{"rendered":"<p>Ig\u00e5r innan kr\u00e4ftskivan\u00a0hamnade jag i en &#8221;kl\u00e4dsituation&#8221; som alltid \u00e4r lika jobbig, men tror att alla har varit med om det n\u00e5gon g\u00e5ng. Skriv g\u00e4rna i s\u00e5nna fall! :) Man ska iv\u00e4g, och har ingen aning om man ska vara finfixad, partyfixad eller vardaglig? D\u00e5 \u00e4r det bara att \u00f6verv\u00e4ga&#8211; Vill jag hellre vara\u00a0f\u00f6r fixad\u00a0j\u00e4mf\u00f6rt [&hellip;]<\/p>\n","protected":false},"author":30,"featured_media":0,"comment_status":"open","ping_status":"open","sticky":false,"template":"","format":"standard","meta":{"footnotes":""},"categories":[3],"tags":[],"class_list":["post-842","post","type-post","status-publish","format-standard","hentry","category-allmant"],"yoast_head":"<!-- This site is optimized with the Yoast SEO Premium plugin v14.9 - https:\/\/yoast.com\/wordpress\/plugins\/seo\/ -->\n<meta name=\"description\" content=\"F\u00f6r fixad vs. ofixad | Helena Amiley - H\u00e4r hittar du senaste infromation om sk\u00f6nhet, livsstil, entrepren\u00f6rskap, makeup &amp; tips.\" \/>\n<meta name=\"robots\" content=\"index, follow, max-snippet:-1, max-image-preview:large, max-video-preview:-1\" \/>\n<link rel=\"canonical\" href=\"https:\/\/www.imakeyousmile.se\/es\/for-fixad-vs-ofixad\/\" \/>\n<meta property=\"og:locale\" content=\"es_ES\" \/>\n<meta property=\"og:type\" content=\"article\" \/>\n<meta property=\"og:title\" content=\"F\u00f6r fixad vs. ofixad | Imakeyousmile.se\" \/>\n<meta property=\"og:description\" content=\"F\u00f6r fixad vs. ofixad | Helena Amiley - H\u00e4r hittar du senaste infromation om sk\u00f6nhet, livsstil, entrepren\u00f6rskap, makeup &amp; tips.\" \/>\n<meta property=\"og:url\" content=\"https:\/\/www.imakeyousmile.se\/es\/for-fixad-vs-ofixad\/\" \/>\n<meta property=\"og:site_name\" content=\"Imakeyousmile.se\" \/>\n<meta property=\"article:author\" content=\"https:\/\/www.facebook.com\/imakeyousmile.se\" \/>\n<meta property=\"article:published_time\" content=\"2012-08-12T20:16:00+00:00\" \/>\n<meta property=\"og:image\" content=\"http:\/\/i1092.photobucket.com\/albums\/i412\/isoniemi\/IMG_5745.jpg\" \/>\n<meta name=\"twitter:card\" content=\"summary_large_image\" \/>\n<script type=\"application\/ld+json\" class=\"yoast-schema-graph\">{\"@context\":\"https:\/\/schema.org\",\"@graph\":[{\"@type\":\"Organization\",\"@id\":\"https:\/\/www.imakeyousmile.se\/es\/#organization\",\"name\":\"Imakeyousmile\",\"url\":\"https:\/\/www.imakeyousmile.se\/es\/\",\"sameAs\":[],\"logo\":{\"@type\":\"ImageObject\",\"@id\":\"https:\/\/www.imakeyousmile.se\/es\/#logo\",\"inLanguage\":\"es\",\"url\":\"https:\/\/www.imakeyousmile.se\/wp-content\/uploads\/2020\/10\/HELENA-AMILEY_SVART-1-e1603367975324.png\",\"width\":280,\"height\":93,\"caption\":\"Imakeyousmile\"},\"image\":{\"@id\":\"https:\/\/www.imakeyousmile.se\/es\/#logo\"}},{\"@type\":\"WebSite\",\"@id\":\"https:\/\/www.imakeyousmile.se\/es\/#website\",\"url\":\"https:\/\/www.imakeyousmile.se\/es\/\",\"name\":\"Imakeyousmile.se\",\"description\":\"Helena Amiley - Beauty, Entrepreneur, Lifestyle\",\"publisher\":{\"@id\":\"https:\/\/www.imakeyousmile.se\/es\/#organization\"},\"potentialAction\":[{\"@type\":\"SearchAction\",\"target\":\"https:\/\/www.imakeyousmile.se\/es\/?s={search_term_string}\",\"query-input\":\"required name=search_term_string\"}],\"inLanguage\":\"es\"},{\"@type\":\"ImageObject\",\"@id\":\"https:\/\/www.imakeyousmile.se\/for-fixad-vs-ofixad\/#primaryimage\",\"inLanguage\":\"es\",\"url\":\"http:\/\/i1092.photobucket.com\/albums\/i412\/isoniemi\/IMG_5745.jpg\"},{\"@type\":\"WebPage\",\"@id\":\"https:\/\/www.imakeyousmile.se\/for-fixad-vs-ofixad\/#webpage\",\"url\":\"https:\/\/www.imakeyousmile.se\/for-fixad-vs-ofixad\/\",\"name\":\"F\\u00f6r fixad vs. ofixad | Imakeyousmile.se\",\"isPartOf\":{\"@id\":\"https:\/\/www.imakeyousmile.se\/es\/#website\"},\"primaryImageOfPage\":{\"@id\":\"https:\/\/www.imakeyousmile.se\/for-fixad-vs-ofixad\/#primaryimage\"},\"datePublished\":\"2012-08-12T20:16:00+00:00\",\"dateModified\":\"2012-08-12T20:16:00+00:00\",\"description\":\"F\\u00f6r fixad vs. ofixad | Helena Amiley - H\\u00e4r hittar du senaste infromation om sk\\u00f6nhet, livsstil, entrepren\\u00f6rskap, makeup & tips.\",\"inLanguage\":\"es\",\"potentialAction\":[{\"@type\":\"ReadAction\",\"target\":[\"https:\/\/www.imakeyousmile.se\/for-fixad-vs-ofixad\/\"]}]},{\"@type\":\"Article\",\"@id\":\"https:\/\/www.imakeyousmile.se\/for-fixad-vs-ofixad\/#article\",\"isPartOf\":{\"@id\":\"https:\/\/www.imakeyousmile.se\/for-fixad-vs-ofixad\/#webpage\"},\"author\":{\"@id\":\"https:\/\/www.imakeyousmile.se\/es\/#\/schema\/person\/b0fd43b1c6bb1c60cfd68bff9b4a10fb\"},\"headline\":\"F\\u00f6r fixad vs. ofixad\",\"datePublished\":\"2012-08-12T20:16:00+00:00\",\"dateModified\":\"2012-08-12T20:16:00+00:00\",\"mainEntityOfPage\":{\"@id\":\"https:\/\/www.imakeyousmile.se\/for-fixad-vs-ofixad\/#webpage\"},\"commentCount\":0,\"publisher\":{\"@id\":\"https:\/\/www.imakeyousmile.se\/es\/#organization\"},\"image\":{\"@id\":\"https:\/\/www.imakeyousmile.se\/for-fixad-vs-ofixad\/#primaryimage\"},\"articleSection\":\"\\u00d6vrigt\",\"inLanguage\":\"es\",\"potentialAction\":[{\"@type\":\"CommentAction\",\"name\":\"Comment\",\"target\":[\"https:\/\/www.imakeyousmile.se\/for-fixad-vs-ofixad\/#respond\"]}]},{\"@type\":\"Person\",\"@id\":\"https:\/\/www.imakeyousmile.se\/es\/#\/schema\/person\/b0fd43b1c6bb1c60cfd68bff9b4a10fb\",\"name\":\"Helena Amiley\",\"image\":{\"@type\":\"ImageObject\",\"@id\":\"https:\/\/www.imakeyousmile.se\/es\/#personlogo\",\"inLanguage\":\"es\",\"url\":\"https:\/\/secure.gravatar.com\/avatar\/5645558e1e355457a23368d7e1b4c904?s=96&d=mm&r=g\",\"caption\":\"Helena Amiley\"},\"description\":\"Jag skriver mest om sk\\u00f6nhet men bjuder \\u00e4ven p\\u00e5 glimtar fr\\u00e5n entrepren\\u00f6rlivet och bygget av v\\u00e5r egen camper van. Vanlife here we come!\",\"sameAs\":[\"https:\/\/www.facebook.com\/imakeyousmile.se\",\"https:\/\/www.instagram.com\/helenaamiley\",\"https:\/\/www.youtube.com\/channel\/UCR5iB6rvpV6Yr8ZjpQfr5mg?view_as=subscriber\"]}]}<\/script>\n<!-- \/ Yoast SEO Premium plugin. -->","_links":{"self":[{"href":"https:\/\/www.imakeyousmile.se\/es\/wp-json\/wp\/v2\/posts\/842"}],"collection":[{"href":"https:\/\/www.imakeyousmile.se\/es\/wp-json\/wp\/v2\/posts"}],"about":[{"href":"https:\/\/www.imakeyousmile.se\/es\/wp-json\/wp\/v2\/types\/post"}],"author":[{"embeddable":true,"href":"https:\/\/www.imakeyousmile.se\/es\/wp-json\/wp\/v2\/users\/30"}],"replies":[{"embeddable":true,"href":"https:\/\/www.imakeyousmile.se\/es\/wp-json\/wp\/v2\/comments?post=842"}],"version-history":[{"count":0,"href":"https:\/\/www.imakeyousmile.se\/es\/wp-json\/wp\/v2\/posts\/842\/revisions"}],"wp:attachment":[{"href":"https:\/\/www.imakeyousmile.se\/es\/wp-json\/wp\/v2\/media?parent=842"}],"wp:term":[{"taxonomy":"category","embeddable":true,"href":"https:\/\/www.imakeyousmile.se\/es\/wp-json\/wp\/v2\/categories?post=842"},{"taxonomy":"post_tag","embeddable":true,"href":"https:\/\/www.imakeyousmile.se\/es\/wp-json\/wp\/v2\/tags?post=842"}],"curies":[{"name":"wp","href":"https:\/\/api.w.org\/{rel}","templated":true}]}}