{"id":8508,"date":"2013-10-09T15:10:20","date_gmt":"2013-10-09T13:10:20","guid":{"rendered":"http:\/\/www.imakeyousmile.se\/?p=8508"},"modified":"2013-10-09T15:10:21","modified_gmt":"2013-10-09T13:10:21","slug":"fotokurs","status":"publish","type":"post","link":"https:\/\/www.imakeyousmile.se\/es\/curso-de-fotografia\/","title":{"rendered":"Curso de fotograf\u00eda"},"content":{"rendered":"<p>Ahora me he sentado y he pasado por todo <a href=\"http:\/\/emelieohlsson.se\/\" target=\"_blank\">Emelie Ohlssons<\/a> curso de fotograf\u00eda en la web.<\/p>\n<p>Pronto escribir\u00e9 m\u00e1s sobre esto, todav\u00eda no me siento realmente listo, pero tengo que volver y ensayar ciertas partes que siento.<\/p>\n<p>El maquillaje de hoy est\u00e1 al menos un poco pospuesto, estoy sentado ahora mismo revisando todos los ajustes que he aprendido y comparando la diferencia que habr\u00e1 en las im\u00e1genes dependiendo de c\u00f3mo cambie los ajustes. Me gustar\u00eda encontrar el escenario perfecto para mi luz y prop\u00f3sito antes de tomar el look de hoy :)<\/p>\n<p>Mi objetivo es conseguir mejores fotograf\u00edas de maquillaje para el blog, y creo que tendr\u00e9 que comprar una nueva lente y tal vez un flash externo antes de estar satisfecho. Pero lo m\u00e1s importante es conocer la c\u00e1mara y <strong>para m\u00ed, que soy ignorante, poco t\u00e9cnico y b\u00e1sicamente poco interesado, \u00a1el curso de Emelie vale su peso en oro!<\/strong> Ahora incluso entiendo qu\u00e9 son ISO y apertura :)<\/p>\n<p>Ni siquiera s\u00e9 qu\u00e9 ajuste tengo habitualmente en la c\u00e1mara, siempre se me ocurre pulsar botones y girar mandos que no entiendo jaja. \u00a1Pero ahora habr\u00e1 un cambio en eso!<\/p>\n<p>&nbsp;<\/p>\n<p>As\u00ed era cuando practiqu\u00e9 hoy:<\/p>\n<p><a href=\"http:\/\/www.imakeyousmile.se\/es\/fotokurs\/1-15\/\" rel=\"attachment wp-att-8509\"><img loading=\"lazy\" decoding=\"async\" class=\"alignnone size-full wp-image-8509\" title=\"1\" src=\"http:\/\/www.imakeyousmile.se\/wp-content\/uploads\/2013\/10\/1.jpg\" alt=\"\" width=\"499\" height=\"610\" srcset=\"https:\/\/www.imakeyousmile.se\/wp-content\/uploads\/2013\/10\/1.jpg 499w, https:\/\/www.imakeyousmile.se\/wp-content\/uploads\/2013\/10\/1-245x300.jpg 245w\" sizes=\"(max-width: 499px) 100vw, 499px\" \/><\/a><\/p>\n<p><a href=\"http:\/\/www.imakeyousmile.se\/es\/fotokurs\/3-11\/\" rel=\"attachment wp-att-8511\"><img loading=\"lazy\" decoding=\"async\" class=\"alignnone size-full wp-image-8511\" title=\"3\" src=\"http:\/\/www.imakeyousmile.se\/wp-content\/uploads\/2013\/10\/3.jpg\" alt=\"\" width=\"480\" height=\"616\" srcset=\"https:\/\/www.imakeyousmile.se\/wp-content\/uploads\/2013\/10\/3.jpg 480w, https:\/\/www.imakeyousmile.se\/wp-content\/uploads\/2013\/10\/3-233x300.jpg 233w\" sizes=\"(max-width: 480px) 100vw, 480px\" \/><\/a><\/p>\n<p><a href=\"http:\/\/www.imakeyousmile.se\/es\/fotokurs\/4-8\/\" rel=\"attachment wp-att-8512\"><img loading=\"lazy\" decoding=\"async\" class=\"alignnone size-full wp-image-8512\" title=\"4\" src=\"http:\/\/www.imakeyousmile.se\/wp-content\/uploads\/2013\/10\/4.jpg\" alt=\"\" width=\"487\" height=\"617\" srcset=\"https:\/\/www.imakeyousmile.se\/wp-content\/uploads\/2013\/10\/4.jpg 487w, https:\/\/www.imakeyousmile.se\/wp-content\/uploads\/2013\/10\/4-236x300.jpg 236w\" sizes=\"(max-width: 487px) 100vw, 487px\" \/><\/a><\/p>\n<p>Funciona, dijo el pir\u00f3mano ...<\/p>","protected":false},"excerpt":{"rendered":"<p>Nu har jag suttit och g\u00e5tt igenom hela Emelie Ohlssons fotokurs p\u00e5 webben. Jag kommer inom kort skriva mer om den, jag k\u00e4nner mig inte riktigt klar \u00e4n utan m\u00e5ste g\u00e5 tillbaka och repetera vissa delar k\u00e4nner jag. Dagens sminkning blir i alla fall lite uppskjuten, jag sitter just nu och g\u00e5r igenom alla inst\u00e4llningar [&hellip;]<\/p>\n","protected":false},"author":30,"featured_media":0,"comment_status":"open","ping_status":"closed","sticky":false,"template":"","format":"standard","meta":{"footnotes":""},"categories":[3],"tags":[],"class_list":["post-8508","post","type-post","status-publish","format-standard","hentry","category-allmant"],"yoast_head":"<!-- This site is optimized with the Yoast SEO Premium plugin v14.9 - https:\/\/yoast.com\/wordpress\/plugins\/seo\/ -->\n<meta name=\"description\" content=\"Fotokurs | Helena Amiley - H\u00e4r hittar du senaste infromation om sk\u00f6nhet, livsstil, entrepren\u00f6rskap, makeup &amp; tips.\" \/>\n<meta name=\"robots\" content=\"index, follow, max-snippet:-1, max-image-preview:large, max-video-preview:-1\" \/>\n<link rel=\"canonical\" href=\"https:\/\/www.imakeyousmile.se\/es\/fotokurs\/\" \/>\n<meta property=\"og:locale\" content=\"es_ES\" \/>\n<meta property=\"og:type\" content=\"article\" \/>\n<meta property=\"og:title\" content=\"Fotokurs | Imakeyousmile.se\" \/>\n<meta property=\"og:description\" content=\"Fotokurs | Helena Amiley - H\u00e4r hittar du senaste infromation om sk\u00f6nhet, livsstil, entrepren\u00f6rskap, makeup &amp; tips.\" \/>\n<meta property=\"og:url\" content=\"https:\/\/www.imakeyousmile.se\/es\/fotokurs\/\" \/>\n<meta property=\"og:site_name\" content=\"Imakeyousmile.se\" \/>\n<meta property=\"article:author\" content=\"https:\/\/www.facebook.com\/imakeyousmile.se\" \/>\n<meta property=\"article:published_time\" content=\"2013-10-09T13:10:20+00:00\" \/>\n<meta property=\"article:modified_time\" content=\"2013-10-09T13:10:21+00:00\" \/>\n<meta property=\"og:image\" content=\"http:\/\/www.imakeyousmile.se\/wp-content\/uploads\/2013\/10\/1.jpg\" \/>\n<meta name=\"twitter:card\" content=\"summary_large_image\" \/>\n<script type=\"application\/ld+json\" class=\"yoast-schema-graph\">{\"@context\":\"https:\/\/schema.org\",\"@graph\":[{\"@type\":\"Organization\",\"@id\":\"https:\/\/www.imakeyousmile.se\/es\/#organization\",\"name\":\"Imakeyousmile\",\"url\":\"https:\/\/www.imakeyousmile.se\/es\/\",\"sameAs\":[],\"logo\":{\"@type\":\"ImageObject\",\"@id\":\"https:\/\/www.imakeyousmile.se\/es\/#logo\",\"inLanguage\":\"es\",\"url\":\"https:\/\/www.imakeyousmile.se\/wp-content\/uploads\/2020\/10\/HELENA-AMILEY_SVART-1-e1603367975324.png\",\"width\":280,\"height\":93,\"caption\":\"Imakeyousmile\"},\"image\":{\"@id\":\"https:\/\/www.imakeyousmile.se\/es\/#logo\"}},{\"@type\":\"WebSite\",\"@id\":\"https:\/\/www.imakeyousmile.se\/es\/#website\",\"url\":\"https:\/\/www.imakeyousmile.se\/es\/\",\"name\":\"Imakeyousmile.se\",\"description\":\"Helena Amiley - Beauty, Entrepreneur, Lifestyle\",\"publisher\":{\"@id\":\"https:\/\/www.imakeyousmile.se\/es\/#organization\"},\"potentialAction\":[{\"@type\":\"SearchAction\",\"target\":\"https:\/\/www.imakeyousmile.se\/es\/?s={search_term_string}\",\"query-input\":\"required name=search_term_string\"}],\"inLanguage\":\"es\"},{\"@type\":\"ImageObject\",\"@id\":\"https:\/\/www.imakeyousmile.se\/fotokurs\/#primaryimage\",\"inLanguage\":\"es\",\"url\":\"http:\/\/www.imakeyousmile.se\/wp-content\/uploads\/2013\/10\/1.jpg\"},{\"@type\":\"WebPage\",\"@id\":\"https:\/\/www.imakeyousmile.se\/fotokurs\/#webpage\",\"url\":\"https:\/\/www.imakeyousmile.se\/fotokurs\/\",\"name\":\"Fotokurs | Imakeyousmile.se\",\"isPartOf\":{\"@id\":\"https:\/\/www.imakeyousmile.se\/es\/#website\"},\"primaryImageOfPage\":{\"@id\":\"https:\/\/www.imakeyousmile.se\/fotokurs\/#primaryimage\"},\"datePublished\":\"2013-10-09T13:10:20+00:00\",\"dateModified\":\"2013-10-09T13:10:21+00:00\",\"description\":\"Fotokurs | Helena Amiley - H\\u00e4r hittar du senaste infromation om sk\\u00f6nhet, livsstil, entrepren\\u00f6rskap, makeup & tips.\",\"inLanguage\":\"es\",\"potentialAction\":[{\"@type\":\"ReadAction\",\"target\":[\"https:\/\/www.imakeyousmile.se\/fotokurs\/\"]}]},{\"@type\":\"Article\",\"@id\":\"https:\/\/www.imakeyousmile.se\/fotokurs\/#article\",\"isPartOf\":{\"@id\":\"https:\/\/www.imakeyousmile.se\/fotokurs\/#webpage\"},\"author\":{\"@id\":\"https:\/\/www.imakeyousmile.se\/es\/#\/schema\/person\/b0fd43b1c6bb1c60cfd68bff9b4a10fb\"},\"headline\":\"Fotokurs\",\"datePublished\":\"2013-10-09T13:10:20+00:00\",\"dateModified\":\"2013-10-09T13:10:21+00:00\",\"mainEntityOfPage\":{\"@id\":\"https:\/\/www.imakeyousmile.se\/fotokurs\/#webpage\"},\"commentCount\":0,\"publisher\":{\"@id\":\"https:\/\/www.imakeyousmile.se\/es\/#organization\"},\"image\":{\"@id\":\"https:\/\/www.imakeyousmile.se\/fotokurs\/#primaryimage\"},\"articleSection\":\"\\u00d6vrigt\",\"inLanguage\":\"es\",\"potentialAction\":[{\"@type\":\"CommentAction\",\"name\":\"Comment\",\"target\":[\"https:\/\/www.imakeyousmile.se\/fotokurs\/#respond\"]}]},{\"@type\":\"Person\",\"@id\":\"https:\/\/www.imakeyousmile.se\/es\/#\/schema\/person\/b0fd43b1c6bb1c60cfd68bff9b4a10fb\",\"name\":\"Helena Amiley\",\"image\":{\"@type\":\"ImageObject\",\"@id\":\"https:\/\/www.imakeyousmile.se\/es\/#personlogo\",\"inLanguage\":\"es\",\"url\":\"https:\/\/secure.gravatar.com\/avatar\/5645558e1e355457a23368d7e1b4c904?s=96&d=mm&r=g\",\"caption\":\"Helena Amiley\"},\"description\":\"Jag skriver mest om sk\\u00f6nhet men bjuder \\u00e4ven p\\u00e5 glimtar fr\\u00e5n entrepren\\u00f6rlivet och bygget av v\\u00e5r egen camper van. Vanlife here we come!\",\"sameAs\":[\"https:\/\/www.facebook.com\/imakeyousmile.se\",\"https:\/\/www.instagram.com\/helenaamiley\",\"https:\/\/www.youtube.com\/channel\/UCR5iB6rvpV6Yr8ZjpQfr5mg?view_as=subscriber\"]}]}<\/script>\n<!-- \/ Yoast SEO Premium plugin. -->","_links":{"self":[{"href":"https:\/\/www.imakeyousmile.se\/es\/wp-json\/wp\/v2\/posts\/8508"}],"collection":[{"href":"https:\/\/www.imakeyousmile.se\/es\/wp-json\/wp\/v2\/posts"}],"about":[{"href":"https:\/\/www.imakeyousmile.se\/es\/wp-json\/wp\/v2\/types\/post"}],"author":[{"embeddable":true,"href":"https:\/\/www.imakeyousmile.se\/es\/wp-json\/wp\/v2\/users\/30"}],"replies":[{"embeddable":true,"href":"https:\/\/www.imakeyousmile.se\/es\/wp-json\/wp\/v2\/comments?post=8508"}],"version-history":[{"count":0,"href":"https:\/\/www.imakeyousmile.se\/es\/wp-json\/wp\/v2\/posts\/8508\/revisions"}],"wp:attachment":[{"href":"https:\/\/www.imakeyousmile.se\/es\/wp-json\/wp\/v2\/media?parent=8508"}],"wp:term":[{"taxonomy":"category","embeddable":true,"href":"https:\/\/www.imakeyousmile.se\/es\/wp-json\/wp\/v2\/categories?post=8508"},{"taxonomy":"post_tag","embeddable":true,"href":"https:\/\/www.imakeyousmile.se\/es\/wp-json\/wp\/v2\/tags?post=8508"}],"curies":[{"name":"wp","href":"https:\/\/api.w.org\/{rel}","templated":true}]}}