{"id":862,"date":"2012-08-01T22:35:00","date_gmt":"2012-08-01T20:35:00","guid":{"rendered":"http:\/\/www.imakeyousmile.se\/varmeskydd\/"},"modified":"2020-10-22T11:12:35","modified_gmt":"2020-10-22T09:12:35","slug":"varmeskydd","status":"publish","type":"post","link":"https:\/\/www.imakeyousmile.se\/es\/proteccion-al-calor\/","title":{"rendered":"Protecci\u00f3n al calor"},"content":{"rendered":"<p>Hoy he cosido, cosido y cosido un poco m\u00e1s.<\/p>\n<p>Entonces, en lugar de una publicaci\u00f3n de maquillaje, quiero contarte una <span style=\"font-size: x-large;\">protecci\u00f3n al calor<\/span> que compr\u00e9 al mismo tiempo que la plancha!<\/p>\n<p>Es la protecci\u00f3n t\u00e9rmica de L&#039;oreal en <span style=\"font-size: x-large;\">forma de aerosol<\/span>, Todav\u00eda no puedo decir si funciona a largo plazo. \u00a1Pero el cabello se vuelve muy suave y huele realmente fresco!<\/p>\n<p>Adem\u00e1s, me gusta la parte del spray en s\u00ed. El l\u00edquido se esparce mucho, por lo que no tiene que tener todo en un solo lugar.<\/p>\n<div style=\"clear: both; text-align: center;\"><a href=\"http:\/\/i1092.photobucket.com\/albums\/i412\/isoniemi\/vrmeskydd.jpg\" style=\"margin-left: 1em; margin-right: 1em;\"><img loading=\"lazy\" decoding=\"async\" border=\"0\" height=\"640\" src=\"http:\/\/i1092.photobucket.com\/albums\/i412\/isoniemi\/vrmeskydd.jpg\" width=\"500\" \/><\/a><\/div>\n<div style=\"clear: both; text-align: center;\"><strong>119kr en Nelly.com<\/strong><\/div>\n<div style=\"text-align: center;\"><a href=\"http:\/\/nelly.com\/se\/sk\u00f6nhet-kvinna\/sk\u00f6nhet\/h\u00e5rv\u00e5rd\/lor\u00e9al-expertise-2489\/eversleek-smoothing-mist-heat-protection-210969-108\/\"><em><strong>L&#039;OR\u00c9AL EXPERTISE \/ EVERSLEEK SMOOTHING MIST PROTECCI\u00d3N CONTRA EL CALOR<\/strong><\/em><\/a><\/div>\n<div style=\"text-align: center;\">&#8221;<em>EverSleek Smoothing Mist Heat Protection de L&#039;Or\u00e9al Expertise es una protecci\u00f3n activa contra el calor que protege el cabello contra temperaturas de hasta 180\u00baC y facilita su peinado. Tu cabello queda suave, liso y brillante. Adecuado para cabello desgastado y con exceso de trabajo<\/em>&#8221;<\/div>","protected":false},"excerpt":{"rendered":"<p>Idag har jag sytt, sytt och sytt lite till. S\u00e5 ist\u00e4llet f\u00f6r ett sminkinl\u00e4gg vill jag tipsa er om ett v\u00e4rmeskydd som jag k\u00f6pte samtigit som platt\u00e5ngen! Det \u00e4r L&#8217;or\u00e9als v\u00e4rmeskydd i sprayform, jag kan inte s\u00e4ga \u00e4n om den fungerar i l\u00e4ngden. Men h\u00e5ret blir j\u00e4ttemjukt och doftar riktigt fr\u00e4scht! Dessutom gillar jag sj\u00e4lva [&hellip;]<\/p>\n","protected":false},"author":30,"featured_media":0,"comment_status":"open","ping_status":"open","sticky":false,"template":"","format":"standard","meta":{"footnotes":""},"categories":[2862],"tags":[],"class_list":["post-862","post","type-post","status-publish","format-standard","hentry","category-har"],"yoast_head":"<!-- This site is optimized with the Yoast SEO Premium plugin v14.9 - https:\/\/yoast.com\/wordpress\/plugins\/seo\/ -->\n<meta name=\"description\" content=\"V\u00e4rmeskydd | Helena Amiley - H\u00e4r hittar du senaste infromation om sk\u00f6nhet, livsstil, entrepren\u00f6rskap, makeup &amp; tips.\" \/>\n<meta name=\"robots\" content=\"index, follow, max-snippet:-1, max-image-preview:large, max-video-preview:-1\" \/>\n<link rel=\"canonical\" href=\"https:\/\/www.imakeyousmile.se\/es\/varmeskydd\/\" \/>\n<meta property=\"og:locale\" content=\"es_ES\" \/>\n<meta property=\"og:type\" content=\"article\" \/>\n<meta property=\"og:title\" content=\"V\u00e4rmeskydd | Imakeyousmile.se\" \/>\n<meta property=\"og:description\" content=\"V\u00e4rmeskydd | Helena Amiley - H\u00e4r hittar du senaste infromation om sk\u00f6nhet, livsstil, entrepren\u00f6rskap, makeup &amp; tips.\" \/>\n<meta property=\"og:url\" content=\"https:\/\/www.imakeyousmile.se\/es\/varmeskydd\/\" \/>\n<meta property=\"og:site_name\" content=\"Imakeyousmile.se\" \/>\n<meta property=\"article:author\" content=\"https:\/\/www.facebook.com\/imakeyousmile.se\" \/>\n<meta property=\"article:published_time\" content=\"2012-08-01T20:35:00+00:00\" \/>\n<meta property=\"article:modified_time\" content=\"2020-10-22T09:12:35+00:00\" \/>\n<meta property=\"og:image\" content=\"http:\/\/i1092.photobucket.com\/albums\/i412\/isoniemi\/vrmeskydd.jpg\" \/>\n<meta name=\"twitter:card\" content=\"summary_large_image\" \/>\n<script type=\"application\/ld+json\" class=\"yoast-schema-graph\">{\"@context\":\"https:\/\/schema.org\",\"@graph\":[{\"@type\":\"Organization\",\"@id\":\"https:\/\/www.imakeyousmile.se\/es\/#organization\",\"name\":\"Imakeyousmile\",\"url\":\"https:\/\/www.imakeyousmile.se\/es\/\",\"sameAs\":[],\"logo\":{\"@type\":\"ImageObject\",\"@id\":\"https:\/\/www.imakeyousmile.se\/es\/#logo\",\"inLanguage\":\"es\",\"url\":\"https:\/\/www.imakeyousmile.se\/wp-content\/uploads\/2020\/10\/HELENA-AMILEY_SVART-1-e1603367975324.png\",\"width\":280,\"height\":93,\"caption\":\"Imakeyousmile\"},\"image\":{\"@id\":\"https:\/\/www.imakeyousmile.se\/es\/#logo\"}},{\"@type\":\"WebSite\",\"@id\":\"https:\/\/www.imakeyousmile.se\/es\/#website\",\"url\":\"https:\/\/www.imakeyousmile.se\/es\/\",\"name\":\"Imakeyousmile.se\",\"description\":\"Helena Amiley - Beauty, Entrepreneur, Lifestyle\",\"publisher\":{\"@id\":\"https:\/\/www.imakeyousmile.se\/es\/#organization\"},\"potentialAction\":[{\"@type\":\"SearchAction\",\"target\":\"https:\/\/www.imakeyousmile.se\/es\/?s={search_term_string}\",\"query-input\":\"required name=search_term_string\"}],\"inLanguage\":\"es\"},{\"@type\":\"ImageObject\",\"@id\":\"https:\/\/www.imakeyousmile.se\/varmeskydd\/#primaryimage\",\"inLanguage\":\"es\",\"url\":\"http:\/\/i1092.photobucket.com\/albums\/i412\/isoniemi\/vrmeskydd.jpg\"},{\"@type\":\"WebPage\",\"@id\":\"https:\/\/www.imakeyousmile.se\/varmeskydd\/#webpage\",\"url\":\"https:\/\/www.imakeyousmile.se\/varmeskydd\/\",\"name\":\"V\\u00e4rmeskydd | Imakeyousmile.se\",\"isPartOf\":{\"@id\":\"https:\/\/www.imakeyousmile.se\/es\/#website\"},\"primaryImageOfPage\":{\"@id\":\"https:\/\/www.imakeyousmile.se\/varmeskydd\/#primaryimage\"},\"datePublished\":\"2012-08-01T20:35:00+00:00\",\"dateModified\":\"2020-10-22T09:12:35+00:00\",\"description\":\"V\\u00e4rmeskydd | Helena Amiley - H\\u00e4r hittar du senaste infromation om sk\\u00f6nhet, livsstil, entrepren\\u00f6rskap, makeup & tips.\",\"inLanguage\":\"es\",\"potentialAction\":[{\"@type\":\"ReadAction\",\"target\":[\"https:\/\/www.imakeyousmile.se\/varmeskydd\/\"]}]},{\"@type\":\"Article\",\"@id\":\"https:\/\/www.imakeyousmile.se\/varmeskydd\/#article\",\"isPartOf\":{\"@id\":\"https:\/\/www.imakeyousmile.se\/varmeskydd\/#webpage\"},\"author\":{\"@id\":\"https:\/\/www.imakeyousmile.se\/es\/#\/schema\/person\/b0fd43b1c6bb1c60cfd68bff9b4a10fb\"},\"headline\":\"V\\u00e4rmeskydd\",\"datePublished\":\"2012-08-01T20:35:00+00:00\",\"dateModified\":\"2020-10-22T09:12:35+00:00\",\"mainEntityOfPage\":{\"@id\":\"https:\/\/www.imakeyousmile.se\/varmeskydd\/#webpage\"},\"commentCount\":0,\"publisher\":{\"@id\":\"https:\/\/www.imakeyousmile.se\/es\/#organization\"},\"image\":{\"@id\":\"https:\/\/www.imakeyousmile.se\/varmeskydd\/#primaryimage\"},\"articleSection\":\"H\\u00e5r\",\"inLanguage\":\"es\",\"potentialAction\":[{\"@type\":\"CommentAction\",\"name\":\"Comment\",\"target\":[\"https:\/\/www.imakeyousmile.se\/varmeskydd\/#respond\"]}]},{\"@type\":\"Person\",\"@id\":\"https:\/\/www.imakeyousmile.se\/es\/#\/schema\/person\/b0fd43b1c6bb1c60cfd68bff9b4a10fb\",\"name\":\"Helena Amiley\",\"image\":{\"@type\":\"ImageObject\",\"@id\":\"https:\/\/www.imakeyousmile.se\/es\/#personlogo\",\"inLanguage\":\"es\",\"url\":\"https:\/\/secure.gravatar.com\/avatar\/5645558e1e355457a23368d7e1b4c904?s=96&d=mm&r=g\",\"caption\":\"Helena Amiley\"},\"description\":\"Jag skriver mest om sk\\u00f6nhet men bjuder \\u00e4ven p\\u00e5 glimtar fr\\u00e5n entrepren\\u00f6rlivet och bygget av v\\u00e5r egen camper van. Vanlife here we come!\",\"sameAs\":[\"https:\/\/www.facebook.com\/imakeyousmile.se\",\"https:\/\/www.instagram.com\/helenaamiley\",\"https:\/\/www.youtube.com\/channel\/UCR5iB6rvpV6Yr8ZjpQfr5mg?view_as=subscriber\"]}]}<\/script>\n<!-- \/ Yoast SEO Premium plugin. -->","_links":{"self":[{"href":"https:\/\/www.imakeyousmile.se\/es\/wp-json\/wp\/v2\/posts\/862"}],"collection":[{"href":"https:\/\/www.imakeyousmile.se\/es\/wp-json\/wp\/v2\/posts"}],"about":[{"href":"https:\/\/www.imakeyousmile.se\/es\/wp-json\/wp\/v2\/types\/post"}],"author":[{"embeddable":true,"href":"https:\/\/www.imakeyousmile.se\/es\/wp-json\/wp\/v2\/users\/30"}],"replies":[{"embeddable":true,"href":"https:\/\/www.imakeyousmile.se\/es\/wp-json\/wp\/v2\/comments?post=862"}],"version-history":[{"count":1,"href":"https:\/\/www.imakeyousmile.se\/es\/wp-json\/wp\/v2\/posts\/862\/revisions"}],"predecessor-version":[{"id":37245,"href":"https:\/\/www.imakeyousmile.se\/es\/wp-json\/wp\/v2\/posts\/862\/revisions\/37245"}],"wp:attachment":[{"href":"https:\/\/www.imakeyousmile.se\/es\/wp-json\/wp\/v2\/media?parent=862"}],"wp:term":[{"taxonomy":"category","embeddable":true,"href":"https:\/\/www.imakeyousmile.se\/es\/wp-json\/wp\/v2\/categories?post=862"},{"taxonomy":"post_tag","embeddable":true,"href":"https:\/\/www.imakeyousmile.se\/es\/wp-json\/wp\/v2\/tags?post=862"}],"curies":[{"name":"wp","href":"https:\/\/api.w.org\/{rel}","templated":true}]}}