{"id":867,"date":"2012-07-31T12:55:00","date_gmt":"2012-07-31T10:55:00","guid":{"rendered":"http:\/\/www.imakeyousmile.se\/partysminkning-4\/"},"modified":"2014-08-11T21:16:38","modified_gmt":"2014-08-11T19:16:38","slug":"partysminkning-4","status":"publish","type":"post","link":"https:\/\/www.imakeyousmile.se\/es\/maquillaje-de-fiesta-4\/","title":{"rendered":"Maquillaje de fiesta"},"content":{"rendered":"<div style=\"clear: both; text-align: left;\">Un peque\u00f1o caos aqu\u00ed en casa ahora mismo, de ah\u00ed la actualizaci\u00f3n a medias.<\/div>\n<div style=\"clear: both; text-align: left;\"><\/div>\n<div style=\"clear: both; text-align: left;\">Pero ahora empezar\u00e9 a coser los vestidos de los que habl\u00e9 ayer, y luego ver\u00e1s uno <span style=\"font-size: large;\">maquillaje ligero de verano<\/span>!<\/div>\n<div style=\"clear: both; text-align: left;\"><\/div>\n<div style=\"clear: both; text-align: left;\">Aqu\u00ed hay dos fotos de la hermana Mia que hice el s\u00e1bado pasado <span style=\"font-size: x-large;\">salida <\/span>en \u00d6regrund! No obtuve buenas fotos solo con los ojos, pero puedes ver el conjunto en cualquier caso.<\/div>\n<div style=\"clear: both; text-align: center;\"><\/div>\n<div style=\"clear: both; text-align: center;\"><\/div>\n<div style=\"clear: both; text-align: center;\"><a style=\"margin-left: 1em; margin-right: 1em;\" href=\"http:\/\/i1092.photobucket.com\/albums\/i412\/isoniemi\/IMG_5170.jpg\"><img loading=\"lazy\" decoding=\"async\" src=\"http:\/\/i1092.photobucket.com\/albums\/i412\/isoniemi\/IMG_5170.jpg\" alt=\"\" width=\"400\" height=\"640\" border=\"0\" \/><\/a><\/div>\n<div style=\"clear: both; text-align: center;\"><span style=\"text-align: left;\">El maquillaje no parec\u00eda mucho cuando miraba al frente, ya que se puso incre\u00edblemente larga y regordeta. <\/span><span style=\"font-size: x-large; text-align: left;\">pesta\u00f1as<\/span><span style=\"text-align: left;\"> de mi r\u00edmel!<\/span><\/div>\n<div style=\"clear: both; text-align: center;\"><span style=\"text-align: left;\">\u00a0<\/span><\/div>\n<div style=\"clear: both; text-align: center;\"><span style=\"text-align: left;\">El famoso r\u00edmel Fiberwig, aunque el de volumen extra -\u00a0<\/span><b><i><a href=\"https:\/\/ion.lyko.com\/t\/t?a=1117786221&#038;as=1548102449&#038;t=2&#038;tk=1&#038;epi=search-replace-mascara&#038;url=https:\/\/lyko.com\/sv\/smink\/ogon\/mascara\">M\u00e1scara de pesta\u00f1as de volumen Fiberwig<\/a><\/i><\/b>.<\/div>\n<div style=\"clear: both; text-align: center;\"><\/div>\n<div style=\"clear: both; text-align: center;\"><a style=\"margin-left: 1em; margin-right: 1em;\" href=\"http:\/\/i1092.photobucket.com\/albums\/i412\/isoniemi\/IMG_5172.jpg\"><img loading=\"lazy\" decoding=\"async\" src=\"http:\/\/i1092.photobucket.com\/albums\/i412\/isoniemi\/IMG_5172.jpg\" alt=\"\" width=\"386\" height=\"640\" border=\"0\" \/><\/a><\/div>\n<div style=\"text-align: center;\"><span style=\"font-size: x-large;\">Listo para el rock<\/span>;)<\/div>","protected":false},"excerpt":{"rendered":"<p>Lite kaos h\u00e4r hemma just nu, d\u00e4rav halvtaskig uppdatering. Men nu ska jag b\u00f6rja sy kl\u00e4nningarna som jag pratade om ig\u00e5r, och sen ska ni f\u00e5 se en ljus sommarsminkning! H\u00e4r kommer tv\u00e5 bilder p\u00e5 syster Mia som jag sminkade i l\u00f6rdags innan utg\u00e5ng i \u00d6regrund! Fick inga bra bilder p\u00e5 bara \u00f6gonen, men ni [&hellip;]<\/p>\n","protected":false},"author":30,"featured_media":0,"comment_status":"open","ping_status":"open","sticky":false,"template":"","format":"standard","meta":{"footnotes":""},"categories":[3],"tags":[],"class_list":["post-867","post","type-post","status-publish","format-standard","hentry","category-allmant"],"yoast_head":"<!-- This site is optimized with the Yoast SEO Premium plugin v14.9 - https:\/\/yoast.com\/wordpress\/plugins\/seo\/ -->\n<meta name=\"description\" content=\"Partysminkning | Helena Amiley - H\u00e4r hittar du senaste infromation om sk\u00f6nhet, livsstil, entrepren\u00f6rskap, makeup &amp; tips.\" \/>\n<meta name=\"robots\" content=\"index, follow, max-snippet:-1, max-image-preview:large, max-video-preview:-1\" \/>\n<link rel=\"canonical\" href=\"https:\/\/www.imakeyousmile.se\/es\/partysminkning-4\/\" \/>\n<meta property=\"og:locale\" content=\"es_ES\" \/>\n<meta property=\"og:type\" content=\"article\" \/>\n<meta property=\"og:title\" content=\"Partysminkning | Imakeyousmile.se\" \/>\n<meta property=\"og:description\" content=\"Partysminkning | Helena Amiley - H\u00e4r hittar du senaste infromation om sk\u00f6nhet, livsstil, entrepren\u00f6rskap, makeup &amp; tips.\" \/>\n<meta property=\"og:url\" content=\"https:\/\/www.imakeyousmile.se\/es\/partysminkning-4\/\" \/>\n<meta property=\"og:site_name\" content=\"Imakeyousmile.se\" \/>\n<meta property=\"article:author\" content=\"https:\/\/www.facebook.com\/imakeyousmile.se\" \/>\n<meta property=\"article:published_time\" content=\"2012-07-31T10:55:00+00:00\" \/>\n<meta property=\"article:modified_time\" content=\"2014-08-11T19:16:38+00:00\" \/>\n<meta property=\"og:image\" content=\"http:\/\/i1092.photobucket.com\/albums\/i412\/isoniemi\/IMG_5170.jpg\" \/>\n<meta name=\"twitter:card\" content=\"summary_large_image\" \/>\n<script type=\"application\/ld+json\" class=\"yoast-schema-graph\">{\"@context\":\"https:\/\/schema.org\",\"@graph\":[{\"@type\":\"Organization\",\"@id\":\"https:\/\/www.imakeyousmile.se\/es\/#organization\",\"name\":\"Imakeyousmile\",\"url\":\"https:\/\/www.imakeyousmile.se\/es\/\",\"sameAs\":[],\"logo\":{\"@type\":\"ImageObject\",\"@id\":\"https:\/\/www.imakeyousmile.se\/es\/#logo\",\"inLanguage\":\"es\",\"url\":\"https:\/\/www.imakeyousmile.se\/wp-content\/uploads\/2020\/10\/HELENA-AMILEY_SVART-1-e1603367975324.png\",\"width\":280,\"height\":93,\"caption\":\"Imakeyousmile\"},\"image\":{\"@id\":\"https:\/\/www.imakeyousmile.se\/es\/#logo\"}},{\"@type\":\"WebSite\",\"@id\":\"https:\/\/www.imakeyousmile.se\/es\/#website\",\"url\":\"https:\/\/www.imakeyousmile.se\/es\/\",\"name\":\"Imakeyousmile.se\",\"description\":\"Helena Amiley - Beauty, Entrepreneur, Lifestyle\",\"publisher\":{\"@id\":\"https:\/\/www.imakeyousmile.se\/es\/#organization\"},\"potentialAction\":[{\"@type\":\"SearchAction\",\"target\":\"https:\/\/www.imakeyousmile.se\/es\/?s={search_term_string}\",\"query-input\":\"required name=search_term_string\"}],\"inLanguage\":\"es\"},{\"@type\":\"ImageObject\",\"@id\":\"https:\/\/www.imakeyousmile.se\/partysminkning-4\/#primaryimage\",\"inLanguage\":\"es\",\"url\":\"http:\/\/i1092.photobucket.com\/albums\/i412\/isoniemi\/IMG_5170.jpg\"},{\"@type\":\"WebPage\",\"@id\":\"https:\/\/www.imakeyousmile.se\/partysminkning-4\/#webpage\",\"url\":\"https:\/\/www.imakeyousmile.se\/partysminkning-4\/\",\"name\":\"Partysminkning | Imakeyousmile.se\",\"isPartOf\":{\"@id\":\"https:\/\/www.imakeyousmile.se\/es\/#website\"},\"primaryImageOfPage\":{\"@id\":\"https:\/\/www.imakeyousmile.se\/partysminkning-4\/#primaryimage\"},\"datePublished\":\"2012-07-31T10:55:00+00:00\",\"dateModified\":\"2014-08-11T19:16:38+00:00\",\"description\":\"Partysminkning | Helena Amiley - H\\u00e4r hittar du senaste infromation om sk\\u00f6nhet, livsstil, entrepren\\u00f6rskap, makeup & tips.\",\"inLanguage\":\"es\",\"potentialAction\":[{\"@type\":\"ReadAction\",\"target\":[\"https:\/\/www.imakeyousmile.se\/partysminkning-4\/\"]}]},{\"@type\":\"Article\",\"@id\":\"https:\/\/www.imakeyousmile.se\/partysminkning-4\/#article\",\"isPartOf\":{\"@id\":\"https:\/\/www.imakeyousmile.se\/partysminkning-4\/#webpage\"},\"author\":{\"@id\":\"https:\/\/www.imakeyousmile.se\/es\/#\/schema\/person\/b0fd43b1c6bb1c60cfd68bff9b4a10fb\"},\"headline\":\"Partysminkning\",\"datePublished\":\"2012-07-31T10:55:00+00:00\",\"dateModified\":\"2014-08-11T19:16:38+00:00\",\"mainEntityOfPage\":{\"@id\":\"https:\/\/www.imakeyousmile.se\/partysminkning-4\/#webpage\"},\"commentCount\":0,\"publisher\":{\"@id\":\"https:\/\/www.imakeyousmile.se\/es\/#organization\"},\"image\":{\"@id\":\"https:\/\/www.imakeyousmile.se\/partysminkning-4\/#primaryimage\"},\"articleSection\":\"\\u00d6vrigt\",\"inLanguage\":\"es\",\"potentialAction\":[{\"@type\":\"CommentAction\",\"name\":\"Comment\",\"target\":[\"https:\/\/www.imakeyousmile.se\/partysminkning-4\/#respond\"]}]},{\"@type\":\"Person\",\"@id\":\"https:\/\/www.imakeyousmile.se\/es\/#\/schema\/person\/b0fd43b1c6bb1c60cfd68bff9b4a10fb\",\"name\":\"Helena Amiley\",\"image\":{\"@type\":\"ImageObject\",\"@id\":\"https:\/\/www.imakeyousmile.se\/es\/#personlogo\",\"inLanguage\":\"es\",\"url\":\"https:\/\/secure.gravatar.com\/avatar\/5645558e1e355457a23368d7e1b4c904?s=96&d=mm&r=g\",\"caption\":\"Helena Amiley\"},\"description\":\"Jag skriver mest om sk\\u00f6nhet men bjuder \\u00e4ven p\\u00e5 glimtar fr\\u00e5n entrepren\\u00f6rlivet och bygget av v\\u00e5r egen camper van. Vanlife here we come!\",\"sameAs\":[\"https:\/\/www.facebook.com\/imakeyousmile.se\",\"https:\/\/www.instagram.com\/helenaamiley\",\"https:\/\/www.youtube.com\/channel\/UCR5iB6rvpV6Yr8ZjpQfr5mg?view_as=subscriber\"]}]}<\/script>\n<!-- \/ Yoast SEO Premium plugin. -->","_links":{"self":[{"href":"https:\/\/www.imakeyousmile.se\/es\/wp-json\/wp\/v2\/posts\/867"}],"collection":[{"href":"https:\/\/www.imakeyousmile.se\/es\/wp-json\/wp\/v2\/posts"}],"about":[{"href":"https:\/\/www.imakeyousmile.se\/es\/wp-json\/wp\/v2\/types\/post"}],"author":[{"embeddable":true,"href":"https:\/\/www.imakeyousmile.se\/es\/wp-json\/wp\/v2\/users\/30"}],"replies":[{"embeddable":true,"href":"https:\/\/www.imakeyousmile.se\/es\/wp-json\/wp\/v2\/comments?post=867"}],"version-history":[{"count":0,"href":"https:\/\/www.imakeyousmile.se\/es\/wp-json\/wp\/v2\/posts\/867\/revisions"}],"wp:attachment":[{"href":"https:\/\/www.imakeyousmile.se\/es\/wp-json\/wp\/v2\/media?parent=867"}],"wp:term":[{"taxonomy":"category","embeddable":true,"href":"https:\/\/www.imakeyousmile.se\/es\/wp-json\/wp\/v2\/categories?post=867"},{"taxonomy":"post_tag","embeddable":true,"href":"https:\/\/www.imakeyousmile.se\/es\/wp-json\/wp\/v2\/tags?post=867"}],"curies":[{"name":"wp","href":"https:\/\/api.w.org\/{rel}","templated":true}]}}