{"id":875,"date":"2012-07-25T16:48:00","date_gmt":"2012-07-25T14:48:00","guid":{"rendered":"http:\/\/www.imakeyousmile.se\/sommarsminkning-2\/"},"modified":"2012-07-25T16:48:00","modified_gmt":"2012-07-25T14:48:00","slug":"sommarsminkning-2","status":"publish","type":"post","link":"https:\/\/www.imakeyousmile.se\/es\/maquillaje-de-verano-2-3\/","title":{"rendered":"Maquillaje de verano"},"content":{"rendered":"<div style=\"clear: both; text-align: left;\">\u00a1Aqu\u00ed viene un maquillaje azul colorido, con un detalle verde que llama un poco m\u00e1s la atenci\u00f3n!<\/div>\n<div style=\"clear: both; text-align: center;\"><\/div>\n<div style=\"clear: both; text-align: center;\"><a href=\"http:\/\/i1092.photobucket.com\/albums\/i412\/isoniemi\/IMG_4623.jpg\" style=\"margin-left: 1em; margin-right: 1em;\"><img loading=\"lazy\" decoding=\"async\" border=\"0\" height=\"307\" src=\"http:\/\/i1092.photobucket.com\/albums\/i412\/isoniemi\/IMG_4623.jpg\" width=\"320\" \/><\/a><\/div>\n<div style=\"clear: both; text-align: center;\"><i>Todas las sombras de ojos son de Eleven 180 Palette.<\/i><\/div>\n<div style=\"clear: both; text-align: center;\"><\/div>\n<div style=\"clear: both; text-align: center;\"><span style=\"font-size: large;\"><b><span style=\"color: #9fc5e8;\">Azul claro<\/span><\/b><\/span> sombra de ojos en el interior del p\u00e1rpado.<\/div>\n<div style=\"clear: both; text-align: center;\"><span style=\"font-size: large;\"><b><span style=\"color: #6fa8dc;\">Azul <\/span><\/b><\/span>sombra de ojos en el medio del p\u00e1rpado.<\/div>\n<div style=\"clear: both; text-align: center;\"><span style=\"color: #0b5394; font-size: large;\"><b>Azul oscuro <\/b><\/span>sombra de ojos en el exterior del p\u00e1rpado y a lo largo de la l\u00ednea del globo.<\/div>\n<div style=\"clear: both; text-align: center;\"><span style=\"font-size: large;\"><b><span style=\"color: #b6d7a8;\">Ljusg\u00f6n<\/span><\/b><\/span> sombra de ojos en la parte inferior de la l\u00ednea de las pesta\u00f1as inferiores.<\/div>\n<div style=\"clear: both; text-align: center;\"><b><span style=\"font-size: large;\"><span style=\"color: #6aa84f;\">Verde<\/span><\/span><\/b> sombra de ojos al final de la l\u00ednea de las pesta\u00f1as inferiores.<\/div>\n<div style=\"clear: both; text-align: center;\"><span style=\"color: #f9cb9c; font-size: large;\">Gulvit skirmig <\/span>sombra de ojos en el rabillo del ojo y en el interior del p\u00e1rpado (para obtener un aspecto m\u00e1s brillante) <a href=\"https:\/\/ion.lyko.com\/t\/t?a=1117786221&#038;as=1548102449&#038;t=2&#038;tk=1&#038;epi=search-replace-eyeshadow&#038;url=https:\/\/lyko.com\/sv\/sok?q=singelskugga\"><b><i>Kryolan Eyedust (N \u00b0 1 de la sombra favorita de Annik)<\/i><\/b><\/a><\/div>\n<div style=\"clear: both; text-align: center;\"><\/div>\n<div style=\"clear: both; text-align: center;\"><span style=\"font-size: large;\"><span style=\"color: #999999;\">Delineador de ojos blanco <\/span><\/span>en la l\u00ednea interior de las pesta\u00f1as,<i> H&amp;M<\/i>.<\/div>\n<div style=\"clear: both; text-align: center;\"><span style=\"font-size: large;\"><b><span style=\"color: #3d85c6;\">Delineador de ojos azul<\/span><\/b><\/span> en la l\u00ednea de las pesta\u00f1as superiores y al final de la l\u00ednea de las pesta\u00f1as inferiores, <a href=\"https:\/\/ion.lyko.com\/t\/t?a=1117786221&#038;as=1548102449&#038;t=2&#038;tk=1&#038;epi=search-replace-isadoraeyeliner&#038;url=https:\/\/lyko.com\/sv\/sok?q=isadora+eyeliner\"><b><i>Rotulador de ojos met\u00e1lico Twist-Up IsaDora (Blue Hawaii)<\/i><\/b><\/a><\/div>\n<div style=\"clear: both; text-align: center;\"><\/div>\n<div style=\"clear: both; text-align: center;\"><span style=\"font-size: large;\"><b>R\u00edmel negro<\/b><\/span> en todas las pesta\u00f1as, <a href=\"https:\/\/ion.lyko.com\/t\/t?a=1117786221&#038;as=1548102449&#038;t=2&#038;tk=1&#038;epi=search-replace-fiberwig&#038;url=https:\/\/lyko.com\/sv\/sok?q=fiberwig+mascara\"><i><b>M\u00e1scara djv beautenizer Fiberwig LX<\/b><\/i><\/a>.<\/div>\n<div style=\"clear: both; text-align: center;\"><\/div>\n<div style=\"clear: both; text-align: center;\"><a href=\"http:\/\/i1092.photobucket.com\/albums\/i412\/isoniemi\/IMG_4643.jpg\" style=\"margin-left: 1em; margin-right: 1em;\"><img loading=\"lazy\" decoding=\"async\" border=\"0\" height=\"640\" src=\"http:\/\/i1092.photobucket.com\/albums\/i412\/isoniemi\/IMG_4643.jpg\" width=\"386\" \/><\/a><\/div>\n<p>Ahora salgo en belleza <span style=\"font-size: x-large;\">el sol<\/span> de nuevo, hoy es el cumplea\u00f1os de Kent, el conviviente de Morsan, \u00a1tan pronto como la hermana venga y ofrezca pastel del caf\u00e9!<\/p>\n<p><\/p>\n<div style=\"text-align: center;\"><span style=\"font-size: x-large;\">\u00a1Que hermoso d\u00eda!<\/span><\/div>","protected":false},"excerpt":{"rendered":"<p>H\u00e4r kommer en f\u00e4rgglad bl\u00e5 sminkning, med en gr\u00f6n detalj som drar till sig lite extra uppm\u00e4rksamhet! Alla \u00f6gonskuggor \u00e4r fr\u00e5n Eleven 180 Palette. Ljusbl\u00e5 \u00f6gonskugga innerst p\u00e5 \u00f6gonlocket. Bl\u00e5 \u00f6gonskugga i mitten av \u00f6gonlocket. M\u00f6rkbl\u00e5 \u00f6gonskugga yttesrt p\u00e5 \u00f6gonlocket och l\u00e4ngs globlinjen. Ljusg\u00f6n \u00f6gonskugga innerst p\u00e5 undre fransraden. Gr\u00f6n \u00f6gonskugga ytterst p\u00e5 undre fransraden. [&hellip;]<\/p>\n","protected":false},"author":30,"featured_media":0,"comment_status":"open","ping_status":"open","sticky":false,"template":"","format":"standard","meta":{"footnotes":""},"categories":[3],"tags":[],"class_list":["post-875","post","type-post","status-publish","format-standard","hentry","category-allmant"],"yoast_head":"<!-- This site is optimized with the Yoast SEO Premium plugin v14.9 - https:\/\/yoast.com\/wordpress\/plugins\/seo\/ -->\n<meta name=\"description\" content=\"Sommarsminkning | Helena Amiley - H\u00e4r hittar du senaste infromation om sk\u00f6nhet, livsstil, entrepren\u00f6rskap, makeup &amp; tips.\" \/>\n<meta name=\"robots\" content=\"index, follow, max-snippet:-1, max-image-preview:large, max-video-preview:-1\" \/>\n<link rel=\"canonical\" href=\"https:\/\/www.imakeyousmile.se\/es\/sommarsminkning-2\/\" \/>\n<meta property=\"og:locale\" content=\"es_ES\" \/>\n<meta property=\"og:type\" content=\"article\" \/>\n<meta property=\"og:title\" content=\"Sommarsminkning | Imakeyousmile.se\" \/>\n<meta property=\"og:description\" content=\"Sommarsminkning | Helena Amiley - H\u00e4r hittar du senaste infromation om sk\u00f6nhet, livsstil, entrepren\u00f6rskap, makeup &amp; tips.\" \/>\n<meta property=\"og:url\" content=\"https:\/\/www.imakeyousmile.se\/es\/sommarsminkning-2\/\" \/>\n<meta property=\"og:site_name\" content=\"Imakeyousmile.se\" \/>\n<meta property=\"article:author\" content=\"https:\/\/www.facebook.com\/imakeyousmile.se\" \/>\n<meta property=\"article:published_time\" content=\"2012-07-25T14:48:00+00:00\" \/>\n<meta property=\"og:image\" content=\"http:\/\/i1092.photobucket.com\/albums\/i412\/isoniemi\/IMG_4623.jpg\" \/>\n<meta name=\"twitter:card\" content=\"summary_large_image\" \/>\n<script type=\"application\/ld+json\" class=\"yoast-schema-graph\">{\"@context\":\"https:\/\/schema.org\",\"@graph\":[{\"@type\":\"Organization\",\"@id\":\"https:\/\/www.imakeyousmile.se\/es\/#organization\",\"name\":\"Imakeyousmile\",\"url\":\"https:\/\/www.imakeyousmile.se\/es\/\",\"sameAs\":[],\"logo\":{\"@type\":\"ImageObject\",\"@id\":\"https:\/\/www.imakeyousmile.se\/es\/#logo\",\"inLanguage\":\"es\",\"url\":\"https:\/\/www.imakeyousmile.se\/wp-content\/uploads\/2020\/10\/HELENA-AMILEY_SVART-1-e1603367975324.png\",\"width\":280,\"height\":93,\"caption\":\"Imakeyousmile\"},\"image\":{\"@id\":\"https:\/\/www.imakeyousmile.se\/es\/#logo\"}},{\"@type\":\"WebSite\",\"@id\":\"https:\/\/www.imakeyousmile.se\/es\/#website\",\"url\":\"https:\/\/www.imakeyousmile.se\/es\/\",\"name\":\"Imakeyousmile.se\",\"description\":\"Helena Amiley - Beauty, Entrepreneur, Lifestyle\",\"publisher\":{\"@id\":\"https:\/\/www.imakeyousmile.se\/es\/#organization\"},\"potentialAction\":[{\"@type\":\"SearchAction\",\"target\":\"https:\/\/www.imakeyousmile.se\/es\/?s={search_term_string}\",\"query-input\":\"required name=search_term_string\"}],\"inLanguage\":\"es\"},{\"@type\":\"ImageObject\",\"@id\":\"https:\/\/www.imakeyousmile.se\/sommarsminkning-2\/#primaryimage\",\"inLanguage\":\"es\",\"url\":\"http:\/\/i1092.photobucket.com\/albums\/i412\/isoniemi\/IMG_4623.jpg\"},{\"@type\":\"WebPage\",\"@id\":\"https:\/\/www.imakeyousmile.se\/sommarsminkning-2\/#webpage\",\"url\":\"https:\/\/www.imakeyousmile.se\/sommarsminkning-2\/\",\"name\":\"Sommarsminkning | Imakeyousmile.se\",\"isPartOf\":{\"@id\":\"https:\/\/www.imakeyousmile.se\/es\/#website\"},\"primaryImageOfPage\":{\"@id\":\"https:\/\/www.imakeyousmile.se\/sommarsminkning-2\/#primaryimage\"},\"datePublished\":\"2012-07-25T14:48:00+00:00\",\"dateModified\":\"2012-07-25T14:48:00+00:00\",\"description\":\"Sommarsminkning | Helena Amiley - H\\u00e4r hittar du senaste infromation om sk\\u00f6nhet, livsstil, entrepren\\u00f6rskap, makeup & tips.\",\"inLanguage\":\"es\",\"potentialAction\":[{\"@type\":\"ReadAction\",\"target\":[\"https:\/\/www.imakeyousmile.se\/sommarsminkning-2\/\"]}]},{\"@type\":\"Article\",\"@id\":\"https:\/\/www.imakeyousmile.se\/sommarsminkning-2\/#article\",\"isPartOf\":{\"@id\":\"https:\/\/www.imakeyousmile.se\/sommarsminkning-2\/#webpage\"},\"author\":{\"@id\":\"https:\/\/www.imakeyousmile.se\/es\/#\/schema\/person\/b0fd43b1c6bb1c60cfd68bff9b4a10fb\"},\"headline\":\"Sommarsminkning\",\"datePublished\":\"2012-07-25T14:48:00+00:00\",\"dateModified\":\"2012-07-25T14:48:00+00:00\",\"mainEntityOfPage\":{\"@id\":\"https:\/\/www.imakeyousmile.se\/sommarsminkning-2\/#webpage\"},\"commentCount\":0,\"publisher\":{\"@id\":\"https:\/\/www.imakeyousmile.se\/es\/#organization\"},\"image\":{\"@id\":\"https:\/\/www.imakeyousmile.se\/sommarsminkning-2\/#primaryimage\"},\"articleSection\":\"\\u00d6vrigt\",\"inLanguage\":\"es\",\"potentialAction\":[{\"@type\":\"CommentAction\",\"name\":\"Comment\",\"target\":[\"https:\/\/www.imakeyousmile.se\/sommarsminkning-2\/#respond\"]}]},{\"@type\":\"Person\",\"@id\":\"https:\/\/www.imakeyousmile.se\/es\/#\/schema\/person\/b0fd43b1c6bb1c60cfd68bff9b4a10fb\",\"name\":\"Helena Amiley\",\"image\":{\"@type\":\"ImageObject\",\"@id\":\"https:\/\/www.imakeyousmile.se\/es\/#personlogo\",\"inLanguage\":\"es\",\"url\":\"https:\/\/secure.gravatar.com\/avatar\/5645558e1e355457a23368d7e1b4c904?s=96&d=mm&r=g\",\"caption\":\"Helena Amiley\"},\"description\":\"Jag skriver mest om sk\\u00f6nhet men bjuder \\u00e4ven p\\u00e5 glimtar fr\\u00e5n entrepren\\u00f6rlivet och bygget av v\\u00e5r egen camper van. Vanlife here we come!\",\"sameAs\":[\"https:\/\/www.facebook.com\/imakeyousmile.se\",\"https:\/\/www.instagram.com\/helenaamiley\",\"https:\/\/www.youtube.com\/channel\/UCR5iB6rvpV6Yr8ZjpQfr5mg?view_as=subscriber\"]}]}<\/script>\n<!-- \/ Yoast SEO Premium plugin. -->","_links":{"self":[{"href":"https:\/\/www.imakeyousmile.se\/es\/wp-json\/wp\/v2\/posts\/875"}],"collection":[{"href":"https:\/\/www.imakeyousmile.se\/es\/wp-json\/wp\/v2\/posts"}],"about":[{"href":"https:\/\/www.imakeyousmile.se\/es\/wp-json\/wp\/v2\/types\/post"}],"author":[{"embeddable":true,"href":"https:\/\/www.imakeyousmile.se\/es\/wp-json\/wp\/v2\/users\/30"}],"replies":[{"embeddable":true,"href":"https:\/\/www.imakeyousmile.se\/es\/wp-json\/wp\/v2\/comments?post=875"}],"version-history":[{"count":0,"href":"https:\/\/www.imakeyousmile.se\/es\/wp-json\/wp\/v2\/posts\/875\/revisions"}],"wp:attachment":[{"href":"https:\/\/www.imakeyousmile.se\/es\/wp-json\/wp\/v2\/media?parent=875"}],"wp:term":[{"taxonomy":"category","embeddable":true,"href":"https:\/\/www.imakeyousmile.se\/es\/wp-json\/wp\/v2\/categories?post=875"},{"taxonomy":"post_tag","embeddable":true,"href":"https:\/\/www.imakeyousmile.se\/es\/wp-json\/wp\/v2\/tags?post=875"}],"curies":[{"name":"wp","href":"https:\/\/api.w.org\/{rel}","templated":true}]}}