{"id":893,"date":"2012-07-09T11:40:00","date_gmt":"2012-07-09T09:40:00","guid":{"rendered":"http:\/\/www.imakeyousmile.se\/framhava-fransarna\/"},"modified":"2014-08-16T10:01:19","modified_gmt":"2014-08-16T08:01:19","slug":"framhava-fransarna","status":"publish","type":"post","link":"https:\/\/www.imakeyousmile.se\/es\/las-pestanas-de-flecos\/","title":{"rendered":"Resalta las pesta\u00f1as"},"content":{"rendered":"<div style=\"clear: both; text-align: left;\">Si desea enfatizar sus pesta\u00f1as largas, puede omitir las sombras de ojos por completo y solo concentrarse en el r\u00edmel y el l\u00e1piz labial.<\/div>\n<div style=\"clear: both; text-align: left;\"><\/div>\n<div style=\"clear: both; text-align: left;\">Para enmarcar tambi\u00e9n los ojos con <span style=\"font-size: large;\">cejas llenas<\/span>, y un peque\u00f1o delineador de ojos blanco en la l\u00ednea interior de las pesta\u00f1as, \u00a1hace una gran diferencia!<\/div>\n<div style=\"clear: both; text-align: center;\"><\/div>\n<div style=\"clear: both; text-align: center;\"><\/div>\n<div style=\"clear: both; text-align: center;\"><a style=\"margin-left: 1em; margin-right: 1em;\" href=\"http:\/\/i1092.photobucket.com\/albums\/i412\/isoniemi\/IMG_4046.jpg\"><img loading=\"lazy\" decoding=\"async\" src=\"http:\/\/i1092.photobucket.com\/albums\/i412\/isoniemi\/IMG_4046.jpg\" alt=\"\" width=\"416\" height=\"640\" border=\"0\" \/><\/a><\/div>\n<div style=\"clear: both; text-align: center;\"><span style=\"font-family: 'Trebuchet MS', Trebuchet, sans-serif; font-size: 13.63636302947998px; line-height: 16.363636016845703px;\"><span style=\"color: #e06666;\"><b>L\u00e1piz labial<\/b><\/span><em style=\"font-weight: bold;\">,\u00a0<a style=\"color: #715c4b;\" href=\"https:\/\/go.eleven.se\/t\/t?a=1301482047&#038;as=1548102449&#038;t=2&#038;tk=1&#038;epi=search-replace-elevenpaletter&#038;url=https:\/\/eleven.se\/smink\/makeup-set\/set---paletter\">Paleta de labios Eleven 66 Color<\/a><\/em><\/span><span style=\"font-family: 'Trebuchet MS', Trebuchet, sans-serif; font-size: 13.63636302947998px; line-height: 16.363636016845703px;\">.<\/span><\/div>\n<div style=\"clear: both; text-align: center;\"><span style=\"font-family: 'Trebuchet MS', Trebuchet, sans-serif; font-size: 13.63636302947998px; line-height: 16.363636016845703px;\"><b>M\u00e1scara<\/b>,\u00a0<\/span><b style=\"font-family: 'Trebuchet MS', Trebuchet, sans-serif; font-size: 13.63636302947998px; line-height: 16.363636016845703px;\"><i><a style=\"color: #715c4b;\" href=\"https:\/\/ion.lyko.com\/t\/t?a=1117786221&#038;as=1548102449&#038;t=2&#038;tk=1&#038;epi=search-replace-mascara&#038;url=https:\/\/lyko.com\/sv\/smink\/ogon\/mascara\">Pesta\u00f1as de volumen Fiberwig<\/a><\/i><\/b><span style=\"font-family: 'Trebuchet MS', Trebuchet, sans-serif; font-size: 13.63636302947998px; line-height: 16.363636016845703px;\">.<\/span><\/div>\n<div style=\"clear: both; text-align: center;\"><span style=\"font-family: 'Trebuchet MS', Trebuchet, sans-serif; font-size: 13.63636302947998px; line-height: 16.363636016845703px;\">\u00a0<\/span><\/div>\n<div style=\"clear: both; text-align: left;\"><span style=\"font-family: 'Trebuchet MS', Trebuchet, sans-serif; font-size: 13.63636302947998px; line-height: 16.363636016845703px;\">\u00a1Ahora intentar\u00e9 pensar en algo sensato que hacer, dorm\u00ed la mitad del d\u00eda y ahora tengo ansiedad por eso!<\/span><\/div>\n<div style=\"clear: both; text-align: left;\"><span style=\"font-family: 'Trebuchet MS', Trebuchet, sans-serif; font-size: 13.63636302947998px; line-height: 16.363636016845703px;\">\u00a0<\/span><\/div>\n<div style=\"clear: both; text-align: left;\"><span style=\"font-family: 'Trebuchet MS', Trebuchet, sans-serif; font-size: 13.63636302947998px; line-height: 16.363636016845703px;\">\u00a0<\/span><\/div>\n<div style=\"clear: both; text-align: center;\"><span style=\"font-family: 'Trebuchet MS', Trebuchet, sans-serif; font-size: x-large; line-height: 16.363636016845703px;\">\u00a1Los abrazos son!<\/span><\/div>","protected":false},"excerpt":{"rendered":"<p>Om man vill framh\u00e4va sina l\u00e5nga \u00f6gonfransar, s\u00e5 kan man skippa \u00f6gonskuggor helt och bara fokusera p\u00e5 mascara och l\u00e4ppstift. Att dessutom rama in \u00f6gonen med ifyllda \u00f6gonbryn, samt lite vit kajalpenna p\u00e5 inre fransraden, g\u00f6r stor skillnad! L\u00e4ppstift,\u00a0Eleven 66 Colour Lip Palette. Mascara,\u00a0Fiberwig Volume Lash. \u00a0 Nu ska jag f\u00f6rs\u00f6ka hitta p\u00e5 n\u00e5gonting vettigt [&hellip;]<\/p>\n","protected":false},"author":30,"featured_media":0,"comment_status":"open","ping_status":"open","sticky":false,"template":"","format":"standard","meta":{"footnotes":""},"categories":[61,59],"tags":[],"class_list":["post-893","post","type-post","status-publish","format-standard","hentry","category-ogonfransar","category-recensioner-produkttips"],"yoast_head":"<!-- This site is optimized with the Yoast SEO Premium plugin v14.9 - https:\/\/yoast.com\/wordpress\/plugins\/seo\/ -->\n<meta name=\"description\" content=\"Framh\u00e4va fransarna | Helena Amiley - H\u00e4r hittar du senaste infromation om sk\u00f6nhet, livsstil, entrepren\u00f6rskap, makeup &amp; tips.\" \/>\n<meta name=\"robots\" content=\"index, follow, max-snippet:-1, max-image-preview:large, max-video-preview:-1\" \/>\n<link rel=\"canonical\" href=\"https:\/\/www.imakeyousmile.se\/es\/framhava-fransarna\/\" \/>\n<meta property=\"og:locale\" content=\"es_ES\" \/>\n<meta property=\"og:type\" content=\"article\" \/>\n<meta property=\"og:title\" content=\"Framh\u00e4va fransarna | Imakeyousmile.se\" \/>\n<meta property=\"og:description\" content=\"Framh\u00e4va fransarna | Helena Amiley - H\u00e4r hittar du senaste infromation om sk\u00f6nhet, livsstil, entrepren\u00f6rskap, makeup &amp; tips.\" \/>\n<meta property=\"og:url\" content=\"https:\/\/www.imakeyousmile.se\/es\/framhava-fransarna\/\" \/>\n<meta property=\"og:site_name\" content=\"Imakeyousmile.se\" \/>\n<meta property=\"article:author\" content=\"https:\/\/www.facebook.com\/imakeyousmile.se\" \/>\n<meta property=\"article:published_time\" content=\"2012-07-09T09:40:00+00:00\" \/>\n<meta property=\"article:modified_time\" content=\"2014-08-16T08:01:19+00:00\" \/>\n<meta property=\"og:image\" content=\"http:\/\/i1092.photobucket.com\/albums\/i412\/isoniemi\/IMG_4046.jpg\" \/>\n<meta name=\"twitter:card\" content=\"summary_large_image\" \/>\n<script type=\"application\/ld+json\" class=\"yoast-schema-graph\">{\"@context\":\"https:\/\/schema.org\",\"@graph\":[{\"@type\":\"Organization\",\"@id\":\"https:\/\/www.imakeyousmile.se\/es\/#organization\",\"name\":\"Imakeyousmile\",\"url\":\"https:\/\/www.imakeyousmile.se\/es\/\",\"sameAs\":[],\"logo\":{\"@type\":\"ImageObject\",\"@id\":\"https:\/\/www.imakeyousmile.se\/es\/#logo\",\"inLanguage\":\"es\",\"url\":\"https:\/\/www.imakeyousmile.se\/wp-content\/uploads\/2020\/10\/HELENA-AMILEY_SVART-1-e1603367975324.png\",\"width\":280,\"height\":93,\"caption\":\"Imakeyousmile\"},\"image\":{\"@id\":\"https:\/\/www.imakeyousmile.se\/es\/#logo\"}},{\"@type\":\"WebSite\",\"@id\":\"https:\/\/www.imakeyousmile.se\/es\/#website\",\"url\":\"https:\/\/www.imakeyousmile.se\/es\/\",\"name\":\"Imakeyousmile.se\",\"description\":\"Helena Amiley - Beauty, Entrepreneur, Lifestyle\",\"publisher\":{\"@id\":\"https:\/\/www.imakeyousmile.se\/es\/#organization\"},\"potentialAction\":[{\"@type\":\"SearchAction\",\"target\":\"https:\/\/www.imakeyousmile.se\/es\/?s={search_term_string}\",\"query-input\":\"required name=search_term_string\"}],\"inLanguage\":\"es\"},{\"@type\":\"ImageObject\",\"@id\":\"https:\/\/www.imakeyousmile.se\/framhava-fransarna\/#primaryimage\",\"inLanguage\":\"es\",\"url\":\"http:\/\/i1092.photobucket.com\/albums\/i412\/isoniemi\/IMG_4046.jpg\"},{\"@type\":\"WebPage\",\"@id\":\"https:\/\/www.imakeyousmile.se\/framhava-fransarna\/#webpage\",\"url\":\"https:\/\/www.imakeyousmile.se\/framhava-fransarna\/\",\"name\":\"Framh\\u00e4va fransarna | Imakeyousmile.se\",\"isPartOf\":{\"@id\":\"https:\/\/www.imakeyousmile.se\/es\/#website\"},\"primaryImageOfPage\":{\"@id\":\"https:\/\/www.imakeyousmile.se\/framhava-fransarna\/#primaryimage\"},\"datePublished\":\"2012-07-09T09:40:00+00:00\",\"dateModified\":\"2014-08-16T08:01:19+00:00\",\"description\":\"Framh\\u00e4va fransarna | Helena Amiley - H\\u00e4r hittar du senaste infromation om sk\\u00f6nhet, livsstil, entrepren\\u00f6rskap, makeup & tips.\",\"inLanguage\":\"es\",\"potentialAction\":[{\"@type\":\"ReadAction\",\"target\":[\"https:\/\/www.imakeyousmile.se\/framhava-fransarna\/\"]}]},{\"@type\":\"Article\",\"@id\":\"https:\/\/www.imakeyousmile.se\/framhava-fransarna\/#article\",\"isPartOf\":{\"@id\":\"https:\/\/www.imakeyousmile.se\/framhava-fransarna\/#webpage\"},\"author\":{\"@id\":\"https:\/\/www.imakeyousmile.se\/es\/#\/schema\/person\/b0fd43b1c6bb1c60cfd68bff9b4a10fb\"},\"headline\":\"Framh\\u00e4va fransarna\",\"datePublished\":\"2012-07-09T09:40:00+00:00\",\"dateModified\":\"2014-08-16T08:01:19+00:00\",\"mainEntityOfPage\":{\"@id\":\"https:\/\/www.imakeyousmile.se\/framhava-fransarna\/#webpage\"},\"commentCount\":0,\"publisher\":{\"@id\":\"https:\/\/www.imakeyousmile.se\/es\/#organization\"},\"image\":{\"@id\":\"https:\/\/www.imakeyousmile.se\/framhava-fransarna\/#primaryimage\"},\"articleSection\":\"\\u00d6gonfransar,Recensioner &amp; Produkttips\",\"inLanguage\":\"es\",\"potentialAction\":[{\"@type\":\"CommentAction\",\"name\":\"Comment\",\"target\":[\"https:\/\/www.imakeyousmile.se\/framhava-fransarna\/#respond\"]}]},{\"@type\":\"Person\",\"@id\":\"https:\/\/www.imakeyousmile.se\/es\/#\/schema\/person\/b0fd43b1c6bb1c60cfd68bff9b4a10fb\",\"name\":\"Helena Amiley\",\"image\":{\"@type\":\"ImageObject\",\"@id\":\"https:\/\/www.imakeyousmile.se\/es\/#personlogo\",\"inLanguage\":\"es\",\"url\":\"https:\/\/secure.gravatar.com\/avatar\/5645558e1e355457a23368d7e1b4c904?s=96&d=mm&r=g\",\"caption\":\"Helena Amiley\"},\"description\":\"Jag skriver mest om sk\\u00f6nhet men bjuder \\u00e4ven p\\u00e5 glimtar fr\\u00e5n entrepren\\u00f6rlivet och bygget av v\\u00e5r egen camper van. Vanlife here we come!\",\"sameAs\":[\"https:\/\/www.facebook.com\/imakeyousmile.se\",\"https:\/\/www.instagram.com\/helenaamiley\",\"https:\/\/www.youtube.com\/channel\/UCR5iB6rvpV6Yr8ZjpQfr5mg?view_as=subscriber\"]}]}<\/script>\n<!-- \/ Yoast SEO Premium plugin. -->","_links":{"self":[{"href":"https:\/\/www.imakeyousmile.se\/es\/wp-json\/wp\/v2\/posts\/893"}],"collection":[{"href":"https:\/\/www.imakeyousmile.se\/es\/wp-json\/wp\/v2\/posts"}],"about":[{"href":"https:\/\/www.imakeyousmile.se\/es\/wp-json\/wp\/v2\/types\/post"}],"author":[{"embeddable":true,"href":"https:\/\/www.imakeyousmile.se\/es\/wp-json\/wp\/v2\/users\/30"}],"replies":[{"embeddable":true,"href":"https:\/\/www.imakeyousmile.se\/es\/wp-json\/wp\/v2\/comments?post=893"}],"version-history":[{"count":0,"href":"https:\/\/www.imakeyousmile.se\/es\/wp-json\/wp\/v2\/posts\/893\/revisions"}],"wp:attachment":[{"href":"https:\/\/www.imakeyousmile.se\/es\/wp-json\/wp\/v2\/media?parent=893"}],"wp:term":[{"taxonomy":"category","embeddable":true,"href":"https:\/\/www.imakeyousmile.se\/es\/wp-json\/wp\/v2\/categories?post=893"},{"taxonomy":"post_tag","embeddable":true,"href":"https:\/\/www.imakeyousmile.se\/es\/wp-json\/wp\/v2\/tags?post=893"}],"curies":[{"name":"wp","href":"https:\/\/api.w.org\/{rel}","templated":true}]}}