{"id":9243,"date":"2013-11-07T19:27:10","date_gmt":"2013-11-07T18:27:10","guid":{"rendered":"http:\/\/www.imakeyousmile.se\/?p=9243"},"modified":"2013-11-07T19:28:30","modified_gmt":"2013-11-07T18:28:30","slug":"vilken-ar-din-favoritfoundation","status":"publish","type":"post","link":"https:\/\/www.imakeyousmile.se\/es\/cual-es-tu-base-favorita\/","title":{"rendered":"\u00bfCu\u00e1l es tu base de maquillaje favorita?"},"content":{"rendered":"<p>Cuando se trata de trucos y consejos de belleza, en realidad no he probado exactamente<em> todas<\/em>, y adem\u00e1s el sabor es como el trasero.<\/p>\n<p>\u00a1Es por eso que recib\u00ed un consejo hace un tiempo, para hacerte una pregunta que puedas responder, para que luego puedas ir al campo de comentarios y ver qu\u00e9 han respondido todos!<\/p>\n<p>Creo que es una gran idea, as\u00ed que ahora hacemos una prueba :)<\/p>\n<p>Mi pregunta es sobre un producto que es muy relevante y que mucha gente usa - <strong>\u00bfCu\u00e1l es tu base de maquillaje favorita?<\/strong><em> (Tambi\u00e9n se aplica a bb-cream y cc-cream)<\/em><\/p>\n<p>Si\u00e9ntete libre de escribir lo que te guste sobre \u00e9l, ya que muchos buscan cosas diferentes.<\/p>\n<p><a href=\"http:\/\/www.imakeyousmile.se\/es\/vilken-ar-din-favoritfoundation\/img_2587-2\/\" rel=\"attachment wp-att-9244\"><img loading=\"lazy\" decoding=\"async\" class=\"alignnone size-large wp-image-9244\" title=\"IMG_2587\" src=\"http:\/\/www.imakeyousmile.se\/wp-content\/uploads\/2013\/11\/IMG_2587-810x1024.jpg\" alt=\"\" width=\"810\" height=\"1024\" srcset=\"https:\/\/www.imakeyousmile.se\/wp-content\/uploads\/2013\/11\/IMG_2587-810x1024.jpg 810w, https:\/\/www.imakeyousmile.se\/wp-content\/uploads\/2013\/11\/IMG_2587-237x300.jpg 237w\" sizes=\"(max-width: 810px) 100vw, 810px\" \/><\/a><\/p>\n<p>\u00a1Espero que ayude con las respuestas para que todos puedan obtener tantos consejos como sea posible! :)<\/p>","protected":false},"excerpt":{"rendered":"<p>N\u00e4r det kommer till sk\u00f6nhetstips och trix s\u00e5 \u00e4r det ju faktiskt s\u00e5 att jag inte har testat precis allt, och dessutom \u00e4r smaken som baken. D\u00e4rf\u00f6r fick jag ett tips f\u00f6r ett tag sedan, om att st\u00e4lla en fr\u00e5ga till er som ni kan svara p\u00e5, s\u00e5 att ni sedan kan g\u00e5 in i [&hellip;]<\/p>\n","protected":false},"author":30,"featured_media":0,"comment_status":"open","ping_status":"closed","sticky":false,"template":"","format":"standard","meta":{"footnotes":""},"categories":[3],"tags":[1302],"class_list":["post-9243","post","type-post","status-publish","format-standard","hentry","category-allmant","tag-favoritfoundation"],"yoast_head":"<!-- This site is optimized with the Yoast SEO Premium plugin v14.9 - https:\/\/yoast.com\/wordpress\/plugins\/seo\/ -->\n<meta name=\"description\" content=\"Vilken \u00e4r din favoritfoundation? | Helena Amiley - H\u00e4r hittar du senaste infromation om sk\u00f6nhet, livsstil, entrepren\u00f6rskap, makeup &amp; tips.\" \/>\n<meta name=\"robots\" content=\"index, follow, max-snippet:-1, max-image-preview:large, max-video-preview:-1\" \/>\n<link rel=\"canonical\" href=\"https:\/\/www.imakeyousmile.se\/es\/vilken-ar-din-favoritfoundation\/\" \/>\n<meta property=\"og:locale\" content=\"es_ES\" \/>\n<meta property=\"og:type\" content=\"article\" \/>\n<meta property=\"og:title\" content=\"Vilken \u00e4r din favoritfoundation? | Imakeyousmile.se\" \/>\n<meta property=\"og:description\" content=\"Vilken \u00e4r din favoritfoundation? | Helena Amiley - H\u00e4r hittar du senaste infromation om sk\u00f6nhet, livsstil, entrepren\u00f6rskap, makeup &amp; tips.\" \/>\n<meta property=\"og:url\" content=\"https:\/\/www.imakeyousmile.se\/es\/vilken-ar-din-favoritfoundation\/\" \/>\n<meta property=\"og:site_name\" content=\"Imakeyousmile.se\" \/>\n<meta property=\"article:author\" content=\"https:\/\/www.facebook.com\/imakeyousmile.se\" \/>\n<meta property=\"article:published_time\" content=\"2013-11-07T18:27:10+00:00\" \/>\n<meta property=\"article:modified_time\" content=\"2013-11-07T18:28:30+00:00\" \/>\n<meta property=\"og:image\" content=\"http:\/\/www.imakeyousmile.se\/wp-content\/uploads\/2013\/11\/IMG_2587-810x1024.jpg\" \/>\n<meta name=\"twitter:card\" content=\"summary_large_image\" \/>\n<script type=\"application\/ld+json\" class=\"yoast-schema-graph\">{\"@context\":\"https:\/\/schema.org\",\"@graph\":[{\"@type\":\"Organization\",\"@id\":\"https:\/\/www.imakeyousmile.se\/es\/#organization\",\"name\":\"Imakeyousmile\",\"url\":\"https:\/\/www.imakeyousmile.se\/es\/\",\"sameAs\":[],\"logo\":{\"@type\":\"ImageObject\",\"@id\":\"https:\/\/www.imakeyousmile.se\/es\/#logo\",\"inLanguage\":\"es\",\"url\":\"https:\/\/www.imakeyousmile.se\/wp-content\/uploads\/2020\/10\/HELENA-AMILEY_SVART-1-e1603367975324.png\",\"width\":280,\"height\":93,\"caption\":\"Imakeyousmile\"},\"image\":{\"@id\":\"https:\/\/www.imakeyousmile.se\/es\/#logo\"}},{\"@type\":\"WebSite\",\"@id\":\"https:\/\/www.imakeyousmile.se\/es\/#website\",\"url\":\"https:\/\/www.imakeyousmile.se\/es\/\",\"name\":\"Imakeyousmile.se\",\"description\":\"Helena Amiley - Beauty, Entrepreneur, Lifestyle\",\"publisher\":{\"@id\":\"https:\/\/www.imakeyousmile.se\/es\/#organization\"},\"potentialAction\":[{\"@type\":\"SearchAction\",\"target\":\"https:\/\/www.imakeyousmile.se\/es\/?s={search_term_string}\",\"query-input\":\"required name=search_term_string\"}],\"inLanguage\":\"es\"},{\"@type\":\"ImageObject\",\"@id\":\"https:\/\/www.imakeyousmile.se\/vilken-ar-din-favoritfoundation\/#primaryimage\",\"inLanguage\":\"es\",\"url\":\"http:\/\/www.imakeyousmile.se\/wp-content\/uploads\/2013\/11\/IMG_2587-810x1024.jpg\"},{\"@type\":\"WebPage\",\"@id\":\"https:\/\/www.imakeyousmile.se\/vilken-ar-din-favoritfoundation\/#webpage\",\"url\":\"https:\/\/www.imakeyousmile.se\/vilken-ar-din-favoritfoundation\/\",\"name\":\"Vilken \\u00e4r din favoritfoundation? | Imakeyousmile.se\",\"isPartOf\":{\"@id\":\"https:\/\/www.imakeyousmile.se\/es\/#website\"},\"primaryImageOfPage\":{\"@id\":\"https:\/\/www.imakeyousmile.se\/vilken-ar-din-favoritfoundation\/#primaryimage\"},\"datePublished\":\"2013-11-07T18:27:10+00:00\",\"dateModified\":\"2013-11-07T18:28:30+00:00\",\"description\":\"Vilken \\u00e4r din favoritfoundation? | Helena Amiley - H\\u00e4r hittar du senaste infromation om sk\\u00f6nhet, livsstil, entrepren\\u00f6rskap, makeup & tips.\",\"inLanguage\":\"es\",\"potentialAction\":[{\"@type\":\"ReadAction\",\"target\":[\"https:\/\/www.imakeyousmile.se\/vilken-ar-din-favoritfoundation\/\"]}]},{\"@type\":\"Article\",\"@id\":\"https:\/\/www.imakeyousmile.se\/vilken-ar-din-favoritfoundation\/#article\",\"isPartOf\":{\"@id\":\"https:\/\/www.imakeyousmile.se\/vilken-ar-din-favoritfoundation\/#webpage\"},\"author\":{\"@id\":\"https:\/\/www.imakeyousmile.se\/es\/#\/schema\/person\/b0fd43b1c6bb1c60cfd68bff9b4a10fb\"},\"headline\":\"Vilken \\u00e4r din favoritfoundation?\",\"datePublished\":\"2013-11-07T18:27:10+00:00\",\"dateModified\":\"2013-11-07T18:28:30+00:00\",\"mainEntityOfPage\":{\"@id\":\"https:\/\/www.imakeyousmile.se\/vilken-ar-din-favoritfoundation\/#webpage\"},\"commentCount\":0,\"publisher\":{\"@id\":\"https:\/\/www.imakeyousmile.se\/es\/#organization\"},\"image\":{\"@id\":\"https:\/\/www.imakeyousmile.se\/vilken-ar-din-favoritfoundation\/#primaryimage\"},\"keywords\":\"favoritfoundation\",\"articleSection\":\"\\u00d6vrigt\",\"inLanguage\":\"es\",\"potentialAction\":[{\"@type\":\"CommentAction\",\"name\":\"Comment\",\"target\":[\"https:\/\/www.imakeyousmile.se\/vilken-ar-din-favoritfoundation\/#respond\"]}]},{\"@type\":\"Person\",\"@id\":\"https:\/\/www.imakeyousmile.se\/es\/#\/schema\/person\/b0fd43b1c6bb1c60cfd68bff9b4a10fb\",\"name\":\"Helena Amiley\",\"image\":{\"@type\":\"ImageObject\",\"@id\":\"https:\/\/www.imakeyousmile.se\/es\/#personlogo\",\"inLanguage\":\"es\",\"url\":\"https:\/\/secure.gravatar.com\/avatar\/5645558e1e355457a23368d7e1b4c904?s=96&d=mm&r=g\",\"caption\":\"Helena Amiley\"},\"description\":\"Jag skriver mest om sk\\u00f6nhet men bjuder \\u00e4ven p\\u00e5 glimtar fr\\u00e5n entrepren\\u00f6rlivet och bygget av v\\u00e5r egen camper van. Vanlife here we come!\",\"sameAs\":[\"https:\/\/www.facebook.com\/imakeyousmile.se\",\"https:\/\/www.instagram.com\/helenaamiley\",\"https:\/\/www.youtube.com\/channel\/UCR5iB6rvpV6Yr8ZjpQfr5mg?view_as=subscriber\"]}]}<\/script>\n<!-- \/ Yoast SEO Premium plugin. -->","_links":{"self":[{"href":"https:\/\/www.imakeyousmile.se\/es\/wp-json\/wp\/v2\/posts\/9243"}],"collection":[{"href":"https:\/\/www.imakeyousmile.se\/es\/wp-json\/wp\/v2\/posts"}],"about":[{"href":"https:\/\/www.imakeyousmile.se\/es\/wp-json\/wp\/v2\/types\/post"}],"author":[{"embeddable":true,"href":"https:\/\/www.imakeyousmile.se\/es\/wp-json\/wp\/v2\/users\/30"}],"replies":[{"embeddable":true,"href":"https:\/\/www.imakeyousmile.se\/es\/wp-json\/wp\/v2\/comments?post=9243"}],"version-history":[{"count":0,"href":"https:\/\/www.imakeyousmile.se\/es\/wp-json\/wp\/v2\/posts\/9243\/revisions"}],"wp:attachment":[{"href":"https:\/\/www.imakeyousmile.se\/es\/wp-json\/wp\/v2\/media?parent=9243"}],"wp:term":[{"taxonomy":"category","embeddable":true,"href":"https:\/\/www.imakeyousmile.se\/es\/wp-json\/wp\/v2\/categories?post=9243"},{"taxonomy":"post_tag","embeddable":true,"href":"https:\/\/www.imakeyousmile.se\/es\/wp-json\/wp\/v2\/tags?post=9243"}],"curies":[{"name":"wp","href":"https:\/\/api.w.org\/{rel}","templated":true}]}}