{"id":9423,"date":"2013-11-14T10:54:06","date_gmt":"2013-11-14T09:54:06","guid":{"rendered":"http:\/\/www.imakeyousmile.se\/?p=9423"},"modified":"2013-11-14T10:54:06","modified_gmt":"2013-11-14T09:54:06","slug":"oriflame-cream-blush","status":"publish","type":"post","link":"https:\/\/www.imakeyousmile.se\/es\/rubor-crema-oriflame\/","title":{"rendered":"Colorete en Crema Oriflame"},"content":{"rendered":"<p>He probado mucho en maquillaje, pero por alguna raz\u00f3n nunca he probado un rubor en crema. Yo mismo me sorprend\u00ed un poco cuando me di cuenta :)<\/p>\n<p>Un rubor en crema es excelente si le gustan los productos cremosos y, a menudo, se sugiere para personas con piel madura.<\/p>\n<p>Ahora he probado\u00a0<a href=\"http:\/\/se.oriflame.com\/products\/product-detail.jhtml?prodCode=26533\" target=\"_blank\">Colorete en Crema Oriflame<\/a>, el tono Sheer Berry, que us\u00e9 sobre mi CC-Cream de Lumene. Y aunque se sinti\u00f3 un poco inusual, \u00a1me gusta el resultado!<\/p>\n<p>Tienes las mejillas rosadas de forma muy natural y es f\u00e1cil de aplicar. Yo uso mis dedos.<\/p>\n<p><a href=\"http:\/\/modernmom.se\/skonhet\/wp-content\/uploads\/sites\/13\/2013\/11\/26535_1.png\"><img loading=\"lazy\" decoding=\"async\" src=\"http:\/\/modernmom.se\/skonhet\/wp-content\/uploads\/sites\/13\/2013\/11\/26535_1.png\" alt=\"26535_1\" width=\"645\" height=\"645\" \/><\/a><\/p>\n<p>&nbsp;<\/p>\n<p>Cuesta 119 SEK en Oriflame.se, pero actualmente tiene un precio especial de 79 SEK.<\/p>\n<p><a href=\"http:\/\/modernmom.se\/skonhet\/wp-content\/uploads\/sites\/13\/2013\/11\/IMG_8351.jpg\"><img loading=\"lazy\" decoding=\"async\" src=\"http:\/\/modernmom.se\/skonhet\/wp-content\/uploads\/sites\/13\/2013\/11\/IMG_8351-670x763.jpg\" alt=\"IMG_8351\" width=\"670\" height=\"763\" \/><\/a><\/p>\n<p>Primero apliqu\u00e9 en la mano y trabaj\u00e9 desde all\u00ed. Entonces no te arriesgas a tomar demasiado y a tener mejillas de conejo de Pascua :)<\/p>\n<p><a href=\"http:\/\/modernmom.se\/skonhet\/wp-content\/uploads\/sites\/13\/2013\/11\/IMG_8344.jpg\"><img loading=\"lazy\" decoding=\"async\" src=\"http:\/\/modernmom.se\/skonhet\/wp-content\/uploads\/sites\/13\/2013\/11\/IMG_8344-670x947.jpg\" alt=\"IMG_8344\" width=\"670\" height=\"947\" \/><\/a><\/p>\n<p>Es muy dif\u00edcil hacer visible el rubor en la imagen, creo que todos los tonos se ven iguales. Pero en cualquier caso, ves que no tiene pinta de extra\u00f1o.<\/p>\n<p>Ahora voy a Nails Uppsala y arreglar\u00e9 u\u00f1as nuevas :)<\/p>\n<p><strong>Chiao!<\/strong><\/p>","protected":false},"excerpt":{"rendered":"<p>Jag har testat mycket inom smink, men av n\u00e5gon anledning har jag faktiskt aldrig testat en kr\u00e4mrouge. Jag blev lite chockad sj\u00e4lv n\u00e4r jag ins\u00e5g det :) En kr\u00e4mrouge \u00e4r ju toppen om man gillar kr\u00e4miga produkter, och det tipsas ofta om det f\u00f6r personer med mogen hy. Nu har jag testat\u00a0Oriflame Cream Blush, nyansen [&hellip;]<\/p>\n","protected":false},"author":30,"featured_media":0,"comment_status":"open","ping_status":"closed","sticky":false,"template":"","format":"standard","meta":{"footnotes":""},"categories":[24,59],"tags":[1338,1337,1336],"class_list":["post-9423","post","type-post","status-publish","format-standard","hentry","category-grundsmink","category-recensioner-produkttips","tag-flytande-rouge","tag-kramrouge","tag-oriflame-cream-blush"],"yoast_head":"<!-- This site is optimized with the Yoast SEO Premium plugin v14.9 - https:\/\/yoast.com\/wordpress\/plugins\/seo\/ -->\n<meta name=\"description\" content=\"Oriflame Cream Blush | Helena Amiley - H\u00e4r hittar du senaste infromation om sk\u00f6nhet, livsstil, entrepren\u00f6rskap, makeup &amp; tips.\" \/>\n<meta name=\"robots\" content=\"index, follow, max-snippet:-1, max-image-preview:large, max-video-preview:-1\" \/>\n<link rel=\"canonical\" href=\"https:\/\/www.imakeyousmile.se\/es\/oriflame-cream-blush\/\" \/>\n<meta property=\"og:locale\" content=\"es_ES\" \/>\n<meta property=\"og:type\" content=\"article\" \/>\n<meta property=\"og:title\" content=\"Oriflame Cream Blush | Imakeyousmile.se\" \/>\n<meta property=\"og:description\" content=\"Oriflame Cream Blush | Helena Amiley - H\u00e4r hittar du senaste infromation om sk\u00f6nhet, livsstil, entrepren\u00f6rskap, makeup &amp; tips.\" \/>\n<meta property=\"og:url\" content=\"https:\/\/www.imakeyousmile.se\/es\/oriflame-cream-blush\/\" \/>\n<meta property=\"og:site_name\" content=\"Imakeyousmile.se\" \/>\n<meta property=\"article:author\" content=\"https:\/\/www.facebook.com\/imakeyousmile.se\" \/>\n<meta property=\"article:published_time\" content=\"2013-11-14T09:54:06+00:00\" \/>\n<meta property=\"og:image\" content=\"http:\/\/modernmom.se\/skonhet\/wp-content\/uploads\/sites\/13\/2013\/11\/26535_1.png\" \/>\n<meta name=\"twitter:card\" content=\"summary_large_image\" \/>\n<script type=\"application\/ld+json\" class=\"yoast-schema-graph\">{\"@context\":\"https:\/\/schema.org\",\"@graph\":[{\"@type\":\"Organization\",\"@id\":\"https:\/\/www.imakeyousmile.se\/es\/#organization\",\"name\":\"Imakeyousmile\",\"url\":\"https:\/\/www.imakeyousmile.se\/es\/\",\"sameAs\":[],\"logo\":{\"@type\":\"ImageObject\",\"@id\":\"https:\/\/www.imakeyousmile.se\/es\/#logo\",\"inLanguage\":\"es\",\"url\":\"https:\/\/www.imakeyousmile.se\/wp-content\/uploads\/2020\/10\/HELENA-AMILEY_SVART-1-e1603367975324.png\",\"width\":280,\"height\":93,\"caption\":\"Imakeyousmile\"},\"image\":{\"@id\":\"https:\/\/www.imakeyousmile.se\/es\/#logo\"}},{\"@type\":\"WebSite\",\"@id\":\"https:\/\/www.imakeyousmile.se\/es\/#website\",\"url\":\"https:\/\/www.imakeyousmile.se\/es\/\",\"name\":\"Imakeyousmile.se\",\"description\":\"Helena Amiley - Beauty, Entrepreneur, Lifestyle\",\"publisher\":{\"@id\":\"https:\/\/www.imakeyousmile.se\/es\/#organization\"},\"potentialAction\":[{\"@type\":\"SearchAction\",\"target\":\"https:\/\/www.imakeyousmile.se\/es\/?s={search_term_string}\",\"query-input\":\"required name=search_term_string\"}],\"inLanguage\":\"es\"},{\"@type\":\"ImageObject\",\"@id\":\"https:\/\/www.imakeyousmile.se\/oriflame-cream-blush\/#primaryimage\",\"inLanguage\":\"es\",\"url\":\"http:\/\/modernmom.se\/skonhet\/wp-content\/uploads\/sites\/13\/2013\/11\/26535_1.png\"},{\"@type\":\"WebPage\",\"@id\":\"https:\/\/www.imakeyousmile.se\/oriflame-cream-blush\/#webpage\",\"url\":\"https:\/\/www.imakeyousmile.se\/oriflame-cream-blush\/\",\"name\":\"Oriflame Cream Blush | Imakeyousmile.se\",\"isPartOf\":{\"@id\":\"https:\/\/www.imakeyousmile.se\/es\/#website\"},\"primaryImageOfPage\":{\"@id\":\"https:\/\/www.imakeyousmile.se\/oriflame-cream-blush\/#primaryimage\"},\"datePublished\":\"2013-11-14T09:54:06+00:00\",\"dateModified\":\"2013-11-14T09:54:06+00:00\",\"description\":\"Oriflame Cream Blush | Helena Amiley - H\\u00e4r hittar du senaste infromation om sk\\u00f6nhet, livsstil, entrepren\\u00f6rskap, makeup & tips.\",\"inLanguage\":\"es\",\"potentialAction\":[{\"@type\":\"ReadAction\",\"target\":[\"https:\/\/www.imakeyousmile.se\/oriflame-cream-blush\/\"]}]},{\"@type\":\"Article\",\"@id\":\"https:\/\/www.imakeyousmile.se\/oriflame-cream-blush\/#article\",\"isPartOf\":{\"@id\":\"https:\/\/www.imakeyousmile.se\/oriflame-cream-blush\/#webpage\"},\"author\":{\"@id\":\"https:\/\/www.imakeyousmile.se\/es\/#\/schema\/person\/b0fd43b1c6bb1c60cfd68bff9b4a10fb\"},\"headline\":\"Oriflame Cream Blush\",\"datePublished\":\"2013-11-14T09:54:06+00:00\",\"dateModified\":\"2013-11-14T09:54:06+00:00\",\"mainEntityOfPage\":{\"@id\":\"https:\/\/www.imakeyousmile.se\/oriflame-cream-blush\/#webpage\"},\"commentCount\":0,\"publisher\":{\"@id\":\"https:\/\/www.imakeyousmile.se\/es\/#organization\"},\"image\":{\"@id\":\"https:\/\/www.imakeyousmile.se\/oriflame-cream-blush\/#primaryimage\"},\"keywords\":\"flytande rouge,kr\\u00e4mrouge,Oriflame Cream Blush\",\"articleSection\":\"Bassmink,Recensioner &amp; Produkttips\",\"inLanguage\":\"es\",\"potentialAction\":[{\"@type\":\"CommentAction\",\"name\":\"Comment\",\"target\":[\"https:\/\/www.imakeyousmile.se\/oriflame-cream-blush\/#respond\"]}]},{\"@type\":\"Person\",\"@id\":\"https:\/\/www.imakeyousmile.se\/es\/#\/schema\/person\/b0fd43b1c6bb1c60cfd68bff9b4a10fb\",\"name\":\"Helena Amiley\",\"image\":{\"@type\":\"ImageObject\",\"@id\":\"https:\/\/www.imakeyousmile.se\/es\/#personlogo\",\"inLanguage\":\"es\",\"url\":\"https:\/\/secure.gravatar.com\/avatar\/5645558e1e355457a23368d7e1b4c904?s=96&d=mm&r=g\",\"caption\":\"Helena Amiley\"},\"description\":\"Jag skriver mest om sk\\u00f6nhet men bjuder \\u00e4ven p\\u00e5 glimtar fr\\u00e5n entrepren\\u00f6rlivet och bygget av v\\u00e5r egen camper van. Vanlife here we come!\",\"sameAs\":[\"https:\/\/www.facebook.com\/imakeyousmile.se\",\"https:\/\/www.instagram.com\/helenaamiley\",\"https:\/\/www.youtube.com\/channel\/UCR5iB6rvpV6Yr8ZjpQfr5mg?view_as=subscriber\"]}]}<\/script>\n<!-- \/ Yoast SEO Premium plugin. -->","_links":{"self":[{"href":"https:\/\/www.imakeyousmile.se\/es\/wp-json\/wp\/v2\/posts\/9423"}],"collection":[{"href":"https:\/\/www.imakeyousmile.se\/es\/wp-json\/wp\/v2\/posts"}],"about":[{"href":"https:\/\/www.imakeyousmile.se\/es\/wp-json\/wp\/v2\/types\/post"}],"author":[{"embeddable":true,"href":"https:\/\/www.imakeyousmile.se\/es\/wp-json\/wp\/v2\/users\/30"}],"replies":[{"embeddable":true,"href":"https:\/\/www.imakeyousmile.se\/es\/wp-json\/wp\/v2\/comments?post=9423"}],"version-history":[{"count":0,"href":"https:\/\/www.imakeyousmile.se\/es\/wp-json\/wp\/v2\/posts\/9423\/revisions"}],"wp:attachment":[{"href":"https:\/\/www.imakeyousmile.se\/es\/wp-json\/wp\/v2\/media?parent=9423"}],"wp:term":[{"taxonomy":"category","embeddable":true,"href":"https:\/\/www.imakeyousmile.se\/es\/wp-json\/wp\/v2\/categories?post=9423"},{"taxonomy":"post_tag","embeddable":true,"href":"https:\/\/www.imakeyousmile.se\/es\/wp-json\/wp\/v2\/tags?post=9423"}],"curies":[{"name":"wp","href":"https:\/\/api.w.org\/{rel}","templated":true}]}}