{"id":946,"date":"2012-05-18T08:30:00","date_gmt":"2012-05-18T06:30:00","guid":{"rendered":"http:\/\/www.imakeyousmile.se\/ga-fran-brunett-till-blondin\/"},"modified":"2020-11-02T15:10:10","modified_gmt":"2020-11-02T14:10:10","slug":"ga-fran-brunett-till-blondin","status":"publish","type":"post","link":"https:\/\/www.imakeyousmile.se\/es\/ga-de-morena-a-rubia\/","title":{"rendered":"Pasar de morena a rubia"},"content":{"rendered":"<div><\/div>\n<div style=\"clear: both; text-align: left;\">Te\u00f1ir tu cabello de casta\u00f1o a rubio es un proceso que<span style=\"font-size: x-large;\">\u00a0tomar tiempo<\/span>\u00a0si no va a arrancar mucho pelo.<\/div>\n<div style=\"clear: both; text-align: left;\">Para ir a un buen<span style=\"font-size: x-large;\">\u00a0peluquero<\/span> es probablemente lo mejor que puede hacer, pero como debe tomarlo con calma incluso entonces, ser\u00e1 tan <span style=\"font-size: x-large;\">costoso<\/span> a largo plazo con todas las &quot;visitas de seguimiento&quot;. \u00a1Por eso hice todo en casa! He hecho una publicaci\u00f3n m\u00e1s detallada sobre eso. <a href=\"https:\/\/www.imakeyousmile.se\/es\/blondera-haret-hemma\/\">cabello rubio en casa<\/a>, puedes echar un vistazo all\u00ed tambi\u00e9n. :)<\/div>\n<div style=\"clear: both; text-align: left;\"><\/div>\n<div style=\"clear: both; text-align: left;\">Empec\u00e9 a aclarar mi cabello hace casi 1 a\u00f1o. Mi cabello es muy f\u00e1cil de desgastar, as\u00ed que necesitaba mucho tiempo.<\/div>\n<div style=\"clear: both; text-align: left;\"><\/div>\n<div style=\"clear: both; text-align: left;\">Muchos probablemente tambi\u00e9n lo manejar\u00edan en menos tiempo, pero usted deber\u00eda <span style=\"font-size: x-large;\">no te apures<\/span> \u00a1porque ah\u00ed es cuando est\u00e1 mal!<\/div>\n<div style=\"clear: both; text-align: left;\"><\/div>\n<h4 style=\"clear: both; text-align: left;\"><strong>Este fue mi m\u00e9todo para pasar de morena a rubia:<\/strong><\/h4>\n<ol>\n<li>\n<div style=\"clear: both; text-align: left;\">Empec\u00e9 soltando mi cabello\u00a0<strong>solblekas<\/strong> durante el verano.<\/div>\n<\/li>\n<li>\n<div style=\"clear: both; text-align: left;\">Cuando era oto\u00f1o, comenc\u00e9 <strong>ti\u00f1e tu pelo<\/strong> blondare. NO CON BLANQUEADOR, sin te\u00f1ir. La diferencia es que la decoloraci\u00f3n aclara el cabello un m\u00e1ximo de 7 tonos, mientras que una crema de color solo aclara 2-4. La decoloraci\u00f3n es mucho, mucho m\u00e1s fuerte y eso es lo que desgasta tanto el cabello. Tambi\u00e9n hay que tener paciencia con la coloraci\u00f3n. Te\u00f1\u00ed cuando mi crecimiento creci\u00f3 unos cent\u00edmetros de largo, aproximadamente cada 3 meses.<\/div>\n<\/li>\n<li>\n<div style=\"clear: both; text-align: left;\">Cuando solo usas colorante, el cabello adquiere f\u00e1cilmente un tono amarillento cuando comienza a aclararse. Entonces es\u00a0<strong>champ\u00fa plateado<\/strong> que preocupa! Y como creo que mi cabello se seca tanto con el champ\u00fa plateado, tambi\u00e9n uso uno <strong>embalaje de plata <\/strong>despu\u00e9s.<\/div>\n<\/li>\n<\/ol>\n<div style=\"clear: both; text-align: center;\"><img loading=\"lazy\" decoding=\"async\" class=\"alignnone wp-image-10676 size-full\" src=\"https:\/\/www.imakeyousmile.se\/wp-content\/uploads\/2014\/01\/blondera-h\u00e5ret-hemma.jpg\" alt=\"Pasar de morena a rubia\" width=\"1798\" height=\"2038\" \/><\/div>\n<div style=\"text-align: left;\">Im\u00e1genes completamente diferentes, \u00a1pero al menos ves lo oscura que he estado!<\/div>\n<div style=\"text-align: left;\">La foto previa se tom\u00f3 la \u00faltima noche de A\u00f1o Nuevo.<\/div>\n<div style=\"text-align: left;\"><\/div>\n<div style=\"text-align: left;\">\u00bfQu\u00e9 piensas? \u00bfEra yo la m\u00e1s guapa entonces o ahora? :)<\/div>\n<div style=\"clear: both; text-align: left;\"><\/div>\n<div style=\"clear: both; text-align: left;\">Yo uso un champ\u00fa plateado de <em>L\u00f3real<\/em>, que est\u00e1 disponible en la mayor\u00eda de los salones de belleza.<\/div>\n<div style=\"clear: both; text-align: left;\">Donde compraba, costaba SEK 180 por una botella peque\u00f1a.<\/div>\n<div style=\"clear: both; text-align: left;\"><\/div>\n<div style=\"clear: both; text-align: left;\">Por lo general, dejo reposar el champ\u00fa durante unos 15-30 minutos, pero de acuerdo con las instrucciones, puede enjuagarlo inmediatamente.<\/div>\n<div style=\"clear: both; text-align: left;\"><\/div>\n<div style=\"clear: both; text-align: left;\"><a href=\"https:\/\/track.adtraction.com\/t\/t?a=1117786221&amp;as=1548102449&amp;t=2&amp;tk=1&amp;url=https:\/\/lyko.com\/sv\/sok?q=maria+nila+silver\">El empaque de plata<\/a> Yo uso es de <a href=\"https:\/\/track.adtraction.com\/t\/t?a=1117786221&amp;as=1548102449&amp;t=2&amp;tk=1&amp;url=https:\/\/lyko.com\/sv\/sok?q=maria+nila+silver\"><em>Mar\u00eda Nila<\/em><\/a>.<\/div>\n<div style=\"clear: both; text-align: left;\">Tambi\u00e9n est\u00e1 disponible en la mayor\u00eda de las peluquer\u00edas, lo compr\u00e9 por 150 SEK.<\/div>\n<div style=\"clear: both; text-align: left;\">\u00a1El cabello se vuelve muy suave y terso!<\/div>\n<div style=\"clear: both; text-align: center;\"><\/div>\n<div style=\"clear: both; text-align: left;\">Como uso el champ\u00fa y la envoltura en paralelo, no s\u00e9 cu\u00e1nto funciona cada uno. Pero seg\u00fan la peluquera que consult\u00e9, el champ\u00fa es m\u00e1s efectivo, pero una envoltura tambi\u00e9n es buena.<\/div>\n<div><\/div>\n<div>\u00a1Espero que les haya gustado mi publicaci\u00f3n sobre pasar de morena a rubia!<\/div>\n<div><\/div>\n<div style=\"text-align: center;\"><span style=\"font-size: x-large;\">\u00a1Los abrazos son!<\/span><\/div>","protected":false},"excerpt":{"rendered":"<p>Att f\u00e4rga h\u00e5ret fr\u00e5n brunt till blond \u00e4r en process som\u00a0tar tid\u00a0om det inte ska slita massvis p\u00e5 h\u00e5ret. Att g\u00e5 till en bra\u00a0fris\u00f6r \u00e4r v\u00e4l det b\u00e4sta man kan g\u00f6ra, men\u00a0eftersom man \u00e4ven d\u00e5 b\u00f6r ta det l\u00e5ngsamt s\u00e5 blir det s\u00e5 dyrt i l\u00e4ngden med alla &#8221;\u00e5terbes\u00f6k&#8221;.\u00a0D\u00e4rf\u00f6r har jag faktiskt gjort allting hemma! [&hellip;]<\/p>\n","protected":false},"author":30,"featured_media":10676,"comment_status":"open","ping_status":"open","sticky":false,"template":"","format":"standard","meta":{"footnotes":""},"categories":[2862,59],"tags":[],"class_list":["post-946","post","type-post","status-publish","format-standard","has-post-thumbnail","hentry","category-har","category-recensioner-produkttips"],"yoast_head":"<!-- This site is optimized with the Yoast SEO Premium plugin v14.9 - https:\/\/yoast.com\/wordpress\/plugins\/seo\/ -->\n<meta name=\"description\" content=\"G\u00e5 fr\u00e5n brunett till blondin | Helena Amiley - H\u00e4r hittar du senaste infromation om sk\u00f6nhet, livsstil, entrepren\u00f6rskap, makeup &amp; tips.\" \/>\n<meta name=\"robots\" content=\"index, follow, max-snippet:-1, max-image-preview:large, max-video-preview:-1\" \/>\n<link rel=\"canonical\" href=\"https:\/\/www.imakeyousmile.se\/es\/ga-fran-brunett-till-blondin\/\" \/>\n<meta property=\"og:locale\" content=\"es_ES\" \/>\n<meta property=\"og:type\" content=\"article\" \/>\n<meta property=\"og:title\" content=\"G\u00e5 fr\u00e5n brunett till blondin | Imakeyousmile.se\" \/>\n<meta property=\"og:description\" content=\"G\u00e5 fr\u00e5n brunett till blondin | Helena Amiley - H\u00e4r hittar du senaste infromation om sk\u00f6nhet, livsstil, entrepren\u00f6rskap, makeup &amp; tips.\" \/>\n<meta property=\"og:url\" content=\"https:\/\/www.imakeyousmile.se\/es\/ga-fran-brunett-till-blondin\/\" \/>\n<meta property=\"og:site_name\" content=\"Imakeyousmile.se\" \/>\n<meta property=\"article:author\" content=\"https:\/\/www.facebook.com\/imakeyousmile.se\" \/>\n<meta property=\"article:published_time\" content=\"2012-05-18T06:30:00+00:00\" \/>\n<meta property=\"article:modified_time\" content=\"2020-11-02T14:10:10+00:00\" \/>\n<meta property=\"og:image\" content=\"https:\/\/www.imakeyousmile.se\/wp-content\/uploads\/2014\/01\/blondera-h\u00e5ret-hemma-e1605361190289.jpg\" \/>\n\t<meta property=\"og:image:width\" content=\"696\" \/>\n\t<meta property=\"og:image:height\" content=\"789\" \/>\n<meta name=\"twitter:card\" content=\"summary_large_image\" \/>\n<script type=\"application\/ld+json\" class=\"yoast-schema-graph\">{\"@context\":\"https:\/\/schema.org\",\"@graph\":[{\"@type\":\"Organization\",\"@id\":\"https:\/\/www.imakeyousmile.se\/es\/#organization\",\"name\":\"Imakeyousmile\",\"url\":\"https:\/\/www.imakeyousmile.se\/es\/\",\"sameAs\":[],\"logo\":{\"@type\":\"ImageObject\",\"@id\":\"https:\/\/www.imakeyousmile.se\/es\/#logo\",\"inLanguage\":\"es\",\"url\":\"https:\/\/www.imakeyousmile.se\/wp-content\/uploads\/2020\/10\/HELENA-AMILEY_SVART-1-e1603367975324.png\",\"width\":280,\"height\":93,\"caption\":\"Imakeyousmile\"},\"image\":{\"@id\":\"https:\/\/www.imakeyousmile.se\/es\/#logo\"}},{\"@type\":\"WebSite\",\"@id\":\"https:\/\/www.imakeyousmile.se\/es\/#website\",\"url\":\"https:\/\/www.imakeyousmile.se\/es\/\",\"name\":\"Imakeyousmile.se\",\"description\":\"Helena Amiley - Beauty, Entrepreneur, Lifestyle\",\"publisher\":{\"@id\":\"https:\/\/www.imakeyousmile.se\/es\/#organization\"},\"potentialAction\":[{\"@type\":\"SearchAction\",\"target\":\"https:\/\/www.imakeyousmile.se\/es\/?s={search_term_string}\",\"query-input\":\"required name=search_term_string\"}],\"inLanguage\":\"es\"},{\"@type\":\"ImageObject\",\"@id\":\"https:\/\/www.imakeyousmile.se\/ga-fran-brunett-till-blondin\/#primaryimage\",\"inLanguage\":\"es\",\"url\":\"https:\/\/www.imakeyousmile.se\/wp-content\/uploads\/2014\/01\/blondera-h\\u00e5ret-hemma-e1605361190289.jpg\",\"width\":696,\"height\":789},{\"@type\":\"WebPage\",\"@id\":\"https:\/\/www.imakeyousmile.se\/ga-fran-brunett-till-blondin\/#webpage\",\"url\":\"https:\/\/www.imakeyousmile.se\/ga-fran-brunett-till-blondin\/\",\"name\":\"G\\u00e5 fr\\u00e5n brunett till blondin | Imakeyousmile.se\",\"isPartOf\":{\"@id\":\"https:\/\/www.imakeyousmile.se\/es\/#website\"},\"primaryImageOfPage\":{\"@id\":\"https:\/\/www.imakeyousmile.se\/ga-fran-brunett-till-blondin\/#primaryimage\"},\"datePublished\":\"2012-05-18T06:30:00+00:00\",\"dateModified\":\"2020-11-02T14:10:10+00:00\",\"description\":\"G\\u00e5 fr\\u00e5n brunett till blondin | Helena Amiley - H\\u00e4r hittar du senaste infromation om sk\\u00f6nhet, livsstil, entrepren\\u00f6rskap, makeup & tips.\",\"inLanguage\":\"es\",\"potentialAction\":[{\"@type\":\"ReadAction\",\"target\":[\"https:\/\/www.imakeyousmile.se\/ga-fran-brunett-till-blondin\/\"]}]},{\"@type\":\"Article\",\"@id\":\"https:\/\/www.imakeyousmile.se\/ga-fran-brunett-till-blondin\/#article\",\"isPartOf\":{\"@id\":\"https:\/\/www.imakeyousmile.se\/ga-fran-brunett-till-blondin\/#webpage\"},\"author\":{\"@id\":\"https:\/\/www.imakeyousmile.se\/es\/#\/schema\/person\/b0fd43b1c6bb1c60cfd68bff9b4a10fb\"},\"headline\":\"G\\u00e5 fr\\u00e5n brunett till blondin\",\"datePublished\":\"2012-05-18T06:30:00+00:00\",\"dateModified\":\"2020-11-02T14:10:10+00:00\",\"mainEntityOfPage\":{\"@id\":\"https:\/\/www.imakeyousmile.se\/ga-fran-brunett-till-blondin\/#webpage\"},\"commentCount\":0,\"publisher\":{\"@id\":\"https:\/\/www.imakeyousmile.se\/es\/#organization\"},\"image\":{\"@id\":\"https:\/\/www.imakeyousmile.se\/ga-fran-brunett-till-blondin\/#primaryimage\"},\"articleSection\":\"H\\u00e5r,Recensioner &amp; Produkttips\",\"inLanguage\":\"es\",\"potentialAction\":[{\"@type\":\"CommentAction\",\"name\":\"Comment\",\"target\":[\"https:\/\/www.imakeyousmile.se\/ga-fran-brunett-till-blondin\/#respond\"]}]},{\"@type\":\"Person\",\"@id\":\"https:\/\/www.imakeyousmile.se\/es\/#\/schema\/person\/b0fd43b1c6bb1c60cfd68bff9b4a10fb\",\"name\":\"Helena Amiley\",\"image\":{\"@type\":\"ImageObject\",\"@id\":\"https:\/\/www.imakeyousmile.se\/es\/#personlogo\",\"inLanguage\":\"es\",\"url\":\"https:\/\/secure.gravatar.com\/avatar\/5645558e1e355457a23368d7e1b4c904?s=96&d=mm&r=g\",\"caption\":\"Helena Amiley\"},\"description\":\"Jag skriver mest om sk\\u00f6nhet men bjuder \\u00e4ven p\\u00e5 glimtar fr\\u00e5n entrepren\\u00f6rlivet och bygget av v\\u00e5r egen camper van. Vanlife here we come!\",\"sameAs\":[\"https:\/\/www.facebook.com\/imakeyousmile.se\",\"https:\/\/www.instagram.com\/helenaamiley\",\"https:\/\/www.youtube.com\/channel\/UCR5iB6rvpV6Yr8ZjpQfr5mg?view_as=subscriber\"]}]}<\/script>\n<!-- \/ Yoast SEO Premium plugin. -->","_links":{"self":[{"href":"https:\/\/www.imakeyousmile.se\/es\/wp-json\/wp\/v2\/posts\/946"}],"collection":[{"href":"https:\/\/www.imakeyousmile.se\/es\/wp-json\/wp\/v2\/posts"}],"about":[{"href":"https:\/\/www.imakeyousmile.se\/es\/wp-json\/wp\/v2\/types\/post"}],"author":[{"embeddable":true,"href":"https:\/\/www.imakeyousmile.se\/es\/wp-json\/wp\/v2\/users\/30"}],"replies":[{"embeddable":true,"href":"https:\/\/www.imakeyousmile.se\/es\/wp-json\/wp\/v2\/comments?post=946"}],"version-history":[{"count":3,"href":"https:\/\/www.imakeyousmile.se\/es\/wp-json\/wp\/v2\/posts\/946\/revisions"}],"predecessor-version":[{"id":38268,"href":"https:\/\/www.imakeyousmile.se\/es\/wp-json\/wp\/v2\/posts\/946\/revisions\/38268"}],"wp:featuredmedia":[{"embeddable":true,"href":"https:\/\/www.imakeyousmile.se\/es\/wp-json\/wp\/v2\/media\/10676"}],"wp:attachment":[{"href":"https:\/\/www.imakeyousmile.se\/es\/wp-json\/wp\/v2\/media?parent=946"}],"wp:term":[{"taxonomy":"category","embeddable":true,"href":"https:\/\/www.imakeyousmile.se\/es\/wp-json\/wp\/v2\/categories?post=946"},{"taxonomy":"post_tag","embeddable":true,"href":"https:\/\/www.imakeyousmile.se\/es\/wp-json\/wp\/v2\/tags?post=946"}],"curies":[{"name":"wp","href":"https:\/\/api.w.org\/{rel}","templated":true}]}}