{"id":9517,"date":"2013-11-20T08:53:47","date_gmt":"2013-11-20T07:53:47","guid":{"rendered":"http:\/\/www.imakeyousmile.se\/?p=9517"},"modified":"2013-11-20T08:53:48","modified_gmt":"2013-11-20T07:53:48","slug":"fargglada-sminkningar","status":"publish","type":"post","link":"https:\/\/www.imakeyousmile.se\/es\/maquillaje-colorido-7\/","title":{"rendered":"Maquillaje colorido"},"content":{"rendered":"<p>En el formulario de deseos me preguntaron por qu\u00e9 se elimina todo el maquillaje antiguo en la categor\u00eda &quot;maquillaje colorido&quot; que se encuentra en la p\u00e1gina del blog.<\/p>\n<p>En realidad, ese no era el punto, \u00a1eliminar\u00eda otra categor\u00eda que apenas uso y que elimin\u00e9 incorrectamente! *<em>Estupido estupido estupido\u2026 *<\/em> Y me tomar\u00eda mucho tiempo revisar el blog y volver a ponerme el viejo maquillaje, simplemente no tengo tiempo :(<\/p>\n<p>As\u00ed que ahora he vuelto a empezar con una nueva pelota, y es por eso que la categor\u00eda no contiene muchos looks.<\/p>\n<p>Si hay muchos que quieren m\u00e1s maquillaje en esa categor\u00eda (?), Puedo sentarme una noche y poner m\u00e1s, pero es mucho trabajo innecesario para que puedas hacer que se escuchen tus voces, as\u00ed que entiendo que es importante :)<\/p>\n<p><a href=\"http:\/\/www.imakeyousmile.se\/es\/fargglada-sminkningar\/img_6361\/\" rel=\"attachment wp-att-9518\"><img loading=\"lazy\" decoding=\"async\" class=\"alignnone size-large wp-image-9518\" title=\"IMG_6361\" src=\"http:\/\/www.imakeyousmile.se\/wp-content\/uploads\/2013\/11\/IMG_6361-849x1024.jpg\" alt=\"\" width=\"849\" height=\"1024\" srcset=\"https:\/\/www.imakeyousmile.se\/wp-content\/uploads\/2013\/11\/IMG_6361-849x1024.jpg 849w, https:\/\/www.imakeyousmile.se\/wp-content\/uploads\/2013\/11\/IMG_6361-248x300.jpg 248w\" sizes=\"(max-width: 849px) 100vw, 849px\" \/><\/a><\/p>\n<p>\u00a1As\u00ed es como me ve\u00eda cuando me di cuenta de lo que hab\u00eda hecho! Vaya ...<\/p>\n<p>Tambi\u00e9n me gustar\u00eda enfatizar ahora que surgi\u00f3, que el formulario de deseos es para ustedes que necesitan ayuda con un <span style=\"text-decoration: underline;\"><strong>maquillaje espec\u00edfico<\/strong><\/span>. En general, no es lo que quieres ver m\u00e1s en el blog o consejos sobre c\u00f3mo deber\u00edas maquillarte personalmente en la vida cotidiana.<em><\/em><\/p>\n<p>Esto est\u00e1 en la parte superior del formulario, pero muchas personas parecen no verlo, ya que muchas personas usan el formulario para preguntas y, adem\u00e1s de para qu\u00e9 sirve, es mejor escribir esas cosas en comentarios \/ correos electr\u00f3nicos.<\/p>\n<p>Pero para un d\u00eda \/ evento especial, o para una prenda espec\u00edfica, \u00a1es excelente usar el formulario de deseos! :)<\/p>\n<p>&nbsp;<\/p>","protected":false},"excerpt":{"rendered":"<p>Jag fick en fr\u00e5ga i \u00f6nskeformul\u00e4ret om varf\u00f6r alla gamla sminkningar \u00e4r borttagna i kategorin &#8221;f\u00e4rgglada sminkningar&#8221; som finns p\u00e5 sidan av bloggen. Det var inte alls meningen faktiskt, jag skulle radera en annan kategori som jag knappt anv\u00e4nder och r\u00e5kade radera fel! *Dumma, dumma, dumma&#8230;* Och det skulle ta j\u00e4ttel\u00e5ng tid att g\u00e5 igenom [&hellip;]<\/p>\n","protected":false},"author":30,"featured_media":0,"comment_status":"open","ping_status":"closed","sticky":false,"template":"","format":"standard","meta":{"footnotes":""},"categories":[3],"tags":[],"class_list":["post-9517","post","type-post","status-publish","format-standard","hentry","category-allmant"],"yoast_head":"<!-- This site is optimized with the Yoast SEO Premium plugin v14.9 - https:\/\/yoast.com\/wordpress\/plugins\/seo\/ -->\n<meta name=\"description\" content=\"F\u00e4rgglada sminkningar | Helena Amiley - H\u00e4r hittar du senaste infromation om sk\u00f6nhet, livsstil, entrepren\u00f6rskap, makeup &amp; tips.\" \/>\n<meta name=\"robots\" content=\"index, follow, max-snippet:-1, max-image-preview:large, max-video-preview:-1\" \/>\n<link rel=\"canonical\" href=\"https:\/\/www.imakeyousmile.se\/es\/fargglada-sminkningar\/\" \/>\n<meta property=\"og:locale\" content=\"es_ES\" \/>\n<meta property=\"og:type\" content=\"article\" \/>\n<meta property=\"og:title\" content=\"F\u00e4rgglada sminkningar | Imakeyousmile.se\" \/>\n<meta property=\"og:description\" content=\"F\u00e4rgglada sminkningar | Helena Amiley - H\u00e4r hittar du senaste infromation om sk\u00f6nhet, livsstil, entrepren\u00f6rskap, makeup &amp; tips.\" \/>\n<meta property=\"og:url\" content=\"https:\/\/www.imakeyousmile.se\/es\/fargglada-sminkningar\/\" \/>\n<meta property=\"og:site_name\" content=\"Imakeyousmile.se\" \/>\n<meta property=\"article:author\" content=\"https:\/\/www.facebook.com\/imakeyousmile.se\" \/>\n<meta property=\"article:published_time\" content=\"2013-11-20T07:53:47+00:00\" \/>\n<meta property=\"article:modified_time\" content=\"2013-11-20T07:53:48+00:00\" \/>\n<meta property=\"og:image\" content=\"http:\/\/www.imakeyousmile.se\/wp-content\/uploads\/2013\/11\/IMG_6361-849x1024.jpg\" \/>\n<meta name=\"twitter:card\" content=\"summary_large_image\" \/>\n<script type=\"application\/ld+json\" class=\"yoast-schema-graph\">{\"@context\":\"https:\/\/schema.org\",\"@graph\":[{\"@type\":\"Organization\",\"@id\":\"https:\/\/www.imakeyousmile.se\/es\/#organization\",\"name\":\"Imakeyousmile\",\"url\":\"https:\/\/www.imakeyousmile.se\/es\/\",\"sameAs\":[],\"logo\":{\"@type\":\"ImageObject\",\"@id\":\"https:\/\/www.imakeyousmile.se\/es\/#logo\",\"inLanguage\":\"es\",\"url\":\"https:\/\/www.imakeyousmile.se\/wp-content\/uploads\/2020\/10\/HELENA-AMILEY_SVART-1-e1603367975324.png\",\"width\":280,\"height\":93,\"caption\":\"Imakeyousmile\"},\"image\":{\"@id\":\"https:\/\/www.imakeyousmile.se\/es\/#logo\"}},{\"@type\":\"WebSite\",\"@id\":\"https:\/\/www.imakeyousmile.se\/es\/#website\",\"url\":\"https:\/\/www.imakeyousmile.se\/es\/\",\"name\":\"Imakeyousmile.se\",\"description\":\"Helena Amiley - Beauty, Entrepreneur, Lifestyle\",\"publisher\":{\"@id\":\"https:\/\/www.imakeyousmile.se\/es\/#organization\"},\"potentialAction\":[{\"@type\":\"SearchAction\",\"target\":\"https:\/\/www.imakeyousmile.se\/es\/?s={search_term_string}\",\"query-input\":\"required name=search_term_string\"}],\"inLanguage\":\"es\"},{\"@type\":\"ImageObject\",\"@id\":\"https:\/\/www.imakeyousmile.se\/fargglada-sminkningar\/#primaryimage\",\"inLanguage\":\"es\",\"url\":\"http:\/\/www.imakeyousmile.se\/wp-content\/uploads\/2013\/11\/IMG_6361-849x1024.jpg\"},{\"@type\":\"WebPage\",\"@id\":\"https:\/\/www.imakeyousmile.se\/fargglada-sminkningar\/#webpage\",\"url\":\"https:\/\/www.imakeyousmile.se\/fargglada-sminkningar\/\",\"name\":\"F\\u00e4rgglada sminkningar | Imakeyousmile.se\",\"isPartOf\":{\"@id\":\"https:\/\/www.imakeyousmile.se\/es\/#website\"},\"primaryImageOfPage\":{\"@id\":\"https:\/\/www.imakeyousmile.se\/fargglada-sminkningar\/#primaryimage\"},\"datePublished\":\"2013-11-20T07:53:47+00:00\",\"dateModified\":\"2013-11-20T07:53:48+00:00\",\"description\":\"F\\u00e4rgglada sminkningar | Helena Amiley - H\\u00e4r hittar du senaste infromation om sk\\u00f6nhet, livsstil, entrepren\\u00f6rskap, makeup & tips.\",\"inLanguage\":\"es\",\"potentialAction\":[{\"@type\":\"ReadAction\",\"target\":[\"https:\/\/www.imakeyousmile.se\/fargglada-sminkningar\/\"]}]},{\"@type\":\"Article\",\"@id\":\"https:\/\/www.imakeyousmile.se\/fargglada-sminkningar\/#article\",\"isPartOf\":{\"@id\":\"https:\/\/www.imakeyousmile.se\/fargglada-sminkningar\/#webpage\"},\"author\":{\"@id\":\"https:\/\/www.imakeyousmile.se\/es\/#\/schema\/person\/b0fd43b1c6bb1c60cfd68bff9b4a10fb\"},\"headline\":\"F\\u00e4rgglada sminkningar\",\"datePublished\":\"2013-11-20T07:53:47+00:00\",\"dateModified\":\"2013-11-20T07:53:48+00:00\",\"mainEntityOfPage\":{\"@id\":\"https:\/\/www.imakeyousmile.se\/fargglada-sminkningar\/#webpage\"},\"commentCount\":0,\"publisher\":{\"@id\":\"https:\/\/www.imakeyousmile.se\/es\/#organization\"},\"image\":{\"@id\":\"https:\/\/www.imakeyousmile.se\/fargglada-sminkningar\/#primaryimage\"},\"articleSection\":\"\\u00d6vrigt\",\"inLanguage\":\"es\",\"potentialAction\":[{\"@type\":\"CommentAction\",\"name\":\"Comment\",\"target\":[\"https:\/\/www.imakeyousmile.se\/fargglada-sminkningar\/#respond\"]}]},{\"@type\":\"Person\",\"@id\":\"https:\/\/www.imakeyousmile.se\/es\/#\/schema\/person\/b0fd43b1c6bb1c60cfd68bff9b4a10fb\",\"name\":\"Helena Amiley\",\"image\":{\"@type\":\"ImageObject\",\"@id\":\"https:\/\/www.imakeyousmile.se\/es\/#personlogo\",\"inLanguage\":\"es\",\"url\":\"https:\/\/secure.gravatar.com\/avatar\/5645558e1e355457a23368d7e1b4c904?s=96&d=mm&r=g\",\"caption\":\"Helena Amiley\"},\"description\":\"Jag skriver mest om sk\\u00f6nhet men bjuder \\u00e4ven p\\u00e5 glimtar fr\\u00e5n entrepren\\u00f6rlivet och bygget av v\\u00e5r egen camper van. Vanlife here we come!\",\"sameAs\":[\"https:\/\/www.facebook.com\/imakeyousmile.se\",\"https:\/\/www.instagram.com\/helenaamiley\",\"https:\/\/www.youtube.com\/channel\/UCR5iB6rvpV6Yr8ZjpQfr5mg?view_as=subscriber\"]}]}<\/script>\n<!-- \/ Yoast SEO Premium plugin. -->","_links":{"self":[{"href":"https:\/\/www.imakeyousmile.se\/es\/wp-json\/wp\/v2\/posts\/9517"}],"collection":[{"href":"https:\/\/www.imakeyousmile.se\/es\/wp-json\/wp\/v2\/posts"}],"about":[{"href":"https:\/\/www.imakeyousmile.se\/es\/wp-json\/wp\/v2\/types\/post"}],"author":[{"embeddable":true,"href":"https:\/\/www.imakeyousmile.se\/es\/wp-json\/wp\/v2\/users\/30"}],"replies":[{"embeddable":true,"href":"https:\/\/www.imakeyousmile.se\/es\/wp-json\/wp\/v2\/comments?post=9517"}],"version-history":[{"count":0,"href":"https:\/\/www.imakeyousmile.se\/es\/wp-json\/wp\/v2\/posts\/9517\/revisions"}],"wp:attachment":[{"href":"https:\/\/www.imakeyousmile.se\/es\/wp-json\/wp\/v2\/media?parent=9517"}],"wp:term":[{"taxonomy":"category","embeddable":true,"href":"https:\/\/www.imakeyousmile.se\/es\/wp-json\/wp\/v2\/categories?post=9517"},{"taxonomy":"post_tag","embeddable":true,"href":"https:\/\/www.imakeyousmile.se\/es\/wp-json\/wp\/v2\/tags?post=9517"}],"curies":[{"name":"wp","href":"https:\/\/api.w.org\/{rel}","templated":true}]}}